{"id":198750,"date":"2026-04-25T21:05:00","date_gmt":"2026-04-26T00:05:00","guid":{"rendered":"https:\/\/www.em.com.br\/emfoco\/?p=198750"},"modified":"2026-04-24T22:01:53","modified_gmt":"2026-04-25T01:01:53","slug":"nem-falta-de-vitaminas-nem-envelhecimento-o-motivo-real-das-palpitacoes-no-peito-e-queda-de-cabelo","status":"publish","type":"post","link":"https:\/\/www.em.com.br\/emfoco\/2026\/04\/25\/nem-falta-de-vitaminas-nem-envelhecimento-o-motivo-real-das-palpitacoes-no-peito-e-queda-de-cabelo\/","title":{"rendered":"Nem falta de vitaminas nem envelhecimento, o motivo real das palpita\u00e7\u00f5es no peito e queda de cabelo"},"content":{"rendered":"\n<p>Ao sentir o cora\u00e7\u00e3o disparar no supermercado, percebi que os <strong>sinais de estresse<\/strong> estavam afetando meu equil\u00edbrio emocional de forma preocupante. Ser\u00e1 que pequenos alertas f\u00edsicos s\u00e3o apenas cansa\u00e7o passageiro ou algo mais profundo pedindo aten\u00e7\u00e3o imediata?<\/p>\n\n\n\n<h2 class=\"wp-block-heading\">Quais s\u00e3o os principais sinais de estresse no dia a dia<\/h2>\n\n\n\n<p>Para muitas mulheres acima dos quarenta anos, a ins\u00f4nia repentina e a tens\u00e3o muscular pesada nos ombros s\u00e3o os primeiros <strong>sinais de estresse<\/strong> que surgem silenciosamente. O ac\u00famulo excessivo de tarefas dom\u00e9sticas e obriga\u00e7\u00f5es profissionais complexas cria um ambiente prop\u00edcio para o <strong>esgotamento f\u00edsico<\/strong> e mental severo em pouco tempo. Ignorar sistematicamente esses avisos importantes pode levar a problemas de sa\u00fade cr\u00f4nicos que ser\u00e3o muito mais graves e dif\u00edceis de tratar adequadamente.<\/p>\n\n\n\n<p>A queda de cabelo acentuada e as altera\u00e7\u00f5es bruscas no apetite demonstram claramente como o organismo luta para manter o seu <strong>funcionamento equilibrado<\/strong> diante das press\u00f5es. Muitas vezes acabamos confundindo esses sintomas f\u00edsicos com simples falta de vitaminas ou apenas com o processo de envelhecimento natural do corpo feminino. \u00c9 fundamental observar cada pequena mudan\u00e7a com <strong>carinho e paci\u00eancia<\/strong> para identificar a verdadeira origem de todo esse desconforto persistente na rotina.<\/p>\n\n\n<div class=\"wp-block-image\">\n<figure class=\"aligncenter size-large\"><img loading=\"lazy\" decoding=\"async\" width=\"1024\" height=\"576\" src=\"https:\/\/www.em.com.br\/emfoco\/wp-content\/uploads\/2026\/04\/estresse_1777057140846-1024x576.jpg\" alt=\"Sinais de estresse\" class=\"wp-image-198752\" srcset=\"https:\/\/www.em.com.br\/emfoco\/wp-content\/uploads\/2026\/04\/estresse_1777057140846-1024x576.jpg 1024w, https:\/\/www.em.com.br\/emfoco\/wp-content\/uploads\/2026\/04\/estresse_1777057140846-300x169.jpg 300w, https:\/\/www.em.com.br\/emfoco\/wp-content\/uploads\/2026\/04\/estresse_1777057140846-768x432.jpg 768w, https:\/\/www.em.com.br\/emfoco\/wp-content\/uploads\/2026\/04\/estresse_1777057140846-750x422.jpg 750w, https:\/\/www.em.com.br\/emfoco\/wp-content\/uploads\/2026\/04\/estresse_1777057140846-1140x641.jpg 1140w, https:\/\/www.em.com.br\/emfoco\/wp-content\/uploads\/2026\/04\/estresse_1777057140846.jpg 1280w\" sizes=\"auto, (max-width: 1024px) 100vw, 1024px\" \/><figcaption class=\"wp-element-caption\">O sistema imunol\u00f3gico da mulher madura enfraquece consideravelmente quando os n\u00edveis de cortisol permanecem altos por longos per\u00edodos de tens\u00e3o emocional. &#8211; Cr\u00e9ditos: depositphotos.com \/ AndrewLozovyi<\/figcaption><\/figure><\/div>\n\n\n<p>Leia tamb\u00e9m: <a href=\"https:\/\/www.em.com.br\/emfoco\/2026\/04\/04\/a-folha-dessa-fruta-pode-aliviar-ondas-de-calor-e-ajudar-mulheres-na-menopausa-2\/\" target=\"_blank\" rel=\"noreferrer noopener\">Adeus calor! Os benef\u00edcios da folha de amora na menopausa para um auto cuidado simples<\/a><\/p>\n\n\n\n<h2 class=\"wp-block-heading\">Como o corpo reage quando a mente est\u00e1 sobrecarregada<\/h2>\n\n\n\n<p>O sistema imunol\u00f3gico da mulher madura enfraquece consideravelmente quando os n\u00edveis de cortisol permanecem altos por longos per\u00edodos de tens\u00e3o emocional. Gripes frequentes, resfriados persistentes e inflama\u00e7\u00f5es s\u00fabitas na pele podem ser reflexos diretos de uma <strong>mente cansada<\/strong> que n\u00e3o consegue descansar de forma profunda. O organismo prioriza a sobreviv\u00eancia imediata em situa\u00e7\u00f5es de alerta e acaba negligenciando totalmente a <strong>prote\u00e7\u00e3o b\u00e1sica<\/strong> necess\u00e1ria contra agentes externos bastante comuns.<\/p>\n\n\n\n<p>As dores de cabe\u00e7a constantes e a irritabilidade sem motivo aparente prejudicam muito a qualidade dos seus <strong>relacionamentos familiares<\/strong> e sociais mais pr\u00f3ximos. O cansa\u00e7o mental extremo impede que voc\u00ea consiga desfrutar de momentos de lazer preciosos com a <strong>presen\u00e7a e aten\u00e7\u00e3o<\/strong> plena que seriam ideais. Busque formas eficientes de desacelerar o ritmo acelerado da vida para permitir que seu corpo recupere toda a <strong>energia vital<\/strong> que foi perdida.<\/p>\n\n\n\n<figure class=\"wp-block-embed is-type-rich is-provider-pinterest wp-block-embed-pinterest\"><div class=\"wp-block-embed__wrapper\">\n<iframe loading=\"lazy\" title=\"Sintomas de Ansiedade no Corpo: Identifique e Controle\" src=\"https:\/\/assets.pinterest.com\/ext\/embed.html?id=1045398132274755982&#038;src=oembed\" height=\"550\" width=\"450\" frameborder=\"0\" scrolling=\"no\" ><\/iframe>\n<\/div><\/figure>\n\n\n\n<h2 class=\"wp-block-heading\">Pequenos sinais de estresse que voc\u00ea ignora frequentemente<\/h2>\n\n\n\n<p>As dificuldades de concentra\u00e7\u00e3o e os lapsos constantes de mem\u00f3ria s\u00e3o <strong>sinais de estresse<\/strong> que afetam diretamente o seu desempenho profissional de forma muito silenciosa. Voc\u00ea pode sentir que est\u00e1 sempre correndo contra o tempo, mas sem conseguir concluir sequer as <strong>obriga\u00e7\u00f5es mais b\u00e1sicas<\/strong> da sua rotina produtiva. Esse ciclo vicioso gera uma frustra\u00e7\u00e3o interna profunda que alimenta ainda mais o estado de <strong>alerta constante<\/strong> e a sensa\u00e7\u00e3o de cansa\u00e7o infinito.<\/p>\n\n\n\n<p>Prestar aten\u00e7\u00e3o redobrada aos detalhes f\u00edsicos ajuda a prevenir crises de ansiedade mais fortes e debilitantes que podem surgir em um futuro muito pr\u00f3ximo. Existem diversas rea\u00e7\u00f5es espec\u00edficas que o corpo manifesta espontaneamente para pedir <strong>socorro e pausa<\/strong> urgente para voc\u00ea simplesmente respirar com calma absoluta. Veja os sintomas f\u00edsicos descritos na lista abaixo para conseguir analisar sua condi\u00e7\u00e3o atual com <strong>total clareza<\/strong> mental e muita honestidade.<\/p>\n\n\n\n<ul class=\"wp-block-list\">\n<li>Tens\u00e3o constante na regi\u00e3o da mand\u00edbula ao acordar ou durante as tarefas do dia.<\/li>\n\n\n\n<li>Palpita\u00e7\u00f5es leves e estranhas no peito em momentos de calmaria relativa no ambiente.<\/li>\n\n\n\n<li>Problemas digestivos e dores abdominais que n\u00e3o possuem uma causa alimentar espec\u00edfica.<\/li>\n<\/ul>\n\n\n\n<p>Para voc\u00ea que gosta de se cuidar, separamos um v\u00eddeo do canal <a href=\"https:\/\/www.youtube.com\/@Eurekka\" target=\"_blank\" rel=\"noreferrer noopener\">Eurekka<\/a> com dicas para lidar com os sintomas de estresse:<\/p>\n\n\n\n<figure class=\"wp-block-embed is-type-video is-provider-youtube wp-block-embed-youtube wp-embed-aspect-16-9 wp-has-aspect-ratio\"><div class=\"wp-block-embed__wrapper\">\n<div class=\"jeg_video_container jeg_video_content\"><iframe loading=\"lazy\" title=\"Sintomas de estresse emocional: conhe\u00e7a-os e saiba como trat\u00e1-los\" width=\"500\" height=\"281\" src=\"https:\/\/www.youtube.com\/embed\/LGUfMao3toc?feature=oembed\" frameborder=\"0\" allow=\"accelerometer; autoplay; clipboard-write; encrypted-media; gyroscope; picture-in-picture; web-share\" referrerpolicy=\"strict-origin-when-cross-origin\" allowfullscreen><\/iframe><\/div>\n<\/div><\/figure>\n\n\n\n<h2 class=\"wp-block-heading\">Estrat\u00e9gias pr\u00e1ticas para melhorar sua sa\u00fade mental agora<\/h2>\n\n\n\n<p>Reservar pelo menos trinta minutos di\u00e1rios para realizar uma atividade que traga prazer genu\u00edno \u00e9 um passo fundamental para reduzir toda a <strong>carga emocional<\/strong>. A pr\u00e1tica regular de exerc\u00edcios de medita\u00e7\u00e3o ou t\u00e9cnicas de respira\u00e7\u00e3o profunda ajuda a <strong>acalmar o sistema<\/strong> nervoso e melhora o seu foco geral. Valorize cada momento de sil\u00eancio para reencontrar o seu pr\u00f3prio centro e fortalecer muito a sua <strong>resili\u00eancia emocional<\/strong> diante das adversidades.<\/p>\n\n\n\n<p>Estabelecer limites claros e saud\u00e1veis entre as demandas do trabalho e a sua vida pessoal evita que as preocupa\u00e7\u00f5es profissionais invadam o seu descanso. Aprender a dizer n\u00e3o para compromissos sociais excessivos protege a sua <strong>energia vital<\/strong> e garante muito mais tempo dispon\u00edvel para o seu <strong>autocuidado integral<\/strong>. Compartilhar abertamente os seus sentimentos com pessoas de total confian\u00e7a alivia o peso mental e traz <strong>novas perspectivas<\/strong> positivas sobre os desafios enfrentados.<\/p>\n\n\n\n<h2 class=\"wp-block-heading\">Aprenda a identificar os sinais de estresse mais comuns<\/h2>\n\n\n\n<p>Escute com aten\u00e7\u00e3o as mensagens sutis que seu f\u00edsico envia antes que a exaust\u00e3o tome conta da sua vida. Respeite sempre os seus <strong>limites individuais<\/strong> sem se cobrar tanto por uma perfei\u00e7\u00e3o imposs\u00edvel. Sua jornada pessoal de cura come\u00e7a verdadeiramente com a <strong>aceita\u00e7\u00e3o plena<\/strong> de todas as suas necessidades fundamentais.<\/p>\n\n\n\n<p>Cultive diariamente h\u00e1bitos saud\u00e1veis que promovam a <strong>paz interior<\/strong> e a serenidade necess\u00e1ria em todos os ambientes. Mantenha sempre viva a esperan\u00e7a em dias muito mais leves e foque intensamente nas <strong>pequenas vit\u00f3rias<\/strong> conquistadas. Voc\u00ea possui toda a for\u00e7a interna necess\u00e1ria para transformar sua realidade presente com <strong>muito acolhimento<\/strong> e paci\u00eancia.<\/p>\n","protected":false},"excerpt":{"rendered":"<p>Ao sentir o cora\u00e7\u00e3o disparar no supermercado, percebi que os sinais de estresse estavam afetando meu equil\u00edbrio emocional de forma preocupante. Ser\u00e1 que pequenos alertas f\u00edsicos s\u00e3o apenas cansa\u00e7o passageiro ou algo mais profundo pedindo aten\u00e7\u00e3o imediata? Quais s\u00e3o os principais sinais de estresse no dia a dia Para muitas mulheres acima dos quarenta anos, [&hellip;]<\/p>\n","protected":false},"author":9,"featured_media":198923,"comment_status":"open","ping_status":"open","sticky":false,"template":"","format":"standard","meta":{"jnews-multi-image_gallery":[],"jnews_single_post":{"format":"standard"},"jnews_primary_category":[],"jnews_social_meta":[],"jnews_override_counter":[],"footnotes":""},"categories":[8691,9053],"tags":[28693,27120,410],"class_list":["post-198750","post","type-post","status-publish","format-standard","has-post-thumbnail","hentry","category-bem-estar","category-saude","tag-alivio-da-ansiedade","tag-bem-estar-feminino","tag-saude-mental"],"yoast_head":"<!-- This site is optimized with the Yoast SEO plugin v23.8 - https:\/\/yoast.com\/wordpress\/plugins\/seo\/ -->\n<title>Nem falta de vitaminas nem envelhecimento, o motivo real das palpita\u00e7\u00f5es no peito e queda de cabelo - Estado de Minas - Em foco<\/title>\n<meta name=\"description\" content=\"Reconhe\u00e7a os principais sinais de estresse no seu cotidiano e aprenda formas pr\u00e1ticas de cuidar da sua sa\u00fade mental com muita leveza\" \/>\n<meta name=\"robots\" content=\"index, follow, max-snippet:-1, max-image-preview:large, max-video-preview:-1\" \/>\n<link rel=\"canonical\" href=\"https:\/\/www.em.com.br\/emfoco\/2026\/04\/25\/nem-falta-de-vitaminas-nem-envelhecimento-o-motivo-real-das-palpitacoes-no-peito-e-queda-de-cabelo\/\" \/>\n<meta property=\"og:locale\" content=\"pt_BR\" \/>\n<meta property=\"og:type\" content=\"article\" \/>\n<meta property=\"og:title\" content=\"Nem falta de vitaminas nem envelhecimento, o motivo real das palpita\u00e7\u00f5es no peito e queda de cabelo - Estado de Minas - Em foco\" \/>\n<meta property=\"og:description\" content=\"Reconhe\u00e7a os principais sinais de estresse no seu cotidiano e aprenda formas pr\u00e1ticas de cuidar da sua sa\u00fade mental com muita leveza\" \/>\n<meta property=\"og:url\" content=\"https:\/\/www.em.com.br\/emfoco\/2026\/04\/25\/nem-falta-de-vitaminas-nem-envelhecimento-o-motivo-real-das-palpitacoes-no-peito-e-queda-de-cabelo\/\" \/>\n<meta property=\"og:site_name\" content=\"Estado de Minas - Em foco\" \/>\n<meta property=\"article:published_time\" content=\"2026-04-26T00:05:00+00:00\" \/>\n<meta property=\"article:modified_time\" content=\"2026-04-25T01:01:53+00:00\" \/>\n<meta property=\"og:image\" content=\"https:\/\/www.em.com.br\/emfoco\/wp-content\/uploads\/2026\/04\/EmFoco_47-5.jpg\" \/>\n\t<meta property=\"og:image:width\" content=\"1280\" \/>\n\t<meta property=\"og:image:height\" content=\"720\" \/>\n\t<meta property=\"og:image:type\" content=\"image\/jpeg\" \/>\n<meta name=\"author\" content=\"Daniely Cardoso\" \/>\n<meta name=\"twitter:card\" content=\"summary_large_image\" \/>\n<meta name=\"twitter:label1\" content=\"Escrito por\" \/>\n\t<meta name=\"twitter:data1\" content=\"Daniely Cardoso\" \/>\n\t<meta name=\"twitter:label2\" content=\"Est. tempo de leitura\" \/>\n\t<meta name=\"twitter:data2\" content=\"5 minutos\" \/>\n<!-- \/ Yoast SEO plugin. -->","yoast_head_json":{"title":"Nem falta de vitaminas nem envelhecimento, o motivo real das palpita\u00e7\u00f5es no peito e queda de cabelo - Estado de Minas - Em foco","description":"Reconhe\u00e7a os principais sinais de estresse no seu cotidiano e aprenda formas pr\u00e1ticas de cuidar da sua sa\u00fade mental com muita leveza","robots":{"index":"index","follow":"follow","max-snippet":"max-snippet:-1","max-image-preview":"max-image-preview:large","max-video-preview":"max-video-preview:-1"},"canonical":"https:\/\/www.em.com.br\/emfoco\/2026\/04\/25\/nem-falta-de-vitaminas-nem-envelhecimento-o-motivo-real-das-palpitacoes-no-peito-e-queda-de-cabelo\/","og_locale":"pt_BR","og_type":"article","og_title":"Nem falta de vitaminas nem envelhecimento, o motivo real das palpita\u00e7\u00f5es no peito e queda de cabelo - Estado de Minas - Em foco","og_description":"Reconhe\u00e7a os principais sinais de estresse no seu cotidiano e aprenda formas pr\u00e1ticas de cuidar da sua sa\u00fade mental com muita leveza","og_url":"https:\/\/www.em.com.br\/emfoco\/2026\/04\/25\/nem-falta-de-vitaminas-nem-envelhecimento-o-motivo-real-das-palpitacoes-no-peito-e-queda-de-cabelo\/","og_site_name":"Estado de Minas - Em foco","article_published_time":"2026-04-26T00:05:00+00:00","article_modified_time":"2026-04-25T01:01:53+00:00","og_image":[{"width":1280,"height":720,"url":"https:\/\/www.em.com.br\/emfoco\/wp-content\/uploads\/2026\/04\/EmFoco_47-5.jpg","type":"image\/jpeg"}],"author":"Daniely Cardoso","twitter_card":"summary_large_image","twitter_misc":{"Escrito por":"Daniely Cardoso","Est. tempo de leitura":"5 minutos"},"schema":{"@context":"https:\/\/schema.org","@graph":[{"@type":"WebPage","@id":"https:\/\/www.em.com.br\/emfoco\/2026\/04\/25\/nem-falta-de-vitaminas-nem-envelhecimento-o-motivo-real-das-palpitacoes-no-peito-e-queda-de-cabelo\/","url":"https:\/\/www.em.com.br\/emfoco\/2026\/04\/25\/nem-falta-de-vitaminas-nem-envelhecimento-o-motivo-real-das-palpitacoes-no-peito-e-queda-de-cabelo\/","name":"Nem falta de vitaminas nem envelhecimento, o motivo real das palpita\u00e7\u00f5es no peito e queda de cabelo - Estado de Minas - Em foco","isPartOf":{"@id":"https:\/\/www.em.com.br\/emfoco\/#website"},"primaryImageOfPage":{"@id":"https:\/\/www.em.com.br\/emfoco\/2026\/04\/25\/nem-falta-de-vitaminas-nem-envelhecimento-o-motivo-real-das-palpitacoes-no-peito-e-queda-de-cabelo\/#primaryimage"},"image":{"@id":"https:\/\/www.em.com.br\/emfoco\/2026\/04\/25\/nem-falta-de-vitaminas-nem-envelhecimento-o-motivo-real-das-palpitacoes-no-peito-e-queda-de-cabelo\/#primaryimage"},"thumbnailUrl":"https:\/\/www.em.com.br\/emfoco\/wp-content\/uploads\/2026\/04\/EmFoco_47-5.jpg","datePublished":"2026-04-26T00:05:00+00:00","dateModified":"2026-04-25T01:01:53+00:00","author":{"@id":"https:\/\/www.em.com.br\/emfoco\/#\/schema\/person\/0a8186d72f2c3a5c6276d90b41f271a0"},"description":"Reconhe\u00e7a os principais sinais de estresse no seu cotidiano e aprenda formas pr\u00e1ticas de cuidar da sua sa\u00fade mental com muita leveza","breadcrumb":{"@id":"https:\/\/www.em.com.br\/emfoco\/2026\/04\/25\/nem-falta-de-vitaminas-nem-envelhecimento-o-motivo-real-das-palpitacoes-no-peito-e-queda-de-cabelo\/#breadcrumb"},"inLanguage":"pt-BR","potentialAction":[{"@type":"ReadAction","target":["https:\/\/www.em.com.br\/emfoco\/2026\/04\/25\/nem-falta-de-vitaminas-nem-envelhecimento-o-motivo-real-das-palpitacoes-no-peito-e-queda-de-cabelo\/"]}]},{"@type":"ImageObject","inLanguage":"pt-BR","@id":"https:\/\/www.em.com.br\/emfoco\/2026\/04\/25\/nem-falta-de-vitaminas-nem-envelhecimento-o-motivo-real-das-palpitacoes-no-peito-e-queda-de-cabelo\/#primaryimage","url":"https:\/\/www.em.com.br\/emfoco\/wp-content\/uploads\/2026\/04\/EmFoco_47-5.jpg","contentUrl":"https:\/\/www.em.com.br\/emfoco\/wp-content\/uploads\/2026\/04\/EmFoco_47-5.jpg","width":1280,"height":720,"caption":"Identifica\u00e7\u00e3o precoce de sinais f\u00edsicos ajuda a prevenir o esgotamento mental feminino"},{"@type":"BreadcrumbList","@id":"https:\/\/www.em.com.br\/emfoco\/2026\/04\/25\/nem-falta-de-vitaminas-nem-envelhecimento-o-motivo-real-das-palpitacoes-no-peito-e-queda-de-cabelo\/#breadcrumb","itemListElement":[{"@type":"ListItem","position":1,"name":"In\u00edcio","item":"https:\/\/www.em.com.br\/emfoco\/"},{"@type":"ListItem","position":2,"name":"Nem falta de vitaminas nem envelhecimento, o motivo real das palpita\u00e7\u00f5es no peito e queda de cabelo"}]},{"@type":"WebSite","@id":"https:\/\/www.em.com.br\/emfoco\/#website","url":"https:\/\/www.em.com.br\/emfoco\/","name":"Estado de Minas - Em foco","description":"Acompanhe as \u00faltimas not\u00edcias e fique bem informado sobre tudo o que acontece em Minas Gerais, Brasil e no mundo.","potentialAction":[{"@type":"SearchAction","target":{"@type":"EntryPoint","urlTemplate":"https:\/\/www.em.com.br\/emfoco\/?s={search_term_string}"},"query-input":{"@type":"PropertyValueSpecification","valueRequired":true,"valueName":"search_term_string"}}],"inLanguage":"pt-BR"},{"@type":"Person","@id":"https:\/\/www.em.com.br\/emfoco\/#\/schema\/person\/0a8186d72f2c3a5c6276d90b41f271a0","name":"Daniely Cardoso","image":{"@type":"ImageObject","inLanguage":"pt-BR","@id":"https:\/\/www.em.com.br\/emfoco\/#\/schema\/person\/image\/","url":"https:\/\/secure.gravatar.com\/avatar\/4b80ddbd124d1f071b626d52d62e5dff?s=96&d=mm&r=g","contentUrl":"https:\/\/secure.gravatar.com\/avatar\/4b80ddbd124d1f071b626d52d62e5dff?s=96&d=mm&r=g","caption":"Daniely Cardoso"},"url":"https:\/\/www.em.com.br\/emfoco\/author\/danielymyth\/"}]}},"_links":{"self":[{"href":"https:\/\/www.em.com.br\/emfoco\/wp-json\/wp\/v2\/posts\/198750","targetHints":{"allow":["GET"]}}],"collection":[{"href":"https:\/\/www.em.com.br\/emfoco\/wp-json\/wp\/v2\/posts"}],"about":[{"href":"https:\/\/www.em.com.br\/emfoco\/wp-json\/wp\/v2\/types\/post"}],"author":[{"embeddable":true,"href":"https:\/\/www.em.com.br\/emfoco\/wp-json\/wp\/v2\/users\/9"}],"replies":[{"embeddable":true,"href":"https:\/\/www.em.com.br\/emfoco\/wp-json\/wp\/v2\/comments?post=198750"}],"version-history":[{"count":1,"href":"https:\/\/www.em.com.br\/emfoco\/wp-json\/wp\/v2\/posts\/198750\/revisions"}],"predecessor-version":[{"id":198754,"href":"https:\/\/www.em.com.br\/emfoco\/wp-json\/wp\/v2\/posts\/198750\/revisions\/198754"}],"wp:featuredmedia":[{"embeddable":true,"href":"https:\/\/www.em.com.br\/emfoco\/wp-json\/wp\/v2\/media\/198923"}],"wp:attachment":[{"href":"https:\/\/www.em.com.br\/emfoco\/wp-json\/wp\/v2\/media?parent=198750"}],"wp:term":[{"taxonomy":"category","embeddable":true,"href":"https:\/\/www.em.com.br\/emfoco\/wp-json\/wp\/v2\/categories?post=198750"},{"taxonomy":"post_tag","embeddable":true,"href":"https:\/\/www.em.com.br\/emfoco\/wp-json\/wp\/v2\/tags?post=198750"}],"curies":[{"name":"wp","href":"https:\/\/api.w.org\/{rel}","templated":true}]}}