{"id":198745,"date":"2026-04-25T20:45:00","date_gmt":"2026-04-25T23:45:00","guid":{"rendered":"https:\/\/www.em.com.br\/emfoco\/?p=198745"},"modified":"2026-04-24T22:02:02","modified_gmt":"2026-04-25T01:02:02","slug":"adeus-dores-nas-costas-as-pequenas-mudancas-na-postura-que-salvam-a-saude-de-quem-trabalha-muito-sentada","status":"publish","type":"post","link":"https:\/\/www.em.com.br\/emfoco\/2026\/04\/25\/adeus-dores-nas-costas-as-pequenas-mudancas-na-postura-que-salvam-a-saude-de-quem-trabalha-muito-sentada\/","title":{"rendered":"Adeus dores nas costas, as pequenas mudan\u00e7as na postura que salvam a sa\u00fade de quem trabalha muito sentada"},"content":{"rendered":"\n<p>Enquanto ajustava minha cadeira ap\u00f3s horas revisando documentos, percebi que <strong>trabalhar muito sentado<\/strong> estava cobrando um pre\u00e7o alto da sa\u00fade das minhas costas. Ser\u00e1 que pequenas mudan\u00e7as na postura e na rotina podem evitar dores cr\u00f4nicas e melhorar a circula\u00e7\u00e3o sem exigir muito esfor\u00e7o f\u00edsico?<\/p>\n\n\n\n<h2 class=\"wp-block-heading\">Como a postura correta evita dores nas articula\u00e7\u00f5es<\/h2>\n\n\n\n<p>Sentar de forma inadequada durante longas jornadas coloca uma press\u00e3o excessiva e perigosa nos discos da coluna vertebral e nos pequenos m\u00fasculos do pesco\u00e7o. Voc\u00ea deve manter os dois p\u00e9s bem apoiados no ch\u00e3o para garantir o <strong>alinhamento corporal<\/strong> ideal enquanto realiza suas tarefas di\u00e1rias no computador. Ajuste sempre a altura do monitor para que seus olhos fiquem na linha do horizonte e evitem <strong>tens\u00f5es cervicais<\/strong> desnecess\u00e1rias que causam desconforto persistente.<\/p>\n\n\n\n<p>Mantenha os ombros relaxados e os cotovelos posicionados junto ao corpo para evitar o cansa\u00e7o excessivo nos bra\u00e7os e nos punhos durante a digita\u00e7\u00e3o. Utilize um suporte firme para os p\u00e9s se a cadeira for muito alta para sua <strong>estatura f\u00edsica<\/strong> natural e causar formigamento nas pernas. Essas pequenas corre\u00e7\u00f5es ergon\u00f4micas evitam o surgimento de <strong>les\u00f5es repetitivas<\/strong> que atrapalham drasticamente o seu rendimento no trabalho e sua paz mental.<\/p>\n\n\n<div class=\"wp-block-image\">\n<figure class=\"aligncenter size-large\"><img loading=\"lazy\" decoding=\"async\" width=\"1024\" height=\"576\" src=\"https:\/\/www.em.com.br\/emfoco\/wp-content\/uploads\/2026\/04\/dor-costas_1777056835460-1024x576.jpg\" alt=\"trabalhar muito sentado\" class=\"wp-image-198746\" srcset=\"https:\/\/www.em.com.br\/emfoco\/wp-content\/uploads\/2026\/04\/dor-costas_1777056835460-1024x576.jpg 1024w, https:\/\/www.em.com.br\/emfoco\/wp-content\/uploads\/2026\/04\/dor-costas_1777056835460-300x169.jpg 300w, https:\/\/www.em.com.br\/emfoco\/wp-content\/uploads\/2026\/04\/dor-costas_1777056835460-768x432.jpg 768w, https:\/\/www.em.com.br\/emfoco\/wp-content\/uploads\/2026\/04\/dor-costas_1777056835460-750x422.jpg 750w, https:\/\/www.em.com.br\/emfoco\/wp-content\/uploads\/2026\/04\/dor-costas_1777056835460-1140x641.jpg 1140w, https:\/\/www.em.com.br\/emfoco\/wp-content\/uploads\/2026\/04\/dor-costas_1777056835460.jpg 1280w\" sizes=\"auto, (max-width: 1024px) 100vw, 1024px\" \/><figcaption class=\"wp-element-caption\">Sentar de forma inadequada durante longas jornadas coloca uma press\u00e3o excessiva e perigosa nos discos da coluna vertebral e nos pequenos m\u00fasculos do pesco\u00e7o &#8211; Cr\u00e9ditos: depositphotos.com \/ IgorVetushko<\/figcaption><\/figure><\/div>\n\n\n<p>Leia tamb\u00e9m: <a href=\"https:\/\/www.em.com.br\/emfoco\/2026\/02\/20\/dor-nas-costas-pode-diminuir-com-exercicios-simples-e-postura-correta\/\" target=\"_blank\" rel=\"noreferrer noopener\">Dor nas costas pode diminuir com exerc\u00edcios simples e postura correta<\/a><\/p>\n\n\n\n<h2 class=\"wp-block-heading\">Riscos de trabalhar muito sentado sem fazer pausas regulares<\/h2>\n\n\n\n<p>Permanecer na mesma posi\u00e7\u00e3o r\u00edgida por v\u00e1rias horas consecutivas diminui drasticamente a circula\u00e7\u00e3o sangu\u00ednea eficiente nas pernas e nas extremidades dos p\u00e9s. Essa falta de movimento natural pode causar <strong>incha\u00e7os inc\u00f4modos<\/strong> nas pernas e at\u00e9 aumentar o risco de varizes precoces em mulheres maduras. \u00c9 fundamental adotar <strong>cuidados preventivos<\/strong> constantes para manter o fluxo sangu\u00edneo ativo mesmo durante os dias mais produtivos e corridos da semana.<\/p>\n\n\n\n<p>O metabolismo tende a ficar mais lento e menos eficiente quando o organismo permanece em repouso por um per\u00edodo prolongado e sedent\u00e1rio. Levante-se a cada hora para esticar os membros e favorecer a <strong>oxigena\u00e7\u00e3o cerebral<\/strong> de forma imediata e muito revigorante para a mente. Organize seu ambiente com alguns itens \u00fateis que ajudam a lembrar o momento certo de se movimentar, conforme os <strong>recursos pr\u00e1ticos<\/strong> listados abaixo.<\/p>\n\n\n\n<ul class=\"wp-block-list\">\n<li>Cron\u00f4metro digital para marcar <strong>intervalos regulares<\/strong> de cinco minutos a cada hora.<\/li>\n\n\n\n<li>Garrafa de \u00e1gua grande para estimular a <strong>hidrata\u00e7\u00e3o constante<\/strong> e idas frequentes ao banheiro.<\/li>\n\n\n\n<li>Almofada lombar para manter a <strong>curvatura natural<\/strong> da sua coluna protegida contra o cansa\u00e7o.<\/li>\n<\/ul>\n\n\n\n<figure class=\"wp-block-embed is-type-rich is-provider-pinterest wp-block-embed-pinterest\"><div class=\"wp-block-embed__wrapper\">\n<iframe loading=\"lazy\" title=\" \" src=\"https:\/\/assets.pinterest.com\/ext\/embed.html?id=40321359162434236&#038;src=oembed\" height=\"899\" width=\"450\" frameborder=\"0\" scrolling=\"no\" ><\/iframe>\n<\/div><\/figure>\n\n\n\n<h2 class=\"wp-block-heading\">Melhores exerc\u00edcios para quem precisa trabalhar muito sentado<\/h2>\n\n\n\n<p>Alongamentos simples e r\u00e1pidos feitos na pr\u00f3pria cadeira ajudam a soltar a musculatura tensa das costas e dos quadris cansados. Gire o pesco\u00e7o suavemente para os dois lados e estique os bra\u00e7os para cima para <strong>aliviar a press\u00e3o<\/strong> acumulada nas v\u00e9rtebras ap\u00f3s horas de foco. Esses movimentos r\u00e1pidos garantem uma <strong>sensa\u00e7\u00e3o de leveza<\/strong> imediata e melhoram significativamente o foco necess\u00e1rio para as tarefas mais complexas do dia.<\/p>\n\n\n\n<p>Incline o tronco devagar para a frente e tente tocar os p\u00e9s para alongar toda a cadeia posterior do corpo com seguran\u00e7a. Repita esse processo de relaxamento tr\u00eas vezes ao dia para manter a <strong>flexibilidade muscular<\/strong> em n\u00edveis saud\u00e1veis e evitar o encurtamento doloroso. Valorizar esses momentos de pausa curta \u00e9 certamente um dos <strong>melhores investimentos<\/strong> para sua qualidade de vida e longevidade f\u00edsica plena.<\/p>\n\n\n\n<p>Para voc\u00ea que gosta de se cuidar, separamos um v\u00eddeo do canal da <a href=\"https:\/\/www.youtube.com\/@dra.nayara_vascular\" target=\"_blank\" rel=\"noreferrer noopener\">Dra. Nayara Cioffi Batagini <\/a>com dicas para quem trabalha sentado:<\/p>\n\n\n\n<figure class=\"wp-block-embed is-type-video is-provider-youtube wp-block-embed-youtube wp-embed-aspect-16-9 wp-has-aspect-ratio\"><div class=\"wp-block-embed__wrapper\">\n<div class=\"jeg_video_container jeg_video_content\"><iframe loading=\"lazy\" title=\"8 Dicas para quem trabalha sentado - Dra. Nayara Cioffi Batagini\" width=\"500\" height=\"281\" src=\"https:\/\/www.youtube.com\/embed\/csvMY_TOBOs?start=115&#038;feature=oembed\" frameborder=\"0\" allow=\"accelerometer; autoplay; clipboard-write; encrypted-media; gyroscope; picture-in-picture; web-share\" referrerpolicy=\"strict-origin-when-cross-origin\" allowfullscreen><\/iframe><\/div>\n<\/div><\/figure>\n\n\n\n<h2 class=\"wp-block-heading\">Import\u00e2ncia da hidrata\u00e7\u00e3o ao trabalhar muito sentado no escrit\u00f3rio<\/h2>\n\n\n\n<p>Beber \u00e1gua com frequ\u00eancia durante o expediente obriga voc\u00ea a se levantar mais vezes e melhora o funcionamento geral dos rins. A hidrata\u00e7\u00e3o correta mant\u00e9m as articula\u00e7\u00f5es bem lubrificadas e prontas para suportar a <strong>carga di\u00e1ria<\/strong> de trabalho sem gerar estalos ou dores. Tenha sempre um copo ou garrafa por perto para garantir que o consumo de l\u00edquidos seja <strong>cont\u00ednuo e equilibrado<\/strong> durante toda a tarde.<\/p>\n\n\n\n<p>A falta de l\u00edquidos adequados pode causar dores de cabe\u00e7a persistentes que prejudicam a concentra\u00e7\u00e3o e aumentam o n\u00edvel de estresse mental. O consumo regular de ch\u00e1s naturais e sucos frescos tamb\u00e9m ajuda a <strong>desinchar o corpo<\/strong> de forma natural e muito eficiente. Adotar esse h\u00e1bito simples transforma sua <strong>experi\u00eancia profissional<\/strong> e protege sua sa\u00fade f\u00edsica de dentro para fora com muita praticidade.<\/p>\n\n\n\n<h2 class=\"wp-block-heading\">Valorize seu corpo durante a jornada laboral<\/h2>\n\n\n\n<p>Cuidar da sa\u00fade f\u00edsica enquanto produz \u00e9 um gesto de amor pr\u00f3prio e respeito aos seus limites. Aplique essas dicas hoje mesmo para sentir uma <strong>melhora real<\/strong> no seu bem-estar geral. Voc\u00ea merece realizar suas fun\u00e7\u00f5es com total <strong>conforto e seguran\u00e7a<\/strong>.<\/p>\n\n\n\n<p>Pequenos ajustes fazem uma diferen\u00e7a enorme na sua vitalidade em longo prazo. Continue buscando formas de tornar seu <strong>ambiente agrad\u00e1vel<\/strong> e funcional para suas necessidades. Sua sa\u00fade deve ser sempre a sua <strong>prioridade absoluta<\/strong> em qualquer circunst\u00e2ncia.<\/p>\n","protected":false},"excerpt":{"rendered":"<p>Enquanto ajustava minha cadeira ap\u00f3s horas revisando documentos, percebi que trabalhar muito sentado estava cobrando um pre\u00e7o alto da sa\u00fade das minhas costas. Ser\u00e1 que pequenas mudan\u00e7as na postura e na rotina podem evitar dores cr\u00f4nicas e melhorar a circula\u00e7\u00e3o sem exigir muito esfor\u00e7o f\u00edsico? Como a postura correta evita dores nas articula\u00e7\u00f5es Sentar de [&hellip;]<\/p>\n","protected":false},"author":9,"featured_media":198922,"comment_status":"open","ping_status":"open","sticky":false,"template":"","format":"standard","meta":{"jnews-multi-image_gallery":[],"jnews_single_post":{"format":"standard"},"jnews_primary_category":[],"jnews_social_meta":[],"jnews_override_counter":[],"footnotes":""},"categories":[8691,29],"tags":[14360,28109,15193],"class_list":["post-198745","post","type-post","status-publish","format-standard","has-post-thumbnail","hentry","category-bem-estar","category-entretenimento","tag-ergonomia","tag-postura-no-trabalho","tag-saude-da-coluna"],"yoast_head":"<!-- This site is optimized with the Yoast SEO plugin v23.8 - https:\/\/yoast.com\/wordpress\/plugins\/seo\/ -->\n<title>Adeus dores nas costas, as pequenas mudan\u00e7as na postura que salvam a sa\u00fade de quem trabalha muito sentada - Estado de Minas - Em foco<\/title>\n<meta name=\"description\" content=\"Veja dicas pr\u00e1ticas sobre como evitar dores ao trabalhar muito sentado e melhore sua postura no escrit\u00f3rio com h\u00e1bitos simples e saud\u00e1veis\" \/>\n<meta name=\"robots\" content=\"index, follow, max-snippet:-1, max-image-preview:large, max-video-preview:-1\" \/>\n<link rel=\"canonical\" href=\"https:\/\/www.em.com.br\/emfoco\/2026\/04\/25\/adeus-dores-nas-costas-as-pequenas-mudancas-na-postura-que-salvam-a-saude-de-quem-trabalha-muito-sentada\/\" \/>\n<meta property=\"og:locale\" content=\"pt_BR\" \/>\n<meta property=\"og:type\" content=\"article\" \/>\n<meta property=\"og:title\" content=\"Adeus dores nas costas, as pequenas mudan\u00e7as na postura que salvam a sa\u00fade de quem trabalha muito sentada - Estado de Minas - Em foco\" \/>\n<meta property=\"og:description\" content=\"Veja dicas pr\u00e1ticas sobre como evitar dores ao trabalhar muito sentado e melhore sua postura no escrit\u00f3rio com h\u00e1bitos simples e saud\u00e1veis\" \/>\n<meta property=\"og:url\" content=\"https:\/\/www.em.com.br\/emfoco\/2026\/04\/25\/adeus-dores-nas-costas-as-pequenas-mudancas-na-postura-que-salvam-a-saude-de-quem-trabalha-muito-sentada\/\" \/>\n<meta property=\"og:site_name\" content=\"Estado de Minas - Em foco\" \/>\n<meta property=\"article:published_time\" content=\"2026-04-25T23:45:00+00:00\" \/>\n<meta property=\"article:modified_time\" content=\"2026-04-25T01:02:02+00:00\" \/>\n<meta property=\"og:image\" content=\"https:\/\/www.em.com.br\/emfoco\/wp-content\/uploads\/2026\/04\/EmFoco_48-5.jpg\" \/>\n\t<meta property=\"og:image:width\" content=\"1280\" \/>\n\t<meta property=\"og:image:height\" content=\"720\" \/>\n\t<meta property=\"og:image:type\" content=\"image\/jpeg\" \/>\n<meta name=\"author\" content=\"Daniely Cardoso\" \/>\n<meta name=\"twitter:card\" content=\"summary_large_image\" \/>\n<meta name=\"twitter:label1\" content=\"Escrito por\" \/>\n\t<meta name=\"twitter:data1\" content=\"Daniely Cardoso\" \/>\n\t<meta name=\"twitter:label2\" content=\"Est. tempo de leitura\" \/>\n\t<meta name=\"twitter:data2\" content=\"5 minutos\" \/>\n<!-- \/ Yoast SEO plugin. -->","yoast_head_json":{"title":"Adeus dores nas costas, as pequenas mudan\u00e7as na postura que salvam a sa\u00fade de quem trabalha muito sentada - Estado de Minas - Em foco","description":"Veja dicas pr\u00e1ticas sobre como evitar dores ao trabalhar muito sentado e melhore sua postura no escrit\u00f3rio com h\u00e1bitos simples e saud\u00e1veis","robots":{"index":"index","follow":"follow","max-snippet":"max-snippet:-1","max-image-preview":"max-image-preview:large","max-video-preview":"max-video-preview:-1"},"canonical":"https:\/\/www.em.com.br\/emfoco\/2026\/04\/25\/adeus-dores-nas-costas-as-pequenas-mudancas-na-postura-que-salvam-a-saude-de-quem-trabalha-muito-sentada\/","og_locale":"pt_BR","og_type":"article","og_title":"Adeus dores nas costas, as pequenas mudan\u00e7as na postura que salvam a sa\u00fade de quem trabalha muito sentada - Estado de Minas - Em foco","og_description":"Veja dicas pr\u00e1ticas sobre como evitar dores ao trabalhar muito sentado e melhore sua postura no escrit\u00f3rio com h\u00e1bitos simples e saud\u00e1veis","og_url":"https:\/\/www.em.com.br\/emfoco\/2026\/04\/25\/adeus-dores-nas-costas-as-pequenas-mudancas-na-postura-que-salvam-a-saude-de-quem-trabalha-muito-sentada\/","og_site_name":"Estado de Minas - Em foco","article_published_time":"2026-04-25T23:45:00+00:00","article_modified_time":"2026-04-25T01:02:02+00:00","og_image":[{"width":1280,"height":720,"url":"https:\/\/www.em.com.br\/emfoco\/wp-content\/uploads\/2026\/04\/EmFoco_48-5.jpg","type":"image\/jpeg"}],"author":"Daniely Cardoso","twitter_card":"summary_large_image","twitter_misc":{"Escrito por":"Daniely Cardoso","Est. tempo de leitura":"5 minutos"},"schema":{"@context":"https:\/\/schema.org","@graph":[{"@type":"WebPage","@id":"https:\/\/www.em.com.br\/emfoco\/2026\/04\/25\/adeus-dores-nas-costas-as-pequenas-mudancas-na-postura-que-salvam-a-saude-de-quem-trabalha-muito-sentada\/","url":"https:\/\/www.em.com.br\/emfoco\/2026\/04\/25\/adeus-dores-nas-costas-as-pequenas-mudancas-na-postura-que-salvam-a-saude-de-quem-trabalha-muito-sentada\/","name":"Adeus dores nas costas, as pequenas mudan\u00e7as na postura que salvam a sa\u00fade de quem trabalha muito sentada - Estado de Minas - Em foco","isPartOf":{"@id":"https:\/\/www.em.com.br\/emfoco\/#website"},"primaryImageOfPage":{"@id":"https:\/\/www.em.com.br\/emfoco\/2026\/04\/25\/adeus-dores-nas-costas-as-pequenas-mudancas-na-postura-que-salvam-a-saude-de-quem-trabalha-muito-sentada\/#primaryimage"},"image":{"@id":"https:\/\/www.em.com.br\/emfoco\/2026\/04\/25\/adeus-dores-nas-costas-as-pequenas-mudancas-na-postura-que-salvam-a-saude-de-quem-trabalha-muito-sentada\/#primaryimage"},"thumbnailUrl":"https:\/\/www.em.com.br\/emfoco\/wp-content\/uploads\/2026\/04\/EmFoco_48-5.jpg","datePublished":"2026-04-25T23:45:00+00:00","dateModified":"2026-04-25T01:02:02+00:00","author":{"@id":"https:\/\/www.em.com.br\/emfoco\/#\/schema\/person\/0a8186d72f2c3a5c6276d90b41f271a0"},"description":"Veja dicas pr\u00e1ticas sobre como evitar dores ao trabalhar muito sentado e melhore sua postura no escrit\u00f3rio com h\u00e1bitos simples e saud\u00e1veis","breadcrumb":{"@id":"https:\/\/www.em.com.br\/emfoco\/2026\/04\/25\/adeus-dores-nas-costas-as-pequenas-mudancas-na-postura-que-salvam-a-saude-de-quem-trabalha-muito-sentada\/#breadcrumb"},"inLanguage":"pt-BR","potentialAction":[{"@type":"ReadAction","target":["https:\/\/www.em.com.br\/emfoco\/2026\/04\/25\/adeus-dores-nas-costas-as-pequenas-mudancas-na-postura-que-salvam-a-saude-de-quem-trabalha-muito-sentada\/"]}]},{"@type":"ImageObject","inLanguage":"pt-BR","@id":"https:\/\/www.em.com.br\/emfoco\/2026\/04\/25\/adeus-dores-nas-costas-as-pequenas-mudancas-na-postura-que-salvam-a-saude-de-quem-trabalha-muito-sentada\/#primaryimage","url":"https:\/\/www.em.com.br\/emfoco\/wp-content\/uploads\/2026\/04\/EmFoco_48-5.jpg","contentUrl":"https:\/\/www.em.com.br\/emfoco\/wp-content\/uploads\/2026\/04\/EmFoco_48-5.jpg","width":1280,"height":720,"caption":"Ajustes ergon\u00f3micos e pausas regulares previnem dores cr\u00f3nicas e protegem a coluna"},{"@type":"BreadcrumbList","@id":"https:\/\/www.em.com.br\/emfoco\/2026\/04\/25\/adeus-dores-nas-costas-as-pequenas-mudancas-na-postura-que-salvam-a-saude-de-quem-trabalha-muito-sentada\/#breadcrumb","itemListElement":[{"@type":"ListItem","position":1,"name":"In\u00edcio","item":"https:\/\/www.em.com.br\/emfoco\/"},{"@type":"ListItem","position":2,"name":"Adeus dores nas costas, as pequenas mudan\u00e7as na postura que salvam a sa\u00fade de quem trabalha muito sentada"}]},{"@type":"WebSite","@id":"https:\/\/www.em.com.br\/emfoco\/#website","url":"https:\/\/www.em.com.br\/emfoco\/","name":"Estado de Minas - Em foco","description":"Acompanhe as \u00faltimas not\u00edcias e fique bem informado sobre tudo o que acontece em Minas Gerais, Brasil e no mundo.","potentialAction":[{"@type":"SearchAction","target":{"@type":"EntryPoint","urlTemplate":"https:\/\/www.em.com.br\/emfoco\/?s={search_term_string}"},"query-input":{"@type":"PropertyValueSpecification","valueRequired":true,"valueName":"search_term_string"}}],"inLanguage":"pt-BR"},{"@type":"Person","@id":"https:\/\/www.em.com.br\/emfoco\/#\/schema\/person\/0a8186d72f2c3a5c6276d90b41f271a0","name":"Daniely Cardoso","image":{"@type":"ImageObject","inLanguage":"pt-BR","@id":"https:\/\/www.em.com.br\/emfoco\/#\/schema\/person\/image\/","url":"https:\/\/secure.gravatar.com\/avatar\/4b80ddbd124d1f071b626d52d62e5dff?s=96&d=mm&r=g","contentUrl":"https:\/\/secure.gravatar.com\/avatar\/4b80ddbd124d1f071b626d52d62e5dff?s=96&d=mm&r=g","caption":"Daniely Cardoso"},"url":"https:\/\/www.em.com.br\/emfoco\/author\/danielymyth\/"}]}},"_links":{"self":[{"href":"https:\/\/www.em.com.br\/emfoco\/wp-json\/wp\/v2\/posts\/198745","targetHints":{"allow":["GET"]}}],"collection":[{"href":"https:\/\/www.em.com.br\/emfoco\/wp-json\/wp\/v2\/posts"}],"about":[{"href":"https:\/\/www.em.com.br\/emfoco\/wp-json\/wp\/v2\/types\/post"}],"author":[{"embeddable":true,"href":"https:\/\/www.em.com.br\/emfoco\/wp-json\/wp\/v2\/users\/9"}],"replies":[{"embeddable":true,"href":"https:\/\/www.em.com.br\/emfoco\/wp-json\/wp\/v2\/comments?post=198745"}],"version-history":[{"count":1,"href":"https:\/\/www.em.com.br\/emfoco\/wp-json\/wp\/v2\/posts\/198745\/revisions"}],"predecessor-version":[{"id":198747,"href":"https:\/\/www.em.com.br\/emfoco\/wp-json\/wp\/v2\/posts\/198745\/revisions\/198747"}],"wp:featuredmedia":[{"embeddable":true,"href":"https:\/\/www.em.com.br\/emfoco\/wp-json\/wp\/v2\/media\/198922"}],"wp:attachment":[{"href":"https:\/\/www.em.com.br\/emfoco\/wp-json\/wp\/v2\/media?parent=198745"}],"wp:term":[{"taxonomy":"category","embeddable":true,"href":"https:\/\/www.em.com.br\/emfoco\/wp-json\/wp\/v2\/categories?post=198745"},{"taxonomy":"post_tag","embeddable":true,"href":"https:\/\/www.em.com.br\/emfoco\/wp-json\/wp\/v2\/tags?post=198745"}],"curies":[{"name":"wp","href":"https:\/\/api.w.org\/{rel}","templated":true}]}}