{"id":198735,"date":"2026-04-25T18:15:00","date_gmt":"2026-04-25T21:15:00","guid":{"rendered":"https:\/\/www.em.com.br\/emfoco\/?p=198735"},"modified":"2026-04-24T22:04:03","modified_gmt":"2026-04-25T01:04:03","slug":"hidratacao-ou-nutricao-o-truque-caseiro-infalivel-para-descobrir-o-que-seu-cabelo-pede","status":"publish","type":"post","link":"https:\/\/www.em.com.br\/emfoco\/2026\/04\/25\/hidratacao-ou-nutricao-o-truque-caseiro-infalivel-para-descobrir-o-que-seu-cabelo-pede\/","title":{"rendered":"Hidrata\u00e7\u00e3o ou nutri\u00e7\u00e3o: o truque caseiro infal\u00edvel para descobrir o que seu cabelo pede"},"content":{"rendered":"\n<p>Ao me olhar no espelho esta manh\u00e3, percebi que o dilema entre escolher <strong>hidrata\u00e7\u00e3o ou nutri\u00e7\u00e3o<\/strong> estava estampado no frizz das minhas mechas teimosas. Ser\u00e1 que existe um truque caseiro infal\u00edvel para desvendar o que os fios realmente est\u00e3o tentando dizer agora?<\/p>\n\n\n\n<h2 class=\"wp-block-heading\">Sinais claros para decidir entre hidrata\u00e7\u00e3o ou nutri\u00e7\u00e3o<\/h2>\n\n\n\n<p>O aspecto ressecado e a falta de brilho geralmente indicam a perda de \u00e1gua na fibra capilar de forma acentuada. Fios que embara\u00e7am com facilidade e parecem opacos costumam pedir uma reposi\u00e7\u00e3o de <strong>umidade imediata<\/strong> e muito suave. Observe se o toque est\u00e1 \u00e1spero mesmo logo ap\u00f3s o uso do seu condicionador favorito durante o banho matinal.<\/p>\n\n\n\n<p>J\u00e1 o excesso de frizz e o volume descontrolado podem sinalizar a falta de \u00f3leos protetores naturais na estrutura. Quando o cabelo perde <strong>lip\u00eddios fundamentais<\/strong>, as cut\u00edculas ficam abertas e excessivamente expostas aos danos ambientais externos. Analisar o comportamento das pontas ajuda a definir a <strong>estrat\u00e9gia de cuidado<\/strong> mais eficiente para o seu tipo de fio.<\/p>\n\n\n<div class=\"wp-block-image\">\n<figure class=\"aligncenter size-large\"><img loading=\"lazy\" decoding=\"async\" width=\"1024\" height=\"576\" src=\"https:\/\/www.em.com.br\/emfoco\/wp-content\/uploads\/2026\/04\/hidratacao-ou-nutricao-1024x576.jpg\" alt=\"hidrata\u00e7\u00e3o ou nutri\u00e7\u00e3o\" class=\"wp-image-198739\" srcset=\"https:\/\/www.em.com.br\/emfoco\/wp-content\/uploads\/2026\/04\/hidratacao-ou-nutricao-1024x576.jpg 1024w, https:\/\/www.em.com.br\/emfoco\/wp-content\/uploads\/2026\/04\/hidratacao-ou-nutricao-300x169.jpg 300w, https:\/\/www.em.com.br\/emfoco\/wp-content\/uploads\/2026\/04\/hidratacao-ou-nutricao-768x432.jpg 768w, https:\/\/www.em.com.br\/emfoco\/wp-content\/uploads\/2026\/04\/hidratacao-ou-nutricao-750x422.jpg 750w, https:\/\/www.em.com.br\/emfoco\/wp-content\/uploads\/2026\/04\/hidratacao-ou-nutricao-1140x641.jpg 1140w, https:\/\/www.em.com.br\/emfoco\/wp-content\/uploads\/2026\/04\/hidratacao-ou-nutricao.jpg 1280w\" sizes=\"auto, (max-width: 1024px) 100vw, 1024px\" \/><figcaption class=\"wp-element-caption\">J\u00e1 o excesso de frizz e o volume descontrolado podem sinalizar a falta de \u00f3leos protetores naturais na estrutura <\/figcaption><\/figure><\/div>\n\n\n<p>Leia tamb\u00e9m: <a href=\"https:\/\/www.em.com.br\/emfoco\/2026\/04\/14\/adeus-cabelos-brancos-essa-tintura-natural-deixara-seu-cabelo-preto-em-5-minutos\/\" target=\"_blank\" rel=\"noreferrer noopener\">Adeus cabelos brancos: essa tintura natural deixar\u00e1 seu cabelo preto em 5 minutos<\/a><\/p>\n\n\n\n<h2 class=\"wp-block-heading\">Como funciona o teste de porosidade dom\u00e9stico<\/h2>\n\n\n\n<p>Pegar um copo de \u00e1gua e um fio limpo \u00e9 o primeiro passo para realizar essa an\u00e1lise caseira detalhada. Coloque o fio na superf\u00edcie e espere alguns minutos para ver o <strong>comportamento f\u00edsico<\/strong> natural do cabelo em contato com o l\u00edquido. Essa t\u00e9cnica simples ajuda a entender como est\u00e1 a <strong>capacidade de absor\u00e7\u00e3o<\/strong> da sua estrutura capilar neste momento da vida.<\/p>\n\n\n\n<p>O resultado desse experimento dom\u00e9stico revela se as cut\u00edculas est\u00e3o muito abertas ou talvez excessivamente seladas pelo uso de qu\u00edmicas. Antes de iniciar qualquer cronograma, \u00e9 importante observar os seguintes pontos para garantir que o <strong>diagn\u00f3stico seja preciso<\/strong> e muito fiel. Estes detalhes ajudam a evitar o uso de <strong>produtos desnecess\u00e1rios<\/strong> que apenas pesam nos fios sem trazer benef\u00edcios reais.<\/p>\n\n\n\n<ul class=\"wp-block-list\">\n<li>Use um copo transparente com <strong>\u00e1gua filtrada<\/strong> em temperatura ambiente para ver o fio com clareza.<\/li>\n\n\n\n<li>Certifique-se de que o cabelo esteja <strong>totalmente limpo<\/strong> e sem nenhum res\u00edduo de finalizadores oleosos ou sprays.<\/li>\n\n\n\n<li>Aguarde cerca de dez minutos para verificar se o fio afundou ou permaneceu na <strong>superf\u00edcie do copo<\/strong> de vidro.<\/li>\n<\/ul>\n\n\n\n<figure class=\"wp-block-embed is-type-rich is-provider-pinterest wp-block-embed-pinterest\"><div class=\"wp-block-embed__wrapper\">\n<iframe loading=\"lazy\" title=\"Hidrata\u00e7\u00e3o, Nutri\u00e7\u00e3o ou Repara\u00e7\u00e3o o que o seu cabelo mais est\u00e1 precisando nesse momento? As Novas linhas Day Use Hidrata\u00e7\u00e3o, Nutri\u00e7\u00e3o e Repara\u00e7\u00e3o chegaram pra te ajudar!! \ud83d\udc99 Super Hidrata\u00e7\u00e3o: Rica em ativos hidratantes, rep\u00f5e a hidrata\u00e7\u00e3o, protege contra o ressecamento e devolve a maciez e o brilho natural.\ud83e\udde1 Super Nutri\u00e7\u00e3o: Com uma combina\u00e7\u00e3o poderosa de \u00f3leos e vitaminas essenciais, nutre os fios, recupera a emoli\u00eancia e controla o frizz.\u2764 Super Repara\u00e7\u00e3o: Com prote\u00ednas e ativos forta...\" src=\"https:\/\/assets.pinterest.com\/ext\/embed.html?id=1055671968919247572&#038;src=oembed\" height=\"899\" width=\"450\" frameborder=\"0\" scrolling=\"no\" ><\/iframe>\n<\/div><\/figure>\n\n\n\n<h2 class=\"wp-block-heading\">O resultado do teste indica hidrata\u00e7\u00e3o ou nutri\u00e7\u00e3o<\/h2>\n\n\n\n<p>Se o fio boiou na parte superior, suas cut\u00edculas est\u00e3o fechadas e precisam de <strong>reposi\u00e7\u00e3o de \u00e1gua<\/strong> constante. Nesse caso, invista em m\u00e1scaras que contenham babosa ou extratos vegetais que devolvam a <strong>maciez natural<\/strong> imediata para a derme capilar. O cabelo ganhar\u00e1 um balan\u00e7o renovado e uma <strong>apar\u00eancia sedosa<\/strong> logo ap\u00f3s o primeiro procedimento correto realizado em casa.<\/p>\n\n\n\n<p>Caso o fio tenha ficado no meio do copo, ele est\u00e1 saud\u00e1vel e requer apenas cuidados preventivos b\u00e1sicos para manuten\u00e7\u00e3o. Se ele afundou totalmente, a estrutura est\u00e1 porosa e necessita de <strong>\u00f3leos vegetais<\/strong> potentes para selar a fibra capilar por inteiro. Equilibrar os nutrientes garante que a <strong>sa\u00fade capilar<\/strong> seja mantida por muito mais tempo com brilho intenso e natural.<\/p>\n\n\n\n<p>Para voc\u00ea que gosta de se cuidar, separamos um v\u00eddeo do canal da <a href=\"https:\/\/www.youtube.com\/@MichelliDelcaro\" target=\"_blank\" rel=\"noreferrer noopener\">Michelli Delcaro <\/a>com dicas para identificar oque o seu cabelo precisa:<\/p>\n\n\n\n<figure class=\"wp-block-embed is-type-video is-provider-youtube wp-block-embed-youtube wp-embed-aspect-16-9 wp-has-aspect-ratio\"><div class=\"wp-block-embed__wrapper\">\n<div class=\"jeg_video_container jeg_video_content\"><iframe loading=\"lazy\" title=\"COMO SABER O QUE MEU CABELO PRECISA? HIDRATA\u00c7\u00c3O, NUTRI\u00c7\u00c3O OU RECONSTRU\u00c7\u00c3O?\" width=\"500\" height=\"281\" src=\"https:\/\/www.youtube.com\/embed\/hLGHbIcXkeo?feature=oembed\" frameborder=\"0\" allow=\"accelerometer; autoplay; clipboard-write; encrypted-media; gyroscope; picture-in-picture; web-share\" referrerpolicy=\"strict-origin-when-cross-origin\" allowfullscreen><\/iframe><\/div>\n<\/div><\/figure>\n\n\n\n<h2 class=\"wp-block-heading\">Frequ\u00eancia ideal para aplicar hidrata\u00e7\u00e3o ou nutri\u00e7\u00e3o<\/h2>\n\n\n\n<p>Criar um calend\u00e1rio semanal ajuda a organizar o uso dos cremes sem sobrecarregar o couro cabeludo com subst\u00e2ncias pesadas. Alterne os produtos conforme a necessidade detectada para obter <strong>resultados mais duradouros<\/strong> e vis\u00edveis diante do espelho todos os dias. A const\u00e2ncia nos tratamentos \u00e9 o segredo para manter os <strong>fios sempre fortes<\/strong> e com movimento natural durante a semana.<\/p>\n\n\n\n<p>Evite o uso de \u00e1gua muito quente durante o banho para n\u00e3o remover a prote\u00e7\u00e3o natural conquistada com tanto esfor\u00e7o. Use finalizadores que protejam contra o calor excessivo do secador e das <strong>ferramentas t\u00e9rmicas<\/strong> de modelagem mais modernas. Escolha ingredientes de qualidade que promovam uma <strong>recupera\u00e7\u00e3o real<\/strong> e profunda da fibra capilar sem agredir a sua sa\u00fade f\u00edsica.<\/p>\n\n\n\n<h2 class=\"wp-block-heading\">Dicas pr\u00e1ticas para manter o brilho dos fios<\/h2>\n\n\n\n<p>Mantenha uma rotina de cuidados simples para evitar o ac\u00famulo de danos di\u00e1rios na sua fibra capilar. Use pentes de dentes largos para desembara\u00e7ar as mechas com <strong>delicadeza e cuidado<\/strong> extra durante a manh\u00e3. Sinta o prazer de tocar em um <strong>cabelo bem tratado<\/strong> com as t\u00e9cnicas corretas no dia a dia.<\/p>\n\n\n\n<p>Valorize os momentos dedicados ao seu bem-estar pessoal diante do espelho da sua casa. Escolha produtos que respeitem a <strong>natureza do fio<\/strong> e tragam resultados graduais para a sua apar\u00eancia f\u00edsica. Aproveite cada etapa para celebrar sua <strong>beleza \u00fanica<\/strong> e aut\u00eantica com muita confian\u00e7a e alegria.<\/p>\n","protected":false},"excerpt":{"rendered":"<p>Ao me olhar no espelho esta manh\u00e3, percebi que o dilema entre escolher hidrata\u00e7\u00e3o ou nutri\u00e7\u00e3o estava estampado no frizz das minhas mechas teimosas. Ser\u00e1 que existe um truque caseiro infal\u00edvel para desvendar o que os fios realmente est\u00e3o tentando dizer agora? Sinais claros para decidir entre hidrata\u00e7\u00e3o ou nutri\u00e7\u00e3o O aspecto ressecado e a [&hellip;]<\/p>\n","protected":false},"author":9,"featured_media":198927,"comment_status":"open","ping_status":"open","sticky":false,"template":"","format":"standard","meta":{"jnews-multi-image_gallery":[],"jnews_single_post":{"format":"standard"},"jnews_primary_category":[],"jnews_social_meta":[],"jnews_override_counter":[],"footnotes":""},"categories":[8691,29],"tags":[8408,6494,28691],"class_list":["post-198735","post","type-post","status-publish","format-standard","has-post-thumbnail","hentry","category-bem-estar","category-entretenimento","tag-beleza-feminina","tag-cronograma-capilar","tag-cuidados-com-cabelo"],"yoast_head":"<!-- This site is optimized with the Yoast SEO plugin v23.8 - https:\/\/yoast.com\/wordpress\/plugins\/seo\/ -->\n<title>Hidrata\u00e7\u00e3o ou nutri\u00e7\u00e3o: o truque caseiro infal\u00edvel para descobrir o que seu cabelo pede - Estado de Minas - Em foco<\/title>\n<meta name=\"description\" content=\"Saiba identificar se seu cabelo precisa de hidrata\u00e7\u00e3o ou nutri\u00e7\u00e3o com este teste simples e recupere o brilho dos seus fios agora mesmo\" \/>\n<meta name=\"robots\" content=\"index, follow, max-snippet:-1, max-image-preview:large, max-video-preview:-1\" \/>\n<link rel=\"canonical\" href=\"https:\/\/www.em.com.br\/emfoco\/2026\/04\/25\/hidratacao-ou-nutricao-o-truque-caseiro-infalivel-para-descobrir-o-que-seu-cabelo-pede\/\" \/>\n<meta property=\"og:locale\" content=\"pt_BR\" \/>\n<meta property=\"og:type\" content=\"article\" \/>\n<meta property=\"og:title\" content=\"Hidrata\u00e7\u00e3o ou nutri\u00e7\u00e3o: o truque caseiro infal\u00edvel para descobrir o que seu cabelo pede - Estado de Minas - Em foco\" \/>\n<meta property=\"og:description\" content=\"Saiba identificar se seu cabelo precisa de hidrata\u00e7\u00e3o ou nutri\u00e7\u00e3o com este teste simples e recupere o brilho dos seus fios agora mesmo\" \/>\n<meta property=\"og:url\" content=\"https:\/\/www.em.com.br\/emfoco\/2026\/04\/25\/hidratacao-ou-nutricao-o-truque-caseiro-infalivel-para-descobrir-o-que-seu-cabelo-pede\/\" \/>\n<meta property=\"og:site_name\" content=\"Estado de Minas - Em foco\" \/>\n<meta property=\"article:published_time\" content=\"2026-04-25T21:15:00+00:00\" \/>\n<meta property=\"article:modified_time\" content=\"2026-04-25T01:04:03+00:00\" \/>\n<meta property=\"og:image\" content=\"https:\/\/www.em.com.br\/emfoco\/wp-content\/uploads\/2026\/04\/EmFoco_54-4.jpg\" \/>\n\t<meta property=\"og:image:width\" content=\"1280\" \/>\n\t<meta property=\"og:image:height\" content=\"720\" \/>\n\t<meta property=\"og:image:type\" content=\"image\/jpeg\" \/>\n<meta name=\"author\" content=\"Daniely Cardoso\" \/>\n<meta name=\"twitter:card\" content=\"summary_large_image\" \/>\n<meta name=\"twitter:label1\" content=\"Escrito por\" \/>\n\t<meta name=\"twitter:data1\" content=\"Daniely Cardoso\" \/>\n\t<meta name=\"twitter:label2\" content=\"Est. tempo de leitura\" \/>\n\t<meta name=\"twitter:data2\" content=\"5 minutos\" \/>\n<!-- \/ Yoast SEO plugin. -->","yoast_head_json":{"title":"Hidrata\u00e7\u00e3o ou nutri\u00e7\u00e3o: o truque caseiro infal\u00edvel para descobrir o que seu cabelo pede - Estado de Minas - Em foco","description":"Saiba identificar se seu cabelo precisa de hidrata\u00e7\u00e3o ou nutri\u00e7\u00e3o com este teste simples e recupere o brilho dos seus fios agora mesmo","robots":{"index":"index","follow":"follow","max-snippet":"max-snippet:-1","max-image-preview":"max-image-preview:large","max-video-preview":"max-video-preview:-1"},"canonical":"https:\/\/www.em.com.br\/emfoco\/2026\/04\/25\/hidratacao-ou-nutricao-o-truque-caseiro-infalivel-para-descobrir-o-que-seu-cabelo-pede\/","og_locale":"pt_BR","og_type":"article","og_title":"Hidrata\u00e7\u00e3o ou nutri\u00e7\u00e3o: o truque caseiro infal\u00edvel para descobrir o que seu cabelo pede - Estado de Minas - Em foco","og_description":"Saiba identificar se seu cabelo precisa de hidrata\u00e7\u00e3o ou nutri\u00e7\u00e3o com este teste simples e recupere o brilho dos seus fios agora mesmo","og_url":"https:\/\/www.em.com.br\/emfoco\/2026\/04\/25\/hidratacao-ou-nutricao-o-truque-caseiro-infalivel-para-descobrir-o-que-seu-cabelo-pede\/","og_site_name":"Estado de Minas - Em foco","article_published_time":"2026-04-25T21:15:00+00:00","article_modified_time":"2026-04-25T01:04:03+00:00","og_image":[{"width":1280,"height":720,"url":"https:\/\/www.em.com.br\/emfoco\/wp-content\/uploads\/2026\/04\/EmFoco_54-4.jpg","type":"image\/jpeg"}],"author":"Daniely Cardoso","twitter_card":"summary_large_image","twitter_misc":{"Escrito por":"Daniely Cardoso","Est. tempo de leitura":"5 minutos"},"schema":{"@context":"https:\/\/schema.org","@graph":[{"@type":"WebPage","@id":"https:\/\/www.em.com.br\/emfoco\/2026\/04\/25\/hidratacao-ou-nutricao-o-truque-caseiro-infalivel-para-descobrir-o-que-seu-cabelo-pede\/","url":"https:\/\/www.em.com.br\/emfoco\/2026\/04\/25\/hidratacao-ou-nutricao-o-truque-caseiro-infalivel-para-descobrir-o-que-seu-cabelo-pede\/","name":"Hidrata\u00e7\u00e3o ou nutri\u00e7\u00e3o: o truque caseiro infal\u00edvel para descobrir o que seu cabelo pede - Estado de Minas - Em foco","isPartOf":{"@id":"https:\/\/www.em.com.br\/emfoco\/#website"},"primaryImageOfPage":{"@id":"https:\/\/www.em.com.br\/emfoco\/2026\/04\/25\/hidratacao-ou-nutricao-o-truque-caseiro-infalivel-para-descobrir-o-que-seu-cabelo-pede\/#primaryimage"},"image":{"@id":"https:\/\/www.em.com.br\/emfoco\/2026\/04\/25\/hidratacao-ou-nutricao-o-truque-caseiro-infalivel-para-descobrir-o-que-seu-cabelo-pede\/#primaryimage"},"thumbnailUrl":"https:\/\/www.em.com.br\/emfoco\/wp-content\/uploads\/2026\/04\/EmFoco_54-4.jpg","datePublished":"2026-04-25T21:15:00+00:00","dateModified":"2026-04-25T01:04:03+00:00","author":{"@id":"https:\/\/www.em.com.br\/emfoco\/#\/schema\/person\/0a8186d72f2c3a5c6276d90b41f271a0"},"description":"Saiba identificar se seu cabelo precisa de hidrata\u00e7\u00e3o ou nutri\u00e7\u00e3o com este teste simples e recupere o brilho dos seus fios agora mesmo","breadcrumb":{"@id":"https:\/\/www.em.com.br\/emfoco\/2026\/04\/25\/hidratacao-ou-nutricao-o-truque-caseiro-infalivel-para-descobrir-o-que-seu-cabelo-pede\/#breadcrumb"},"inLanguage":"pt-BR","potentialAction":[{"@type":"ReadAction","target":["https:\/\/www.em.com.br\/emfoco\/2026\/04\/25\/hidratacao-ou-nutricao-o-truque-caseiro-infalivel-para-descobrir-o-que-seu-cabelo-pede\/"]}]},{"@type":"ImageObject","inLanguage":"pt-BR","@id":"https:\/\/www.em.com.br\/emfoco\/2026\/04\/25\/hidratacao-ou-nutricao-o-truque-caseiro-infalivel-para-descobrir-o-que-seu-cabelo-pede\/#primaryimage","url":"https:\/\/www.em.com.br\/emfoco\/wp-content\/uploads\/2026\/04\/EmFoco_54-4.jpg","contentUrl":"https:\/\/www.em.com.br\/emfoco\/wp-content\/uploads\/2026\/04\/EmFoco_54-4.jpg","width":1280,"height":720,"caption":"Teste de porosidade ajuda a escolher entre hidrata\u00e7\u00e3o ou nutri\u00e7\u00e3o para fios saud\u00e1veis"},{"@type":"BreadcrumbList","@id":"https:\/\/www.em.com.br\/emfoco\/2026\/04\/25\/hidratacao-ou-nutricao-o-truque-caseiro-infalivel-para-descobrir-o-que-seu-cabelo-pede\/#breadcrumb","itemListElement":[{"@type":"ListItem","position":1,"name":"In\u00edcio","item":"https:\/\/www.em.com.br\/emfoco\/"},{"@type":"ListItem","position":2,"name":"Hidrata\u00e7\u00e3o ou nutri\u00e7\u00e3o: o truque caseiro infal\u00edvel para descobrir o que seu cabelo pede"}]},{"@type":"WebSite","@id":"https:\/\/www.em.com.br\/emfoco\/#website","url":"https:\/\/www.em.com.br\/emfoco\/","name":"Estado de Minas - Em foco","description":"Acompanhe as \u00faltimas not\u00edcias e fique bem informado sobre tudo o que acontece em Minas Gerais, Brasil e no mundo.","potentialAction":[{"@type":"SearchAction","target":{"@type":"EntryPoint","urlTemplate":"https:\/\/www.em.com.br\/emfoco\/?s={search_term_string}"},"query-input":{"@type":"PropertyValueSpecification","valueRequired":true,"valueName":"search_term_string"}}],"inLanguage":"pt-BR"},{"@type":"Person","@id":"https:\/\/www.em.com.br\/emfoco\/#\/schema\/person\/0a8186d72f2c3a5c6276d90b41f271a0","name":"Daniely Cardoso","image":{"@type":"ImageObject","inLanguage":"pt-BR","@id":"https:\/\/www.em.com.br\/emfoco\/#\/schema\/person\/image\/","url":"https:\/\/secure.gravatar.com\/avatar\/4b80ddbd124d1f071b626d52d62e5dff?s=96&d=mm&r=g","contentUrl":"https:\/\/secure.gravatar.com\/avatar\/4b80ddbd124d1f071b626d52d62e5dff?s=96&d=mm&r=g","caption":"Daniely Cardoso"},"url":"https:\/\/www.em.com.br\/emfoco\/author\/danielymyth\/"}]}},"_links":{"self":[{"href":"https:\/\/www.em.com.br\/emfoco\/wp-json\/wp\/v2\/posts\/198735","targetHints":{"allow":["GET"]}}],"collection":[{"href":"https:\/\/www.em.com.br\/emfoco\/wp-json\/wp\/v2\/posts"}],"about":[{"href":"https:\/\/www.em.com.br\/emfoco\/wp-json\/wp\/v2\/types\/post"}],"author":[{"embeddable":true,"href":"https:\/\/www.em.com.br\/emfoco\/wp-json\/wp\/v2\/users\/9"}],"replies":[{"embeddable":true,"href":"https:\/\/www.em.com.br\/emfoco\/wp-json\/wp\/v2\/comments?post=198735"}],"version-history":[{"count":2,"href":"https:\/\/www.em.com.br\/emfoco\/wp-json\/wp\/v2\/posts\/198735\/revisions"}],"predecessor-version":[{"id":198796,"href":"https:\/\/www.em.com.br\/emfoco\/wp-json\/wp\/v2\/posts\/198735\/revisions\/198796"}],"wp:featuredmedia":[{"embeddable":true,"href":"https:\/\/www.em.com.br\/emfoco\/wp-json\/wp\/v2\/media\/198927"}],"wp:attachment":[{"href":"https:\/\/www.em.com.br\/emfoco\/wp-json\/wp\/v2\/media?parent=198735"}],"wp:term":[{"taxonomy":"category","embeddable":true,"href":"https:\/\/www.em.com.br\/emfoco\/wp-json\/wp\/v2\/categories?post=198735"},{"taxonomy":"post_tag","embeddable":true,"href":"https:\/\/www.em.com.br\/emfoco\/wp-json\/wp\/v2\/tags?post=198735"}],"curies":[{"name":"wp","href":"https:\/\/api.w.org\/{rel}","templated":true}]}}