{"id":198710,"date":"2026-04-25T15:25:20","date_gmt":"2026-04-25T18:25:20","guid":{"rendered":"https:\/\/www.em.com.br\/emfoco\/?p=198710"},"modified":"2026-04-24T22:11:41","modified_gmt":"2026-04-25T01:11:41","slug":"chega-desconforto-com-seu-corpo-como-tratar-a-acne-corporal-e-usar-roupas-decotadas-nas-costas","status":"publish","type":"post","link":"https:\/\/www.em.com.br\/emfoco\/2026\/04\/25\/chega-desconforto-com-seu-corpo-como-tratar-a-acne-corporal-e-usar-roupas-decotadas-nas-costas\/","title":{"rendered":"Chega desconforto com seu corpo, como tratar a acne corporal e usar roupas decotadas nas costas"},"content":{"rendered":"\n<p>Ao provar um vestido decotado para a festa, percebi que precisava <strong>tratar acne nas costas<\/strong> com urg\u00eancia para recuperar minha autoestima. Existe algum m\u00e9todo caseiro que realmente funcione para limpar a pele madura sem causar irrita\u00e7\u00f5es desnecess\u00e1rias?<\/p>\n\n\n\n<h2 class=\"wp-block-heading\">Por que \u00e9 importante tratar acne nas costas com cuidado<\/h2>\n\n\n\n<p>As altera\u00e7\u00f5es hormonais na maturidade costumam aumentar a <strong>produ\u00e7\u00e3o de sebo<\/strong> nas gl\u00e2ndulas da regi\u00e3o do tronco. Esse processo gera inflama\u00e7\u00f5es que podem se tornar dolorosas se n\u00e3o forem cuidadas com a <strong>aten\u00e7\u00e3o necess\u00e1ria<\/strong> diariamente. Entender essas mudan\u00e7as corporais ajuda a escolher os melhores ativos para manter a <strong>derme equilibrada<\/strong> e saud\u00e1vel.<\/p>\n\n\n\n<p>O uso de roupas muito justas durante as atividades f\u00edsicas ret\u00e9m o suor e favorece a <strong>prolifera\u00e7\u00e3o bacteriana<\/strong> local. Optar por tecidos leves e respir\u00e1veis \u00e9 uma estrat\u00e9gia inteligente para evitar o surgimento de <strong>novas espinhas<\/strong> persistentes. A pele precisa de ventila\u00e7\u00e3o adequada para realizar sua <strong>renova\u00e7\u00e3o natural<\/strong> sem obstru\u00e7\u00f5es causadas por fibras sint\u00e9ticas.<\/p>\n\n\n<div class=\"wp-block-image\">\n<figure class=\"aligncenter size-large\"><img loading=\"lazy\" decoding=\"async\" width=\"1024\" height=\"576\" src=\"https:\/\/www.em.com.br\/emfoco\/wp-content\/uploads\/2026\/04\/acne-nas-costa_1777055068534-1024x576.jpg\" alt=\"Tratar acne nas costas\" class=\"wp-image-198711\" srcset=\"https:\/\/www.em.com.br\/emfoco\/wp-content\/uploads\/2026\/04\/acne-nas-costa_1777055068534-1024x576.jpg 1024w, https:\/\/www.em.com.br\/emfoco\/wp-content\/uploads\/2026\/04\/acne-nas-costa_1777055068534-300x169.jpg 300w, https:\/\/www.em.com.br\/emfoco\/wp-content\/uploads\/2026\/04\/acne-nas-costa_1777055068534-768x432.jpg 768w, https:\/\/www.em.com.br\/emfoco\/wp-content\/uploads\/2026\/04\/acne-nas-costa_1777055068534-750x422.jpg 750w, https:\/\/www.em.com.br\/emfoco\/wp-content\/uploads\/2026\/04\/acne-nas-costa_1777055068534-1140x641.jpg 1140w, https:\/\/www.em.com.br\/emfoco\/wp-content\/uploads\/2026\/04\/acne-nas-costa_1777055068534.jpg 1280w\" sizes=\"auto, (max-width: 1024px) 100vw, 1024px\" \/><figcaption class=\"wp-element-caption\">O uso de roupas muito justas durante as atividades f\u00edsicas ret\u00e9m o suor e favorece a prolifera\u00e7\u00e3o bacteriana local. &#8211; Cr\u00e9ditos: depositphotos.com \/ Vox19<\/figcaption><\/figure><\/div>\n\n\n<p>Leia tamb\u00e9m: <a href=\"https:\/\/www.em.com.br\/emfoco\/2026\/04\/04\/a-folha-dessa-fruta-pode-aliviar-ondas-de-calor-e-ajudar-mulheres-na-menopausa-2\/\" target=\"_blank\" rel=\"noreferrer noopener\">Adeus calor! Os benef\u00edcios da folha de amora na menopausa para um auto cuidado simples<\/a><\/p>\n\n\n\n<h2 class=\"wp-block-heading\">H\u00e1bitos simples para tratar acne nas costas na rotina<\/h2>\n\n\n\n<p>Lavar a regi\u00e3o com sabonetes espec\u00edficos ajuda a remover as <strong>c\u00e9lulas mortas<\/strong> que entopem os poros durante o dia. Evite utilizar produtos muito hidratantes ou com \u00f3leos pesados que podem piorar o <strong>quadro inflamat\u00f3rio<\/strong> existente. Manter a higiene constante ap\u00f3s per\u00edodos de transpira\u00e7\u00e3o excessiva garante uma <strong>recupera\u00e7\u00e3o r\u00e1pida<\/strong> da textura cut\u00e2nea.<\/p>\n\n\n\n<p>Enxaguar bem o condicionador do cabelo impede que res\u00edduos cremosos fiquem depositados nos ombros e na parte superior do dorso. Muitos casos de cravos surgem justamente por esse <strong>ac\u00famulo invis\u00edvel<\/strong> de produtos capilares que obstruem a pele. Estabelecer uma ordem correta no banho protege sua sa\u00fade e promove um <strong>aspecto radiante<\/strong> em pouco tempo.<\/p>\n\n\n\n<figure class=\"wp-block-embed is-type-rich is-provider-pinterest wp-block-embed-pinterest\"><div class=\"wp-block-embed__wrapper\">\n<iframe loading=\"lazy\" title=\"\ud83d\udebf\ud83c\udf3f Livre-se da Acne nas Costas com Nossas Dicas Essenciais! \ud83c\udf3f\ud83d\udebf\" src=\"https:\/\/assets.pinterest.com\/ext\/embed.html?id=28217935161175726&#038;src=oembed\" height=\"899\" width=\"450\" frameborder=\"0\" scrolling=\"no\" ><\/iframe>\n<\/div><\/figure>\n\n\n\n<h2 class=\"wp-block-heading\">Ferramentas \u00fateis para uma limpeza profunda e segura<\/h2>\n\n\n\n<p>Utilizar acess\u00f3rios adequados facilita o alcance de \u00e1reas dif\u00edceis e promove uma <strong>limpeza uniforme<\/strong> em todo o corpo. Voc\u00ea deve buscar itens que n\u00e3o agridam a barreira de prote\u00e7\u00e3o natural enquanto removem as <strong>impurezas di\u00e1rias<\/strong> acumuladas. Selecione os materiais listados abaixo para montar um kit de cuidados eficiente que transforme seu momento de <strong>autocuidado matinal<\/strong>.<\/p>\n\n\n\n<ul class=\"wp-block-list\">\n<li>Escova de cerdas macias para <strong>alcan\u00e7ar o centro<\/strong> das costas com facilidade.<\/li>\n\n\n\n<li>Sabonete de enxofre para <strong>controlar a oleosidade<\/strong> de forma potente e r\u00e1pida.<\/li>\n\n\n\n<li>Esponja vegetal para <strong>esfoliar a pele<\/strong> suavemente duas vezes por semana.<\/li>\n<\/ul>\n\n\n\n<p>O uso semanal dessas ferramentas estimula a circula\u00e7\u00e3o sangu\u00ednea e melhora a <strong>absor\u00e7\u00e3o de lo\u00e7\u00f5es<\/strong> secativas aplicadas posteriormente. A esfolia\u00e7\u00e3o constante evita que a queratina se acumule e forme pequenos caro\u00e7os endurecidos na <strong>superf\u00edcie da pele<\/strong>. Massageie a regi\u00e3o com delicadeza para n\u00e3o ferir as \u00e1reas que j\u00e1 apresentam alguma <strong>sensibilidade maior<\/strong>.<\/p>\n\n\n\n<p>Para voc\u00ea que sofre com esse tipo de acne, separamos um v\u00eddeo do canal da <a href=\"https:\/\/www.youtube.com\/@AnaPoli\" target=\"_blank\" rel=\"noreferrer noopener\">Ana Poli<\/a> com dicas para tratar esse tipo de condi\u00e7\u00e3o:<\/p>\n\n\n\n<figure class=\"wp-block-embed is-type-video is-provider-youtube wp-block-embed-youtube wp-embed-aspect-16-9 wp-has-aspect-ratio\"><div class=\"wp-block-embed__wrapper\">\n<div class=\"jeg_video_container jeg_video_content\"><iframe loading=\"lazy\" title=\"Guia Completo de como tratar Acne e Manchas nas Costas! | ACNE CORPORAL\" width=\"500\" height=\"281\" src=\"https:\/\/www.youtube.com\/embed\/EddLPsaKVlg?feature=oembed\" frameborder=\"0\" allow=\"accelerometer; autoplay; clipboard-write; encrypted-media; gyroscope; picture-in-picture; web-share\" referrerpolicy=\"strict-origin-when-cross-origin\" allowfullscreen><\/iframe><\/div>\n<\/div><\/figure>\n\n\n\n<h2 class=\"wp-block-heading\">Erros que impedem de tratar acne nas costas rapidamente<\/h2>\n\n\n\n<p>Espremer as les\u00f5es com as m\u00e3os sujas espalha a infec\u00e7\u00e3o e pode causar <strong>cicatrizes permanentes<\/strong> muito dif\u00edceis de remover. Esse h\u00e1bito comum retarda o processo de cura e gera manchas escuras que comprometem a <strong>apar\u00eancia est\u00e9tica<\/strong> do corpo. Mantenha a disciplina de n\u00e3o tocar nas feridas para permitir que o organismo se <strong>regenere sozinho<\/strong>.<\/p>\n\n\n\n<p>Ignorar o uso de protetor solar livre de \u00f3leo pode fazer com que as marcas de espinhas fiquem <strong>manchadas pelo sol<\/strong>. Escolha f\u00f3rmulas com toque seco que protejam a regi\u00e3o sem aumentar a <strong>produ\u00e7\u00e3o de brilho<\/strong> indesejado. Essa prote\u00e7\u00e3o extra \u00e9 fundamental para quem deseja ter uma pele com <strong>tom uniforme<\/strong> e livre de imperfei\u00e7\u00f5es.<\/p>\n\n\n\n<h2 class=\"wp-block-heading\">Conselhos finais para sua autoestima e bem estar<\/h2>\n\n\n\n<p>Tenha paci\u00eancia com o tempo de resposta do seu corpo durante este novo <strong>processo de cuidado<\/strong>. A const\u00e2ncia nas aplica\u00e7\u00f5es \u00e9 o que trar\u00e1 o <strong>resultado satisfat\u00f3rio<\/strong> que voc\u00ea tanto busca. Valorize cada dia dedicado \u00e0 sua <strong>sa\u00fade pessoal<\/strong> e beleza.<\/p>\n\n\n\n<p>Mantenha uma alimenta\u00e7\u00e3o equilibrada para nutrir sua derme de <strong>dentro para fora<\/strong> constantemente. Beber \u00e1gua ajuda a eliminar toxinas e melhora a <strong>vitalidade da pele<\/strong> de forma natural. Sinta orgulho da sua trajet\u00f3ria e aproveite seu <strong>bem estar<\/strong> plenamente.<\/p>\n","protected":false},"excerpt":{"rendered":"<p>Ao provar um vestido decotado para a festa, percebi que precisava tratar acne nas costas com urg\u00eancia para recuperar minha autoestima. Existe algum m\u00e9todo caseiro que realmente funcione para limpar a pele madura sem causar irrita\u00e7\u00f5es desnecess\u00e1rias? Por que \u00e9 importante tratar acne nas costas com cuidado As altera\u00e7\u00f5es hormonais na maturidade costumam aumentar a [&hellip;]<\/p>\n","protected":false},"author":9,"featured_media":198944,"comment_status":"open","ping_status":"open","sticky":false,"template":"","format":"standard","meta":{"jnews-multi-image_gallery":[],"jnews_single_post":{"format":"standard"},"jnews_primary_category":[],"jnews_social_meta":[],"jnews_override_counter":[],"footnotes":""},"categories":[8691,8819],"tags":[8408,18717,5397],"class_list":["post-198710","post","type-post","status-publish","format-standard","has-post-thumbnail","hentry","category-bem-estar","category-curiosidades","tag-beleza-feminina","tag-cuidado-corporal","tag-pele-saudavel"],"yoast_head":"<!-- This site is optimized with the Yoast SEO plugin v23.8 - https:\/\/yoast.com\/wordpress\/plugins\/seo\/ -->\n<title>Chega desconforto com seu corpo, como tratar a acne corporal e usar roupas decotadas nas costas - Estado de Minas - Em foco<\/title>\n<meta name=\"description\" content=\"Saiba como tratar acne nas costas com passos pr\u00e1ticos e recupere sua confian\u00e7a usando produtos que limpam a pele de forma muito profunda\" \/>\n<meta name=\"robots\" content=\"index, follow, max-snippet:-1, max-image-preview:large, max-video-preview:-1\" \/>\n<link rel=\"canonical\" href=\"https:\/\/www.em.com.br\/emfoco\/2026\/04\/25\/chega-desconforto-com-seu-corpo-como-tratar-a-acne-corporal-e-usar-roupas-decotadas-nas-costas\/\" \/>\n<meta property=\"og:locale\" content=\"pt_BR\" \/>\n<meta property=\"og:type\" content=\"article\" \/>\n<meta property=\"og:title\" content=\"Chega desconforto com seu corpo, como tratar a acne corporal e usar roupas decotadas nas costas - Estado de Minas - Em foco\" \/>\n<meta property=\"og:description\" content=\"Saiba como tratar acne nas costas com passos pr\u00e1ticos e recupere sua confian\u00e7a usando produtos que limpam a pele de forma muito profunda\" \/>\n<meta property=\"og:url\" content=\"https:\/\/www.em.com.br\/emfoco\/2026\/04\/25\/chega-desconforto-com-seu-corpo-como-tratar-a-acne-corporal-e-usar-roupas-decotadas-nas-costas\/\" \/>\n<meta property=\"og:site_name\" content=\"Estado de Minas - Em foco\" \/>\n<meta property=\"article:published_time\" content=\"2026-04-25T18:25:20+00:00\" \/>\n<meta property=\"article:modified_time\" content=\"2026-04-25T01:11:41+00:00\" \/>\n<meta property=\"og:image\" content=\"https:\/\/www.em.com.br\/emfoco\/wp-content\/uploads\/2026\/04\/EmFoco_58-5.jpg\" \/>\n\t<meta property=\"og:image:width\" content=\"1280\" \/>\n\t<meta property=\"og:image:height\" content=\"720\" \/>\n\t<meta property=\"og:image:type\" content=\"image\/jpeg\" \/>\n<meta name=\"author\" content=\"Daniely Cardoso\" \/>\n<meta name=\"twitter:card\" content=\"summary_large_image\" \/>\n<meta name=\"twitter:label1\" content=\"Escrito por\" \/>\n\t<meta name=\"twitter:data1\" content=\"Daniely Cardoso\" \/>\n\t<meta name=\"twitter:label2\" content=\"Est. tempo de leitura\" \/>\n\t<meta name=\"twitter:data2\" content=\"5 minutos\" \/>\n<!-- \/ Yoast SEO plugin. -->","yoast_head_json":{"title":"Chega desconforto com seu corpo, como tratar a acne corporal e usar roupas decotadas nas costas - Estado de Minas - Em foco","description":"Saiba como tratar acne nas costas com passos pr\u00e1ticos e recupere sua confian\u00e7a usando produtos que limpam a pele de forma muito profunda","robots":{"index":"index","follow":"follow","max-snippet":"max-snippet:-1","max-image-preview":"max-image-preview:large","max-video-preview":"max-video-preview:-1"},"canonical":"https:\/\/www.em.com.br\/emfoco\/2026\/04\/25\/chega-desconforto-com-seu-corpo-como-tratar-a-acne-corporal-e-usar-roupas-decotadas-nas-costas\/","og_locale":"pt_BR","og_type":"article","og_title":"Chega desconforto com seu corpo, como tratar a acne corporal e usar roupas decotadas nas costas - Estado de Minas - Em foco","og_description":"Saiba como tratar acne nas costas com passos pr\u00e1ticos e recupere sua confian\u00e7a usando produtos que limpam a pele de forma muito profunda","og_url":"https:\/\/www.em.com.br\/emfoco\/2026\/04\/25\/chega-desconforto-com-seu-corpo-como-tratar-a-acne-corporal-e-usar-roupas-decotadas-nas-costas\/","og_site_name":"Estado de Minas - Em foco","article_published_time":"2026-04-25T18:25:20+00:00","article_modified_time":"2026-04-25T01:11:41+00:00","og_image":[{"width":1280,"height":720,"url":"https:\/\/www.em.com.br\/emfoco\/wp-content\/uploads\/2026\/04\/EmFoco_58-5.jpg","type":"image\/jpeg"}],"author":"Daniely Cardoso","twitter_card":"summary_large_image","twitter_misc":{"Escrito por":"Daniely Cardoso","Est. tempo de leitura":"5 minutos"},"schema":{"@context":"https:\/\/schema.org","@graph":[{"@type":"WebPage","@id":"https:\/\/www.em.com.br\/emfoco\/2026\/04\/25\/chega-desconforto-com-seu-corpo-como-tratar-a-acne-corporal-e-usar-roupas-decotadas-nas-costas\/","url":"https:\/\/www.em.com.br\/emfoco\/2026\/04\/25\/chega-desconforto-com-seu-corpo-como-tratar-a-acne-corporal-e-usar-roupas-decotadas-nas-costas\/","name":"Chega desconforto com seu corpo, como tratar a acne corporal e usar roupas decotadas nas costas - Estado de Minas - Em foco","isPartOf":{"@id":"https:\/\/www.em.com.br\/emfoco\/#website"},"primaryImageOfPage":{"@id":"https:\/\/www.em.com.br\/emfoco\/2026\/04\/25\/chega-desconforto-com-seu-corpo-como-tratar-a-acne-corporal-e-usar-roupas-decotadas-nas-costas\/#primaryimage"},"image":{"@id":"https:\/\/www.em.com.br\/emfoco\/2026\/04\/25\/chega-desconforto-com-seu-corpo-como-tratar-a-acne-corporal-e-usar-roupas-decotadas-nas-costas\/#primaryimage"},"thumbnailUrl":"https:\/\/www.em.com.br\/emfoco\/wp-content\/uploads\/2026\/04\/EmFoco_58-5.jpg","datePublished":"2026-04-25T18:25:20+00:00","dateModified":"2026-04-25T01:11:41+00:00","author":{"@id":"https:\/\/www.em.com.br\/emfoco\/#\/schema\/person\/0a8186d72f2c3a5c6276d90b41f271a0"},"description":"Saiba como tratar acne nas costas com passos pr\u00e1ticos e recupere sua confian\u00e7a usando produtos que limpam a pele de forma muito profunda","breadcrumb":{"@id":"https:\/\/www.em.com.br\/emfoco\/2026\/04\/25\/chega-desconforto-com-seu-corpo-como-tratar-a-acne-corporal-e-usar-roupas-decotadas-nas-costas\/#breadcrumb"},"inLanguage":"pt-BR","potentialAction":[{"@type":"ReadAction","target":["https:\/\/www.em.com.br\/emfoco\/2026\/04\/25\/chega-desconforto-com-seu-corpo-como-tratar-a-acne-corporal-e-usar-roupas-decotadas-nas-costas\/"]}]},{"@type":"ImageObject","inLanguage":"pt-BR","@id":"https:\/\/www.em.com.br\/emfoco\/2026\/04\/25\/chega-desconforto-com-seu-corpo-como-tratar-a-acne-corporal-e-usar-roupas-decotadas-nas-costas\/#primaryimage","url":"https:\/\/www.em.com.br\/emfoco\/wp-content\/uploads\/2026\/04\/EmFoco_58-5.jpg","contentUrl":"https:\/\/www.em.com.br\/emfoco\/wp-content\/uploads\/2026\/04\/EmFoco_58-5.jpg","width":1280,"height":720,"caption":"H\u00e1bitos de higiene espec\u00edficos e tecidos respir\u00e1veis ajudam a tratar acne nas costas"},{"@type":"BreadcrumbList","@id":"https:\/\/www.em.com.br\/emfoco\/2026\/04\/25\/chega-desconforto-com-seu-corpo-como-tratar-a-acne-corporal-e-usar-roupas-decotadas-nas-costas\/#breadcrumb","itemListElement":[{"@type":"ListItem","position":1,"name":"In\u00edcio","item":"https:\/\/www.em.com.br\/emfoco\/"},{"@type":"ListItem","position":2,"name":"Chega desconforto com seu corpo, como tratar a acne corporal e usar roupas decotadas nas costas"}]},{"@type":"WebSite","@id":"https:\/\/www.em.com.br\/emfoco\/#website","url":"https:\/\/www.em.com.br\/emfoco\/","name":"Estado de Minas - Em foco","description":"Acompanhe as \u00faltimas not\u00edcias e fique bem informado sobre tudo o que acontece em Minas Gerais, Brasil e no mundo.","potentialAction":[{"@type":"SearchAction","target":{"@type":"EntryPoint","urlTemplate":"https:\/\/www.em.com.br\/emfoco\/?s={search_term_string}"},"query-input":{"@type":"PropertyValueSpecification","valueRequired":true,"valueName":"search_term_string"}}],"inLanguage":"pt-BR"},{"@type":"Person","@id":"https:\/\/www.em.com.br\/emfoco\/#\/schema\/person\/0a8186d72f2c3a5c6276d90b41f271a0","name":"Daniely Cardoso","image":{"@type":"ImageObject","inLanguage":"pt-BR","@id":"https:\/\/www.em.com.br\/emfoco\/#\/schema\/person\/image\/","url":"https:\/\/secure.gravatar.com\/avatar\/4b80ddbd124d1f071b626d52d62e5dff?s=96&d=mm&r=g","contentUrl":"https:\/\/secure.gravatar.com\/avatar\/4b80ddbd124d1f071b626d52d62e5dff?s=96&d=mm&r=g","caption":"Daniely Cardoso"},"url":"https:\/\/www.em.com.br\/emfoco\/author\/danielymyth\/"}]}},"_links":{"self":[{"href":"https:\/\/www.em.com.br\/emfoco\/wp-json\/wp\/v2\/posts\/198710","targetHints":{"allow":["GET"]}}],"collection":[{"href":"https:\/\/www.em.com.br\/emfoco\/wp-json\/wp\/v2\/posts"}],"about":[{"href":"https:\/\/www.em.com.br\/emfoco\/wp-json\/wp\/v2\/types\/post"}],"author":[{"embeddable":true,"href":"https:\/\/www.em.com.br\/emfoco\/wp-json\/wp\/v2\/users\/9"}],"replies":[{"embeddable":true,"href":"https:\/\/www.em.com.br\/emfoco\/wp-json\/wp\/v2\/comments?post=198710"}],"version-history":[{"count":1,"href":"https:\/\/www.em.com.br\/emfoco\/wp-json\/wp\/v2\/posts\/198710\/revisions"}],"predecessor-version":[{"id":198712,"href":"https:\/\/www.em.com.br\/emfoco\/wp-json\/wp\/v2\/posts\/198710\/revisions\/198712"}],"wp:featuredmedia":[{"embeddable":true,"href":"https:\/\/www.em.com.br\/emfoco\/wp-json\/wp\/v2\/media\/198944"}],"wp:attachment":[{"href":"https:\/\/www.em.com.br\/emfoco\/wp-json\/wp\/v2\/media?parent=198710"}],"wp:term":[{"taxonomy":"category","embeddable":true,"href":"https:\/\/www.em.com.br\/emfoco\/wp-json\/wp\/v2\/categories?post=198710"},{"taxonomy":"post_tag","embeddable":true,"href":"https:\/\/www.em.com.br\/emfoco\/wp-json\/wp\/v2\/tags?post=198710"}],"curies":[{"name":"wp","href":"https:\/\/api.w.org\/{rel}","templated":true}]}}