{"id":198636,"date":"2026-04-25T17:55:00","date_gmt":"2026-04-25T20:55:00","guid":{"rendered":"https:\/\/www.em.com.br\/emfoco\/?p=198636"},"modified":"2026-04-24T22:02:34","modified_gmt":"2026-04-25T01:02:34","slug":"nem-reforma-nem-branco-tradicional-a-tonalidade-que-substitui-o-cinza-na-decoracao","status":"publish","type":"post","link":"https:\/\/www.em.com.br\/emfoco\/2026\/04\/25\/nem-reforma-nem-branco-tradicional-a-tonalidade-que-substitui-o-cinza-na-decoracao\/","title":{"rendered":"Esque\u00e7a o cinza e o branco: a cor que vai dominar o design de interiores neste inverno"},"content":{"rendered":"\n<p>Voc\u00ea olha para as paredes frias da sala e sente que as <strong>tend\u00eancias em decora\u00e7\u00e3o de interiores<\/strong> pedem um toque de aconchego para enfrentar os dias gelados. Ser\u00e1 que existe uma tonalidade capaz de aquecer o ambiente sem exigir que voc\u00ea fa\u00e7a uma reforma completa nos m\u00f3veis principais?<\/p>\n\n\n\n<h2 class=\"wp-block-heading\">Por que as tend\u00eancias em decora\u00e7\u00e3o de interiores abandonaram o cinza<\/h2>\n\n\n\n<p>A era das salas totalmente cinzas e impessoais chegou ao fim para dar lugar ao acolhimento dom\u00e9stico que todas n\u00f3s desejamos. O excesso de tons frios pode deixar o lar com uma apar\u00eancia hospitalar e pouco convidativa para momentos de relaxamento. Muitas mulheres buscam agora <strong>tend\u00eancias em decora\u00e7\u00e3o de interiores<\/strong> que privilegiem o conforto visual absoluto e a sensa\u00e7\u00e3o de abra\u00e7o.<\/p>\n\n\n\n<p>A ilumina\u00e7\u00e3o natural ganha um novo f\u00f4lego quando encontra superf\u00edcies que refletem calor em vez de sobriedade extrema nas paredes. Mudar o foco para cores mais humanas ajuda a <strong>reduzir o estresse<\/strong> acumulado ap\u00f3s um longo dia de trabalho exaustivo. Essa transi\u00e7\u00e3o marca um retorno necess\u00e1rio \u00e0s ra\u00edzes e \u00e0 <strong>simplicidade elegante<\/strong> dentro do seu ref\u00fagio particular mais sagrado.<\/p>\n\n\n<div class=\"wp-block-image\">\n<figure class=\"aligncenter size-large\"><img loading=\"lazy\" decoding=\"async\" width=\"1024\" height=\"576\" src=\"https:\/\/www.em.com.br\/emfoco\/wp-content\/uploads\/2026\/04\/bege-quente-1024x576.jpg\" alt=\"tend\u00eancias em decora\u00e7\u00e3o de interiores\" class=\"wp-image-198640\" srcset=\"https:\/\/www.em.com.br\/emfoco\/wp-content\/uploads\/2026\/04\/bege-quente-1024x576.jpg 1024w, https:\/\/www.em.com.br\/emfoco\/wp-content\/uploads\/2026\/04\/bege-quente-300x169.jpg 300w, https:\/\/www.em.com.br\/emfoco\/wp-content\/uploads\/2026\/04\/bege-quente-768x432.jpg 768w, https:\/\/www.em.com.br\/emfoco\/wp-content\/uploads\/2026\/04\/bege-quente-750x422.jpg 750w, https:\/\/www.em.com.br\/emfoco\/wp-content\/uploads\/2026\/04\/bege-quente-1140x641.jpg 1140w, https:\/\/www.em.com.br\/emfoco\/wp-content\/uploads\/2026\/04\/bege-quente.jpg 1280w\" sizes=\"auto, (max-width: 1024px) 100vw, 1024px\" \/><figcaption class=\"wp-element-caption\">A era das salas totalmente cinzas e impessoais chegou ao fim para dar lugar ao acolhimento dom\u00e9stico que todas n\u00f3s desejamos<\/figcaption><\/figure><\/div>\n\n\n<p>Leia tamb\u00e9m: <a href=\"https:\/\/www.em.com.br\/emfoco\/2026\/02\/26\/adeus-branco-frio-a-cor-que-surge-como-aposta-em-2026-para-casas-mais-acolhedoras\/\" target=\"_blank\" rel=\"noreferrer noopener\">Adeus branco frio: a cor que surge como aposta em 2026 para casas mais acolhedoras<\/a><\/p>\n\n\n\n<h2 class=\"wp-block-heading\">O bege quente \u00e9 o protagonista da nova esta\u00e7\u00e3o<\/h2>\n\n\n\n<p>O bege surge como a alternativa perfeita para quem deseja fugir do branco tradicional sem escurecer os c\u00f4modos pequenos da casa. Essa cor transmite uma <strong>sensa\u00e7\u00e3o de bem-estar<\/strong> imediato e combina perfeitamente com texturas de madeira clara e fibras naturais. As novas <strong>tend\u00eancias em decora\u00e7\u00e3o de interiores<\/strong> apostam nessa paleta para criar espa\u00e7os que convidam ao descanso e \u00e0 contempla\u00e7\u00e3o silenciosa.<\/p>\n\n\n\n<p>Integrar elementos org\u00e2nicos como palha, linho e cer\u00e2mica potencializa o efeito relaxante que o tom creme proporciona ao espa\u00e7o de conviv\u00eancia. Voc\u00ea consegue renovar a sala apenas trocando as capas das almofadas ou investindo em mantas encorpadas para o sof\u00e1. Listamos abaixo como aplicar esses elementos para <strong>aquecer o ambiente<\/strong> de forma pr\u00e1tica e muito sofisticada durante os meses frios:<\/p>\n\n\n\n<ul class=\"wp-block-list\">\n<li>Mantas de tric\u00f4 em tons de areia para <strong>trazer textura<\/strong> ao estofado principal da sua sala.<\/li>\n\n\n\n<li>Vasos de cer\u00e2mica artesanal para <strong>adicionar personalidade<\/strong> nas prateleiras laterais de leitura e lazer.<\/li>\n\n\n\n<li>Cortinas de tecido leve que permitem a <strong>entrada de luz<\/strong> suave durante o per\u00edodo da tarde.<\/li>\n<\/ul>\n\n\n\n<figure class=\"wp-block-embed is-type-rich is-provider-pinterest wp-block-embed-pinterest\"><div class=\"wp-block-embed__wrapper\">\n<iframe loading=\"lazy\" title=\" \" src=\"https:\/\/assets.pinterest.com\/ext\/embed.html?id=351773420915450683&#038;src=oembed\" height=\"907\" width=\"450\" frameborder=\"0\" scrolling=\"no\" ><\/iframe>\n<\/div><\/figure>\n\n\n\n<h2 class=\"wp-block-heading\">Como aplicar tend\u00eancias em decora\u00e7\u00e3o de interiores no seu quarto<\/h2>\n\n\n\n<p>O quarto exige uma atmosfera de relaxamento profundo para garantir um sono reparador todas as noites da sua semana. Utilizar o bege nas paredes ajuda a <strong>diminuir a agita\u00e7\u00e3o<\/strong> mental antes de voc\u00ea finalmente apagar as luzes para descansar. As atuais <strong>tend\u00eancias em decora\u00e7\u00e3o de interiores<\/strong> priorizam a sa\u00fade do descanso atrav\u00e9s da escolha de cores que acalmam o sistema nervoso.<\/p>\n\n\n\n<p>Tapetes de fibra natural trazem um <strong>toque de luxo<\/strong> discreto que agrada muito aos p\u00e9s logo ao acordar pela manh\u00e3. Misturar diferentes intensidades de marrom cria uma <strong>profundidade visual<\/strong> interessante sem sobrecarregar a vista com contrastes pesados ou vibrantes. Essa harmonia crom\u00e1tica favorece a <strong>sensa\u00e7\u00e3o de paz<\/strong> necess\u00e1ria em seu santu\u00e1rio pessoal para renovar todas as suas energias vitais.<\/p>\n\n\n\n<p>Para voc\u00ea que gosta de decora\u00e7\u00e3o, separamos um v\u00eddeo do canal <a href=\"https:\/\/www.youtube.com\/@Simplichique\" target=\"_blank\" rel=\"noreferrer noopener\">Simplichique<\/a> com dicas para pintar sua casa:<\/p>\n\n\n\n<figure class=\"wp-block-embed is-type-video is-provider-youtube wp-block-embed-youtube wp-embed-aspect-16-9 wp-has-aspect-ratio\"><div class=\"wp-block-embed__wrapper\">\n<div class=\"jeg_video_container jeg_video_content\"><iframe loading=\"lazy\" title=\"N\u00e3o pinte a parede com as Cores de 2026 SEM VER ISSO | SIMPLICHIQUE\" width=\"500\" height=\"281\" src=\"https:\/\/www.youtube.com\/embed\/9r9G6NF1rhQ?feature=oembed\" frameborder=\"0\" allow=\"accelerometer; autoplay; clipboard-write; encrypted-media; gyroscope; picture-in-picture; web-share\" referrerpolicy=\"strict-origin-when-cross-origin\" allowfullscreen><\/iframe><\/div>\n<\/div><\/figure>\n\n\n\n<h2 class=\"wp-block-heading\">Dicas para harmonizar m\u00f3veis antigos com a nova paleta de inverno<\/h2>\n\n\n\n<p>Aproveitar o mobili\u00e1rio de fam\u00edlia garante um <strong>charme vintage<\/strong> irresist\u00edvel quando aliado \u00e0s cores que est\u00e3o em alta no momento. Pe\u00e7as de madeira escura ganham vida nova ao serem posicionadas contra um fundo de pintura areia ou baunilha suave. O contraste inteligente valoriza a <strong>hist\u00f3ria do lar<\/strong> com muita eleg\u00e2ncia e respeita a mem\u00f3ria afetiva de cada objeto escolhido.<\/p>\n\n\n\n<p>Pintar apenas uma parede de destaque pode ser o primeiro passo para <strong>testar a adapta\u00e7\u00e3o<\/strong> da sua fam\u00edlia ao novo estilo. Pequenos detalhes em dourado ou bronze complementam o visual com um <strong>brilho sofisticado<\/strong> e muito discreto para os visitantes. O equil\u00edbrio entre o antigo e o novo define a <strong>est\u00e9tica moderna<\/strong> desta temporada que valoriza o conforto acima da moda passageira.<\/p>\n\n\n\n<h2 class=\"wp-block-heading\">Transforme sua casa em um ref\u00fagio acolhedor<\/h2>\n\n\n\n<p>Valorize seu tempo em um espa\u00e7o que reflita <strong>cuidado e harmonia<\/strong> em cada detalhe decorativo escolhido por voc\u00ea. Pequenas mudan\u00e7as crom\u00e1ticas promovem uma <strong>renova\u00e7\u00e3o energ\u00e9tica<\/strong> poderosa em todo o ambiente dom\u00e9stico de forma bastante r\u00e1pida. Sua casa deve ser o lugar onde voc\u00ea sempre encontra <strong>conforto total<\/strong>.<\/p>\n\n\n\n<p>Aposte nos tons terrosos para criar uma <strong>atmosfera convidativa<\/strong> e cheia de vida para receber seus amigos queridos. Deixe a frieza do cinza no passado e abrace o calor das <strong>cores naturais<\/strong> em todos os c\u00f4modos. Desfrute da beleza de um <strong>lar renovado<\/strong> e pronto para enfrentar o inverno com muita sofistica\u00e7\u00e3o.<\/p>\n","protected":false},"excerpt":{"rendered":"<p>Voc\u00ea olha para as paredes frias da sala e sente que as tend\u00eancias em decora\u00e7\u00e3o de interiores pedem um toque de aconchego para enfrentar os dias gelados. Ser\u00e1 que existe uma tonalidade capaz de aquecer o ambiente sem exigir que voc\u00ea fa\u00e7a uma reforma completa nos m\u00f3veis principais? Por que as tend\u00eancias em decora\u00e7\u00e3o de [&hellip;]<\/p>\n","protected":false},"author":9,"featured_media":198919,"comment_status":"open","ping_status":"open","sticky":false,"template":"","format":"standard","meta":{"jnews-multi-image_gallery":[],"jnews_single_post":{"format":"standard"},"jnews_primary_category":[],"jnews_social_meta":[],"jnews_override_counter":[],"footnotes":""},"categories":[8691,29],"tags":[19779,28684,27410],"class_list":["post-198636","post","type-post","status-publish","format-standard","has-post-thumbnail","hentry","category-bem-estar","category-entretenimento","tag-cores-para-casa","tag-decoracao-de-inverno","tag-design-de-interiores-2026"],"yoast_head":"<!-- This site is optimized with the Yoast SEO plugin v23.8 - https:\/\/yoast.com\/wordpress\/plugins\/seo\/ -->\n<title>Esque\u00e7a o cinza e o branco: a cor que vai dominar o design de interiores neste inverno - Estado de Minas - Em foco<\/title>\n<meta name=\"description\" content=\"As tend\u00eancias em decora\u00e7\u00e3o de interiores para o inverno abandonam o cinza frio. Aposte no bege quente para criar um lar muito acolhedor\" \/>\n<meta name=\"robots\" content=\"index, follow, max-snippet:-1, max-image-preview:large, max-video-preview:-1\" \/>\n<link rel=\"canonical\" href=\"https:\/\/www.em.com.br\/emfoco\/2026\/04\/25\/nem-reforma-nem-branco-tradicional-a-tonalidade-que-substitui-o-cinza-na-decoracao\/\" \/>\n<meta property=\"og:locale\" content=\"pt_BR\" \/>\n<meta property=\"og:type\" content=\"article\" \/>\n<meta property=\"og:title\" content=\"Esque\u00e7a o cinza e o branco: a cor que vai dominar o design de interiores neste inverno - Estado de Minas - Em foco\" \/>\n<meta property=\"og:description\" content=\"As tend\u00eancias em decora\u00e7\u00e3o de interiores para o inverno abandonam o cinza frio. Aposte no bege quente para criar um lar muito acolhedor\" \/>\n<meta property=\"og:url\" content=\"https:\/\/www.em.com.br\/emfoco\/2026\/04\/25\/nem-reforma-nem-branco-tradicional-a-tonalidade-que-substitui-o-cinza-na-decoracao\/\" \/>\n<meta property=\"og:site_name\" content=\"Estado de Minas - Em foco\" \/>\n<meta property=\"article:published_time\" content=\"2026-04-25T20:55:00+00:00\" \/>\n<meta property=\"article:modified_time\" content=\"2026-04-25T01:02:34+00:00\" \/>\n<meta property=\"og:image\" content=\"https:\/\/www.em.com.br\/emfoco\/wp-content\/uploads\/2026\/04\/EmFoco_52-4.jpg\" \/>\n\t<meta property=\"og:image:width\" content=\"1280\" \/>\n\t<meta property=\"og:image:height\" content=\"720\" \/>\n\t<meta property=\"og:image:type\" content=\"image\/jpeg\" \/>\n<meta name=\"author\" content=\"Daniely Cardoso\" \/>\n<meta name=\"twitter:card\" content=\"summary_large_image\" \/>\n<meta name=\"twitter:label1\" content=\"Escrito por\" \/>\n\t<meta name=\"twitter:data1\" content=\"Daniely Cardoso\" \/>\n\t<meta name=\"twitter:label2\" content=\"Est. tempo de leitura\" \/>\n\t<meta name=\"twitter:data2\" content=\"5 minutos\" \/>\n<!-- \/ Yoast SEO plugin. -->","yoast_head_json":{"title":"Esque\u00e7a o cinza e o branco: a cor que vai dominar o design de interiores neste inverno - Estado de Minas - Em foco","description":"As tend\u00eancias em decora\u00e7\u00e3o de interiores para o inverno abandonam o cinza frio. Aposte no bege quente para criar um lar muito acolhedor","robots":{"index":"index","follow":"follow","max-snippet":"max-snippet:-1","max-image-preview":"max-image-preview:large","max-video-preview":"max-video-preview:-1"},"canonical":"https:\/\/www.em.com.br\/emfoco\/2026\/04\/25\/nem-reforma-nem-branco-tradicional-a-tonalidade-que-substitui-o-cinza-na-decoracao\/","og_locale":"pt_BR","og_type":"article","og_title":"Esque\u00e7a o cinza e o branco: a cor que vai dominar o design de interiores neste inverno - Estado de Minas - Em foco","og_description":"As tend\u00eancias em decora\u00e7\u00e3o de interiores para o inverno abandonam o cinza frio. Aposte no bege quente para criar um lar muito acolhedor","og_url":"https:\/\/www.em.com.br\/emfoco\/2026\/04\/25\/nem-reforma-nem-branco-tradicional-a-tonalidade-que-substitui-o-cinza-na-decoracao\/","og_site_name":"Estado de Minas - Em foco","article_published_time":"2026-04-25T20:55:00+00:00","article_modified_time":"2026-04-25T01:02:34+00:00","og_image":[{"width":1280,"height":720,"url":"https:\/\/www.em.com.br\/emfoco\/wp-content\/uploads\/2026\/04\/EmFoco_52-4.jpg","type":"image\/jpeg"}],"author":"Daniely Cardoso","twitter_card":"summary_large_image","twitter_misc":{"Escrito por":"Daniely Cardoso","Est. tempo de leitura":"5 minutos"},"schema":{"@context":"https:\/\/schema.org","@graph":[{"@type":"WebPage","@id":"https:\/\/www.em.com.br\/emfoco\/2026\/04\/25\/nem-reforma-nem-branco-tradicional-a-tonalidade-que-substitui-o-cinza-na-decoracao\/","url":"https:\/\/www.em.com.br\/emfoco\/2026\/04\/25\/nem-reforma-nem-branco-tradicional-a-tonalidade-que-substitui-o-cinza-na-decoracao\/","name":"Esque\u00e7a o cinza e o branco: a cor que vai dominar o design de interiores neste inverno - Estado de Minas - Em foco","isPartOf":{"@id":"https:\/\/www.em.com.br\/emfoco\/#website"},"primaryImageOfPage":{"@id":"https:\/\/www.em.com.br\/emfoco\/2026\/04\/25\/nem-reforma-nem-branco-tradicional-a-tonalidade-que-substitui-o-cinza-na-decoracao\/#primaryimage"},"image":{"@id":"https:\/\/www.em.com.br\/emfoco\/2026\/04\/25\/nem-reforma-nem-branco-tradicional-a-tonalidade-que-substitui-o-cinza-na-decoracao\/#primaryimage"},"thumbnailUrl":"https:\/\/www.em.com.br\/emfoco\/wp-content\/uploads\/2026\/04\/EmFoco_52-4.jpg","datePublished":"2026-04-25T20:55:00+00:00","dateModified":"2026-04-25T01:02:34+00:00","author":{"@id":"https:\/\/www.em.com.br\/emfoco\/#\/schema\/person\/0a8186d72f2c3a5c6276d90b41f271a0"},"description":"As tend\u00eancias em decora\u00e7\u00e3o de interiores para o inverno abandonam o cinza frio. Aposte no bege quente para criar um lar muito acolhedor","breadcrumb":{"@id":"https:\/\/www.em.com.br\/emfoco\/2026\/04\/25\/nem-reforma-nem-branco-tradicional-a-tonalidade-que-substitui-o-cinza-na-decoracao\/#breadcrumb"},"inLanguage":"pt-BR","potentialAction":[{"@type":"ReadAction","target":["https:\/\/www.em.com.br\/emfoco\/2026\/04\/25\/nem-reforma-nem-branco-tradicional-a-tonalidade-que-substitui-o-cinza-na-decoracao\/"]}]},{"@type":"ImageObject","inLanguage":"pt-BR","@id":"https:\/\/www.em.com.br\/emfoco\/2026\/04\/25\/nem-reforma-nem-branco-tradicional-a-tonalidade-que-substitui-o-cinza-na-decoracao\/#primaryimage","url":"https:\/\/www.em.com.br\/emfoco\/wp-content\/uploads\/2026\/04\/EmFoco_52-4.jpg","contentUrl":"https:\/\/www.em.com.br\/emfoco\/wp-content\/uploads\/2026\/04\/EmFoco_52-4.jpg","width":1280,"height":720,"caption":"Tend\u00eancias de decora\u00e7\u00e3o priorizam tons quentes para criar ref\u00fagios dom\u00e9sticos acolhedores"},{"@type":"BreadcrumbList","@id":"https:\/\/www.em.com.br\/emfoco\/2026\/04\/25\/nem-reforma-nem-branco-tradicional-a-tonalidade-que-substitui-o-cinza-na-decoracao\/#breadcrumb","itemListElement":[{"@type":"ListItem","position":1,"name":"In\u00edcio","item":"https:\/\/www.em.com.br\/emfoco\/"},{"@type":"ListItem","position":2,"name":"Esque\u00e7a o cinza e o branco: a cor que vai dominar o design de interiores neste inverno"}]},{"@type":"WebSite","@id":"https:\/\/www.em.com.br\/emfoco\/#website","url":"https:\/\/www.em.com.br\/emfoco\/","name":"Estado de Minas - Em foco","description":"Acompanhe as \u00faltimas not\u00edcias e fique bem informado sobre tudo o que acontece em Minas Gerais, Brasil e no mundo.","potentialAction":[{"@type":"SearchAction","target":{"@type":"EntryPoint","urlTemplate":"https:\/\/www.em.com.br\/emfoco\/?s={search_term_string}"},"query-input":{"@type":"PropertyValueSpecification","valueRequired":true,"valueName":"search_term_string"}}],"inLanguage":"pt-BR"},{"@type":"Person","@id":"https:\/\/www.em.com.br\/emfoco\/#\/schema\/person\/0a8186d72f2c3a5c6276d90b41f271a0","name":"Daniely Cardoso","image":{"@type":"ImageObject","inLanguage":"pt-BR","@id":"https:\/\/www.em.com.br\/emfoco\/#\/schema\/person\/image\/","url":"https:\/\/secure.gravatar.com\/avatar\/4b80ddbd124d1f071b626d52d62e5dff?s=96&d=mm&r=g","contentUrl":"https:\/\/secure.gravatar.com\/avatar\/4b80ddbd124d1f071b626d52d62e5dff?s=96&d=mm&r=g","caption":"Daniely Cardoso"},"url":"https:\/\/www.em.com.br\/emfoco\/author\/danielymyth\/"}]}},"_links":{"self":[{"href":"https:\/\/www.em.com.br\/emfoco\/wp-json\/wp\/v2\/posts\/198636","targetHints":{"allow":["GET"]}}],"collection":[{"href":"https:\/\/www.em.com.br\/emfoco\/wp-json\/wp\/v2\/posts"}],"about":[{"href":"https:\/\/www.em.com.br\/emfoco\/wp-json\/wp\/v2\/types\/post"}],"author":[{"embeddable":true,"href":"https:\/\/www.em.com.br\/emfoco\/wp-json\/wp\/v2\/users\/9"}],"replies":[{"embeddable":true,"href":"https:\/\/www.em.com.br\/emfoco\/wp-json\/wp\/v2\/comments?post=198636"}],"version-history":[{"count":3,"href":"https:\/\/www.em.com.br\/emfoco\/wp-json\/wp\/v2\/posts\/198636\/revisions"}],"predecessor-version":[{"id":198792,"href":"https:\/\/www.em.com.br\/emfoco\/wp-json\/wp\/v2\/posts\/198636\/revisions\/198792"}],"wp:featuredmedia":[{"embeddable":true,"href":"https:\/\/www.em.com.br\/emfoco\/wp-json\/wp\/v2\/media\/198919"}],"wp:attachment":[{"href":"https:\/\/www.em.com.br\/emfoco\/wp-json\/wp\/v2\/media?parent=198636"}],"wp:term":[{"taxonomy":"category","embeddable":true,"href":"https:\/\/www.em.com.br\/emfoco\/wp-json\/wp\/v2\/categories?post=198636"},{"taxonomy":"post_tag","embeddable":true,"href":"https:\/\/www.em.com.br\/emfoco\/wp-json\/wp\/v2\/tags?post=198636"}],"curies":[{"name":"wp","href":"https:\/\/api.w.org\/{rel}","templated":true}]}}