{"id":198527,"date":"2026-04-25T19:35:00","date_gmt":"2026-04-25T22:35:00","guid":{"rendered":"https:\/\/www.em.com.br\/emfoco\/?p=198527"},"modified":"2026-04-24T15:37:14","modified_gmt":"2026-04-24T18:37:14","slug":"empresa-e-condenada-na-justica-a-pagar-r-25-mil-apos-caso-de-gerente-chamar-funcionaria-de-velha-e-bruxa","status":"publish","type":"post","link":"https:\/\/www.em.com.br\/emfoco\/2026\/04\/25\/empresa-e-condenada-na-justica-a-pagar-r-25-mil-apos-caso-de-gerente-chamar-funcionaria-de-velha-e-bruxa\/","title":{"rendered":"Empresa \u00e9 condenada na Justi\u00e7a a pagar R$ 25 mil ap\u00f3s caso de gerente chamar funcion\u00e1ria de &#8220;velha&#8221; e &#8220;bruxa&#8221;"},"content":{"rendered":"\n<p>Entenda por que esta empresa foi condenada a pagar <strong>R$ 25 mil<\/strong> ap\u00f3s gerente chamar funcion\u00e1ria de &#8220;velha&#8221; e &#8220;bruxa&#8221;. Veja o caso de ass\u00e9dio moral.<\/p>\n\n\n\n<h2 class=\"wp-block-heading\">O que configurou o ass\u00e9dio moral e o etarismo neste caso?<\/h2>\n\n\n\n<p>O etarismo \u00e9 o preconceito contra pessoas com base na idade, e neste processo, ficou provado que a gerente da unidade de Franco da Rocha (SP) utilizava termos pejorativos como &#8220;velha&#8221; e &#8220;bruxa&#8221; para se referir \u00e0 funcion\u00e1ria. Segundo o <strong>TRT-2<\/strong>, as ofensas ocorriam de forma reiterada e p\u00fablica, inclusive na presen\u00e7a de clientes, o que amplificou o dano \u00e0 honra da trabalhadora.<\/p>\n\n\n\n<p>A decis\u00e3o, proferida em <strong>outubro de 2025<\/strong>, destacou que a empresa foi omissa ao n\u00e3o coibir as pr\u00e1ticas discriminat\u00f3rias. Para a Justi\u00e7a, pr\u00e1ticas que refor\u00e7am estigmas ligados ao envelhecimento s\u00e3o graves, especialmente em um pa\u00eds onde a popula\u00e7\u00e3o economicamente ativa est\u00e1 envelhecendo e permanecendo mais tempo no mercado de trabalho em cada <strong>cidade<\/strong> brasileira.<\/p>\n\n\n<div class=\"wp-block-image\">\n<figure class=\"aligncenter size-large\"><img loading=\"lazy\" decoding=\"async\" width=\"1024\" height=\"576\" src=\"https:\/\/www.em.com.br\/emfoco\/wp-content\/uploads\/2026\/04\/martelo-justica-1-1024x576.jpg\" alt=\"Condena\u00e7\u00e3o de R$ 25 mil ap\u00f3s gerente ofender funcion\u00e1ria com apelidos maldosos\" class=\"wp-image-198648\" srcset=\"https:\/\/www.em.com.br\/emfoco\/wp-content\/uploads\/2026\/04\/martelo-justica-1-1024x576.jpg 1024w, https:\/\/www.em.com.br\/emfoco\/wp-content\/uploads\/2026\/04\/martelo-justica-1-300x169.jpg 300w, https:\/\/www.em.com.br\/emfoco\/wp-content\/uploads\/2026\/04\/martelo-justica-1-768x432.jpg 768w, https:\/\/www.em.com.br\/emfoco\/wp-content\/uploads\/2026\/04\/martelo-justica-1-750x422.jpg 750w, https:\/\/www.em.com.br\/emfoco\/wp-content\/uploads\/2026\/04\/martelo-justica-1-1140x641.jpg 1140w, https:\/\/www.em.com.br\/emfoco\/wp-content\/uploads\/2026\/04\/martelo-justica-1.jpg 1280w\" sizes=\"auto, (max-width: 1024px) 100vw, 1024px\" \/><figcaption class=\"wp-element-caption\">Condena\u00e7\u00e3o de R$ 25 mil ap\u00f3s gerente ofender funcion\u00e1ria com apelidos maldosos<\/figcaption><\/figure><\/div>\n\n\n<h2 class=\"wp-block-heading\">Quais leis fundamentaram a condena\u00e7\u00e3o da empresa?<\/h2>\n\n\n\n<p>A <strong>fundamenta\u00e7\u00e3o jur\u00eddica<\/strong> para que a empresa fosse condenada baseia-se em pilares da <strong>Constitui\u00e7\u00e3o Federal<\/strong> e em legisla\u00e7\u00f5es espec\u00edficas de prote\u00e7\u00e3o ao idoso. O tribunal entendeu que o ambiente de trabalho hostil violou o direito fundamental \u00e0 sa\u00fade mental e \u00e0 conviv\u00eancia digna no exerc\u00edcio da profiss\u00e3o.<\/p>\n\n\n\n<p>Confira as principais normas utilizadas no julgamento:<\/p>\n\n\n\n<ul class=\"wp-block-list\">\n<li><strong>Constitui\u00e7\u00e3o Federal (Art. 7\u00ba, XXX)<\/strong>: Proibi\u00e7\u00e3o de crit\u00e9rios de admiss\u00e3o ou tratamento diferenciado por idade.<\/li>\n\n\n\n<li><strong>Estatuto do Idoso (Lei n\u00ba 10.741\/2003)<\/strong>: Veda condutas que importem em desvaloriza\u00e7\u00e3o ou discrimina\u00e7\u00e3o da pessoa idosa.<\/li>\n\n\n\n<li><strong>Resolu\u00e7\u00e3o CNJ n\u00ba 520\/2023<\/strong>: Orienta o Judici\u00e1rio a conferir prote\u00e7\u00e3o refor\u00e7ada aos direitos da pessoa idosa.<\/li>\n<\/ul>\n\n\n\n<h2 class=\"wp-block-heading\">O etarismo tem sido punido com frequ\u00eancia pela Justi\u00e7a do Trabalho?<\/h2>\n\n\n\n<p>Sim. O caso da <a href=\"https:\/\/www.em.com.br\/emfoco\/2026\/03\/10\/apos-mais-de-500-dias-afastada-auxiliar-de-limpeza-perde-emprego-e-busca-indenizacao-na-justica\/\" target=\"_blank\" rel=\"noreferrer noopener\">auxiliar de limpeza<\/a> n\u00e3o \u00e9 isolado. Em <strong>2025<\/strong>, diversos tribunais regionais e o pr\u00f3prio <strong>TST<\/strong> confirmaram condena\u00e7\u00f5es similares. A tend\u00eancia do Judici\u00e1rio \u00e9 aumentar o valor das indeniza\u00e7\u00f5es para que tenham um car\u00e1ter pedag\u00f3gico, for\u00e7ando as empresas a investirem em treinamentos de RH e canais de den\u00fancia eficazes.<\/p>\n\n\n\n<p>Abaixo, comparamos decis\u00f5es recentes sobre ass\u00e9dio e discrimina\u00e7\u00e3o et\u00e1ria:<\/p>\n\n\n<div class=\"wp-block-image\">\n<figure class=\"aligncenter size-large is-resized\"><img loading=\"lazy\" decoding=\"async\" width=\"1024\" height=\"581\" src=\"https:\/\/www.em.com.br\/emfoco\/wp-content\/uploads\/2026\/04\/image-163-1024x581.png\" alt=\"\" class=\"wp-image-198642\" style=\"width:774px;height:auto\" srcset=\"https:\/\/www.em.com.br\/emfoco\/wp-content\/uploads\/2026\/04\/image-163-1024x581.png 1024w, https:\/\/www.em.com.br\/emfoco\/wp-content\/uploads\/2026\/04\/image-163-300x170.png 300w, https:\/\/www.em.com.br\/emfoco\/wp-content\/uploads\/2026\/04\/image-163-768x436.png 768w, https:\/\/www.em.com.br\/emfoco\/wp-content\/uploads\/2026\/04\/image-163-750x425.png 750w, https:\/\/www.em.com.br\/emfoco\/wp-content\/uploads\/2026\/04\/image-163-1140x647.png 1140w, https:\/\/www.em.com.br\/emfoco\/wp-content\/uploads\/2026\/04\/image-163.png 1280w\" sizes=\"auto, (max-width: 1024px) 100vw, 1024px\" \/><\/figure><\/div>\n\n\n<h2 class=\"wp-block-heading\">Como o trabalhador idoso pode se proteger de ofensas?<\/h2>\n\n\n\n<p>Para que a empresa seja <strong>condenada<\/strong>, \u00e9 essencial que a v\u00edtima consiga reunir evid\u00eancias do comportamento abusivo. A Justi\u00e7a do Trabalho tem aceitado depoimentos de testemunhas que presenciaram os fatos, al\u00e9m de provas digitais como mensagens de texto e registros de reclama\u00e7\u00f5es internas que foram ignoradas pela diretoria.<\/p>\n\n\n\n<p>De acordo com o portal oficial do <a href=\"https:\/\/ww2.trt2.jus.br\/\" target=\"_blank\" rel=\"noreferrer noopener\">Tribunal Regional do Trabalho da 2\u00aa Regi\u00e3o<\/a>, o prazo para entrar com uma a\u00e7\u00e3o trabalhista por danos morais \u00e9 de <strong>dois anos<\/strong> ap\u00f3s o t\u00e9rmino do contrato de trabalho. Manter a cabe\u00e7a erguida e buscar seus direitos \u00e9 a melhor forma de combater o preconceito e garantir que o respeito prevale\u00e7a sobre a idade em qualquer profiss\u00e3o.<\/p>\n","protected":false},"excerpt":{"rendered":"<p>Entenda por que esta empresa foi condenada a pagar R$ 25 mil ap\u00f3s gerente chamar funcion\u00e1ria de &#8220;velha&#8221; e &#8220;bruxa&#8221;. Veja o caso de ass\u00e9dio moral. O que configurou o ass\u00e9dio moral e o etarismo neste caso? O etarismo \u00e9 o preconceito contra pessoas com base na idade, e neste processo, ficou provado que a [&hellip;]<\/p>\n","protected":false},"author":30,"featured_media":198728,"comment_status":"open","ping_status":"open","sticky":false,"template":"","format":"standard","meta":{"jnews-multi-image_gallery":[],"jnews_single_post":{"format":"standard"},"jnews_primary_category":[],"jnews_social_meta":[],"jnews_override_counter":[],"footnotes":""},"categories":[28],"tags":[10218,2080,28677,1332],"class_list":["post-198527","post","type-post","status-publish","format-standard","has-post-thumbnail","hentry","category-economia","tag-assedio-moral","tag-direito-do-trabalho","tag-etarismo","tag-indenizacao"],"yoast_head":"<!-- This site is optimized with the Yoast SEO plugin v23.8 - https:\/\/yoast.com\/wordpress\/plugins\/seo\/ -->\n<title>Empresa \u00e9 condenada na Justi\u00e7a a pagar R$ 25 mil ap\u00f3s caso de gerente chamar funcion\u00e1ria de &quot;velha&quot; e &quot;bruxa&quot; - Estado de Minas - Em foco<\/title>\n<meta name=\"description\" content=\"Entenda por que esta empresa foi condenada a pagar R$ 25 mil ap\u00f3s chamar funcion\u00e1ria de &quot;velha&quot; e &quot;bruxa&quot;. Veja o caso de ass\u00e9dio moral.\" \/>\n<meta name=\"robots\" content=\"index, follow, max-snippet:-1, max-image-preview:large, max-video-preview:-1\" \/>\n<link rel=\"canonical\" href=\"https:\/\/www.em.com.br\/emfoco\/2026\/04\/25\/empresa-e-condenada-na-justica-a-pagar-r-25-mil-apos-caso-de-gerente-chamar-funcionaria-de-velha-e-bruxa\/\" \/>\n<meta property=\"og:locale\" content=\"pt_BR\" \/>\n<meta property=\"og:type\" content=\"article\" \/>\n<meta property=\"og:title\" content=\"Empresa \u00e9 condenada na Justi\u00e7a a pagar R$ 25 mil ap\u00f3s caso de gerente chamar funcion\u00e1ria de &quot;velha&quot; e &quot;bruxa&quot; - Estado de Minas - Em foco\" \/>\n<meta property=\"og:description\" content=\"Entenda por que esta empresa foi condenada a pagar R$ 25 mil ap\u00f3s chamar funcion\u00e1ria de &quot;velha&quot; e &quot;bruxa&quot;. Veja o caso de ass\u00e9dio moral.\" \/>\n<meta property=\"og:url\" content=\"https:\/\/www.em.com.br\/emfoco\/2026\/04\/25\/empresa-e-condenada-na-justica-a-pagar-r-25-mil-apos-caso-de-gerente-chamar-funcionaria-de-velha-e-bruxa\/\" \/>\n<meta property=\"og:site_name\" content=\"Estado de Minas - Em foco\" \/>\n<meta property=\"article:published_time\" content=\"2026-04-25T22:35:00+00:00\" \/>\n<meta property=\"article:modified_time\" content=\"2026-04-24T18:37:14+00:00\" \/>\n<meta property=\"og:image\" content=\"https:\/\/www.em.com.br\/emfoco\/wp-content\/uploads\/2026\/04\/EmFoco_37-5.jpg\" \/>\n\t<meta property=\"og:image:width\" content=\"1280\" \/>\n\t<meta property=\"og:image:height\" content=\"720\" \/>\n\t<meta property=\"og:image:type\" content=\"image\/jpeg\" \/>\n<meta name=\"author\" content=\"Guilherme Ara\u00fajo\" \/>\n<meta name=\"twitter:card\" content=\"summary_large_image\" \/>\n<meta name=\"twitter:label1\" content=\"Escrito por\" \/>\n\t<meta name=\"twitter:data1\" content=\"Guilherme Ara\u00fajo\" \/>\n\t<meta name=\"twitter:label2\" content=\"Est. tempo de leitura\" \/>\n\t<meta name=\"twitter:data2\" content=\"4 minutos\" \/>\n<!-- \/ Yoast SEO plugin. -->","yoast_head_json":{"title":"Empresa \u00e9 condenada na Justi\u00e7a a pagar R$ 25 mil ap\u00f3s caso de gerente chamar funcion\u00e1ria de \"velha\" e \"bruxa\" - Estado de Minas - Em foco","description":"Entenda por que esta empresa foi condenada a pagar R$ 25 mil ap\u00f3s chamar funcion\u00e1ria de \"velha\" e \"bruxa\". Veja o caso de ass\u00e9dio moral.","robots":{"index":"index","follow":"follow","max-snippet":"max-snippet:-1","max-image-preview":"max-image-preview:large","max-video-preview":"max-video-preview:-1"},"canonical":"https:\/\/www.em.com.br\/emfoco\/2026\/04\/25\/empresa-e-condenada-na-justica-a-pagar-r-25-mil-apos-caso-de-gerente-chamar-funcionaria-de-velha-e-bruxa\/","og_locale":"pt_BR","og_type":"article","og_title":"Empresa \u00e9 condenada na Justi\u00e7a a pagar R$ 25 mil ap\u00f3s caso de gerente chamar funcion\u00e1ria de \"velha\" e \"bruxa\" - Estado de Minas - Em foco","og_description":"Entenda por que esta empresa foi condenada a pagar R$ 25 mil ap\u00f3s chamar funcion\u00e1ria de \"velha\" e \"bruxa\". Veja o caso de ass\u00e9dio moral.","og_url":"https:\/\/www.em.com.br\/emfoco\/2026\/04\/25\/empresa-e-condenada-na-justica-a-pagar-r-25-mil-apos-caso-de-gerente-chamar-funcionaria-de-velha-e-bruxa\/","og_site_name":"Estado de Minas - Em foco","article_published_time":"2026-04-25T22:35:00+00:00","article_modified_time":"2026-04-24T18:37:14+00:00","og_image":[{"width":1280,"height":720,"url":"https:\/\/www.em.com.br\/emfoco\/wp-content\/uploads\/2026\/04\/EmFoco_37-5.jpg","type":"image\/jpeg"}],"author":"Guilherme Ara\u00fajo","twitter_card":"summary_large_image","twitter_misc":{"Escrito por":"Guilherme Ara\u00fajo","Est. tempo de leitura":"4 minutos"},"schema":{"@context":"https:\/\/schema.org","@graph":[{"@type":"WebPage","@id":"https:\/\/www.em.com.br\/emfoco\/2026\/04\/25\/empresa-e-condenada-na-justica-a-pagar-r-25-mil-apos-caso-de-gerente-chamar-funcionaria-de-velha-e-bruxa\/","url":"https:\/\/www.em.com.br\/emfoco\/2026\/04\/25\/empresa-e-condenada-na-justica-a-pagar-r-25-mil-apos-caso-de-gerente-chamar-funcionaria-de-velha-e-bruxa\/","name":"Empresa \u00e9 condenada na Justi\u00e7a a pagar R$ 25 mil ap\u00f3s caso de gerente chamar funcion\u00e1ria de \"velha\" e \"bruxa\" - Estado de Minas - Em foco","isPartOf":{"@id":"https:\/\/www.em.com.br\/emfoco\/#website"},"primaryImageOfPage":{"@id":"https:\/\/www.em.com.br\/emfoco\/2026\/04\/25\/empresa-e-condenada-na-justica-a-pagar-r-25-mil-apos-caso-de-gerente-chamar-funcionaria-de-velha-e-bruxa\/#primaryimage"},"image":{"@id":"https:\/\/www.em.com.br\/emfoco\/2026\/04\/25\/empresa-e-condenada-na-justica-a-pagar-r-25-mil-apos-caso-de-gerente-chamar-funcionaria-de-velha-e-bruxa\/#primaryimage"},"thumbnailUrl":"https:\/\/www.em.com.br\/emfoco\/wp-content\/uploads\/2026\/04\/EmFoco_37-5.jpg","datePublished":"2026-04-25T22:35:00+00:00","dateModified":"2026-04-24T18:37:14+00:00","author":{"@id":"https:\/\/www.em.com.br\/emfoco\/#\/schema\/person\/5379e929a4b966c775d121e23f9bb421"},"description":"Entenda por que esta empresa foi condenada a pagar R$ 25 mil ap\u00f3s chamar funcion\u00e1ria de \"velha\" e \"bruxa\". Veja o caso de ass\u00e9dio moral.","breadcrumb":{"@id":"https:\/\/www.em.com.br\/emfoco\/2026\/04\/25\/empresa-e-condenada-na-justica-a-pagar-r-25-mil-apos-caso-de-gerente-chamar-funcionaria-de-velha-e-bruxa\/#breadcrumb"},"inLanguage":"pt-BR","potentialAction":[{"@type":"ReadAction","target":["https:\/\/www.em.com.br\/emfoco\/2026\/04\/25\/empresa-e-condenada-na-justica-a-pagar-r-25-mil-apos-caso-de-gerente-chamar-funcionaria-de-velha-e-bruxa\/"]}]},{"@type":"ImageObject","inLanguage":"pt-BR","@id":"https:\/\/www.em.com.br\/emfoco\/2026\/04\/25\/empresa-e-condenada-na-justica-a-pagar-r-25-mil-apos-caso-de-gerente-chamar-funcionaria-de-velha-e-bruxa\/#primaryimage","url":"https:\/\/www.em.com.br\/emfoco\/wp-content\/uploads\/2026\/04\/EmFoco_37-5.jpg","contentUrl":"https:\/\/www.em.com.br\/emfoco\/wp-content\/uploads\/2026\/04\/EmFoco_37-5.jpg","width":1280,"height":720,"caption":"Justi\u00e7a condena empresa por danos morais ap\u00f3s gerente proferir ofensas ligadas \u00e0 idade"},{"@type":"BreadcrumbList","@id":"https:\/\/www.em.com.br\/emfoco\/2026\/04\/25\/empresa-e-condenada-na-justica-a-pagar-r-25-mil-apos-caso-de-gerente-chamar-funcionaria-de-velha-e-bruxa\/#breadcrumb","itemListElement":[{"@type":"ListItem","position":1,"name":"In\u00edcio","item":"https:\/\/www.em.com.br\/emfoco\/"},{"@type":"ListItem","position":2,"name":"Empresa \u00e9 condenada na Justi\u00e7a a pagar R$ 25 mil ap\u00f3s caso de gerente chamar funcion\u00e1ria de &#8220;velha&#8221; e &#8220;bruxa&#8221;"}]},{"@type":"WebSite","@id":"https:\/\/www.em.com.br\/emfoco\/#website","url":"https:\/\/www.em.com.br\/emfoco\/","name":"Estado de Minas - Em foco","description":"Acompanhe as \u00faltimas not\u00edcias e fique bem informado sobre tudo o que acontece em Minas Gerais, Brasil e no mundo.","potentialAction":[{"@type":"SearchAction","target":{"@type":"EntryPoint","urlTemplate":"https:\/\/www.em.com.br\/emfoco\/?s={search_term_string}"},"query-input":{"@type":"PropertyValueSpecification","valueRequired":true,"valueName":"search_term_string"}}],"inLanguage":"pt-BR"},{"@type":"Person","@id":"https:\/\/www.em.com.br\/emfoco\/#\/schema\/person\/5379e929a4b966c775d121e23f9bb421","name":"Guilherme Ara\u00fajo","image":{"@type":"ImageObject","inLanguage":"pt-BR","@id":"https:\/\/www.em.com.br\/emfoco\/#\/schema\/person\/image\/","url":"https:\/\/secure.gravatar.com\/avatar\/b8bf1fd0130e170bd8f5d7298dbafa25?s=96&d=mm&r=g","contentUrl":"https:\/\/secure.gravatar.com\/avatar\/b8bf1fd0130e170bd8f5d7298dbafa25?s=96&d=mm&r=g","caption":"Guilherme Ara\u00fajo"},"sameAs":["https:\/\/www.em.com.br\/emfoco"],"url":"https:\/\/www.em.com.br\/emfoco\/author\/guilhermeamyth\/"}]}},"_links":{"self":[{"href":"https:\/\/www.em.com.br\/emfoco\/wp-json\/wp\/v2\/posts\/198527","targetHints":{"allow":["GET"]}}],"collection":[{"href":"https:\/\/www.em.com.br\/emfoco\/wp-json\/wp\/v2\/posts"}],"about":[{"href":"https:\/\/www.em.com.br\/emfoco\/wp-json\/wp\/v2\/types\/post"}],"author":[{"embeddable":true,"href":"https:\/\/www.em.com.br\/emfoco\/wp-json\/wp\/v2\/users\/30"}],"replies":[{"embeddable":true,"href":"https:\/\/www.em.com.br\/emfoco\/wp-json\/wp\/v2\/comments?post=198527"}],"version-history":[{"count":5,"href":"https:\/\/www.em.com.br\/emfoco\/wp-json\/wp\/v2\/posts\/198527\/revisions"}],"predecessor-version":[{"id":198658,"href":"https:\/\/www.em.com.br\/emfoco\/wp-json\/wp\/v2\/posts\/198527\/revisions\/198658"}],"wp:featuredmedia":[{"embeddable":true,"href":"https:\/\/www.em.com.br\/emfoco\/wp-json\/wp\/v2\/media\/198728"}],"wp:attachment":[{"href":"https:\/\/www.em.com.br\/emfoco\/wp-json\/wp\/v2\/media?parent=198527"}],"wp:term":[{"taxonomy":"category","embeddable":true,"href":"https:\/\/www.em.com.br\/emfoco\/wp-json\/wp\/v2\/categories?post=198527"},{"taxonomy":"post_tag","embeddable":true,"href":"https:\/\/www.em.com.br\/emfoco\/wp-json\/wp\/v2\/tags?post=198527"}],"curies":[{"name":"wp","href":"https:\/\/api.w.org\/{rel}","templated":true}]}}