{"id":198515,"date":"2026-04-25T21:45:00","date_gmt":"2026-04-26T00:45:00","guid":{"rendered":"https:\/\/www.em.com.br\/emfoco\/?p=198515"},"modified":"2026-04-24T15:36:57","modified_gmt":"2026-04-24T18:36:57","slug":"nova-lei-do-ipva-pode-reduzir-valor-pago-por-motoristas-em-alguns-casos","status":"publish","type":"post","link":"https:\/\/www.em.com.br\/emfoco\/2026\/04\/25\/nova-lei-do-ipva-pode-reduzir-valor-pago-por-motoristas-em-alguns-casos\/","title":{"rendered":"Nova lei do IPVA pode reduzir valor pago por motoristas em alguns casos"},"content":{"rendered":"\n<p>A legisla\u00e7\u00e3o tribut\u00e1ria em <strong>Sergipe<\/strong> passou por mudan\u00e7as significativas que impactam diretamente o <strong>IPVA pago por motoristas<\/strong> com defici\u00eancia. Desde a san\u00e7\u00e3o da <strong>Lei Estadual n\u00ba 9.517\/2024<\/strong>, o estado adotou um modelo de isen\u00e7\u00e3o que busca promover maior justi\u00e7a fiscal e inclus\u00e3o social.<\/p>\n\n\n\n<p>O novo regramento amplia o teto de valor dos ve\u00edculos que podem receber o benef\u00edcio, permitindo que mais fam\u00edlias garantam o direito \u00e0 mobilidade. Em <strong>2026<\/strong>, propriet\u00e1rios de autom\u00f3veis avaliados em at\u00e9 <strong>R$ 120 mil<\/strong> podem usufruir de descontos progressivos ou isen\u00e7\u00e3o total do tributo estadual.<\/p>\n\n\n\n<h2 class=\"wp-block-heading\">Quem tem direito \u00e0 isen\u00e7\u00e3o do imposto em Sergipe?<\/h2>\n\n\n\n<p>O benef\u00edcio \u00e9 destinado a contribuintes com defici\u00eancia f\u00edsica, visual ou intelectual severa, al\u00e9m de pessoas com <strong>S\u00edndrome de Down<\/strong> ou <strong>TEA<\/strong>. A lei garante que o <strong><a href=\"https:\/\/www.em.com.br\/emfoco\/2026\/04\/15\/motoristas-donos-desses-carros-podem-ter-ipva-zerado-em-2026-e-deixar-de-pagar-o-imposto\/\" target=\"_blank\" rel=\"noreferrer noopener\">IPVA pago por motoristas<\/a><\/strong> ou por seus representantes legais seja reduzido, mesmo quando o benefici\u00e1rio n\u00e3o \u00e9 o condutor direto do ve\u00edculo.<\/p>\n\n\n\n<p>Para assegurar a idoneidade do processo, \u00e9 obrigat\u00f3ria a apresenta\u00e7\u00e3o de um <strong>laudo m\u00e9dico oficial<\/strong>. Este documento deve ser emitido por cl\u00ednicas credenciadas ao <strong>Detran<\/strong> ou por unidades de sa\u00fade p\u00fablica, comprovando a condi\u00e7\u00e3o cl\u00ednica que justifica o acesso \u00e0 pol\u00edtica de incentivo fiscal do governo.<\/p>\n\n\n<div class=\"wp-block-image\">\n<figure class=\"aligncenter size-large\"><img loading=\"lazy\" decoding=\"async\" width=\"1024\" height=\"576\" src=\"https:\/\/www.em.com.br\/emfoco\/wp-content\/uploads\/2026\/04\/laudo-medico-1-1024x576.jpg\" alt=\"Saiba quais motoristas t\u00eam direito ao desconto no IPVA com a nova legisla\u00e7\u00e3o\" class=\"wp-image-198674\" srcset=\"https:\/\/www.em.com.br\/emfoco\/wp-content\/uploads\/2026\/04\/laudo-medico-1-1024x576.jpg 1024w, https:\/\/www.em.com.br\/emfoco\/wp-content\/uploads\/2026\/04\/laudo-medico-1-300x169.jpg 300w, https:\/\/www.em.com.br\/emfoco\/wp-content\/uploads\/2026\/04\/laudo-medico-1-768x432.jpg 768w, https:\/\/www.em.com.br\/emfoco\/wp-content\/uploads\/2026\/04\/laudo-medico-1-750x422.jpg 750w, https:\/\/www.em.com.br\/emfoco\/wp-content\/uploads\/2026\/04\/laudo-medico-1-1140x641.jpg 1140w, https:\/\/www.em.com.br\/emfoco\/wp-content\/uploads\/2026\/04\/laudo-medico-1.jpg 1280w\" sizes=\"auto, (max-width: 1024px) 100vw, 1024px\" \/><figcaption class=\"wp-element-caption\">Saiba quais motoristas t\u00eam direito ao desconto no IPVA com a nova legisla\u00e7\u00e3o<\/figcaption><\/figure><\/div>\n\n\n<h2 class=\"wp-block-heading\">Como funciona o c\u00e1lculo para ve\u00edculos de at\u00e9 R$ 120 mil?<\/h2>\n\n\n\n<p>O modelo adotado pelo <strong>Governo de Sergipe<\/strong> em <strong>2026<\/strong> funciona de forma escalonada para evitar abusos em carros de luxo. Ve\u00edculos com valor de mercado de at\u00e9 <strong>R$ 70 mil<\/strong> recebem isen\u00e7\u00e3o integral, enquanto os que custam entre <strong>R$ 70.000,01<\/strong> e <strong>R$ 120 mil<\/strong> pagam apenas sobre a diferen\u00e7a excedente.<\/p>\n\n\n\n<p>Essa estrutura permite que o contribuinte escolha modelos de carros mais modernos e seguros sem perder totalmente o aux\u00edlio governamental. A tabela abaixo detalha como a cobran\u00e7a proporcional \u00e9 aplicada conforme o valor venal do autom\u00f3vel registrado no estado.<\/p>\n\n\n\n<p>Veja a estrutura de cobran\u00e7a vigente:<\/p>\n\n\n<div class=\"wp-block-image\">\n<figure class=\"aligncenter size-large is-resized\"><img loading=\"lazy\" decoding=\"async\" width=\"1024\" height=\"552\" src=\"https:\/\/www.em.com.br\/emfoco\/wp-content\/uploads\/2026\/04\/image-165-1024x552.png\" alt=\"\" class=\"wp-image-198668\" style=\"width:782px;height:auto\" srcset=\"https:\/\/www.em.com.br\/emfoco\/wp-content\/uploads\/2026\/04\/image-165-1024x552.png 1024w, https:\/\/www.em.com.br\/emfoco\/wp-content\/uploads\/2026\/04\/image-165-300x162.png 300w, https:\/\/www.em.com.br\/emfoco\/wp-content\/uploads\/2026\/04\/image-165-768x414.png 768w, https:\/\/www.em.com.br\/emfoco\/wp-content\/uploads\/2026\/04\/image-165-750x404.png 750w, https:\/\/www.em.com.br\/emfoco\/wp-content\/uploads\/2026\/04\/image-165-1140x615.png 1140w, https:\/\/www.em.com.br\/emfoco\/wp-content\/uploads\/2026\/04\/image-165.png 1280w\" sizes=\"auto, (max-width: 1024px) 100vw, 1024px\" \/><\/figure><\/div>\n\n\n<h2 class=\"wp-block-heading\">Qual o impacto social da nova legisla\u00e7\u00e3o no estado?<\/h2>\n\n\n\n<p>Segundo estimativas oficiais, a medida deve atingir mais de <strong>4.200 cidad\u00e3os<\/strong> sergipanos, gerando um al\u00edvio financeiro importante para fam\u00edlias com gastos elevados em sa\u00fade. A ren\u00fancia fiscal anual \u00e9 projetada em <strong>R$ 1 milh\u00e3o<\/strong>, evidenciando o investimento p\u00fablico em acessibilidade e direitos civis.<\/p>\n\n\n\n<p>A norma segue diretrizes da <a href=\"https:\/\/pt.wikipedia.org\/wiki\/Conven%C3%A7%C3%A3o_sobre_os_Direitos_das_Pessoas_com_Defici%C3%AAncia\" target=\"_blank\" rel=\"noreferrer noopener\">Conven\u00e7\u00e3o sobre os Direitos das Pessoas com Defici\u00eancia<\/a> da ONU. Ao reduzir o <strong>IPVA pago por motoristas<\/strong> nessas condi\u00e7\u00f5es, o Estado refor\u00e7a o compromisso com a inclus\u00e3o de pessoas que enfrentam barreiras f\u00edsicas e financeiras diariamente.<\/p>\n\n\n\n<h2 class=\"wp-block-heading\">Como realizar o pedido de isen\u00e7\u00e3o pela internet?<\/h2>\n\n\n\n<p>O processo de solicita\u00e7\u00e3o foi modernizado e ocorre de forma digital atrav\u00e9s do portal da <strong><a href=\"https:\/\/www.sefaz.se.gov.br\/\" target=\"_blank\" rel=\"noreferrer noopener\">Sefaz-SE<\/a><\/strong>. O sistema permite que o motorista envie toda a documenta\u00e7\u00e3o necess\u00e1ria, como <strong>CNH especial<\/strong> e nota fiscal, sem a necessidade de deslocamento f\u00edsico at\u00e9 as reparti\u00e7\u00f5es p\u00fablicas estaduais.<\/p>\n\n\n\n<p>Ap\u00f3s o envio pelo <strong>e-Doc Sergipe<\/strong>, o contribuinte recebe um n\u00famero de protocolo para acompanhar a an\u00e1lise do requerimento. \u00c9 fundamental manter os dados do <strong>CPF<\/strong> e as informa\u00e7\u00f5es do ve\u00edculo atualizadas para evitar atrasos ou indeferimentos por inconsist\u00eancias cadastrais durante a verifica\u00e7\u00e3o da receita estadual.<\/p>\n\n\n<div class=\"wp-block-image\">\n<figure class=\"aligncenter size-large\"><img loading=\"lazy\" decoding=\"async\" width=\"1024\" height=\"576\" src=\"https:\/\/www.em.com.br\/emfoco\/wp-content\/uploads\/2026\/04\/enviar-via-site-1-1024x576.jpg\" alt=\"O passo a passo para reduzir o valor do IPVA com base na nova lei vigente\" class=\"wp-image-198676\" srcset=\"https:\/\/www.em.com.br\/emfoco\/wp-content\/uploads\/2026\/04\/enviar-via-site-1-1024x576.jpg 1024w, https:\/\/www.em.com.br\/emfoco\/wp-content\/uploads\/2026\/04\/enviar-via-site-1-300x169.jpg 300w, https:\/\/www.em.com.br\/emfoco\/wp-content\/uploads\/2026\/04\/enviar-via-site-1-768x432.jpg 768w, https:\/\/www.em.com.br\/emfoco\/wp-content\/uploads\/2026\/04\/enviar-via-site-1-750x422.jpg 750w, https:\/\/www.em.com.br\/emfoco\/wp-content\/uploads\/2026\/04\/enviar-via-site-1-1140x641.jpg 1140w, https:\/\/www.em.com.br\/emfoco\/wp-content\/uploads\/2026\/04\/enviar-via-site-1.jpg 1280w\" sizes=\"auto, (max-width: 1024px) 100vw, 1024px\" \/><figcaption class=\"wp-element-caption\">O passo a passo para reduzir o valor do IPVA com base na nova lei vigente<\/figcaption><\/figure><\/div>\n\n\n<h2 class=\"wp-block-heading\">Quais s\u00e3o as puni\u00e7\u00f5es para o uso indevido do carro?<\/h2>\n\n\n\n<p>O benef\u00edcio fiscal \u00e9 estritamente vinculado ao uso do ve\u00edculo em favor da pessoa com defici\u00eancia. A <strong>Secretaria da Fazenda<\/strong> realiza fiscaliza\u00e7\u00f5es peri\u00f3dicas para garantir que o autom\u00f3vel n\u00e3o seja cedido a terceiros para fins comerciais ou particulares alheios \u00e0s necessidades do benefici\u00e1rio original.<\/p>\n\n\n\n<p>Dados sobre a arrecada\u00e7\u00e3o e legisla\u00e7\u00e3o podem ser consultados no <a href=\"https:\/\/www.sefaz.se.gov.br\/\" target=\"_blank\" rel=\"noreferrer noopener\">Portal da SEFAZ de Sergipe<\/a> para garantir a conformidade. Em caso de irregularidade, a isen\u00e7\u00e3o \u00e9 cancelada retroativamente, sujeitando o propriet\u00e1rio ao pagamento de multas pesadas e juros de mora sobre o imposto devido.<\/p>\n","protected":false},"excerpt":{"rendered":"<p>A legisla\u00e7\u00e3o tribut\u00e1ria em Sergipe passou por mudan\u00e7as significativas que impactam diretamente o IPVA pago por motoristas com defici\u00eancia. Desde a san\u00e7\u00e3o da Lei Estadual n\u00ba 9.517\/2024, o estado adotou um modelo de isen\u00e7\u00e3o que busca promover maior justi\u00e7a fiscal e inclus\u00e3o social. O novo regramento amplia o teto de valor dos ve\u00edculos que podem [&hellip;]<\/p>\n","protected":false},"author":30,"featured_media":198730,"comment_status":"open","ping_status":"open","sticky":false,"template":"","format":"standard","meta":{"jnews-multi-image_gallery":[],"jnews_single_post":{"format":"standard"},"jnews_primary_category":[],"jnews_social_meta":[],"jnews_override_counter":[],"footnotes":""},"categories":[28],"tags":[762,487,28671,1291],"class_list":["post-198515","post","type-post","status-publish","format-standard","has-post-thumbnail","hentry","category-economia","tag-ipva","tag-lei","tag-segipe","tag-veiculo"],"yoast_head":"<!-- This site is optimized with the Yoast SEO plugin v23.8 - https:\/\/yoast.com\/wordpress\/plugins\/seo\/ -->\n<title>Nova lei do IPVA pode reduzir valor pago por motoristas em alguns casos - Estado de Minas - Em foco<\/title>\n<meta name=\"description\" content=\"Entenda a nova lei do IPVA que pode reduzir o valor pago por motoristas. Veja os casos de isen\u00e7\u00e3o para pessoas com defici\u00eancia em Sergipe.\" \/>\n<meta name=\"robots\" content=\"index, follow, max-snippet:-1, max-image-preview:large, max-video-preview:-1\" \/>\n<link rel=\"canonical\" href=\"https:\/\/www.em.com.br\/emfoco\/2026\/04\/25\/nova-lei-do-ipva-pode-reduzir-valor-pago-por-motoristas-em-alguns-casos\/\" \/>\n<meta property=\"og:locale\" content=\"pt_BR\" \/>\n<meta property=\"og:type\" content=\"article\" \/>\n<meta property=\"og:title\" content=\"Nova lei do IPVA pode reduzir valor pago por motoristas em alguns casos - Estado de Minas - Em foco\" \/>\n<meta property=\"og:description\" content=\"Entenda a nova lei do IPVA que pode reduzir o valor pago por motoristas. Veja os casos de isen\u00e7\u00e3o para pessoas com defici\u00eancia em Sergipe.\" \/>\n<meta property=\"og:url\" content=\"https:\/\/www.em.com.br\/emfoco\/2026\/04\/25\/nova-lei-do-ipva-pode-reduzir-valor-pago-por-motoristas-em-alguns-casos\/\" \/>\n<meta property=\"og:site_name\" content=\"Estado de Minas - Em foco\" \/>\n<meta property=\"article:published_time\" content=\"2026-04-26T00:45:00+00:00\" \/>\n<meta property=\"article:modified_time\" content=\"2026-04-24T18:36:57+00:00\" \/>\n<meta property=\"og:image\" content=\"https:\/\/www.em.com.br\/emfoco\/wp-content\/uploads\/2026\/04\/EmFoco_35-5.jpg\" \/>\n\t<meta property=\"og:image:width\" content=\"1280\" \/>\n\t<meta property=\"og:image:height\" content=\"720\" \/>\n\t<meta property=\"og:image:type\" content=\"image\/jpeg\" \/>\n<meta name=\"author\" content=\"Guilherme Ara\u00fajo\" \/>\n<meta name=\"twitter:card\" content=\"summary_large_image\" \/>\n<meta name=\"twitter:label1\" content=\"Escrito por\" \/>\n\t<meta name=\"twitter:data1\" content=\"Guilherme Ara\u00fajo\" \/>\n\t<meta name=\"twitter:label2\" content=\"Est. tempo de leitura\" \/>\n\t<meta name=\"twitter:data2\" content=\"5 minutos\" \/>\n<!-- \/ Yoast SEO plugin. -->","yoast_head_json":{"title":"Nova lei do IPVA pode reduzir valor pago por motoristas em alguns casos - Estado de Minas - Em foco","description":"Entenda a nova lei do IPVA que pode reduzir o valor pago por motoristas. Veja os casos de isen\u00e7\u00e3o para pessoas com defici\u00eancia em Sergipe.","robots":{"index":"index","follow":"follow","max-snippet":"max-snippet:-1","max-image-preview":"max-image-preview:large","max-video-preview":"max-video-preview:-1"},"canonical":"https:\/\/www.em.com.br\/emfoco\/2026\/04\/25\/nova-lei-do-ipva-pode-reduzir-valor-pago-por-motoristas-em-alguns-casos\/","og_locale":"pt_BR","og_type":"article","og_title":"Nova lei do IPVA pode reduzir valor pago por motoristas em alguns casos - Estado de Minas - Em foco","og_description":"Entenda a nova lei do IPVA que pode reduzir o valor pago por motoristas. Veja os casos de isen\u00e7\u00e3o para pessoas com defici\u00eancia em Sergipe.","og_url":"https:\/\/www.em.com.br\/emfoco\/2026\/04\/25\/nova-lei-do-ipva-pode-reduzir-valor-pago-por-motoristas-em-alguns-casos\/","og_site_name":"Estado de Minas - Em foco","article_published_time":"2026-04-26T00:45:00+00:00","article_modified_time":"2026-04-24T18:36:57+00:00","og_image":[{"width":1280,"height":720,"url":"https:\/\/www.em.com.br\/emfoco\/wp-content\/uploads\/2026\/04\/EmFoco_35-5.jpg","type":"image\/jpeg"}],"author":"Guilherme Ara\u00fajo","twitter_card":"summary_large_image","twitter_misc":{"Escrito por":"Guilherme Ara\u00fajo","Est. tempo de leitura":"5 minutos"},"schema":{"@context":"https:\/\/schema.org","@graph":[{"@type":"WebPage","@id":"https:\/\/www.em.com.br\/emfoco\/2026\/04\/25\/nova-lei-do-ipva-pode-reduzir-valor-pago-por-motoristas-em-alguns-casos\/","url":"https:\/\/www.em.com.br\/emfoco\/2026\/04\/25\/nova-lei-do-ipva-pode-reduzir-valor-pago-por-motoristas-em-alguns-casos\/","name":"Nova lei do IPVA pode reduzir valor pago por motoristas em alguns casos - Estado de Minas - Em foco","isPartOf":{"@id":"https:\/\/www.em.com.br\/emfoco\/#website"},"primaryImageOfPage":{"@id":"https:\/\/www.em.com.br\/emfoco\/2026\/04\/25\/nova-lei-do-ipva-pode-reduzir-valor-pago-por-motoristas-em-alguns-casos\/#primaryimage"},"image":{"@id":"https:\/\/www.em.com.br\/emfoco\/2026\/04\/25\/nova-lei-do-ipva-pode-reduzir-valor-pago-por-motoristas-em-alguns-casos\/#primaryimage"},"thumbnailUrl":"https:\/\/www.em.com.br\/emfoco\/wp-content\/uploads\/2026\/04\/EmFoco_35-5.jpg","datePublished":"2026-04-26T00:45:00+00:00","dateModified":"2026-04-24T18:36:57+00:00","author":{"@id":"https:\/\/www.em.com.br\/emfoco\/#\/schema\/person\/5379e929a4b966c775d121e23f9bb421"},"description":"Entenda a nova lei do IPVA que pode reduzir o valor pago por motoristas. Veja os casos de isen\u00e7\u00e3o para pessoas com defici\u00eancia em Sergipe.","breadcrumb":{"@id":"https:\/\/www.em.com.br\/emfoco\/2026\/04\/25\/nova-lei-do-ipva-pode-reduzir-valor-pago-por-motoristas-em-alguns-casos\/#breadcrumb"},"inLanguage":"pt-BR","potentialAction":[{"@type":"ReadAction","target":["https:\/\/www.em.com.br\/emfoco\/2026\/04\/25\/nova-lei-do-ipva-pode-reduzir-valor-pago-por-motoristas-em-alguns-casos\/"]}]},{"@type":"ImageObject","inLanguage":"pt-BR","@id":"https:\/\/www.em.com.br\/emfoco\/2026\/04\/25\/nova-lei-do-ipva-pode-reduzir-valor-pago-por-motoristas-em-alguns-casos\/#primaryimage","url":"https:\/\/www.em.com.br\/emfoco\/wp-content\/uploads\/2026\/04\/EmFoco_35-5.jpg","contentUrl":"https:\/\/www.em.com.br\/emfoco\/wp-content\/uploads\/2026\/04\/EmFoco_35-5.jpg","width":1280,"height":720,"caption":"Nova lei amplia isen\u00e7\u00e3o de IPVA para ve\u00edculos avaliados em at\u00e9 cento e vinte mil"},{"@type":"BreadcrumbList","@id":"https:\/\/www.em.com.br\/emfoco\/2026\/04\/25\/nova-lei-do-ipva-pode-reduzir-valor-pago-por-motoristas-em-alguns-casos\/#breadcrumb","itemListElement":[{"@type":"ListItem","position":1,"name":"In\u00edcio","item":"https:\/\/www.em.com.br\/emfoco\/"},{"@type":"ListItem","position":2,"name":"Nova lei do IPVA pode reduzir valor pago por motoristas em alguns casos"}]},{"@type":"WebSite","@id":"https:\/\/www.em.com.br\/emfoco\/#website","url":"https:\/\/www.em.com.br\/emfoco\/","name":"Estado de Minas - Em foco","description":"Acompanhe as \u00faltimas not\u00edcias e fique bem informado sobre tudo o que acontece em Minas Gerais, Brasil e no mundo.","potentialAction":[{"@type":"SearchAction","target":{"@type":"EntryPoint","urlTemplate":"https:\/\/www.em.com.br\/emfoco\/?s={search_term_string}"},"query-input":{"@type":"PropertyValueSpecification","valueRequired":true,"valueName":"search_term_string"}}],"inLanguage":"pt-BR"},{"@type":"Person","@id":"https:\/\/www.em.com.br\/emfoco\/#\/schema\/person\/5379e929a4b966c775d121e23f9bb421","name":"Guilherme Ara\u00fajo","image":{"@type":"ImageObject","inLanguage":"pt-BR","@id":"https:\/\/www.em.com.br\/emfoco\/#\/schema\/person\/image\/","url":"https:\/\/secure.gravatar.com\/avatar\/b8bf1fd0130e170bd8f5d7298dbafa25?s=96&d=mm&r=g","contentUrl":"https:\/\/secure.gravatar.com\/avatar\/b8bf1fd0130e170bd8f5d7298dbafa25?s=96&d=mm&r=g","caption":"Guilherme Ara\u00fajo"},"sameAs":["https:\/\/www.em.com.br\/emfoco"],"url":"https:\/\/www.em.com.br\/emfoco\/author\/guilhermeamyth\/"}]}},"_links":{"self":[{"href":"https:\/\/www.em.com.br\/emfoco\/wp-json\/wp\/v2\/posts\/198515","targetHints":{"allow":["GET"]}}],"collection":[{"href":"https:\/\/www.em.com.br\/emfoco\/wp-json\/wp\/v2\/posts"}],"about":[{"href":"https:\/\/www.em.com.br\/emfoco\/wp-json\/wp\/v2\/types\/post"}],"author":[{"embeddable":true,"href":"https:\/\/www.em.com.br\/emfoco\/wp-json\/wp\/v2\/users\/30"}],"replies":[{"embeddable":true,"href":"https:\/\/www.em.com.br\/emfoco\/wp-json\/wp\/v2\/comments?post=198515"}],"version-history":[{"count":4,"href":"https:\/\/www.em.com.br\/emfoco\/wp-json\/wp\/v2\/posts\/198515\/revisions"}],"predecessor-version":[{"id":198684,"href":"https:\/\/www.em.com.br\/emfoco\/wp-json\/wp\/v2\/posts\/198515\/revisions\/198684"}],"wp:featuredmedia":[{"embeddable":true,"href":"https:\/\/www.em.com.br\/emfoco\/wp-json\/wp\/v2\/media\/198730"}],"wp:attachment":[{"href":"https:\/\/www.em.com.br\/emfoco\/wp-json\/wp\/v2\/media?parent=198515"}],"wp:term":[{"taxonomy":"category","embeddable":true,"href":"https:\/\/www.em.com.br\/emfoco\/wp-json\/wp\/v2\/categories?post=198515"},{"taxonomy":"post_tag","embeddable":true,"href":"https:\/\/www.em.com.br\/emfoco\/wp-json\/wp\/v2\/tags?post=198515"}],"curies":[{"name":"wp","href":"https:\/\/api.w.org\/{rel}","templated":true}]}}