{"id":198509,"date":"2026-04-25T18:45:00","date_gmt":"2026-04-25T21:45:00","guid":{"rendered":"https:\/\/www.em.com.br\/emfoco\/?p=198509"},"modified":"2026-04-24T15:37:22","modified_gmt":"2026-04-24T18:37:22","slug":"motorista-pode-levar-multa-de-r-19523-por-faltar-itens-obrigatorios-no-carro-em-2026","status":"publish","type":"post","link":"https:\/\/www.em.com.br\/emfoco\/2026\/04\/25\/motorista-pode-levar-multa-de-r-19523-por-faltar-itens-obrigatorios-no-carro-em-2026\/","title":{"rendered":"Motorista pode levar multa de R$ 195,23 por faltar itens obrigat\u00f3rios no carro em 2026"},"content":{"rendered":"\n<p>Manter o ve\u00edculo em conformidade com as normas de tr\u00e2nsito vai muito al\u00e9m de pagar os impostos em dia. Em <strong>2026<\/strong>, a fiscaliza\u00e7\u00e3o est\u00e1 rigorosa quanto aos equipamentos obrigat\u00f3rios. Circular sem itens b\u00e1sicos ou com eles danificados gera <strong>multa<\/strong> grave e pode levar \u00e0 reten\u00e7\u00e3o do ve\u00edculo at\u00e9 que o problema seja resolvido.<\/p>\n\n\n\n<h2 class=\"wp-block-heading\">Quais s\u00e3o as penalidades para ve\u00edculos sem itens obrigat\u00f3rios?<\/h2>\n\n\n\n<p>Deixar de manter os <strong>itens obrigat\u00f3rios<\/strong> em dia pode sair caro. Pelo <strong>Artigo 230 do CTB<\/strong>, dirigir com equipamento faltando ou sem funcionar \u00e9 <strong>infra\u00e7\u00e3o grave<\/strong>, ou seja, tanto faz estar sem tri\u00e2ngulo quanto rodar com luz da placa queimada, o peso \u00e9 o mesmo na lei.<\/p>\n\n\n\n<p>Na pr\u00e1tica, isso vira dor de cabe\u00e7a na hora: a multa \u00e9 de <strong>R$ 195,23<\/strong>, soma <strong>5 pontos <\/strong>na <strong><a href=\"https:\/\/www.em.com.br\/emfoco\/2026\/04\/23\/motoristas-abordados-com-erro-na-cnh-podem-levar-multa-de-quase-r-900\/\" target=\"_blank\" rel=\"noreferrer noopener\">CNH<\/a> <\/strong>e ainda pode rolar reten\u00e7\u00e3o do ve\u00edculo at\u00e9 resolver ali mesmo na abordagem. Ou seja, um detalhe bobo pode atrasar sua viagem e pesar no bolso.<\/p>\n\n\n<div class=\"wp-block-image\">\n<figure class=\"aligncenter size-large\"><img loading=\"lazy\" decoding=\"async\" width=\"1024\" height=\"576\" src=\"https:\/\/www.em.com.br\/emfoco\/wp-content\/uploads\/2026\/04\/motorista-1024x576.jpg\" alt=\"Al\u00e9m da multa saiba as consequ\u00eancias que os irm\u00e3os enfrentaram antes de recuperar a CNH\" class=\"wp-image-195704\" srcset=\"https:\/\/www.em.com.br\/emfoco\/wp-content\/uploads\/2026\/04\/motorista-1024x576.jpg 1024w, https:\/\/www.em.com.br\/emfoco\/wp-content\/uploads\/2026\/04\/motorista-300x169.jpg 300w, https:\/\/www.em.com.br\/emfoco\/wp-content\/uploads\/2026\/04\/motorista-768x432.jpg 768w, https:\/\/www.em.com.br\/emfoco\/wp-content\/uploads\/2026\/04\/motorista-750x422.jpg 750w, https:\/\/www.em.com.br\/emfoco\/wp-content\/uploads\/2026\/04\/motorista-1140x641.jpg 1140w, https:\/\/www.em.com.br\/emfoco\/wp-content\/uploads\/2026\/04\/motorista.jpg 1280w\" sizes=\"auto, (max-width: 1024px) 100vw, 1024px\" \/><figcaption class=\"wp-element-caption\">Evite multas no tr\u00e2nsito seguindo as regras de 2026<\/figcaption><\/figure><\/div>\n\n\n<h2 class=\"wp-block-heading\">Qual a lista de equipamentos obrigat\u00f3rios em 2026?<\/h2>\n\n\n\n<p>A lista consolidada pela <strong>Resolu\u00e7\u00e3o CONTRAN n\u00ba 993\/2023<\/strong> exige que o ve\u00edculo apresente condi\u00e7\u00f5es plenas de visibilidade, sinaliza\u00e7\u00e3o e seguran\u00e7a passiva. Para carros zero quil\u00f4metro fabricados a partir de 2024, novos itens como o <strong>Controle de Estabilidade (ESC)<\/strong> e as luzes <strong>DRL<\/strong> passaram a ser obrigat\u00f3rios de f\u00e1brica.<\/p>\n\n\n\n<p>Os principais grupos de itens verificados em blitze incluem:<\/p>\n\n\n\n<ul class=\"wp-block-list\">\n<li><strong>Sinaliza\u00e7\u00e3o<\/strong>: Far\u00f3is, lanternas, pisca-alerta, luz de r\u00e9 e luz de placa traseira.<\/li>\n\n\n\n<li><strong>Seguran\u00e7a<\/strong>: Cintos de seguran\u00e7a de tr\u00eas pontos, encostos de cabe\u00e7a e fixa\u00e7\u00e3o Isofix para cadeirinhas.<\/li>\n\n\n\n<li><strong>Emerg\u00eancia<\/strong>: Tri\u00e2ngulo, macaco compat\u00edvel, chave de roda e pneu estepe em boas condi\u00e7\u00f5es.<\/li>\n\n\n\n<li><strong>Visibilidade<\/strong>: Limpador e lavador de para-brisa, espelhos retrovisores internos e externos.<\/li>\n<\/ul>\n\n\n\n<h2 class=\"wp-block-heading\">Quais as novidades e exig\u00eancias para ve\u00edculos novos?<\/h2>\n\n\n\n<p>Desde janeiro de 2024, o Brasil alinhou-se a padr\u00f5es internacionais de seguran\u00e7a. Todo <strong>carro<\/strong> novo vendido no pa\u00eds deve sair de f\u00e1brica com alerta sonoro de cinto de seguran\u00e7a e repetidores de seta nos retrovisores. Se o seu ve\u00edculo \u00e9 desse ano ou mais novo, o mau funcionamento desses sistemas eletr\u00f4nicos tamb\u00e9m acarreta <strong>multa<\/strong>.<\/p>\n\n\n\n<p>Abaixo, comparamos os principais itens de seguran\u00e7a ativa e passiva:<\/p>\n\n\n<div class=\"wp-block-image\">\n<figure class=\"aligncenter size-large is-resized\"><img loading=\"lazy\" decoding=\"async\" width=\"1024\" height=\"669\" src=\"https:\/\/www.em.com.br\/emfoco\/wp-content\/uploads\/2026\/04\/image-166-1024x669.png\" alt=\"multa\" class=\"wp-image-198690\" style=\"width:668px;height:auto\" srcset=\"https:\/\/www.em.com.br\/emfoco\/wp-content\/uploads\/2026\/04\/image-166-1024x669.png 1024w, https:\/\/www.em.com.br\/emfoco\/wp-content\/uploads\/2026\/04\/image-166-300x196.png 300w, https:\/\/www.em.com.br\/emfoco\/wp-content\/uploads\/2026\/04\/image-166-768x502.png 768w, https:\/\/www.em.com.br\/emfoco\/wp-content\/uploads\/2026\/04\/image-166-750x490.png 750w, https:\/\/www.em.com.br\/emfoco\/wp-content\/uploads\/2026\/04\/image-166-1140x745.png 1140w, https:\/\/www.em.com.br\/emfoco\/wp-content\/uploads\/2026\/04\/image-166.png 1280w\" sizes=\"auto, (max-width: 1024px) 100vw, 1024px\" \/><\/figure><\/div>\n\n\n<h2 class=\"wp-block-heading\">O que as motos precisam ter para evitar a multa?<\/h2>\n\n\n\n<p>As motocicletas tamb\u00e9m possuem uma lista espec\u00edfica e rigorosa. Al\u00e9m dos espelhos retrovisores em ambos os lados e far\u00f3is funcionais, a fiscaliza\u00e7\u00e3o em 2026 foca bastante no dispositivo de controle de ru\u00eddo (escapamento) e na ilumina\u00e7\u00e3o da placa. A aus\u00eancia de qualquer um desses itens resulta na mesma <strong>multa<\/strong> de <strong>R$ 195,23<\/strong> aplicada aos carros.<\/p>\n\n\n\n<h2 class=\"wp-block-heading\">Qual a dica essencial para evitar perder pontos na CNH?<\/h2>\n\n\n\n<p>Muitos motoristas perdem pontos na <strong>CNH <\/strong>por detalhes simples, como lavador sem \u00e1gua ou estepe careca. Fazer uma checagem mensal, testando luzes e o kit de emerg\u00eancia, ajuda a evitar problemas e multas.<\/p>\n\n\n\n<p>Para mais informa\u00e7\u00f5es t\u00e9cnicas, consulte o portal oficial da <a href=\"https:\/\/www.gov.br\/transportes\/pt-br\/assuntos\/transito\/senatran\" target=\"_blank\" rel=\"noreferrer noopener\">Senatran<\/a> e mantenha o manual do seu ve\u00edculo sempre \u00e0 m\u00e3o para conferir as especifica\u00e7\u00f5es de cada componente de seguran\u00e7a.<\/p>\n","protected":false},"excerpt":{"rendered":"<p>Manter o ve\u00edculo em conformidade com as normas de tr\u00e2nsito vai muito al\u00e9m de pagar os impostos em dia. Em 2026, a fiscaliza\u00e7\u00e3o est\u00e1 rigorosa quanto aos equipamentos obrigat\u00f3rios. Circular sem itens b\u00e1sicos ou com eles danificados gera multa grave e pode levar \u00e0 reten\u00e7\u00e3o do ve\u00edculo at\u00e9 que o problema seja resolvido. Quais s\u00e3o [&hellip;]<\/p>\n","protected":false},"author":30,"featured_media":198727,"comment_status":"open","ping_status":"open","sticky":false,"template":"","format":"standard","meta":{"jnews-multi-image_gallery":[],"jnews_single_post":{"format":"standard"},"jnews_primary_category":[],"jnews_social_meta":[],"jnews_override_counter":[],"footnotes":""},"categories":[28],"tags":[1163,2394,9442,4883],"class_list":["post-198509","post","type-post","status-publish","format-standard","has-post-thumbnail","hentry","category-economia","tag-legislacao","tag-motorista","tag-multa","tag-regra"],"yoast_head":"<!-- This site is optimized with the Yoast SEO plugin v23.8 - https:\/\/yoast.com\/wordpress\/plugins\/seo\/ -->\n<title>Motorista pode levar multa de R$ 195,23 por faltar itens obrigat\u00f3rios no carro em 2026 - Estado de Minas - Em foco<\/title>\n<meta name=\"description\" content=\"Entenda a multa de R$ 195,23 para motorista que faltar com itens obrigat\u00f3rios no carro em 2026. Veja a lista de equipamentos exigidos.\" \/>\n<meta name=\"robots\" content=\"index, follow, max-snippet:-1, max-image-preview:large, max-video-preview:-1\" \/>\n<link rel=\"canonical\" href=\"https:\/\/www.em.com.br\/emfoco\/2026\/04\/25\/motorista-pode-levar-multa-de-r-19523-por-faltar-itens-obrigatorios-no-carro-em-2026\/\" \/>\n<meta property=\"og:locale\" content=\"pt_BR\" \/>\n<meta property=\"og:type\" content=\"article\" \/>\n<meta property=\"og:title\" content=\"Motorista pode levar multa de R$ 195,23 por faltar itens obrigat\u00f3rios no carro em 2026 - Estado de Minas - Em foco\" \/>\n<meta property=\"og:description\" content=\"Entenda a multa de R$ 195,23 para motorista que faltar com itens obrigat\u00f3rios no carro em 2026. Veja a lista de equipamentos exigidos.\" \/>\n<meta property=\"og:url\" content=\"https:\/\/www.em.com.br\/emfoco\/2026\/04\/25\/motorista-pode-levar-multa-de-r-19523-por-faltar-itens-obrigatorios-no-carro-em-2026\/\" \/>\n<meta property=\"og:site_name\" content=\"Estado de Minas - Em foco\" \/>\n<meta property=\"article:published_time\" content=\"2026-04-25T21:45:00+00:00\" \/>\n<meta property=\"article:modified_time\" content=\"2026-04-24T18:37:22+00:00\" \/>\n<meta property=\"og:image\" content=\"https:\/\/www.em.com.br\/emfoco\/wp-content\/uploads\/2026\/04\/EmFoco_38-4.jpg\" \/>\n\t<meta property=\"og:image:width\" content=\"1280\" \/>\n\t<meta property=\"og:image:height\" content=\"720\" \/>\n\t<meta property=\"og:image:type\" content=\"image\/jpeg\" \/>\n<meta name=\"author\" content=\"Guilherme Ara\u00fajo\" \/>\n<meta name=\"twitter:card\" content=\"summary_large_image\" \/>\n<meta name=\"twitter:label1\" content=\"Escrito por\" \/>\n\t<meta name=\"twitter:data1\" content=\"Guilherme Ara\u00fajo\" \/>\n\t<meta name=\"twitter:label2\" content=\"Est. tempo de leitura\" \/>\n\t<meta name=\"twitter:data2\" content=\"4 minutos\" \/>\n<!-- \/ Yoast SEO plugin. -->","yoast_head_json":{"title":"Motorista pode levar multa de R$ 195,23 por faltar itens obrigat\u00f3rios no carro em 2026 - Estado de Minas - Em foco","description":"Entenda a multa de R$ 195,23 para motorista que faltar com itens obrigat\u00f3rios no carro em 2026. Veja a lista de equipamentos exigidos.","robots":{"index":"index","follow":"follow","max-snippet":"max-snippet:-1","max-image-preview":"max-image-preview:large","max-video-preview":"max-video-preview:-1"},"canonical":"https:\/\/www.em.com.br\/emfoco\/2026\/04\/25\/motorista-pode-levar-multa-de-r-19523-por-faltar-itens-obrigatorios-no-carro-em-2026\/","og_locale":"pt_BR","og_type":"article","og_title":"Motorista pode levar multa de R$ 195,23 por faltar itens obrigat\u00f3rios no carro em 2026 - Estado de Minas - Em foco","og_description":"Entenda a multa de R$ 195,23 para motorista que faltar com itens obrigat\u00f3rios no carro em 2026. Veja a lista de equipamentos exigidos.","og_url":"https:\/\/www.em.com.br\/emfoco\/2026\/04\/25\/motorista-pode-levar-multa-de-r-19523-por-faltar-itens-obrigatorios-no-carro-em-2026\/","og_site_name":"Estado de Minas - Em foco","article_published_time":"2026-04-25T21:45:00+00:00","article_modified_time":"2026-04-24T18:37:22+00:00","og_image":[{"width":1280,"height":720,"url":"https:\/\/www.em.com.br\/emfoco\/wp-content\/uploads\/2026\/04\/EmFoco_38-4.jpg","type":"image\/jpeg"}],"author":"Guilherme Ara\u00fajo","twitter_card":"summary_large_image","twitter_misc":{"Escrito por":"Guilherme Ara\u00fajo","Est. tempo de leitura":"4 minutos"},"schema":{"@context":"https:\/\/schema.org","@graph":[{"@type":"WebPage","@id":"https:\/\/www.em.com.br\/emfoco\/2026\/04\/25\/motorista-pode-levar-multa-de-r-19523-por-faltar-itens-obrigatorios-no-carro-em-2026\/","url":"https:\/\/www.em.com.br\/emfoco\/2026\/04\/25\/motorista-pode-levar-multa-de-r-19523-por-faltar-itens-obrigatorios-no-carro-em-2026\/","name":"Motorista pode levar multa de R$ 195,23 por faltar itens obrigat\u00f3rios no carro em 2026 - Estado de Minas - Em foco","isPartOf":{"@id":"https:\/\/www.em.com.br\/emfoco\/#website"},"primaryImageOfPage":{"@id":"https:\/\/www.em.com.br\/emfoco\/2026\/04\/25\/motorista-pode-levar-multa-de-r-19523-por-faltar-itens-obrigatorios-no-carro-em-2026\/#primaryimage"},"image":{"@id":"https:\/\/www.em.com.br\/emfoco\/2026\/04\/25\/motorista-pode-levar-multa-de-r-19523-por-faltar-itens-obrigatorios-no-carro-em-2026\/#primaryimage"},"thumbnailUrl":"https:\/\/www.em.com.br\/emfoco\/wp-content\/uploads\/2026\/04\/EmFoco_38-4.jpg","datePublished":"2026-04-25T21:45:00+00:00","dateModified":"2026-04-24T18:37:22+00:00","author":{"@id":"https:\/\/www.em.com.br\/emfoco\/#\/schema\/person\/5379e929a4b966c775d121e23f9bb421"},"description":"Entenda a multa de R$ 195,23 para motorista que faltar com itens obrigat\u00f3rios no carro em 2026. Veja a lista de equipamentos exigidos.","breadcrumb":{"@id":"https:\/\/www.em.com.br\/emfoco\/2026\/04\/25\/motorista-pode-levar-multa-de-r-19523-por-faltar-itens-obrigatorios-no-carro-em-2026\/#breadcrumb"},"inLanguage":"pt-BR","potentialAction":[{"@type":"ReadAction","target":["https:\/\/www.em.com.br\/emfoco\/2026\/04\/25\/motorista-pode-levar-multa-de-r-19523-por-faltar-itens-obrigatorios-no-carro-em-2026\/"]}]},{"@type":"ImageObject","inLanguage":"pt-BR","@id":"https:\/\/www.em.com.br\/emfoco\/2026\/04\/25\/motorista-pode-levar-multa-de-r-19523-por-faltar-itens-obrigatorios-no-carro-em-2026\/#primaryimage","url":"https:\/\/www.em.com.br\/emfoco\/wp-content\/uploads\/2026\/04\/EmFoco_38-4.jpg","contentUrl":"https:\/\/www.em.com.br\/emfoco\/wp-content\/uploads\/2026\/04\/EmFoco_38-4.jpg","width":1280,"height":720,"caption":"Circular sem equipamentos obrigat\u00f3rios gera multa grave e reten\u00e7\u00e3o do ve\u00edculo em fiscaliza\u00e7\u00f5es"},{"@type":"BreadcrumbList","@id":"https:\/\/www.em.com.br\/emfoco\/2026\/04\/25\/motorista-pode-levar-multa-de-r-19523-por-faltar-itens-obrigatorios-no-carro-em-2026\/#breadcrumb","itemListElement":[{"@type":"ListItem","position":1,"name":"In\u00edcio","item":"https:\/\/www.em.com.br\/emfoco\/"},{"@type":"ListItem","position":2,"name":"Motorista pode levar multa de R$ 195,23 por faltar itens obrigat\u00f3rios no carro em 2026"}]},{"@type":"WebSite","@id":"https:\/\/www.em.com.br\/emfoco\/#website","url":"https:\/\/www.em.com.br\/emfoco\/","name":"Estado de Minas - Em foco","description":"Acompanhe as \u00faltimas not\u00edcias e fique bem informado sobre tudo o que acontece em Minas Gerais, Brasil e no mundo.","potentialAction":[{"@type":"SearchAction","target":{"@type":"EntryPoint","urlTemplate":"https:\/\/www.em.com.br\/emfoco\/?s={search_term_string}"},"query-input":{"@type":"PropertyValueSpecification","valueRequired":true,"valueName":"search_term_string"}}],"inLanguage":"pt-BR"},{"@type":"Person","@id":"https:\/\/www.em.com.br\/emfoco\/#\/schema\/person\/5379e929a4b966c775d121e23f9bb421","name":"Guilherme Ara\u00fajo","image":{"@type":"ImageObject","inLanguage":"pt-BR","@id":"https:\/\/www.em.com.br\/emfoco\/#\/schema\/person\/image\/","url":"https:\/\/secure.gravatar.com\/avatar\/b8bf1fd0130e170bd8f5d7298dbafa25?s=96&d=mm&r=g","contentUrl":"https:\/\/secure.gravatar.com\/avatar\/b8bf1fd0130e170bd8f5d7298dbafa25?s=96&d=mm&r=g","caption":"Guilherme Ara\u00fajo"},"sameAs":["https:\/\/www.em.com.br\/emfoco"],"url":"https:\/\/www.em.com.br\/emfoco\/author\/guilhermeamyth\/"}]}},"_links":{"self":[{"href":"https:\/\/www.em.com.br\/emfoco\/wp-json\/wp\/v2\/posts\/198509","targetHints":{"allow":["GET"]}}],"collection":[{"href":"https:\/\/www.em.com.br\/emfoco\/wp-json\/wp\/v2\/posts"}],"about":[{"href":"https:\/\/www.em.com.br\/emfoco\/wp-json\/wp\/v2\/types\/post"}],"author":[{"embeddable":true,"href":"https:\/\/www.em.com.br\/emfoco\/wp-json\/wp\/v2\/users\/30"}],"replies":[{"embeddable":true,"href":"https:\/\/www.em.com.br\/emfoco\/wp-json\/wp\/v2\/comments?post=198509"}],"version-history":[{"count":6,"href":"https:\/\/www.em.com.br\/emfoco\/wp-json\/wp\/v2\/posts\/198509\/revisions"}],"predecessor-version":[{"id":198701,"href":"https:\/\/www.em.com.br\/emfoco\/wp-json\/wp\/v2\/posts\/198509\/revisions\/198701"}],"wp:featuredmedia":[{"embeddable":true,"href":"https:\/\/www.em.com.br\/emfoco\/wp-json\/wp\/v2\/media\/198727"}],"wp:attachment":[{"href":"https:\/\/www.em.com.br\/emfoco\/wp-json\/wp\/v2\/media?parent=198509"}],"wp:term":[{"taxonomy":"category","embeddable":true,"href":"https:\/\/www.em.com.br\/emfoco\/wp-json\/wp\/v2\/categories?post=198509"},{"taxonomy":"post_tag","embeddable":true,"href":"https:\/\/www.em.com.br\/emfoco\/wp-json\/wp\/v2\/tags?post=198509"}],"curies":[{"name":"wp","href":"https:\/\/api.w.org\/{rel}","templated":true}]}}