{"id":198482,"date":"2026-04-26T21:15:00","date_gmt":"2026-04-27T00:15:00","guid":{"rendered":"https:\/\/www.em.com.br\/emfoco\/?p=198482"},"modified":"2026-04-25T14:36:48","modified_gmt":"2026-04-25T17:36:48","slug":"psicologia-revela-por-que-pessoas-desconfiadas-na-vida-adulta-desenvolveram-esse-mecanismo-na-infancia","status":"publish","type":"post","link":"https:\/\/www.em.com.br\/emfoco\/2026\/04\/26\/psicologia-revela-por-que-pessoas-desconfiadas-na-vida-adulta-desenvolveram-esse-mecanismo-na-infancia\/","title":{"rendered":"Psicologia revela por que pessoas desconfiadas na vida adulta desenvolveram esse mecanismo na inf\u00e2ncia"},"content":{"rendered":"\n<p>Muitas vezes interpretada como pessimismo ou negatividade, a tend\u00eancia de manter a guarda alta na vida adulta possui explica\u00e7\u00f5es profundas na forma\u00e7\u00e3o do psiquismo humano. A <strong>psicologia comportamental<\/strong> revela que essa caracter\u00edstica n\u00e3o \u00e9 um defeito de car\u00e1ter, mas sim um mecanismo de defesa refinado desenvolvido em est\u00e1gios iniciais do crescimento.<\/p>\n\n\n\n<h2 class=\"wp-block-heading\">O desenvolvimento do mecanismo de autoprote\u00e7\u00e3o precoce<\/h2>\n\n\n\n<p>A desconfian\u00e7a persistente geralmente tem origem em ambientes onde a previsibilidade era escassa ou o apoio emocional era inconsistente durante os primeiros anos de vida. Quando uma crian\u00e7a percebe que n\u00e3o pode contar plenamente com as figuras de cuidado, seu c\u00e9rebro desenvolve um estado de <strong>vigil\u00e2ncia constante<\/strong> para evitar poss\u00edveis decep\u00e7\u00f5es futuras.<\/p>\n\n\n\n<p>Esse comportamento funciona como um software de seguran\u00e7a que permanece ativo, moldando a percep\u00e7\u00e3o social do indiv\u00edduo. Entender que essa cautela \u00e9 uma <strong>estrat\u00e9gia de sobreviv\u00eancia<\/strong> emocional ajuda a desmistificar a ideia de que essas pessoas s\u00e3o inerentemente dif\u00edceis ou antissociais por natureza.<\/p>\n\n\n<div class=\"wp-block-image\">\n<figure class=\"aligncenter size-large\"><img loading=\"lazy\" decoding=\"async\" width=\"1024\" height=\"576\" src=\"https:\/\/www.em.com.br\/emfoco\/wp-content\/uploads\/2026\/04\/pessoa-desconfiada--1024x576.jpg\" alt=\"\" class=\"wp-image-198495\" srcset=\"https:\/\/www.em.com.br\/emfoco\/wp-content\/uploads\/2026\/04\/pessoa-desconfiada--1024x576.jpg 1024w, https:\/\/www.em.com.br\/emfoco\/wp-content\/uploads\/2026\/04\/pessoa-desconfiada--300x169.jpg 300w, https:\/\/www.em.com.br\/emfoco\/wp-content\/uploads\/2026\/04\/pessoa-desconfiada--768x432.jpg 768w, https:\/\/www.em.com.br\/emfoco\/wp-content\/uploads\/2026\/04\/pessoa-desconfiada--750x422.jpg 750w, https:\/\/www.em.com.br\/emfoco\/wp-content\/uploads\/2026\/04\/pessoa-desconfiada--1140x641.jpg 1140w, https:\/\/www.em.com.br\/emfoco\/wp-content\/uploads\/2026\/04\/pessoa-desconfiada-.jpg 1280w\" sizes=\"auto, (max-width: 1024px) 100vw, 1024px\" \/><figcaption class=\"wp-element-caption\">A desconfian\u00e7a persistente geralmente tem origem em ambientes onde a previsibilidade era escassa<\/figcaption><\/figure><\/div>\n\n\n<p>Leia tamb\u00e9m: <a href=\"https:\/\/www.em.com.br\/emfoco\/2026\/01\/23\/a-psicologia-por-tras-das-pessoas-que-nunca-postam-nas-redes-sociais\/\" target=\"_blank\" rel=\"noreferrer noopener\">A psicologia por tr\u00e1s das pessoas que nunca postam nas redes sociais<\/a><\/p>\n\n\n\n<h2 class=\"wp-block-heading\">A diferen\u00e7a entre negatividade e prud\u00eancia anal\u00edtica<\/h2>\n\n\n\n<p>Diferente do pensamento negativo, que foca no pior cen\u00e1rio sem fundamento, a desconfian\u00e7a baseada no hist\u00f3rico infantil \u00e9 uma forma de <strong>prud\u00eancia anal\u00edtica<\/strong> altamente funcional. Esses adultos tendem a processar informa\u00e7\u00f5es de maneira mais profunda antes de conceder acesso \u00e0 sua intimidade ou investir recursos em novos projetos profissionais.<\/p>\n\n\n\n<p>Essa habilidade de observar nuances e inconsist\u00eancias em discursos alheios pode ser uma vantagem em ambientes que exigem <strong>senso cr\u00edtico<\/strong> apurado e gest\u00e3o de riscos. A psicologia moderna aponta que, ao validar essa caracter\u00edstica, o indiv\u00edduo consegue equilibrar a prote\u00e7\u00e3o necess\u00e1ria com a abertura para <strong>conex\u00f5es genu\u00ednas<\/strong> e seguras.<\/p>\n\n\n\n<h2 class=\"wp-block-heading\">Como o c\u00e9rebro processa o risco emocional na maturidade<\/h2>\n\n\n\n<p><a href=\"https:\/\/pmc.ncbi.nlm.nih.gov\/articles\/PMC3181681\/\" target=\"_blank\" rel=\"noreferrer noopener\">Indiv\u00edduos que desenvolveram essa barreira protetora<\/a> costumam apresentar uma atividade mais intensa na am\u00edgdala cerebral, a regi\u00e3o respons\u00e1vel por identificar amea\u00e7as no ambiente. Esse estado de alerta n\u00e3o busca o conflito, mas sim a <strong>preserva\u00e7\u00e3o emocional<\/strong> contra experi\u00eancias que possam repetir padr\u00f5es de instabilidade vividos no passado familiar.<\/p>\n\n\n<div class=\"wp-block-image\">\n<figure class=\"aligncenter size-large\"><img loading=\"lazy\" decoding=\"async\" width=\"1024\" height=\"354\" src=\"https:\/\/www.em.com.br\/emfoco\/wp-content\/uploads\/2026\/04\/convertido-9-1024x354.jpg\" alt=\"\" class=\"wp-image-198498\" srcset=\"https:\/\/www.em.com.br\/emfoco\/wp-content\/uploads\/2026\/04\/convertido-9-1024x354.jpg 1024w, https:\/\/www.em.com.br\/emfoco\/wp-content\/uploads\/2026\/04\/convertido-9-300x104.jpg 300w, https:\/\/www.em.com.br\/emfoco\/wp-content\/uploads\/2026\/04\/convertido-9-768x265.jpg 768w, https:\/\/www.em.com.br\/emfoco\/wp-content\/uploads\/2026\/04\/convertido-9-750x259.jpg 750w, https:\/\/www.em.com.br\/emfoco\/wp-content\/uploads\/2026\/04\/convertido-9-1140x394.jpg 1140w, https:\/\/www.em.com.br\/emfoco\/wp-content\/uploads\/2026\/04\/convertido-9.jpg 1280w\" sizes=\"auto, (max-width: 1024px) 100vw, 1024px\" \/><\/figure><\/div>\n\n\n<p>Essa estrutura mental permite que o adulto navegue por cen\u00e1rios incertos com uma camada extra de seguran\u00e7a, evitando ciladas emocionais que outros poderiam ignorar. Reconhecer o valor dessa <strong>intui\u00e7\u00e3o protetora<\/strong> \u00e9 fundamental para transformar o trauma passado em uma ferramenta de discernimento no presente.<\/p>\n\n\n\n<h2 class=\"wp-block-heading\">O papel do apego inseguro na percep\u00e7\u00e3o do outro<\/h2>\n\n\n\n<p>A teoria do apego explica que a falta de uma base segura na inf\u00e2ncia gera adultos que testam a confiabilidade das pessoas de forma inconsciente. Esse processo de <strong>valida\u00e7\u00e3o interpessoal<\/strong> \u00e9 rigoroso, mas, uma vez que a confian\u00e7a \u00e9 estabelecida, os la\u00e7os formados tendem a ser inquebr\u00e1veis e extremamente profundos.<\/p>\n\n\n\n<p>Em vez de rotular a desconfian\u00e7a como um entrave, especialistas sugerem focar na <strong>comunica\u00e7\u00e3o assertiva<\/strong> para expressar limites e necessidades de clareza. Ao compreender que o receio \u00e9 uma resposta a eventos passados, o indiv\u00edduo ganha o controle para decidir quando baixar a guarda de forma consciente e <strong>terap\u00eautica<\/strong>.<\/p>\n\n\n<div class=\"wp-block-image\">\n<figure class=\"aligncenter size-large\"><img loading=\"lazy\" decoding=\"async\" width=\"1024\" height=\"576\" src=\"https:\/\/www.em.com.br\/emfoco\/wp-content\/uploads\/2026\/04\/pessoa-desconfiada-1-1024x576.jpg\" alt=\"\" class=\"wp-image-198496\" srcset=\"https:\/\/www.em.com.br\/emfoco\/wp-content\/uploads\/2026\/04\/pessoa-desconfiada-1-1024x576.jpg 1024w, https:\/\/www.em.com.br\/emfoco\/wp-content\/uploads\/2026\/04\/pessoa-desconfiada-1-300x169.jpg 300w, https:\/\/www.em.com.br\/emfoco\/wp-content\/uploads\/2026\/04\/pessoa-desconfiada-1-768x432.jpg 768w, https:\/\/www.em.com.br\/emfoco\/wp-content\/uploads\/2026\/04\/pessoa-desconfiada-1-750x422.jpg 750w, https:\/\/www.em.com.br\/emfoco\/wp-content\/uploads\/2026\/04\/pessoa-desconfiada-1-1140x641.jpg 1140w, https:\/\/www.em.com.br\/emfoco\/wp-content\/uploads\/2026\/04\/pessoa-desconfiada-1.jpg 1280w\" sizes=\"auto, (max-width: 1024px) 100vw, 1024px\" \/><figcaption class=\"wp-element-caption\">A teoria do apego explica que a falta de uma base segura na inf\u00e2ncia gera adultos que testam a confiabilidade das pessoas <\/figcaption><\/figure><\/div>\n\n\n<h2 class=\"wp-block-heading\">A transforma\u00e7\u00e3o da cautela em sabedoria emocional<\/h2>\n\n\n\n<p>O estudo ressalta que o caminho para o equil\u00edbrio n\u00e3o exige que a pessoa se torne ing\u00eanua, mas que aprenda a diferenciar amea\u00e7as reais de fantasmas do passado. A <strong>maturidade psicol\u00f3gica<\/strong> consiste em usar essa &#8220;lente de desconfian\u00e7a&#8221; como um instrumento de sabedoria, e n\u00e3o como uma pris\u00e3o que isola o ser humano do conv\u00edvio social.<\/p>\n\n\n\n<p>Aceitar as pr\u00f3prias ra\u00edzes permite que a cautela se transforme em um filtro refinado para escolhas mais saud\u00e1veis e relacionamentos mais aut\u00eanticos. Ao olhar para tr\u00e1s com <strong>compaix\u00e3o<\/strong>, o adulto desconfiado descobre que sua maior for\u00e7a reside na resili\u00eancia desenvolvida para proteger sua integridade diante das adversidades da vida.<\/p>\n","protected":false},"excerpt":{"rendered":"<p>Muitas vezes interpretada como pessimismo ou negatividade, a tend\u00eancia de manter a guarda alta na vida adulta possui explica\u00e7\u00f5es profundas na forma\u00e7\u00e3o do psiquismo humano. A psicologia comportamental revela que essa caracter\u00edstica n\u00e3o \u00e9 um defeito de car\u00e1ter, mas sim um mecanismo de defesa refinado desenvolvido em est\u00e1gios iniciais do crescimento. O desenvolvimento do mecanismo [&hellip;]<\/p>\n","protected":false},"author":9,"featured_media":199340,"comment_status":"open","ping_status":"open","sticky":false,"template":"","format":"standard","meta":{"jnews-multi-image_gallery":[],"jnews_single_post":{"format":"standard"},"jnews_primary_category":[],"jnews_social_meta":[],"jnews_override_counter":[],"footnotes":""},"categories":[8819],"tags":[28669,13865,5155],"class_list":["post-198482","post","type-post","status-publish","format-standard","has-post-thumbnail","hentry","category-curiosidades","tag-adultos-desconfiados","tag-autoprotecao","tag-psicologia"],"yoast_head":"<!-- This site is optimized with the Yoast SEO plugin v23.8 - https:\/\/yoast.com\/wordpress\/plugins\/seo\/ -->\n<title>Psicologia revela por que pessoas desconfiadas na vida adulta desenvolveram esse mecanismo na inf\u00e2ncia - Estado de Minas - Em foco<\/title>\n<meta name=\"description\" content=\"Psicologia revela que a desconfian\u00e7a pode ser um mecanismo de prote\u00e7\u00e3o emocional desenvolvido na inf\u00e2ncia e n\u00e3o um tra\u00e7o negativo.\" \/>\n<meta name=\"robots\" content=\"index, follow, max-snippet:-1, max-image-preview:large, max-video-preview:-1\" \/>\n<link rel=\"canonical\" href=\"https:\/\/www.em.com.br\/emfoco\/2026\/04\/26\/psicologia-revela-por-que-pessoas-desconfiadas-na-vida-adulta-desenvolveram-esse-mecanismo-na-infancia\/\" \/>\n<meta property=\"og:locale\" content=\"pt_BR\" \/>\n<meta property=\"og:type\" content=\"article\" \/>\n<meta property=\"og:title\" content=\"Psicologia revela por que pessoas desconfiadas na vida adulta desenvolveram esse mecanismo na inf\u00e2ncia - Estado de Minas - Em foco\" \/>\n<meta property=\"og:description\" content=\"Psicologia revela que a desconfian\u00e7a pode ser um mecanismo de prote\u00e7\u00e3o emocional desenvolvido na inf\u00e2ncia e n\u00e3o um tra\u00e7o negativo.\" \/>\n<meta property=\"og:url\" content=\"https:\/\/www.em.com.br\/emfoco\/2026\/04\/26\/psicologia-revela-por-que-pessoas-desconfiadas-na-vida-adulta-desenvolveram-esse-mecanismo-na-infancia\/\" \/>\n<meta property=\"og:site_name\" content=\"Estado de Minas - Em foco\" \/>\n<meta property=\"article:published_time\" content=\"2026-04-27T00:15:00+00:00\" \/>\n<meta property=\"article:modified_time\" content=\"2026-04-25T17:36:48+00:00\" \/>\n<meta property=\"og:image\" content=\"https:\/\/www.em.com.br\/emfoco\/wp-content\/uploads\/2026\/04\/EmFoco_57-6.jpg\" \/>\n\t<meta property=\"og:image:width\" content=\"1280\" \/>\n\t<meta property=\"og:image:height\" content=\"720\" \/>\n\t<meta property=\"og:image:type\" content=\"image\/jpeg\" \/>\n<meta name=\"author\" content=\"Daniely Cardoso\" \/>\n<meta name=\"twitter:card\" content=\"summary_large_image\" \/>\n<meta name=\"twitter:label1\" content=\"Escrito por\" \/>\n\t<meta name=\"twitter:data1\" content=\"Daniely Cardoso\" \/>\n\t<meta name=\"twitter:label2\" content=\"Est. tempo de leitura\" \/>\n\t<meta name=\"twitter:data2\" content=\"5 minutos\" \/>\n<!-- \/ Yoast SEO plugin. -->","yoast_head_json":{"title":"Psicologia revela por que pessoas desconfiadas na vida adulta desenvolveram esse mecanismo na inf\u00e2ncia - Estado de Minas - Em foco","description":"Psicologia revela que a desconfian\u00e7a pode ser um mecanismo de prote\u00e7\u00e3o emocional desenvolvido na inf\u00e2ncia e n\u00e3o um tra\u00e7o negativo.","robots":{"index":"index","follow":"follow","max-snippet":"max-snippet:-1","max-image-preview":"max-image-preview:large","max-video-preview":"max-video-preview:-1"},"canonical":"https:\/\/www.em.com.br\/emfoco\/2026\/04\/26\/psicologia-revela-por-que-pessoas-desconfiadas-na-vida-adulta-desenvolveram-esse-mecanismo-na-infancia\/","og_locale":"pt_BR","og_type":"article","og_title":"Psicologia revela por que pessoas desconfiadas na vida adulta desenvolveram esse mecanismo na inf\u00e2ncia - Estado de Minas - Em foco","og_description":"Psicologia revela que a desconfian\u00e7a pode ser um mecanismo de prote\u00e7\u00e3o emocional desenvolvido na inf\u00e2ncia e n\u00e3o um tra\u00e7o negativo.","og_url":"https:\/\/www.em.com.br\/emfoco\/2026\/04\/26\/psicologia-revela-por-que-pessoas-desconfiadas-na-vida-adulta-desenvolveram-esse-mecanismo-na-infancia\/","og_site_name":"Estado de Minas - Em foco","article_published_time":"2026-04-27T00:15:00+00:00","article_modified_time":"2026-04-25T17:36:48+00:00","og_image":[{"width":1280,"height":720,"url":"https:\/\/www.em.com.br\/emfoco\/wp-content\/uploads\/2026\/04\/EmFoco_57-6.jpg","type":"image\/jpeg"}],"author":"Daniely Cardoso","twitter_card":"summary_large_image","twitter_misc":{"Escrito por":"Daniely Cardoso","Est. tempo de leitura":"5 minutos"},"schema":{"@context":"https:\/\/schema.org","@graph":[{"@type":"WebPage","@id":"https:\/\/www.em.com.br\/emfoco\/2026\/04\/26\/psicologia-revela-por-que-pessoas-desconfiadas-na-vida-adulta-desenvolveram-esse-mecanismo-na-infancia\/","url":"https:\/\/www.em.com.br\/emfoco\/2026\/04\/26\/psicologia-revela-por-que-pessoas-desconfiadas-na-vida-adulta-desenvolveram-esse-mecanismo-na-infancia\/","name":"Psicologia revela por que pessoas desconfiadas na vida adulta desenvolveram esse mecanismo na inf\u00e2ncia - Estado de Minas - Em foco","isPartOf":{"@id":"https:\/\/www.em.com.br\/emfoco\/#website"},"primaryImageOfPage":{"@id":"https:\/\/www.em.com.br\/emfoco\/2026\/04\/26\/psicologia-revela-por-que-pessoas-desconfiadas-na-vida-adulta-desenvolveram-esse-mecanismo-na-infancia\/#primaryimage"},"image":{"@id":"https:\/\/www.em.com.br\/emfoco\/2026\/04\/26\/psicologia-revela-por-que-pessoas-desconfiadas-na-vida-adulta-desenvolveram-esse-mecanismo-na-infancia\/#primaryimage"},"thumbnailUrl":"https:\/\/www.em.com.br\/emfoco\/wp-content\/uploads\/2026\/04\/EmFoco_57-6.jpg","datePublished":"2026-04-27T00:15:00+00:00","dateModified":"2026-04-25T17:36:48+00:00","author":{"@id":"https:\/\/www.em.com.br\/emfoco\/#\/schema\/person\/0a8186d72f2c3a5c6276d90b41f271a0"},"description":"Psicologia revela que a desconfian\u00e7a pode ser um mecanismo de prote\u00e7\u00e3o emocional desenvolvido na inf\u00e2ncia e n\u00e3o um tra\u00e7o negativo.","breadcrumb":{"@id":"https:\/\/www.em.com.br\/emfoco\/2026\/04\/26\/psicologia-revela-por-que-pessoas-desconfiadas-na-vida-adulta-desenvolveram-esse-mecanismo-na-infancia\/#breadcrumb"},"inLanguage":"pt-BR","potentialAction":[{"@type":"ReadAction","target":["https:\/\/www.em.com.br\/emfoco\/2026\/04\/26\/psicologia-revela-por-que-pessoas-desconfiadas-na-vida-adulta-desenvolveram-esse-mecanismo-na-infancia\/"]}]},{"@type":"ImageObject","inLanguage":"pt-BR","@id":"https:\/\/www.em.com.br\/emfoco\/2026\/04\/26\/psicologia-revela-por-que-pessoas-desconfiadas-na-vida-adulta-desenvolveram-esse-mecanismo-na-infancia\/#primaryimage","url":"https:\/\/www.em.com.br\/emfoco\/wp-content\/uploads\/2026\/04\/EmFoco_57-6.jpg","contentUrl":"https:\/\/www.em.com.br\/emfoco\/wp-content\/uploads\/2026\/04\/EmFoco_57-6.jpg","width":1280,"height":720,"caption":"Psicologia comportamental explica a desconfian\u00e7a na fase adulta como mecanismo de autoprote\u00e7\u00e3o"},{"@type":"BreadcrumbList","@id":"https:\/\/www.em.com.br\/emfoco\/2026\/04\/26\/psicologia-revela-por-que-pessoas-desconfiadas-na-vida-adulta-desenvolveram-esse-mecanismo-na-infancia\/#breadcrumb","itemListElement":[{"@type":"ListItem","position":1,"name":"In\u00edcio","item":"https:\/\/www.em.com.br\/emfoco\/"},{"@type":"ListItem","position":2,"name":"Psicologia revela por que pessoas desconfiadas na vida adulta desenvolveram esse mecanismo na inf\u00e2ncia"}]},{"@type":"WebSite","@id":"https:\/\/www.em.com.br\/emfoco\/#website","url":"https:\/\/www.em.com.br\/emfoco\/","name":"Estado de Minas - Em foco","description":"Acompanhe as \u00faltimas not\u00edcias e fique bem informado sobre tudo o que acontece em Minas Gerais, Brasil e no mundo.","potentialAction":[{"@type":"SearchAction","target":{"@type":"EntryPoint","urlTemplate":"https:\/\/www.em.com.br\/emfoco\/?s={search_term_string}"},"query-input":{"@type":"PropertyValueSpecification","valueRequired":true,"valueName":"search_term_string"}}],"inLanguage":"pt-BR"},{"@type":"Person","@id":"https:\/\/www.em.com.br\/emfoco\/#\/schema\/person\/0a8186d72f2c3a5c6276d90b41f271a0","name":"Daniely Cardoso","image":{"@type":"ImageObject","inLanguage":"pt-BR","@id":"https:\/\/www.em.com.br\/emfoco\/#\/schema\/person\/image\/","url":"https:\/\/secure.gravatar.com\/avatar\/4b80ddbd124d1f071b626d52d62e5dff?s=96&d=mm&r=g","contentUrl":"https:\/\/secure.gravatar.com\/avatar\/4b80ddbd124d1f071b626d52d62e5dff?s=96&d=mm&r=g","caption":"Daniely Cardoso"},"url":"https:\/\/www.em.com.br\/emfoco\/author\/danielymyth\/"}]}},"_links":{"self":[{"href":"https:\/\/www.em.com.br\/emfoco\/wp-json\/wp\/v2\/posts\/198482","targetHints":{"allow":["GET"]}}],"collection":[{"href":"https:\/\/www.em.com.br\/emfoco\/wp-json\/wp\/v2\/posts"}],"about":[{"href":"https:\/\/www.em.com.br\/emfoco\/wp-json\/wp\/v2\/types\/post"}],"author":[{"embeddable":true,"href":"https:\/\/www.em.com.br\/emfoco\/wp-json\/wp\/v2\/users\/9"}],"replies":[{"embeddable":true,"href":"https:\/\/www.em.com.br\/emfoco\/wp-json\/wp\/v2\/comments?post=198482"}],"version-history":[{"count":1,"href":"https:\/\/www.em.com.br\/emfoco\/wp-json\/wp\/v2\/posts\/198482\/revisions"}],"predecessor-version":[{"id":198499,"href":"https:\/\/www.em.com.br\/emfoco\/wp-json\/wp\/v2\/posts\/198482\/revisions\/198499"}],"wp:featuredmedia":[{"embeddable":true,"href":"https:\/\/www.em.com.br\/emfoco\/wp-json\/wp\/v2\/media\/199340"}],"wp:attachment":[{"href":"https:\/\/www.em.com.br\/emfoco\/wp-json\/wp\/v2\/media?parent=198482"}],"wp:term":[{"taxonomy":"category","embeddable":true,"href":"https:\/\/www.em.com.br\/emfoco\/wp-json\/wp\/v2\/categories?post=198482"},{"taxonomy":"post_tag","embeddable":true,"href":"https:\/\/www.em.com.br\/emfoco\/wp-json\/wp\/v2\/tags?post=198482"}],"curies":[{"name":"wp","href":"https:\/\/api.w.org\/{rel}","templated":true}]}}