{"id":198468,"date":"2026-04-26T17:15:00","date_gmt":"2026-04-26T20:15:00","guid":{"rendered":"https:\/\/www.em.com.br\/emfoco\/?p=198468"},"modified":"2026-04-25T14:36:24","modified_gmt":"2026-04-25T17:36:24","slug":"criancas-que-crescem-com-animais-desenvolvem-uma-competencia-emocional-rara-e-altamente-valorizada-hoje","status":"publish","type":"post","link":"https:\/\/www.em.com.br\/emfoco\/2026\/04\/26\/criancas-que-crescem-com-animais-desenvolvem-uma-competencia-emocional-rara-e-altamente-valorizada-hoje\/","title":{"rendered":"Crian\u00e7as que crescem com animais desenvolvem uma compet\u00eancia emocional rara e altamente valorizada hoje"},"content":{"rendered":"\n<p>A conviv\u00eancia entre crian\u00e7as e animais vai muito al\u00e9m da divers\u00e3o dom\u00e9stica e das mem\u00f3rias afetivas criadas no quintal. Um estudo recente aponta que crescer com <strong>mascotas<\/strong> \u00e9 um fator determinante para o desenvolvimento de uma compet\u00eancia psicol\u00f3gica que define o sucesso nas rela\u00e7\u00f5es humanas durante a maturidade.<\/p>\n\n\n\n<h2 class=\"wp-block-heading\">O desenvolvimento da empatia cognitiva atrav\u00e9s do cuidado animal<\/h2>\n\n\n\n<p>A pesquisa revela que a intera\u00e7\u00e3o di\u00e1ria com um ser que n\u00e3o utiliza a linguagem verbal obriga a crian\u00e7a a decifrar sinais e necessidades n\u00e3o ditas. Esse exerc\u00edcio constante fortalece a <strong>empatia cognitiva<\/strong>, permitindo que o indiv\u00edduo desenvolva uma sensibilidade agu\u00e7ada para compreender o estado emocional do pr\u00f3ximo sem a necessidade de explica\u00e7\u00f5es expl\u00edcitas.<\/p>\n\n\n\n<p>Ao cuidar de um c\u00e3o ou gato, o jovem aprende a colocar as necessidades de outro ser vivo em pauta. Esse processo reduz tend\u00eancias ao narcisismo e cria uma base s\u00f3lida para a <strong>responsabilidade afetiva<\/strong>, uma caracter\u00edstica cada vez mais valorizada em ambientes corporativos e din\u00e2micas familiares complexas.<\/p>\n\n\n<div class=\"wp-block-image\">\n<figure class=\"aligncenter size-large\"><img loading=\"lazy\" decoding=\"async\" width=\"1024\" height=\"576\" src=\"https:\/\/www.em.com.br\/emfoco\/wp-content\/uploads\/2026\/04\/animais-de-estimacao--1024x576.jpg\" alt=\"\" class=\"wp-image-198471\" srcset=\"https:\/\/www.em.com.br\/emfoco\/wp-content\/uploads\/2026\/04\/animais-de-estimacao--1024x576.jpg 1024w, https:\/\/www.em.com.br\/emfoco\/wp-content\/uploads\/2026\/04\/animais-de-estimacao--300x169.jpg 300w, https:\/\/www.em.com.br\/emfoco\/wp-content\/uploads\/2026\/04\/animais-de-estimacao--768x432.jpg 768w, https:\/\/www.em.com.br\/emfoco\/wp-content\/uploads\/2026\/04\/animais-de-estimacao--750x422.jpg 750w, https:\/\/www.em.com.br\/emfoco\/wp-content\/uploads\/2026\/04\/animais-de-estimacao--1140x641.jpg 1140w, https:\/\/www.em.com.br\/emfoco\/wp-content\/uploads\/2026\/04\/animais-de-estimacao-.jpg 1280w\" sizes=\"auto, (max-width: 1024px) 100vw, 1024px\" \/><figcaption class=\"wp-element-caption\">Essa estabilidade emocional funciona como um diferencial competitivo <\/figcaption><\/figure><\/div>\n\n\n<h2 class=\"wp-block-heading\">A constru\u00e7\u00e3o da resili\u00eancia e a gest\u00e3o da frustra\u00e7\u00e3o<\/h2>\n\n\n\n<p>Diferente do mundo digital, os animais possuem vontades pr\u00f3prias e ritmos biol\u00f3gicos que n\u00e3o podem ser apressados por um clique. Essa conviv\u00eancia ensina a <strong>gest\u00e3o da frustra\u00e7\u00e3o<\/strong>, pois a crian\u00e7a compreende que o tempo do outro deve ser respeitado, desenvolvendo uma paci\u00eancia que se traduz em equil\u00edbrio emocional na fase adulta.<\/p>\n\n\n\n<p>A<a href=\"https:\/\/pmc.ncbi.nlm.nih.gov\/articles\/PMC3408111\/\" target=\"_blank\" rel=\"noreferrer noopener\"> psicologia destaca que o contato com a natureza e o ciclo de vida dos pets <\/a>prepara o jovem para lidar com perdas e mudan\u00e7as inevit\u00e1veis de forma mais estruturada. Essa <strong>estabilidade emocional<\/strong> funciona como um diferencial competitivo, permitindo que o adulto mantenha a calma em situa\u00e7\u00f5es de alta press\u00e3o ou crises interpessoais severas.<\/p>\n\n\n\n<h2 class=\"wp-block-heading\">Benef\u00edcios pr\u00e1ticos na forma\u00e7\u00e3o do car\u00e1ter infantil<\/h2>\n\n\n\n<p>A rotina de alimenta\u00e7\u00e3o, higiene e passeios estabelece um senso de dever que molda a autodisciplina de maneira l\u00fadica e eficiente. Esse compromisso di\u00e1rio reflete na capacidade de <strong>organiza\u00e7\u00e3o pessoal<\/strong>, transformando crian\u00e7as mais atentas em adultos que cumprem prazos e honram acordos com maior naturalidade e \u00e9tica profissional.<\/p>\n\n\n<div class=\"wp-block-image\">\n<figure class=\"aligncenter size-large\"><img loading=\"lazy\" decoding=\"async\" width=\"1024\" height=\"354\" src=\"https:\/\/www.em.com.br\/emfoco\/wp-content\/uploads\/2026\/04\/convertido-8-1024x354.jpg\" alt=\"\" class=\"wp-image-198475\" srcset=\"https:\/\/www.em.com.br\/emfoco\/wp-content\/uploads\/2026\/04\/convertido-8-1024x354.jpg 1024w, https:\/\/www.em.com.br\/emfoco\/wp-content\/uploads\/2026\/04\/convertido-8-300x104.jpg 300w, https:\/\/www.em.com.br\/emfoco\/wp-content\/uploads\/2026\/04\/convertido-8-768x265.jpg 768w, https:\/\/www.em.com.br\/emfoco\/wp-content\/uploads\/2026\/04\/convertido-8-750x259.jpg 750w, https:\/\/www.em.com.br\/emfoco\/wp-content\/uploads\/2026\/04\/convertido-8-1140x394.jpg 1140w, https:\/\/www.em.com.br\/emfoco\/wp-content\/uploads\/2026\/04\/convertido-8.jpg 1280w\" sizes=\"auto, (max-width: 1024px) 100vw, 1024px\" \/><figcaption class=\"wp-element-caption\">Diferente do mundo digital, os animais possuem vontades pr\u00f3prias e ritmos biol\u00f3gicos que n\u00e3o podem ser apressados<\/figcaption><\/figure><\/div>\n\n\n<p>Esses ganhos comportamentais s\u00e3o integrados \u00e0 personalidade de forma permanente, servindo como uma base de seguran\u00e7a interna. Observar como seu filho interage com o animal de estima\u00e7\u00e3o pode oferecer pistas valiosas sobre como ele exercer\u00e1 a <strong>lideran\u00e7a emp\u00e1tica<\/strong> no futuro mercado de trabalho.<\/p>\n\n\n\n<p>Leia tamb\u00e9m: <a href=\"https:\/\/www.em.com.br\/emfoco\/2026\/01\/23\/a-psicologia-por-tras-das-pessoas-que-nunca-postam-nas-redes-sociais\/\" target=\"_blank\" rel=\"noreferrer noopener\">A psicologia por tr\u00e1s das pessoas que nunca postam nas redes sociais<\/a><\/p>\n\n\n\n<h2 class=\"wp-block-heading\">Como a intelig\u00eancia emocional se manifesta no ambiente profissional<\/h2>\n\n\n\n<p>Adultos que cresceram com animais tendem a apresentar uma maior facilidade em trabalhar em equipe e mediar conflitos de forma pac\u00edfica. A <strong>intelig\u00eancia emocional<\/strong> adquirida na inf\u00e2ncia permite que esses profissionais identifiquem nuances no clima organizacional, antecipando problemas e propondo solu\u00e7\u00f5es que priorizam o bem-estar coletivo sem sacrificar a efici\u00eancia t\u00e9cnica.<\/p>\n\n\n\n<p>Essa habilidade de &#8220;ler o ambiente&#8221; \u00e9 um reflexo direto dos anos de observa\u00e7\u00e3o dos instintos e rea\u00e7\u00f5es de suas <strong>mascotas<\/strong> durante o crescimento. O profissional que possui essa bagagem costuma ser mais resiliente ao feedback e demonstra uma <strong>adaptabilidade social<\/strong> superior em contextos multiculturais e diversos, t\u00edpicos da economia globalizada atual.<\/p>\n\n\n<div class=\"wp-block-image\">\n<figure class=\"aligncenter size-large\"><img loading=\"lazy\" decoding=\"async\" width=\"1024\" height=\"576\" src=\"https:\/\/www.em.com.br\/emfoco\/wp-content\/uploads\/2026\/04\/animais-de-estimacao-1-1024x576.jpg\" alt=\"\" class=\"wp-image-198473\" srcset=\"https:\/\/www.em.com.br\/emfoco\/wp-content\/uploads\/2026\/04\/animais-de-estimacao-1-1024x576.jpg 1024w, https:\/\/www.em.com.br\/emfoco\/wp-content\/uploads\/2026\/04\/animais-de-estimacao-1-300x169.jpg 300w, https:\/\/www.em.com.br\/emfoco\/wp-content\/uploads\/2026\/04\/animais-de-estimacao-1-768x432.jpg 768w, https:\/\/www.em.com.br\/emfoco\/wp-content\/uploads\/2026\/04\/animais-de-estimacao-1-750x422.jpg 750w, https:\/\/www.em.com.br\/emfoco\/wp-content\/uploads\/2026\/04\/animais-de-estimacao-1-1140x641.jpg 1140w, https:\/\/www.em.com.br\/emfoco\/wp-content\/uploads\/2026\/04\/animais-de-estimacao-1.jpg 1280w\" sizes=\"auto, (max-width: 1024px) 100vw, 1024px\" \/><figcaption class=\"wp-element-caption\">Diferente do mundo digital, os animais possuem vontades pr\u00f3prias e ritmos biol\u00f3gicos que n\u00e3o podem ser apressados<\/figcaption><\/figure><\/div>\n\n\n<h2 class=\"wp-block-heading\">O papel transformador do v\u00ednculo entre humanos e animais<\/h2>\n\n\n\n<p>O estudo refor\u00e7a que o investimento em um animal de estima\u00e7\u00e3o \u00e9, na verdade, um investimento na sa\u00fade mental e nas compet\u00eancias sociais da pr\u00f3xima gera\u00e7\u00e3o. A <strong>ci\u00eancia do comportamento<\/strong> confirma que o amor incondicional recebido de um pet cria um porto seguro emocional que incentiva a explora\u00e7\u00e3o do mundo com mais coragem e determina\u00e7\u00e3o.<\/p>\n\n\n\n<p>Entender essa conex\u00e3o \u00e9 fundamental para pais que desejam proporcionar uma forma\u00e7\u00e3o humana integral e preparada para os desafios modernos. Ao incentivar o respeito pelos animais, estamos cultivando uma sociedade mais consciente, onde a <strong>compaix\u00e3o e o cuidado<\/strong> s\u00e3o os pilares para uma conviv\u00eancia harm\u00f4nica e produtiva em todas as esferas da vida.<\/p>\n","protected":false},"excerpt":{"rendered":"<p>A conviv\u00eancia entre crian\u00e7as e animais vai muito al\u00e9m da divers\u00e3o dom\u00e9stica e das mem\u00f3rias afetivas criadas no quintal. Um estudo recente aponta que crescer com mascotas \u00e9 um fator determinante para o desenvolvimento de uma compet\u00eancia psicol\u00f3gica que define o sucesso nas rela\u00e7\u00f5es humanas durante a maturidade. O desenvolvimento da empatia cognitiva atrav\u00e9s do [&hellip;]<\/p>\n","protected":false},"author":9,"featured_media":199343,"comment_status":"open","ping_status":"open","sticky":false,"template":"","format":"standard","meta":{"jnews-multi-image_gallery":[],"jnews_single_post":{"format":"standard"},"jnews_primary_category":[],"jnews_social_meta":[],"jnews_override_counter":[],"footnotes":""},"categories":[8819],"tags":[5876,28666,1043],"class_list":["post-198468","post","type-post","status-publish","format-standard","has-post-thumbnail","hentry","category-curiosidades","tag-animais-de-estimacao","tag-cuidado-animal","tag-infancia"],"yoast_head":"<!-- This site is optimized with the Yoast SEO plugin v23.8 - https:\/\/yoast.com\/wordpress\/plugins\/seo\/ -->\n<title>Crian\u00e7as que crescem com animais desenvolvem uma compet\u00eancia emocional rara e altamente valorizada hoje - Estado de Minas - Em foco<\/title>\n<meta name=\"description\" content=\"Estudo revela que crescer com animais desenvolve empatia, resili\u00eancia e intelig\u00eancia emocional que impactam rela\u00e7\u00f5es na vida adulta.\" \/>\n<meta name=\"robots\" content=\"index, follow, max-snippet:-1, max-image-preview:large, max-video-preview:-1\" \/>\n<link rel=\"canonical\" href=\"https:\/\/www.em.com.br\/emfoco\/2026\/04\/26\/criancas-que-crescem-com-animais-desenvolvem-uma-competencia-emocional-rara-e-altamente-valorizada-hoje\/\" \/>\n<meta property=\"og:locale\" content=\"pt_BR\" \/>\n<meta property=\"og:type\" content=\"article\" \/>\n<meta property=\"og:title\" content=\"Crian\u00e7as que crescem com animais desenvolvem uma compet\u00eancia emocional rara e altamente valorizada hoje - Estado de Minas - Em foco\" \/>\n<meta property=\"og:description\" content=\"Estudo revela que crescer com animais desenvolve empatia, resili\u00eancia e intelig\u00eancia emocional que impactam rela\u00e7\u00f5es na vida adulta.\" \/>\n<meta property=\"og:url\" content=\"https:\/\/www.em.com.br\/emfoco\/2026\/04\/26\/criancas-que-crescem-com-animais-desenvolvem-uma-competencia-emocional-rara-e-altamente-valorizada-hoje\/\" \/>\n<meta property=\"og:site_name\" content=\"Estado de Minas - Em foco\" \/>\n<meta property=\"article:published_time\" content=\"2026-04-26T20:15:00+00:00\" \/>\n<meta property=\"article:modified_time\" content=\"2026-04-25T17:36:24+00:00\" \/>\n<meta property=\"og:image\" content=\"https:\/\/www.em.com.br\/emfoco\/wp-content\/uploads\/2026\/04\/EmFoco_54-5.jpg\" \/>\n\t<meta property=\"og:image:width\" content=\"1280\" \/>\n\t<meta property=\"og:image:height\" content=\"720\" \/>\n\t<meta property=\"og:image:type\" content=\"image\/jpeg\" \/>\n<meta name=\"author\" content=\"Daniely Cardoso\" \/>\n<meta name=\"twitter:card\" content=\"summary_large_image\" \/>\n<meta name=\"twitter:label1\" content=\"Escrito por\" \/>\n\t<meta name=\"twitter:data1\" content=\"Daniely Cardoso\" \/>\n\t<meta name=\"twitter:label2\" content=\"Est. tempo de leitura\" \/>\n\t<meta name=\"twitter:data2\" content=\"5 minutos\" \/>\n<!-- \/ Yoast SEO plugin. -->","yoast_head_json":{"title":"Crian\u00e7as que crescem com animais desenvolvem uma compet\u00eancia emocional rara e altamente valorizada hoje - Estado de Minas - Em foco","description":"Estudo revela que crescer com animais desenvolve empatia, resili\u00eancia e intelig\u00eancia emocional que impactam rela\u00e7\u00f5es na vida adulta.","robots":{"index":"index","follow":"follow","max-snippet":"max-snippet:-1","max-image-preview":"max-image-preview:large","max-video-preview":"max-video-preview:-1"},"canonical":"https:\/\/www.em.com.br\/emfoco\/2026\/04\/26\/criancas-que-crescem-com-animais-desenvolvem-uma-competencia-emocional-rara-e-altamente-valorizada-hoje\/","og_locale":"pt_BR","og_type":"article","og_title":"Crian\u00e7as que crescem com animais desenvolvem uma compet\u00eancia emocional rara e altamente valorizada hoje - Estado de Minas - Em foco","og_description":"Estudo revela que crescer com animais desenvolve empatia, resili\u00eancia e intelig\u00eancia emocional que impactam rela\u00e7\u00f5es na vida adulta.","og_url":"https:\/\/www.em.com.br\/emfoco\/2026\/04\/26\/criancas-que-crescem-com-animais-desenvolvem-uma-competencia-emocional-rara-e-altamente-valorizada-hoje\/","og_site_name":"Estado de Minas - Em foco","article_published_time":"2026-04-26T20:15:00+00:00","article_modified_time":"2026-04-25T17:36:24+00:00","og_image":[{"width":1280,"height":720,"url":"https:\/\/www.em.com.br\/emfoco\/wp-content\/uploads\/2026\/04\/EmFoco_54-5.jpg","type":"image\/jpeg"}],"author":"Daniely Cardoso","twitter_card":"summary_large_image","twitter_misc":{"Escrito por":"Daniely Cardoso","Est. tempo de leitura":"5 minutos"},"schema":{"@context":"https:\/\/schema.org","@graph":[{"@type":"WebPage","@id":"https:\/\/www.em.com.br\/emfoco\/2026\/04\/26\/criancas-que-crescem-com-animais-desenvolvem-uma-competencia-emocional-rara-e-altamente-valorizada-hoje\/","url":"https:\/\/www.em.com.br\/emfoco\/2026\/04\/26\/criancas-que-crescem-com-animais-desenvolvem-uma-competencia-emocional-rara-e-altamente-valorizada-hoje\/","name":"Crian\u00e7as que crescem com animais desenvolvem uma compet\u00eancia emocional rara e altamente valorizada hoje - Estado de Minas - Em foco","isPartOf":{"@id":"https:\/\/www.em.com.br\/emfoco\/#website"},"primaryImageOfPage":{"@id":"https:\/\/www.em.com.br\/emfoco\/2026\/04\/26\/criancas-que-crescem-com-animais-desenvolvem-uma-competencia-emocional-rara-e-altamente-valorizada-hoje\/#primaryimage"},"image":{"@id":"https:\/\/www.em.com.br\/emfoco\/2026\/04\/26\/criancas-que-crescem-com-animais-desenvolvem-uma-competencia-emocional-rara-e-altamente-valorizada-hoje\/#primaryimage"},"thumbnailUrl":"https:\/\/www.em.com.br\/emfoco\/wp-content\/uploads\/2026\/04\/EmFoco_54-5.jpg","datePublished":"2026-04-26T20:15:00+00:00","dateModified":"2026-04-25T17:36:24+00:00","author":{"@id":"https:\/\/www.em.com.br\/emfoco\/#\/schema\/person\/0a8186d72f2c3a5c6276d90b41f271a0"},"description":"Estudo revela que crescer com animais desenvolve empatia, resili\u00eancia e intelig\u00eancia emocional que impactam rela\u00e7\u00f5es na vida adulta.","breadcrumb":{"@id":"https:\/\/www.em.com.br\/emfoco\/2026\/04\/26\/criancas-que-crescem-com-animais-desenvolvem-uma-competencia-emocional-rara-e-altamente-valorizada-hoje\/#breadcrumb"},"inLanguage":"pt-BR","potentialAction":[{"@type":"ReadAction","target":["https:\/\/www.em.com.br\/emfoco\/2026\/04\/26\/criancas-que-crescem-com-animais-desenvolvem-uma-competencia-emocional-rara-e-altamente-valorizada-hoje\/"]}]},{"@type":"ImageObject","inLanguage":"pt-BR","@id":"https:\/\/www.em.com.br\/emfoco\/2026\/04\/26\/criancas-que-crescem-com-animais-desenvolvem-uma-competencia-emocional-rara-e-altamente-valorizada-hoje\/#primaryimage","url":"https:\/\/www.em.com.br\/emfoco\/wp-content\/uploads\/2026\/04\/EmFoco_54-5.jpg","contentUrl":"https:\/\/www.em.com.br\/emfoco\/wp-content\/uploads\/2026\/04\/EmFoco_54-5.jpg","width":1280,"height":720,"caption":"Conviv\u00eancia com animais na inf\u00e2ncia como fator determinante para o desenvolvimento da empatia"},{"@type":"BreadcrumbList","@id":"https:\/\/www.em.com.br\/emfoco\/2026\/04\/26\/criancas-que-crescem-com-animais-desenvolvem-uma-competencia-emocional-rara-e-altamente-valorizada-hoje\/#breadcrumb","itemListElement":[{"@type":"ListItem","position":1,"name":"In\u00edcio","item":"https:\/\/www.em.com.br\/emfoco\/"},{"@type":"ListItem","position":2,"name":"Crian\u00e7as que crescem com animais desenvolvem uma compet\u00eancia emocional rara e altamente valorizada hoje"}]},{"@type":"WebSite","@id":"https:\/\/www.em.com.br\/emfoco\/#website","url":"https:\/\/www.em.com.br\/emfoco\/","name":"Estado de Minas - Em foco","description":"Acompanhe as \u00faltimas not\u00edcias e fique bem informado sobre tudo o que acontece em Minas Gerais, Brasil e no mundo.","potentialAction":[{"@type":"SearchAction","target":{"@type":"EntryPoint","urlTemplate":"https:\/\/www.em.com.br\/emfoco\/?s={search_term_string}"},"query-input":{"@type":"PropertyValueSpecification","valueRequired":true,"valueName":"search_term_string"}}],"inLanguage":"pt-BR"},{"@type":"Person","@id":"https:\/\/www.em.com.br\/emfoco\/#\/schema\/person\/0a8186d72f2c3a5c6276d90b41f271a0","name":"Daniely Cardoso","image":{"@type":"ImageObject","inLanguage":"pt-BR","@id":"https:\/\/www.em.com.br\/emfoco\/#\/schema\/person\/image\/","url":"https:\/\/secure.gravatar.com\/avatar\/4b80ddbd124d1f071b626d52d62e5dff?s=96&d=mm&r=g","contentUrl":"https:\/\/secure.gravatar.com\/avatar\/4b80ddbd124d1f071b626d52d62e5dff?s=96&d=mm&r=g","caption":"Daniely Cardoso"},"url":"https:\/\/www.em.com.br\/emfoco\/author\/danielymyth\/"}]}},"_links":{"self":[{"href":"https:\/\/www.em.com.br\/emfoco\/wp-json\/wp\/v2\/posts\/198468","targetHints":{"allow":["GET"]}}],"collection":[{"href":"https:\/\/www.em.com.br\/emfoco\/wp-json\/wp\/v2\/posts"}],"about":[{"href":"https:\/\/www.em.com.br\/emfoco\/wp-json\/wp\/v2\/types\/post"}],"author":[{"embeddable":true,"href":"https:\/\/www.em.com.br\/emfoco\/wp-json\/wp\/v2\/users\/9"}],"replies":[{"embeddable":true,"href":"https:\/\/www.em.com.br\/emfoco\/wp-json\/wp\/v2\/comments?post=198468"}],"version-history":[{"count":2,"href":"https:\/\/www.em.com.br\/emfoco\/wp-json\/wp\/v2\/posts\/198468\/revisions"}],"predecessor-version":[{"id":198484,"href":"https:\/\/www.em.com.br\/emfoco\/wp-json\/wp\/v2\/posts\/198468\/revisions\/198484"}],"wp:featuredmedia":[{"embeddable":true,"href":"https:\/\/www.em.com.br\/emfoco\/wp-json\/wp\/v2\/media\/199343"}],"wp:attachment":[{"href":"https:\/\/www.em.com.br\/emfoco\/wp-json\/wp\/v2\/media?parent=198468"}],"wp:term":[{"taxonomy":"category","embeddable":true,"href":"https:\/\/www.em.com.br\/emfoco\/wp-json\/wp\/v2\/categories?post=198468"},{"taxonomy":"post_tag","embeddable":true,"href":"https:\/\/www.em.com.br\/emfoco\/wp-json\/wp\/v2\/tags?post=198468"}],"curies":[{"name":"wp","href":"https:\/\/api.w.org\/{rel}","templated":true}]}}