{"id":198458,"date":"2026-04-25T21:15:00","date_gmt":"2026-04-26T00:15:00","guid":{"rendered":"https:\/\/www.em.com.br\/emfoco\/?p=198458"},"modified":"2026-04-24T22:01:42","modified_gmt":"2026-04-25T01:01:42","slug":"estudo-revela-a-habilidade-rara-que-pessoas-nascidas-entre-50-e-70-desenvolveram-ao-crescer-sem-tecnologia","status":"publish","type":"post","link":"https:\/\/www.em.com.br\/emfoco\/2026\/04\/25\/estudo-revela-a-habilidade-rara-que-pessoas-nascidas-entre-50-e-70-desenvolveram-ao-crescer-sem-tecnologia\/","title":{"rendered":"Estudo revela a habilidade rara que pessoas nascidas entre 50 e 70 desenvolveram ao crescer sem tecnologia"},"content":{"rendered":"\n<p>Uma pesquisa recente trouxe \u00e0 tona descobertas fascinantes sobre o perfil comportamental de quem viveu a inf\u00e2ncia e juventude na segunda metade do s\u00e9culo XX. O estudo identifica que os nascidos entre <strong>1950 e 1970<\/strong> possuem uma compet\u00eancia mental espec\u00edfica que se tornou rara e extremamente valiosa na sociedade digital contempor\u00e2nea.<\/p>\n\n\n\n<h2 class=\"wp-block-heading\">O poder da resili\u00eancia forjada antes da era digital<\/h2>\n\n\n\n<p>As gera\u00e7\u00f5es conhecidas como <strong>Baby Boomers<\/strong> e <strong>Gera\u00e7\u00e3o X<\/strong> cresceram em um ambiente onde a gratifica\u00e7\u00e3o instant\u00e2nea n\u00e3o existia, exigindo paci\u00eancia e esfor\u00e7o cont\u00ednuo. Essa exposi\u00e7\u00e3o prolongada \u00e0 espera e \u00e0 resolu\u00e7\u00e3o manual de problemas pr\u00e1ticos consolidou uma <strong>resili\u00eancia psicol\u00f3gica<\/strong> que funciona como um escudo contra o estresse moderno.<\/p>\n\n\n\n<p>Diferente dos jovens atuais, esse grupo desenvolveu uma capacidade de <strong>foco profundo<\/strong> sem a fragmenta\u00e7\u00e3o de aten\u00e7\u00e3o causada pelas notifica\u00e7\u00f5es constantes. No cotidiano de pa\u00edses como a <strong>Argentina<\/strong> ou o <strong>Brasil<\/strong>, essa habilidade de manter o eixo emocional diante de crises econ\u00f4micas e sociais \u00e9 um tra\u00e7o distintivo dessas faixas et\u00e1rias.<\/p>\n\n\n<div class=\"wp-block-image\">\n<figure class=\"aligncenter size-large\"><img loading=\"lazy\" decoding=\"async\" width=\"1024\" height=\"576\" src=\"https:\/\/www.em.com.br\/emfoco\/wp-content\/uploads\/2026\/04\/geracao-anos-70_1777043360825-1024x576.jpg\" alt=\"\" class=\"wp-image-198466\" srcset=\"https:\/\/www.em.com.br\/emfoco\/wp-content\/uploads\/2026\/04\/geracao-anos-70_1777043360825-1024x576.jpg 1024w, https:\/\/www.em.com.br\/emfoco\/wp-content\/uploads\/2026\/04\/geracao-anos-70_1777043360825-300x169.jpg 300w, https:\/\/www.em.com.br\/emfoco\/wp-content\/uploads\/2026\/04\/geracao-anos-70_1777043360825-768x432.jpg 768w, https:\/\/www.em.com.br\/emfoco\/wp-content\/uploads\/2026\/04\/geracao-anos-70_1777043360825-750x422.jpg 750w, https:\/\/www.em.com.br\/emfoco\/wp-content\/uploads\/2026\/04\/geracao-anos-70_1777043360825-1140x641.jpg 1140w, https:\/\/www.em.com.br\/emfoco\/wp-content\/uploads\/2026\/04\/geracao-anos-70_1777043360825.jpg 1280w\" sizes=\"auto, (max-width: 1024px) 100vw, 1024px\" \/><figcaption class=\"wp-element-caption\">As gera\u00e7\u00f5es conhecidas como Baby Boomers e Gera\u00e7\u00e3o X cresceram em um ambiente onde a gratifica\u00e7\u00e3o instant\u00e2nea n\u00e3o existia &#8211; Cr\u00e9ditos: depositphotos.com \/ aremafoto<\/figcaption><\/figure><\/div>\n\n\n<p>Leia tamb\u00e9m: <a href=\"https:\/\/www.em.com.br\/emfoco\/2026\/01\/23\/a-psicologia-por-tras-das-pessoas-que-nunca-postam-nas-redes-sociais\/\" target=\"_blank\" rel=\"noreferrer noopener\">A psicologia por tr\u00e1s das pessoas que nunca postam nas redes sociais<\/a><\/p>\n\n\n\n<h2 class=\"wp-block-heading\">A habilidade chave de resolu\u00e7\u00e3o de conflitos interpessoais<\/h2>\n\n\n\n<p>A psicologia destaca que a aus\u00eancia de media\u00e7\u00e3o tecnol\u00f3gica nas rela\u00e7\u00f5es sociais daquela \u00e9poca obrigava o indiv\u00edduo a encarar o <strong>confronto direto<\/strong> e a negocia\u00e7\u00e3o face a face. Esse exerc\u00edcio constante de leitura corporal e empatia t\u00e1til resultou em uma <strong>intelig\u00eancia social<\/strong> superior para mediar crises e gerir equipes de forma humanizada.<\/p>\n\n\n\n<p>Hoje, essa caracter\u00edstica se traduz em uma facilidade maior para estabelecer <strong>conex\u00f5es genu\u00ednas<\/strong> e interpretar nuances que algoritmos ou mensagens de texto n\u00e3o conseguem captar. Analisar como essas gera\u00e7\u00f5es lidam com a frustra\u00e7\u00e3o revela que a &#8220;casca grossa&#8221; adquirida no passado \u00e9, na verdade, uma sofistica\u00e7\u00e3o da <strong>sa\u00fade mental<\/strong>.<\/p>\n\n\n\n<h2 class=\"wp-block-heading\">Benef\u00edcios cognitivos do t\u00e9dio e da criatividade anal\u00f3gica<\/h2>\n\n\n\n<p>Crescer em uma \u00e9poca com menos est\u00edmulos visuais artificiais permitiu que o c\u00e9rebro desses indiv\u00edduos se tornasse um mestre na <strong>auto-ocupa\u00e7\u00e3o criativa<\/strong>. O chamado &#8220;tempo morto&#8221; era preenchido pela imagina\u00e7\u00e3o, o que fortaleceu as redes neurais ligadas ao <strong>planejamento estrat\u00e9gico<\/strong> e \u00e0 vis\u00e3o de longo prazo em projetos pessoais.<\/p>\n\n\n<div class=\"wp-block-image\">\n<figure class=\"aligncenter size-large\"><img loading=\"lazy\" decoding=\"async\" width=\"1024\" height=\"354\" src=\"https:\/\/www.em.com.br\/emfoco\/wp-content\/uploads\/2026\/04\/convertido-7-1024x354.jpg\" alt=\"\" class=\"wp-image-198463\" srcset=\"https:\/\/www.em.com.br\/emfoco\/wp-content\/uploads\/2026\/04\/convertido-7-1024x354.jpg 1024w, https:\/\/www.em.com.br\/emfoco\/wp-content\/uploads\/2026\/04\/convertido-7-300x104.jpg 300w, https:\/\/www.em.com.br\/emfoco\/wp-content\/uploads\/2026\/04\/convertido-7-768x265.jpg 768w, https:\/\/www.em.com.br\/emfoco\/wp-content\/uploads\/2026\/04\/convertido-7-750x259.jpg 750w, https:\/\/www.em.com.br\/emfoco\/wp-content\/uploads\/2026\/04\/convertido-7-1140x394.jpg 1140w, https:\/\/www.em.com.br\/emfoco\/wp-content\/uploads\/2026\/04\/convertido-7.jpg 1280w\" sizes=\"auto, (max-width: 1024px) 100vw, 1024px\" \/><\/figure><\/div>\n\n\n<p>Essa estrutura cognitiva permite que o profissional maduro consiga filtrar o excesso de informa\u00e7\u00e3o e focar apenas no que \u00e9 essencial para o resultado final. Perceber o valor dessa <strong>clareza mental<\/strong> \u00e9 o primeiro passo para integrar essas compet\u00eancias tradicionais \u00e0s ferramentas tecnol\u00f3gicas atuais de forma equilibrada.<\/p>\n\n\n\n<h2 class=\"wp-block-heading\">Como a adaptabilidade se tornou o maior trunfo atual<\/h2>\n\n\n\n<p>Embora tenham nascido em um mundo anal\u00f3gico, os nascidos at\u00e9 1970 foram os principais agentes da <strong>transi\u00e7\u00e3o tecnol\u00f3gica<\/strong> global, o que lhes conferiu uma vis\u00e3o h\u00edbrida \u00fanica. Eles compreendem o funcionamento da &#8220;engrenagem&#8221; por tr\u00e1s dos processos, o que facilita a <strong>resolu\u00e7\u00e3o de problemas<\/strong> complexos que travam mentes dependentes exclusivamente de sistemas automatizados.<\/p>\n\n\n\n<p>Essa versatilidade permite que transitem entre o tradicional e o moderno com uma <strong>seguran\u00e7a psicol\u00f3gica<\/strong> que gera confian\u00e7a em seus pares e subordinados. A experi\u00eancia de ter vivido em dois mundos distintos criou uma camada de <strong>sabedoria pr\u00e1tica<\/strong> que \u00e9 imposs\u00edvel de ser replicada por treinamentos r\u00e1pidos ou intelig\u00eancia artificial.<\/p>\n\n\n<div class=\"wp-block-image\">\n<figure class=\"aligncenter size-large\"><img loading=\"lazy\" decoding=\"async\" width=\"1024\" height=\"576\" src=\"https:\/\/www.em.com.br\/emfoco\/wp-content\/uploads\/2026\/03\/Gemini_Generated_Image_mof53gmof53gmof5-1-1024x576.png\" alt=\"\" class=\"wp-image-185043\" srcset=\"https:\/\/www.em.com.br\/emfoco\/wp-content\/uploads\/2026\/03\/Gemini_Generated_Image_mof53gmof53gmof5-1-1024x576.png 1024w, https:\/\/www.em.com.br\/emfoco\/wp-content\/uploads\/2026\/03\/Gemini_Generated_Image_mof53gmof53gmof5-1-300x169.png 300w, https:\/\/www.em.com.br\/emfoco\/wp-content\/uploads\/2026\/03\/Gemini_Generated_Image_mof53gmof53gmof5-1-768x432.png 768w, https:\/\/www.em.com.br\/emfoco\/wp-content\/uploads\/2026\/03\/Gemini_Generated_Image_mof53gmof53gmof5-1-750x422.png 750w, https:\/\/www.em.com.br\/emfoco\/wp-content\/uploads\/2026\/03\/Gemini_Generated_Image_mof53gmof53gmof5-1-1140x641.png 1140w, https:\/\/www.em.com.br\/emfoco\/wp-content\/uploads\/2026\/03\/Gemini_Generated_Image_mof53gmof53gmof5-1.png 1280w\" sizes=\"auto, (max-width: 1024px) 100vw, 1024px\" \/><figcaption class=\"wp-element-caption\">Essa versatilidade permite que transitem entre o tradicional e o moderno com uma seguran\u00e7a psicol\u00f3gica <\/figcaption><\/figure><\/div>\n\n\n<h2 class=\"wp-block-heading\">O legado emocional para as gera\u00e7\u00f5es futuras<\/h2>\n\n\n\n<p>O <a href=\"https:\/\/pubmed.ncbi.nlm.nih.gov\/37224937\/\" target=\"_blank\" rel=\"noreferrer noopener\">estudo publicado <\/a>refor\u00e7a que o segredo dessa vantagem n\u00e3o est\u00e1 na nega\u00e7\u00e3o da tecnologia, mas na base emocional s\u00f3lida constru\u00edda na simplicidade. A habilidade de se sentir satisfeito com conquistas graduais \u00e9 o ant\u00eddoto contra o <strong>esgotamento mental<\/strong> que atinge as gera\u00e7\u00f5es mais novas de forma agressiva.<\/p>\n\n\n\n<p>Reconhecer essas virtudes nos permite reaprender m\u00e9todos de produtividade que valorizam o bem-estar e a longevidade da carreira profissional. Investir em momentos de <strong>desconex\u00e3o digital<\/strong> inspirados nessa \u00e9poca pode ser a chave para resgatar a sa\u00fade psicol\u00f3gica que o ritmo acelerado do s\u00e9culo XXI tentou apagar.<\/p>\n","protected":false},"excerpt":{"rendered":"<p>Uma pesquisa recente trouxe \u00e0 tona descobertas fascinantes sobre o perfil comportamental de quem viveu a inf\u00e2ncia e juventude na segunda metade do s\u00e9culo XX. O estudo identifica que os nascidos entre 1950 e 1970 possuem uma compet\u00eancia mental espec\u00edfica que se tornou rara e extremamente valiosa na sociedade digital contempor\u00e2nea. O poder da resili\u00eancia [&hellip;]<\/p>\n","protected":false},"author":9,"featured_media":198924,"comment_status":"open","ping_status":"open","sticky":false,"template":"","format":"standard","meta":{"jnews-multi-image_gallery":[],"jnews_single_post":{"format":"standard"},"jnews_primary_category":[],"jnews_social_meta":[],"jnews_override_counter":[],"footnotes":""},"categories":[8819],"tags":[3531,28665,5155],"class_list":["post-198458","post","type-post","status-publish","format-standard","has-post-thumbnail","hentry","category-curiosidades","tag-era-digital","tag-geracoes-baby-boomers","tag-psicologia"],"yoast_head":"<!-- This site is optimized with the Yoast SEO plugin v23.8 - https:\/\/yoast.com\/wordpress\/plugins\/seo\/ -->\n<title>Estudo revela a habilidade rara que pessoas nascidas entre 50 e 70 desenvolveram ao crescer sem tecnologia - Estado de Minas - Em foco<\/title>\n<meta name=\"description\" content=\"Estudo revela que quem nasceu entre 1950 e 1970 desenvolveu resili\u00eancia, foco e habilidades emocionais valorizadas no mundo atual.\" \/>\n<meta name=\"robots\" content=\"index, follow, max-snippet:-1, max-image-preview:large, max-video-preview:-1\" \/>\n<link rel=\"canonical\" href=\"https:\/\/www.em.com.br\/emfoco\/2026\/04\/25\/estudo-revela-a-habilidade-rara-que-pessoas-nascidas-entre-50-e-70-desenvolveram-ao-crescer-sem-tecnologia\/\" \/>\n<meta property=\"og:locale\" content=\"pt_BR\" \/>\n<meta property=\"og:type\" content=\"article\" \/>\n<meta property=\"og:title\" content=\"Estudo revela a habilidade rara que pessoas nascidas entre 50 e 70 desenvolveram ao crescer sem tecnologia - Estado de Minas - Em foco\" \/>\n<meta property=\"og:description\" content=\"Estudo revela que quem nasceu entre 1950 e 1970 desenvolveu resili\u00eancia, foco e habilidades emocionais valorizadas no mundo atual.\" \/>\n<meta property=\"og:url\" content=\"https:\/\/www.em.com.br\/emfoco\/2026\/04\/25\/estudo-revela-a-habilidade-rara-que-pessoas-nascidas-entre-50-e-70-desenvolveram-ao-crescer-sem-tecnologia\/\" \/>\n<meta property=\"og:site_name\" content=\"Estado de Minas - Em foco\" \/>\n<meta property=\"article:published_time\" content=\"2026-04-26T00:15:00+00:00\" \/>\n<meta property=\"article:modified_time\" content=\"2026-04-25T01:01:42+00:00\" \/>\n<meta property=\"og:image\" content=\"https:\/\/www.em.com.br\/emfoco\/wp-content\/uploads\/2026\/04\/EmFoco_46-4.jpg\" \/>\n\t<meta property=\"og:image:width\" content=\"1280\" \/>\n\t<meta property=\"og:image:height\" content=\"720\" \/>\n\t<meta property=\"og:image:type\" content=\"image\/jpeg\" \/>\n<meta name=\"author\" content=\"Daniely Cardoso\" \/>\n<meta name=\"twitter:card\" content=\"summary_large_image\" \/>\n<meta name=\"twitter:label1\" content=\"Escrito por\" \/>\n\t<meta name=\"twitter:data1\" content=\"Daniely Cardoso\" \/>\n\t<meta name=\"twitter:label2\" content=\"Est. tempo de leitura\" \/>\n\t<meta name=\"twitter:data2\" content=\"5 minutos\" \/>\n<!-- \/ Yoast SEO plugin. -->","yoast_head_json":{"title":"Estudo revela a habilidade rara que pessoas nascidas entre 50 e 70 desenvolveram ao crescer sem tecnologia - Estado de Minas - Em foco","description":"Estudo revela que quem nasceu entre 1950 e 1970 desenvolveu resili\u00eancia, foco e habilidades emocionais valorizadas no mundo atual.","robots":{"index":"index","follow":"follow","max-snippet":"max-snippet:-1","max-image-preview":"max-image-preview:large","max-video-preview":"max-video-preview:-1"},"canonical":"https:\/\/www.em.com.br\/emfoco\/2026\/04\/25\/estudo-revela-a-habilidade-rara-que-pessoas-nascidas-entre-50-e-70-desenvolveram-ao-crescer-sem-tecnologia\/","og_locale":"pt_BR","og_type":"article","og_title":"Estudo revela a habilidade rara que pessoas nascidas entre 50 e 70 desenvolveram ao crescer sem tecnologia - Estado de Minas - Em foco","og_description":"Estudo revela que quem nasceu entre 1950 e 1970 desenvolveu resili\u00eancia, foco e habilidades emocionais valorizadas no mundo atual.","og_url":"https:\/\/www.em.com.br\/emfoco\/2026\/04\/25\/estudo-revela-a-habilidade-rara-que-pessoas-nascidas-entre-50-e-70-desenvolveram-ao-crescer-sem-tecnologia\/","og_site_name":"Estado de Minas - Em foco","article_published_time":"2026-04-26T00:15:00+00:00","article_modified_time":"2026-04-25T01:01:42+00:00","og_image":[{"width":1280,"height":720,"url":"https:\/\/www.em.com.br\/emfoco\/wp-content\/uploads\/2026\/04\/EmFoco_46-4.jpg","type":"image\/jpeg"}],"author":"Daniely Cardoso","twitter_card":"summary_large_image","twitter_misc":{"Escrito por":"Daniely Cardoso","Est. tempo de leitura":"5 minutos"},"schema":{"@context":"https:\/\/schema.org","@graph":[{"@type":"WebPage","@id":"https:\/\/www.em.com.br\/emfoco\/2026\/04\/25\/estudo-revela-a-habilidade-rara-que-pessoas-nascidas-entre-50-e-70-desenvolveram-ao-crescer-sem-tecnologia\/","url":"https:\/\/www.em.com.br\/emfoco\/2026\/04\/25\/estudo-revela-a-habilidade-rara-que-pessoas-nascidas-entre-50-e-70-desenvolveram-ao-crescer-sem-tecnologia\/","name":"Estudo revela a habilidade rara que pessoas nascidas entre 50 e 70 desenvolveram ao crescer sem tecnologia - Estado de Minas - Em foco","isPartOf":{"@id":"https:\/\/www.em.com.br\/emfoco\/#website"},"primaryImageOfPage":{"@id":"https:\/\/www.em.com.br\/emfoco\/2026\/04\/25\/estudo-revela-a-habilidade-rara-que-pessoas-nascidas-entre-50-e-70-desenvolveram-ao-crescer-sem-tecnologia\/#primaryimage"},"image":{"@id":"https:\/\/www.em.com.br\/emfoco\/2026\/04\/25\/estudo-revela-a-habilidade-rara-que-pessoas-nascidas-entre-50-e-70-desenvolveram-ao-crescer-sem-tecnologia\/#primaryimage"},"thumbnailUrl":"https:\/\/www.em.com.br\/emfoco\/wp-content\/uploads\/2026\/04\/EmFoco_46-4.jpg","datePublished":"2026-04-26T00:15:00+00:00","dateModified":"2026-04-25T01:01:42+00:00","author":{"@id":"https:\/\/www.em.com.br\/emfoco\/#\/schema\/person\/0a8186d72f2c3a5c6276d90b41f271a0"},"description":"Estudo revela que quem nasceu entre 1950 e 1970 desenvolveu resili\u00eancia, foco e habilidades emocionais valorizadas no mundo atual.","breadcrumb":{"@id":"https:\/\/www.em.com.br\/emfoco\/2026\/04\/25\/estudo-revela-a-habilidade-rara-que-pessoas-nascidas-entre-50-e-70-desenvolveram-ao-crescer-sem-tecnologia\/#breadcrumb"},"inLanguage":"pt-BR","potentialAction":[{"@type":"ReadAction","target":["https:\/\/www.em.com.br\/emfoco\/2026\/04\/25\/estudo-revela-a-habilidade-rara-que-pessoas-nascidas-entre-50-e-70-desenvolveram-ao-crescer-sem-tecnologia\/"]}]},{"@type":"ImageObject","inLanguage":"pt-BR","@id":"https:\/\/www.em.com.br\/emfoco\/2026\/04\/25\/estudo-revela-a-habilidade-rara-que-pessoas-nascidas-entre-50-e-70-desenvolveram-ao-crescer-sem-tecnologia\/#primaryimage","url":"https:\/\/www.em.com.br\/emfoco\/wp-content\/uploads\/2026\/04\/EmFoco_46-4.jpg","contentUrl":"https:\/\/www.em.com.br\/emfoco\/wp-content\/uploads\/2026\/04\/EmFoco_46-4.jpg","width":1280,"height":720,"caption":"Resili\u00eancia e foco profundo distinguem compet\u00eancias mentais das gera\u00e7\u00f5es Baby Boomer e X"},{"@type":"BreadcrumbList","@id":"https:\/\/www.em.com.br\/emfoco\/2026\/04\/25\/estudo-revela-a-habilidade-rara-que-pessoas-nascidas-entre-50-e-70-desenvolveram-ao-crescer-sem-tecnologia\/#breadcrumb","itemListElement":[{"@type":"ListItem","position":1,"name":"In\u00edcio","item":"https:\/\/www.em.com.br\/emfoco\/"},{"@type":"ListItem","position":2,"name":"Estudo revela a habilidade rara que pessoas nascidas entre 50 e 70 desenvolveram ao crescer sem tecnologia"}]},{"@type":"WebSite","@id":"https:\/\/www.em.com.br\/emfoco\/#website","url":"https:\/\/www.em.com.br\/emfoco\/","name":"Estado de Minas - Em foco","description":"Acompanhe as \u00faltimas not\u00edcias e fique bem informado sobre tudo o que acontece em Minas Gerais, Brasil e no mundo.","potentialAction":[{"@type":"SearchAction","target":{"@type":"EntryPoint","urlTemplate":"https:\/\/www.em.com.br\/emfoco\/?s={search_term_string}"},"query-input":{"@type":"PropertyValueSpecification","valueRequired":true,"valueName":"search_term_string"}}],"inLanguage":"pt-BR"},{"@type":"Person","@id":"https:\/\/www.em.com.br\/emfoco\/#\/schema\/person\/0a8186d72f2c3a5c6276d90b41f271a0","name":"Daniely Cardoso","image":{"@type":"ImageObject","inLanguage":"pt-BR","@id":"https:\/\/www.em.com.br\/emfoco\/#\/schema\/person\/image\/","url":"https:\/\/secure.gravatar.com\/avatar\/4b80ddbd124d1f071b626d52d62e5dff?s=96&d=mm&r=g","contentUrl":"https:\/\/secure.gravatar.com\/avatar\/4b80ddbd124d1f071b626d52d62e5dff?s=96&d=mm&r=g","caption":"Daniely Cardoso"},"url":"https:\/\/www.em.com.br\/emfoco\/author\/danielymyth\/"}]}},"_links":{"self":[{"href":"https:\/\/www.em.com.br\/emfoco\/wp-json\/wp\/v2\/posts\/198458","targetHints":{"allow":["GET"]}}],"collection":[{"href":"https:\/\/www.em.com.br\/emfoco\/wp-json\/wp\/v2\/posts"}],"about":[{"href":"https:\/\/www.em.com.br\/emfoco\/wp-json\/wp\/v2\/types\/post"}],"author":[{"embeddable":true,"href":"https:\/\/www.em.com.br\/emfoco\/wp-json\/wp\/v2\/users\/9"}],"replies":[{"embeddable":true,"href":"https:\/\/www.em.com.br\/emfoco\/wp-json\/wp\/v2\/comments?post=198458"}],"version-history":[{"count":1,"href":"https:\/\/www.em.com.br\/emfoco\/wp-json\/wp\/v2\/posts\/198458\/revisions"}],"predecessor-version":[{"id":198467,"href":"https:\/\/www.em.com.br\/emfoco\/wp-json\/wp\/v2\/posts\/198458\/revisions\/198467"}],"wp:featuredmedia":[{"embeddable":true,"href":"https:\/\/www.em.com.br\/emfoco\/wp-json\/wp\/v2\/media\/198924"}],"wp:attachment":[{"href":"https:\/\/www.em.com.br\/emfoco\/wp-json\/wp\/v2\/media?parent=198458"}],"wp:term":[{"taxonomy":"category","embeddable":true,"href":"https:\/\/www.em.com.br\/emfoco\/wp-json\/wp\/v2\/categories?post=198458"},{"taxonomy":"post_tag","embeddable":true,"href":"https:\/\/www.em.com.br\/emfoco\/wp-json\/wp\/v2\/tags?post=198458"}],"curies":[{"name":"wp","href":"https:\/\/api.w.org\/{rel}","templated":true}]}}