{"id":198450,"date":"2026-04-26T14:45:00","date_gmt":"2026-04-26T17:45:00","guid":{"rendered":"https:\/\/www.em.com.br\/emfoco\/?p=198450"},"modified":"2026-04-25T14:17:51","modified_gmt":"2026-04-25T17:17:51","slug":"nao-jogue-fora-aqueles-calendarios-antigos-a-melhor-maneira-de-reutiliza-los-em-casa","status":"publish","type":"post","link":"https:\/\/www.em.com.br\/emfoco\/2026\/04\/26\/nao-jogue-fora-aqueles-calendarios-antigos-a-melhor-maneira-de-reutiliza-los-em-casa\/","title":{"rendered":"N\u00e3o jogue fora aqueles calend\u00e1rios antigos: a melhor maneira de reutiliz\u00e1-los em casa"},"content":{"rendered":"\n<p>Transformar calend\u00e1rios antigos em objetos \u00fateis e decorativos virou uma alternativa criativa para renovar a casa sem gastar muito, alinhando praticidade, estilo e um jeito mais consciente de consumir ao dar nova vida a imagens que antes ficariam esquecidas em gavetas e caixas.<\/p>\n\n\n\n<h2 class=\"wp-block-heading\">Como reutilizar calend\u00e1rios velhos na decora\u00e7\u00e3o do dia a dia<\/h2>\n\n\n\n<p>Al\u00e9m dos quadros, as l\u00e2minas podem virar p\u00f4steres avulsos, etiquetas decoradas, capas para cadernos, marcadores de p\u00e1gina ou fundos criativos para murais de recados.<\/p>\n\n\n\n<p>Ao <a href=\"https:\/\/br.pinterest.com\/ideas\/calendarios-antigos\/946320249295\/\" target=\"_blank\" rel=\"noreferrer noopener\">reutilizar calend\u00e1rios antigos<\/a>, vale priorizar imagens em bom estado, evitando \u00e1reas com furos, dobras marcadas ou manchas. Com tesoura afiada ou estilete apoiado em r\u00e9gua, as bordas s\u00e3o ajustadas e o papel pode ser fixado em cartolina ou papel cart\u00e3o, o que aumenta a durabilidade e facilita o uso em pain\u00e9is, molduras ou cadernos personalizados.<\/p>\n\n\n\n<figure class=\"wp-block-image size-large\"><img loading=\"lazy\" decoding=\"async\" width=\"1024\" height=\"576\" src=\"https:\/\/www.em.com.br\/emfoco\/wp-content\/uploads\/2026\/04\/ChatGPT-Image-24-de-abr.-de-2026-12_20_39-1-1024x576.png\" alt=\"Seu calend\u00e1rio antigo vale mais do que parece\" class=\"wp-image-198476\" srcset=\"https:\/\/www.em.com.br\/emfoco\/wp-content\/uploads\/2026\/04\/ChatGPT-Image-24-de-abr.-de-2026-12_20_39-1-1024x576.png 1024w, https:\/\/www.em.com.br\/emfoco\/wp-content\/uploads\/2026\/04\/ChatGPT-Image-24-de-abr.-de-2026-12_20_39-1-300x169.png 300w, https:\/\/www.em.com.br\/emfoco\/wp-content\/uploads\/2026\/04\/ChatGPT-Image-24-de-abr.-de-2026-12_20_39-1-768x432.png 768w, https:\/\/www.em.com.br\/emfoco\/wp-content\/uploads\/2026\/04\/ChatGPT-Image-24-de-abr.-de-2026-12_20_39-1-750x422.png 750w, https:\/\/www.em.com.br\/emfoco\/wp-content\/uploads\/2026\/04\/ChatGPT-Image-24-de-abr.-de-2026-12_20_39-1-1140x642.png 1140w, https:\/\/www.em.com.br\/emfoco\/wp-content\/uploads\/2026\/04\/ChatGPT-Image-24-de-abr.-de-2026-12_20_39-1.png 1279w\" sizes=\"auto, (max-width: 1024px) 100vw, 1024px\" \/><figcaption class=\"wp-element-caption\">Seu calend\u00e1rio antigo vale mais do que parece<\/figcaption><\/figure>\n\n\n\n<h2 class=\"wp-block-heading\">Quais ideias simples ajudam a reaproveitar calend\u00e1rios antigos?<\/h2>\n\n\n\n<p>Entre as op\u00e7\u00f5es mais pr\u00e1ticas para&nbsp;<strong>reaproveitar calend\u00e1rios antigos<\/strong>, algumas solu\u00e7\u00f5es se destacam pela facilidade e pelo impacto visual. As imagens podem se tornar capas decoradas para fich\u00e1rios, agendas ou cadernos de anota\u00e7\u00f5es, bastando recortar no tamanho certo, colar e, se quiser, proteger com pl\u00e1stico adesivo ou acetato fino.<\/p>\n\n\n\n<p>Outra ideia \u00e9 criar marcadores de p\u00e1gina personalizados a partir de faixas recortadas de trechos interessantes das ilustra\u00e7\u00f5es. Para organizar melhor o dia a dia, voc\u00ea pode transformar essas p\u00e1ginas em pequenos itens funcionais que deixam a rotina mais pr\u00e1tica e bonita:<\/p>\n\n\n\n<ul class=\"wp-block-list\">\n<li><strong>Capas de cadernos:<\/strong>\u00a0recortes maiores aplicados em superf\u00edcies r\u00edgidas para refor\u00e7o e estilo.<\/li>\n\n\n\n<li><strong>Marcadores de p\u00e1gina:<\/strong>\u00a0tiras estreitas com acabamento em fita, cord\u00e3o ou el\u00e1stico.<\/li>\n\n\n\n<li><strong>Etiquetas decoradas:<\/strong>\u00a0pequenos recortes colados sobre etiquetas simples para organizar caixas e arquivos.<\/li>\n\n\n\n<li><strong>Fundos de murais:<\/strong>\u00a0p\u00e1ginas inteiras usadas como base para recados, fotos e inspira\u00e7\u00f5es.<\/li>\n\n\n\n<li><strong>Cart\u00f5es e tags:<\/strong>\u00a0peda\u00e7os menores que viram cart\u00f5es para presentes ou identifica\u00e7\u00e3o de objetos.<\/li>\n<\/ul>\n\n\n\n<h2 class=\"wp-block-heading\">Como transformar calend\u00e1rios velhos em quadros decorativos<\/h2>\n\n\n\n<p>Uma das aplica\u00e7\u00f5es mais populares ao&nbsp;<strong>reutilizar calend\u00e1rios velhos na decora\u00e7\u00e3o<\/strong>&nbsp;\u00e9 a cria\u00e7\u00e3o de quadros, acess\u00edvel mesmo para quem n\u00e3o tem experi\u00eancia com trabalhos manuais. O processo come\u00e7a escolhendo de duas a quatro imagens que conversem entre si em cor, tema ou estilo, como paisagens em tons semelhantes, ilustra\u00e7\u00f5es florais ou s\u00e9ries de fotos vintage.<\/p>\n\n\n\n<p>Depois da sele\u00e7\u00e3o, \u00e9 essencial medir com precis\u00e3o o tamanho interno da moldura, recortar com cuidado e, se desejado, colar a imagem em papel mais espesso, deixando uma borda uniforme em estilo&nbsp;<em>paspart\u00fa<\/em>. Em seguida, basta encaixar a pe\u00e7a no marco, com ou sem prote\u00e7\u00e3o de vidro, e posicionar os quadros em corredores, sobre aparadores ou \u00e1reas de leitura, formando pequenas galerias personalizadas.<\/p>\n\n\n\n<figure class=\"wp-block-image size-large\"><img loading=\"lazy\" decoding=\"async\" width=\"1024\" height=\"576\" src=\"https:\/\/www.em.com.br\/emfoco\/wp-content\/uploads\/2026\/04\/ChatGPT-Image-24-de-abr.-de-2026-12_20_39-1-1024x576.png\" alt=\"Seu calend\u00e1rio antigo vale mais do que parece\" class=\"wp-image-198476\" srcset=\"https:\/\/www.em.com.br\/emfoco\/wp-content\/uploads\/2026\/04\/ChatGPT-Image-24-de-abr.-de-2026-12_20_39-1-1024x576.png 1024w, https:\/\/www.em.com.br\/emfoco\/wp-content\/uploads\/2026\/04\/ChatGPT-Image-24-de-abr.-de-2026-12_20_39-1-300x169.png 300w, https:\/\/www.em.com.br\/emfoco\/wp-content\/uploads\/2026\/04\/ChatGPT-Image-24-de-abr.-de-2026-12_20_39-1-768x432.png 768w, https:\/\/www.em.com.br\/emfoco\/wp-content\/uploads\/2026\/04\/ChatGPT-Image-24-de-abr.-de-2026-12_20_39-1-750x422.png 750w, https:\/\/www.em.com.br\/emfoco\/wp-content\/uploads\/2026\/04\/ChatGPT-Image-24-de-abr.-de-2026-12_20_39-1-1140x642.png 1140w, https:\/\/www.em.com.br\/emfoco\/wp-content\/uploads\/2026\/04\/ChatGPT-Image-24-de-abr.-de-2026-12_20_39-1.png 1279w\" sizes=\"auto, (max-width: 1024px) 100vw, 1024px\" \/><figcaption class=\"wp-element-caption\">Seu calend\u00e1rio antigo vale mais do que parece<\/figcaption><\/figure>\n\n\n\n<h2 class=\"wp-block-heading\">Quais s\u00e3o as vantagens de reaproveitar calend\u00e1rios antigos em casa?<\/h2>\n\n\n\n<p>Reutilizar calend\u00e1rios velhos traz economia, pois substitui a compra de p\u00f4steres, quadros prontos ou pap\u00e9is especiais por um material que voc\u00ea j\u00e1 tem. Esse tipo de reciclagem dom\u00e9stica reduz o descarte de papel e estimula um olhar mais atento para objetos que pareciam ter perdido a fun\u00e7\u00e3o, incentivando um consumo mais consciente.<\/p>\n\n\n\n<p>Outra vantagem \u00e9 a possibilidade de personalizar ambientes com imagens que tenham significado, como paisagens de viagens, obras de arte favoritas ou fotos com est\u00e9tica retr\u00f4. Assim, cada recorte de calend\u00e1rio se transforma em um detalhe decorativo com <a href=\"https:\/\/www.em.com.br\/emfoco\/2026\/04\/24\/envolver-o-seu-documento-de-identidade-em-papel-aluminio-por-que-e-recomendado-e-para-que-serve\/\" target=\"_blank\" rel=\"noreferrer noopener\">identidade <\/a>pr\u00f3pria, ajudando a compor uma casa organizada, alinhada ao seu estilo e \u00e0s pr\u00e1ticas de reaproveitamento que ganham for\u00e7a em 2026.<\/p>\n\n\n\n<h2 class=\"wp-block-heading\">Por que come\u00e7ar agora a reutilizar calend\u00e1rios velhos na sua casa<\/h2>\n\n\n\n<p>Ao reaproveitar calend\u00e1rios antigos, voc\u00ea une criatividade, economia e sustentabilidade em um gesto simples, capaz de mudar a atmosfera dos c\u00f4modos com pe\u00e7as cheias de hist\u00f3ria. Em vez de acumular pap\u00e9is esquecidos, voc\u00ea passa a enxergar neles um acervo de imagens pronto para virar quadros, capas e acess\u00f3rios \u00fateis.<\/p>\n\n\n\n<p>N\u00e3o deixe esses calend\u00e1rios se perderem no fundo das gavetas: separe alguns agora, escolha as imagens que mais representam voc\u00ea e transforme ainda hoje ao menos uma p\u00e1gina em um novo objeto decorativo, criando um ambiente mais autoral, afetivo e consciente.<\/p>\n","protected":false},"excerpt":{"rendered":"<p>Transformar calend\u00e1rios antigos em objetos \u00fateis e decorativos virou uma alternativa criativa para renovar a casa sem gastar muito, alinhando praticidade, estilo e um jeito mais consciente de consumir ao dar nova vida a imagens que antes ficariam esquecidas em gavetas e caixas. Como reutilizar calend\u00e1rios velhos na decora\u00e7\u00e3o do dia a dia Al\u00e9m dos [&hellip;]<\/p>\n","protected":false},"author":11,"featured_media":199325,"comment_status":"open","ping_status":"open","sticky":false,"template":"","format":"standard","meta":{"jnews-multi-image_gallery":[],"jnews_single_post":{"format":"standard"},"jnews_primary_category":[],"jnews_social_meta":[],"jnews_override_counter":[],"footnotes":""},"categories":[8819,1],"tags":[787,28664,4687,5115,1920],"class_list":["post-198450","post","type-post","status-publish","format-standard","has-post-thumbnail","hentry","category-curiosidades","category-noticias","tag-calendario","tag-calendarios-velhos","tag-decoracao","tag-diy","tag-tendencia"],"yoast_head":"<!-- This site is optimized with the Yoast SEO plugin v23.8 - https:\/\/yoast.com\/wordpress\/plugins\/seo\/ -->\n<title>N\u00e3o jogue fora aqueles calend\u00e1rios antigos: a melhor maneira de reutiliz\u00e1-los em casa - Estado de Minas - Em foco<\/title>\n<meta name=\"description\" content=\"Calend\u00e1rios velhos podem virar quadros, capas e itens decorativos. Veja ideias simples para reutilizar e renovar sua casa.\" \/>\n<meta name=\"robots\" content=\"index, follow, max-snippet:-1, max-image-preview:large, max-video-preview:-1\" \/>\n<link rel=\"canonical\" href=\"https:\/\/www.em.com.br\/emfoco\/2026\/04\/26\/nao-jogue-fora-aqueles-calendarios-antigos-a-melhor-maneira-de-reutiliza-los-em-casa\/\" \/>\n<meta property=\"og:locale\" content=\"pt_BR\" \/>\n<meta property=\"og:type\" content=\"article\" \/>\n<meta property=\"og:title\" content=\"N\u00e3o jogue fora aqueles calend\u00e1rios antigos: a melhor maneira de reutiliz\u00e1-los em casa - Estado de Minas - Em foco\" \/>\n<meta property=\"og:description\" content=\"Calend\u00e1rios velhos podem virar quadros, capas e itens decorativos. Veja ideias simples para reutilizar e renovar sua casa.\" \/>\n<meta property=\"og:url\" content=\"https:\/\/www.em.com.br\/emfoco\/2026\/04\/26\/nao-jogue-fora-aqueles-calendarios-antigos-a-melhor-maneira-de-reutiliza-los-em-casa\/\" \/>\n<meta property=\"og:site_name\" content=\"Estado de Minas - Em foco\" \/>\n<meta property=\"article:published_time\" content=\"2026-04-26T17:45:00+00:00\" \/>\n<meta property=\"article:modified_time\" content=\"2026-04-25T17:17:51+00:00\" \/>\n<meta property=\"og:image\" content=\"https:\/\/www.em.com.br\/emfoco\/wp-content\/uploads\/2026\/04\/EmFoco_29-6.jpg\" \/>\n\t<meta property=\"og:image:width\" content=\"1280\" \/>\n\t<meta property=\"og:image:height\" content=\"720\" \/>\n\t<meta property=\"og:image:type\" content=\"image\/jpeg\" \/>\n<meta name=\"author\" content=\"Andre\u0301 Rangel\u00a0\" \/>\n<meta name=\"twitter:card\" content=\"summary_large_image\" \/>\n<meta name=\"twitter:label1\" content=\"Escrito por\" \/>\n\t<meta name=\"twitter:data1\" content=\"Andre\u0301 Rangel\u00a0\" \/>\n\t<meta name=\"twitter:label2\" content=\"Est. tempo de leitura\" \/>\n\t<meta name=\"twitter:data2\" content=\"5 minutos\" \/>\n<!-- \/ Yoast SEO plugin. -->","yoast_head_json":{"title":"N\u00e3o jogue fora aqueles calend\u00e1rios antigos: a melhor maneira de reutiliz\u00e1-los em casa - Estado de Minas - Em foco","description":"Calend\u00e1rios velhos podem virar quadros, capas e itens decorativos. Veja ideias simples para reutilizar e renovar sua casa.","robots":{"index":"index","follow":"follow","max-snippet":"max-snippet:-1","max-image-preview":"max-image-preview:large","max-video-preview":"max-video-preview:-1"},"canonical":"https:\/\/www.em.com.br\/emfoco\/2026\/04\/26\/nao-jogue-fora-aqueles-calendarios-antigos-a-melhor-maneira-de-reutiliza-los-em-casa\/","og_locale":"pt_BR","og_type":"article","og_title":"N\u00e3o jogue fora aqueles calend\u00e1rios antigos: a melhor maneira de reutiliz\u00e1-los em casa - Estado de Minas - Em foco","og_description":"Calend\u00e1rios velhos podem virar quadros, capas e itens decorativos. Veja ideias simples para reutilizar e renovar sua casa.","og_url":"https:\/\/www.em.com.br\/emfoco\/2026\/04\/26\/nao-jogue-fora-aqueles-calendarios-antigos-a-melhor-maneira-de-reutiliza-los-em-casa\/","og_site_name":"Estado de Minas - Em foco","article_published_time":"2026-04-26T17:45:00+00:00","article_modified_time":"2026-04-25T17:17:51+00:00","og_image":[{"width":1280,"height":720,"url":"https:\/\/www.em.com.br\/emfoco\/wp-content\/uploads\/2026\/04\/EmFoco_29-6.jpg","type":"image\/jpeg"}],"author":"Andre\u0301 Rangel\u00a0","twitter_card":"summary_large_image","twitter_misc":{"Escrito por":"Andre\u0301 Rangel\u00a0","Est. tempo de leitura":"5 minutos"},"schema":{"@context":"https:\/\/schema.org","@graph":[{"@type":"WebPage","@id":"https:\/\/www.em.com.br\/emfoco\/2026\/04\/26\/nao-jogue-fora-aqueles-calendarios-antigos-a-melhor-maneira-de-reutiliza-los-em-casa\/","url":"https:\/\/www.em.com.br\/emfoco\/2026\/04\/26\/nao-jogue-fora-aqueles-calendarios-antigos-a-melhor-maneira-de-reutiliza-los-em-casa\/","name":"N\u00e3o jogue fora aqueles calend\u00e1rios antigos: a melhor maneira de reutiliz\u00e1-los em casa - Estado de Minas - Em foco","isPartOf":{"@id":"https:\/\/www.em.com.br\/emfoco\/#website"},"primaryImageOfPage":{"@id":"https:\/\/www.em.com.br\/emfoco\/2026\/04\/26\/nao-jogue-fora-aqueles-calendarios-antigos-a-melhor-maneira-de-reutiliza-los-em-casa\/#primaryimage"},"image":{"@id":"https:\/\/www.em.com.br\/emfoco\/2026\/04\/26\/nao-jogue-fora-aqueles-calendarios-antigos-a-melhor-maneira-de-reutiliza-los-em-casa\/#primaryimage"},"thumbnailUrl":"https:\/\/www.em.com.br\/emfoco\/wp-content\/uploads\/2026\/04\/EmFoco_29-6.jpg","datePublished":"2026-04-26T17:45:00+00:00","dateModified":"2026-04-25T17:17:51+00:00","author":{"@id":"https:\/\/www.em.com.br\/emfoco\/#\/schema\/person\/60eda09c1fedf0d6891f4cef4b60b8b8"},"description":"Calend\u00e1rios velhos podem virar quadros, capas e itens decorativos. Veja ideias simples para reutilizar e renovar sua casa.","breadcrumb":{"@id":"https:\/\/www.em.com.br\/emfoco\/2026\/04\/26\/nao-jogue-fora-aqueles-calendarios-antigos-a-melhor-maneira-de-reutiliza-los-em-casa\/#breadcrumb"},"inLanguage":"pt-BR","potentialAction":[{"@type":"ReadAction","target":["https:\/\/www.em.com.br\/emfoco\/2026\/04\/26\/nao-jogue-fora-aqueles-calendarios-antigos-a-melhor-maneira-de-reutiliza-los-em-casa\/"]}]},{"@type":"ImageObject","inLanguage":"pt-BR","@id":"https:\/\/www.em.com.br\/emfoco\/2026\/04\/26\/nao-jogue-fora-aqueles-calendarios-antigos-a-melhor-maneira-de-reutiliza-los-em-casa\/#primaryimage","url":"https:\/\/www.em.com.br\/emfoco\/wp-content\/uploads\/2026\/04\/EmFoco_29-6.jpg","contentUrl":"https:\/\/www.em.com.br\/emfoco\/wp-content\/uploads\/2026\/04\/EmFoco_29-6.jpg","width":1280,"height":720,"caption":"Reaproveitamento criativo de calend\u00e1rios para criar itens decorativos e organizadores personalizados"},{"@type":"BreadcrumbList","@id":"https:\/\/www.em.com.br\/emfoco\/2026\/04\/26\/nao-jogue-fora-aqueles-calendarios-antigos-a-melhor-maneira-de-reutiliza-los-em-casa\/#breadcrumb","itemListElement":[{"@type":"ListItem","position":1,"name":"In\u00edcio","item":"https:\/\/www.em.com.br\/emfoco\/"},{"@type":"ListItem","position":2,"name":"N\u00e3o jogue fora aqueles calend\u00e1rios antigos: a melhor maneira de reutiliz\u00e1-los em casa"}]},{"@type":"WebSite","@id":"https:\/\/www.em.com.br\/emfoco\/#website","url":"https:\/\/www.em.com.br\/emfoco\/","name":"Estado de Minas - Em foco","description":"Acompanhe as \u00faltimas not\u00edcias e fique bem informado sobre tudo o que acontece em Minas Gerais, Brasil e no mundo.","potentialAction":[{"@type":"SearchAction","target":{"@type":"EntryPoint","urlTemplate":"https:\/\/www.em.com.br\/emfoco\/?s={search_term_string}"},"query-input":{"@type":"PropertyValueSpecification","valueRequired":true,"valueName":"search_term_string"}}],"inLanguage":"pt-BR"},{"@type":"Person","@id":"https:\/\/www.em.com.br\/emfoco\/#\/schema\/person\/60eda09c1fedf0d6891f4cef4b60b8b8","name":"Andre\u0301 Rangel\u00a0","image":{"@type":"ImageObject","inLanguage":"pt-BR","@id":"https:\/\/www.em.com.br\/emfoco\/#\/schema\/person\/image\/","url":"https:\/\/secure.gravatar.com\/avatar\/6234dc814c77c8ef6d8bba622c787efc?s=96&d=mm&r=g","contentUrl":"https:\/\/secure.gravatar.com\/avatar\/6234dc814c77c8ef6d8bba622c787efc?s=96&d=mm&r=g","caption":"Andre\u0301 Rangel\u00a0"},"url":"https:\/\/www.em.com.br\/emfoco\/author\/luizmyth\/"}]}},"_links":{"self":[{"href":"https:\/\/www.em.com.br\/emfoco\/wp-json\/wp\/v2\/posts\/198450","targetHints":{"allow":["GET"]}}],"collection":[{"href":"https:\/\/www.em.com.br\/emfoco\/wp-json\/wp\/v2\/posts"}],"about":[{"href":"https:\/\/www.em.com.br\/emfoco\/wp-json\/wp\/v2\/types\/post"}],"author":[{"embeddable":true,"href":"https:\/\/www.em.com.br\/emfoco\/wp-json\/wp\/v2\/users\/11"}],"replies":[{"embeddable":true,"href":"https:\/\/www.em.com.br\/emfoco\/wp-json\/wp\/v2\/comments?post=198450"}],"version-history":[{"count":2,"href":"https:\/\/www.em.com.br\/emfoco\/wp-json\/wp\/v2\/posts\/198450\/revisions"}],"predecessor-version":[{"id":198480,"href":"https:\/\/www.em.com.br\/emfoco\/wp-json\/wp\/v2\/posts\/198450\/revisions\/198480"}],"wp:featuredmedia":[{"embeddable":true,"href":"https:\/\/www.em.com.br\/emfoco\/wp-json\/wp\/v2\/media\/199325"}],"wp:attachment":[{"href":"https:\/\/www.em.com.br\/emfoco\/wp-json\/wp\/v2\/media?parent=198450"}],"wp:term":[{"taxonomy":"category","embeddable":true,"href":"https:\/\/www.em.com.br\/emfoco\/wp-json\/wp\/v2\/categories?post=198450"},{"taxonomy":"post_tag","embeddable":true,"href":"https:\/\/www.em.com.br\/emfoco\/wp-json\/wp\/v2\/tags?post=198450"}],"curies":[{"name":"wp","href":"https:\/\/api.w.org\/{rel}","templated":true}]}}