{"id":198447,"date":"2026-04-26T08:55:00","date_gmt":"2026-04-26T11:55:00","guid":{"rendered":"https:\/\/www.em.com.br\/emfoco\/?p=198447"},"modified":"2026-04-25T14:10:46","modified_gmt":"2026-04-25T17:10:46","slug":"nao-jogue-fora-os-potes-de-creme-usados-voce-tem-um-tesouro-em-casa-com-essas-ideias-uteis-para-aproveita-los","status":"publish","type":"post","link":"https:\/\/www.em.com.br\/emfoco\/2026\/04\/26\/nao-jogue-fora-os-potes-de-creme-usados-voce-tem-um-tesouro-em-casa-com-essas-ideias-uteis-para-aproveita-los\/","title":{"rendered":"N\u00e3o jogue fora os potes de creme usados, voc\u00ea tem um tesouro em casa com essas ideias \u00fateis para aproveit\u00e1-los"},"content":{"rendered":"\n<p>Pequenos potes de creme corporal costumam ir direto para o lixo, mas esses frascos pl\u00e1sticos compactos e resistentes podem ganhar novas fun\u00e7\u00f5es no dia a dia, ajudando na organiza\u00e7\u00e3o, no transporte de itens mi\u00fados e at\u00e9 na rotina fora de casa, como em viagens, trabalho ou academia, evitando desperd\u00edcio e trazendo mais praticidade.<\/p>\n\n\n\n<h2 class=\"wp-block-heading\">Por que reaproveitar potes de creme faz diferen\u00e7a na rotina<\/h2>\n\n\n\n<p>Por terem tampa de rosca e fechamento firme, esses potes oferecem prote\u00e7\u00e3o contra umidade, sujeira e abertura acidental dentro de <a href=\"https:\/\/www.em.com.br\/emfoco\/2026\/04\/23\/tendencias-de-bolsas-para-o-outono-que-elevam-seu-visual-e-trazem-elegancia-imediata\/\" target=\"_blank\" rel=\"noreferrer noopener\">bolsas <\/a>e mochilas. Al\u00e9m disso, ocupam pouco espa\u00e7o e cabem facilmente em n\u00e9cessaires (bolsinhas organizadoras), estojos ou gavetas, substituindo organizadores que voc\u00ea talvez nem precise comprar.<\/p>\n\n\n\n<p>A reutiliza\u00e7\u00e3o de potes de creme pequenos tamb\u00e9m evita perdas, danos e desorganiza\u00e7\u00e3o de itens que ficariam soltos. Pequenas bijuterias, comprimidos, grampos, el\u00e1sticos e miudezas de escrit\u00f3rio tendem a se perder com facilidade em bolsas e gavetas, e o uso de frascos com tampa reduz esse problema.<\/p>\n\n\n\n<figure class=\"wp-block-image size-large\"><img loading=\"lazy\" decoding=\"async\" width=\"1024\" height=\"576\" src=\"https:\/\/www.em.com.br\/emfoco\/wp-content\/uploads\/2026\/04\/Gemini_Generated_Image_wr35khwr35khwr35-1-1024x576.png\" alt=\"O pote de creme que voc\u00ea joga fora vale ouro\" class=\"wp-image-198474\" srcset=\"https:\/\/www.em.com.br\/emfoco\/wp-content\/uploads\/2026\/04\/Gemini_Generated_Image_wr35khwr35khwr35-1-1024x576.png 1024w, https:\/\/www.em.com.br\/emfoco\/wp-content\/uploads\/2026\/04\/Gemini_Generated_Image_wr35khwr35khwr35-1-300x169.png 300w, https:\/\/www.em.com.br\/emfoco\/wp-content\/uploads\/2026\/04\/Gemini_Generated_Image_wr35khwr35khwr35-1-768x432.png 768w, https:\/\/www.em.com.br\/emfoco\/wp-content\/uploads\/2026\/04\/Gemini_Generated_Image_wr35khwr35khwr35-1-750x422.png 750w, https:\/\/www.em.com.br\/emfoco\/wp-content\/uploads\/2026\/04\/Gemini_Generated_Image_wr35khwr35khwr35-1-1140x641.png 1140w, https:\/\/www.em.com.br\/emfoco\/wp-content\/uploads\/2026\/04\/Gemini_Generated_Image_wr35khwr35khwr35-1.png 1280w\" sizes=\"auto, (max-width: 1024px) 100vw, 1024px\" \/><figcaption class=\"wp-element-caption\">O pote de creme que voc\u00ea joga fora vale ouro<\/figcaption><\/figure>\n\n\n\n<h2 class=\"wp-block-heading\">Como transformar potes de creme em organizadores de acess\u00f3rios<\/h2>\n\n\n\n<p>Um dos usos mais comuns para o\u00a0<strong><a href=\"https:\/\/br.pinterest.com\/ideas\/pote-de-creme-artesanato\/938988802163\/\" target=\"_blank\" rel=\"noreferrer noopener\">reaproveitamento de potes de creme<\/a><\/strong>\u00a0\u00e9 a organiza\u00e7\u00e3o de acess\u00f3rios pequenos, como bijuterias. O frasco funciona como um estojo pequeno de prote\u00e7\u00e3o, evitando que correntes se enrosquem, brincos se soltem ou an\u00e9is se percam no fundo da bolsa, sendo \u00fatil em viagens ou na academia.<\/p>\n\n\n\n<p>Para que o pote funcione bem como organizador, \u00e9 importante cuidar da limpeza, da prote\u00e7\u00e3o interna e da separa\u00e7\u00e3o das pe\u00e7as. Abaixo, veja um passo a passo simples para deixar seus acess\u00f3rios mais seguros e organizados.<\/p>\n\n\n\n<ul class=\"wp-block-list\">\n<li><strong>Limpeza completa:<\/strong>\u00a0retirar todo o res\u00edduo de creme com \u00e1gua morna e detergente neutro.<\/li>\n\n\n\n<li><strong>Secagem total:<\/strong>\u00a0deixar o pote aberto at\u00e9 secar bem, evitando umidade interna.<\/li>\n\n\n\n<li><strong>Forro protetor:<\/strong>\u00a0colocar um peda\u00e7o de algod\u00e3o, feltro ou tecido macio no fundo.<\/li>\n\n\n\n<li><strong>Separa\u00e7\u00e3o b\u00e1sica:<\/strong>\u00a0usar um pote para an\u00e9is, outro para brincos pequenos e outro para pingentes.<\/li>\n<\/ul>\n\n\n\n<h2 class=\"wp-block-heading\">Como usar potes de creme como porta-comprimidos semanal<\/h2>\n\n\n\n<p>Outra forma funcional de reciclagem de potes de creme \u00e9 o uso como porta-comprimidos para vitaminas, rem\u00e9dios de uso cont\u00ednuo ou suplementos. Em vez de carregar cartelas grandes ou frascos volumosos, pequenos potes podem concentrar as doses necess\u00e1rias para alguns dias ou para uma semana inteira.<\/p>\n\n\n\n<p>Esse sistema reduz esquecimentos, evita que comprimidos fiquem soltos na bolsa e facilita a visualiza\u00e7\u00e3o das doses j\u00e1 tomadas. Para quem tem rotina corrida, o reaproveitamento de potes de creme nesse formato contribui para um controle mais organizado de medicamentos e suplementos.<\/p>\n\n\n\n<figure class=\"wp-block-image size-large\"><img loading=\"lazy\" decoding=\"async\" width=\"1024\" height=\"576\" src=\"https:\/\/www.em.com.br\/emfoco\/wp-content\/uploads\/2026\/04\/ChatGPT-Image-24-de-abr.-de-2026-12_16_28-1-1024x576.png\" alt=\"O pote de creme que voc\u00ea joga fora vale ouro\" class=\"wp-image-198472\" srcset=\"https:\/\/www.em.com.br\/emfoco\/wp-content\/uploads\/2026\/04\/ChatGPT-Image-24-de-abr.-de-2026-12_16_28-1-1024x576.png 1024w, https:\/\/www.em.com.br\/emfoco\/wp-content\/uploads\/2026\/04\/ChatGPT-Image-24-de-abr.-de-2026-12_16_28-1-300x169.png 300w, https:\/\/www.em.com.br\/emfoco\/wp-content\/uploads\/2026\/04\/ChatGPT-Image-24-de-abr.-de-2026-12_16_28-1-768x432.png 768w, https:\/\/www.em.com.br\/emfoco\/wp-content\/uploads\/2026\/04\/ChatGPT-Image-24-de-abr.-de-2026-12_16_28-1-750x422.png 750w, https:\/\/www.em.com.br\/emfoco\/wp-content\/uploads\/2026\/04\/ChatGPT-Image-24-de-abr.-de-2026-12_16_28-1-1140x642.png 1140w, https:\/\/www.em.com.br\/emfoco\/wp-content\/uploads\/2026\/04\/ChatGPT-Image-24-de-abr.-de-2026-12_16_28-1.png 1279w\" sizes=\"auto, (max-width: 1024px) 100vw, 1024px\" \/><figcaption class=\"wp-element-caption\">O pote de creme que voc\u00ea joga fora vale ouro<\/figcaption><\/figure>\n\n\n\n<h2 class=\"wp-block-heading\">Quais outros usos pr\u00e1ticos os potes de creme podem ter<\/h2>\n\n\n\n<p>Al\u00e9m de servir como porta-joias e porta-comprimidos, a&nbsp;<strong>reciclagem de potes de creme<\/strong>&nbsp;pode atender a diversas situa\u00e7\u00f5es dom\u00e9sticas. Em banheiros, ajudam a guardar cotonetes, algod\u00e3o em disco ou pequenos peda\u00e7os de sabonete, mantendo tudo limpo e protegido.<\/p>\n\n\n\n<p>Em estojos escolares ou de trabalho, funcionam como recipientes para clipes, percevejos ou unidades de armazenamento (como cart\u00f5es de mem\u00f3ria e pen drives). Tamb\u00e9m podem virar kit de costura compacto, recipiente de higiene para viagem ou frascos para por\u00e7\u00f5es menores de hidratante, protetor solar, creme dental e itens de cabelo, como el\u00e1sticos, presilhas e grampos.<\/p>\n\n\n\n<h2 class=\"wp-block-heading\">Como os potes de creme podem mudar sua rotina hoje<\/h2>\n\n\n\n<p>Ao explorar diferentes formas de&nbsp;<strong>reutilizar potes de creme<\/strong>, voc\u00ea reduz desperd\u00edcio e cria solu\u00e7\u00f5es simples para problemas reais de organiza\u00e7\u00e3o do dia a dia. Com poucos materiais e algum planejamento, esses recipientes deixam de ser descartes imediatos e passam a integrar a rotina dom\u00e9stica de maneira \u00fatil e pr\u00e1tica.<\/p>\n\n\n\n<p>N\u00e3o deixe seus pr\u00f3ximos frascos irem direto para o lixo: separe alguns hoje mesmo, higienize, defina fun\u00e7\u00f5es e teste pelo menos uma ideia ainda nesta semana. Comece agora a montar seu conjunto de organiza\u00e7\u00e3o com potes reaproveitados e sinta na pr\u00e1tica a diferen\u00e7a na sua bolsa, na sua casa e na sua rotina.<\/p>\n","protected":false},"excerpt":{"rendered":"<p>Pequenos potes de creme corporal costumam ir direto para o lixo, mas esses frascos pl\u00e1sticos compactos e resistentes podem ganhar novas fun\u00e7\u00f5es no dia a dia, ajudando na organiza\u00e7\u00e3o, no transporte de itens mi\u00fados e at\u00e9 na rotina fora de casa, como em viagens, trabalho ou academia, evitando desperd\u00edcio e trazendo mais praticidade. Por que [&hellip;]<\/p>\n","protected":false},"author":11,"featured_media":199314,"comment_status":"open","ping_status":"open","sticky":false,"template":"","format":"standard","meta":{"jnews-multi-image_gallery":[],"jnews_single_post":{"format":"standard"},"jnews_primary_category":[],"jnews_social_meta":[],"jnews_override_counter":[],"footnotes":""},"categories":[8819,1],"tags":[5115,28663,28662,2595],"class_list":["post-198447","post","type-post","status-publish","format-standard","has-post-thumbnail","hentry","category-curiosidades","category-noticias","tag-diy","tag-organizadores-uteis","tag-potes-de-creme","tag-reciclagem"],"yoast_head":"<!-- This site is optimized with the Yoast SEO plugin v23.8 - https:\/\/yoast.com\/wordpress\/plugins\/seo\/ -->\n<title>N\u00e3o jogue fora os potes de creme usados, voc\u00ea tem um tesouro em casa com essas ideias \u00fateis para aproveit\u00e1-los - Estado de Minas - Em foco<\/title>\n<meta name=\"description\" content=\"Potes de creme vazios podem virar organizadores \u00fateis para bolsa, gaveta e viagens. Veja ideias pr\u00e1ticas para reutilizar hoje.\" \/>\n<meta name=\"robots\" content=\"index, follow, max-snippet:-1, max-image-preview:large, max-video-preview:-1\" \/>\n<link rel=\"canonical\" href=\"https:\/\/www.em.com.br\/emfoco\/2026\/04\/26\/nao-jogue-fora-os-potes-de-creme-usados-voce-tem-um-tesouro-em-casa-com-essas-ideias-uteis-para-aproveita-los\/\" \/>\n<meta property=\"og:locale\" content=\"pt_BR\" \/>\n<meta property=\"og:type\" content=\"article\" \/>\n<meta property=\"og:title\" content=\"N\u00e3o jogue fora os potes de creme usados, voc\u00ea tem um tesouro em casa com essas ideias \u00fateis para aproveit\u00e1-los - Estado de Minas - Em foco\" \/>\n<meta property=\"og:description\" content=\"Potes de creme vazios podem virar organizadores \u00fateis para bolsa, gaveta e viagens. Veja ideias pr\u00e1ticas para reutilizar hoje.\" \/>\n<meta property=\"og:url\" content=\"https:\/\/www.em.com.br\/emfoco\/2026\/04\/26\/nao-jogue-fora-os-potes-de-creme-usados-voce-tem-um-tesouro-em-casa-com-essas-ideias-uteis-para-aproveita-los\/\" \/>\n<meta property=\"og:site_name\" content=\"Estado de Minas - Em foco\" \/>\n<meta property=\"article:published_time\" content=\"2026-04-26T11:55:00+00:00\" \/>\n<meta property=\"article:modified_time\" content=\"2026-04-25T17:10:46+00:00\" \/>\n<meta property=\"og:image\" content=\"https:\/\/www.em.com.br\/emfoco\/wp-content\/uploads\/2026\/04\/EmFoco_22-6.jpg\" \/>\n\t<meta property=\"og:image:width\" content=\"1280\" \/>\n\t<meta property=\"og:image:height\" content=\"720\" \/>\n\t<meta property=\"og:image:type\" content=\"image\/jpeg\" \/>\n<meta name=\"author\" content=\"Andre\u0301 Rangel\u00a0\" \/>\n<meta name=\"twitter:card\" content=\"summary_large_image\" \/>\n<meta name=\"twitter:label1\" content=\"Escrito por\" \/>\n\t<meta name=\"twitter:data1\" content=\"Andre\u0301 Rangel\u00a0\" \/>\n\t<meta name=\"twitter:label2\" content=\"Est. tempo de leitura\" \/>\n\t<meta name=\"twitter:data2\" content=\"5 minutos\" \/>\n<!-- \/ Yoast SEO plugin. -->","yoast_head_json":{"title":"N\u00e3o jogue fora os potes de creme usados, voc\u00ea tem um tesouro em casa com essas ideias \u00fateis para aproveit\u00e1-los - Estado de Minas - Em foco","description":"Potes de creme vazios podem virar organizadores \u00fateis para bolsa, gaveta e viagens. Veja ideias pr\u00e1ticas para reutilizar hoje.","robots":{"index":"index","follow":"follow","max-snippet":"max-snippet:-1","max-image-preview":"max-image-preview:large","max-video-preview":"max-video-preview:-1"},"canonical":"https:\/\/www.em.com.br\/emfoco\/2026\/04\/26\/nao-jogue-fora-os-potes-de-creme-usados-voce-tem-um-tesouro-em-casa-com-essas-ideias-uteis-para-aproveita-los\/","og_locale":"pt_BR","og_type":"article","og_title":"N\u00e3o jogue fora os potes de creme usados, voc\u00ea tem um tesouro em casa com essas ideias \u00fateis para aproveit\u00e1-los - Estado de Minas - Em foco","og_description":"Potes de creme vazios podem virar organizadores \u00fateis para bolsa, gaveta e viagens. Veja ideias pr\u00e1ticas para reutilizar hoje.","og_url":"https:\/\/www.em.com.br\/emfoco\/2026\/04\/26\/nao-jogue-fora-os-potes-de-creme-usados-voce-tem-um-tesouro-em-casa-com-essas-ideias-uteis-para-aproveita-los\/","og_site_name":"Estado de Minas - Em foco","article_published_time":"2026-04-26T11:55:00+00:00","article_modified_time":"2026-04-25T17:10:46+00:00","og_image":[{"width":1280,"height":720,"url":"https:\/\/www.em.com.br\/emfoco\/wp-content\/uploads\/2026\/04\/EmFoco_22-6.jpg","type":"image\/jpeg"}],"author":"Andre\u0301 Rangel\u00a0","twitter_card":"summary_large_image","twitter_misc":{"Escrito por":"Andre\u0301 Rangel\u00a0","Est. tempo de leitura":"5 minutos"},"schema":{"@context":"https:\/\/schema.org","@graph":[{"@type":"WebPage","@id":"https:\/\/www.em.com.br\/emfoco\/2026\/04\/26\/nao-jogue-fora-os-potes-de-creme-usados-voce-tem-um-tesouro-em-casa-com-essas-ideias-uteis-para-aproveita-los\/","url":"https:\/\/www.em.com.br\/emfoco\/2026\/04\/26\/nao-jogue-fora-os-potes-de-creme-usados-voce-tem-um-tesouro-em-casa-com-essas-ideias-uteis-para-aproveita-los\/","name":"N\u00e3o jogue fora os potes de creme usados, voc\u00ea tem um tesouro em casa com essas ideias \u00fateis para aproveit\u00e1-los - Estado de Minas - Em foco","isPartOf":{"@id":"https:\/\/www.em.com.br\/emfoco\/#website"},"primaryImageOfPage":{"@id":"https:\/\/www.em.com.br\/emfoco\/2026\/04\/26\/nao-jogue-fora-os-potes-de-creme-usados-voce-tem-um-tesouro-em-casa-com-essas-ideias-uteis-para-aproveita-los\/#primaryimage"},"image":{"@id":"https:\/\/www.em.com.br\/emfoco\/2026\/04\/26\/nao-jogue-fora-os-potes-de-creme-usados-voce-tem-um-tesouro-em-casa-com-essas-ideias-uteis-para-aproveita-los\/#primaryimage"},"thumbnailUrl":"https:\/\/www.em.com.br\/emfoco\/wp-content\/uploads\/2026\/04\/EmFoco_22-6.jpg","datePublished":"2026-04-26T11:55:00+00:00","dateModified":"2026-04-25T17:10:46+00:00","author":{"@id":"https:\/\/www.em.com.br\/emfoco\/#\/schema\/person\/60eda09c1fedf0d6891f4cef4b60b8b8"},"description":"Potes de creme vazios podem virar organizadores \u00fateis para bolsa, gaveta e viagens. Veja ideias pr\u00e1ticas para reutilizar hoje.","breadcrumb":{"@id":"https:\/\/www.em.com.br\/emfoco\/2026\/04\/26\/nao-jogue-fora-os-potes-de-creme-usados-voce-tem-um-tesouro-em-casa-com-essas-ideias-uteis-para-aproveita-los\/#breadcrumb"},"inLanguage":"pt-BR","potentialAction":[{"@type":"ReadAction","target":["https:\/\/www.em.com.br\/emfoco\/2026\/04\/26\/nao-jogue-fora-os-potes-de-creme-usados-voce-tem-um-tesouro-em-casa-com-essas-ideias-uteis-para-aproveita-los\/"]}]},{"@type":"ImageObject","inLanguage":"pt-BR","@id":"https:\/\/www.em.com.br\/emfoco\/2026\/04\/26\/nao-jogue-fora-os-potes-de-creme-usados-voce-tem-um-tesouro-em-casa-com-essas-ideias-uteis-para-aproveita-los\/#primaryimage","url":"https:\/\/www.em.com.br\/emfoco\/wp-content\/uploads\/2026\/04\/EmFoco_22-6.jpg","contentUrl":"https:\/\/www.em.com.br\/emfoco\/wp-content\/uploads\/2026\/04\/EmFoco_22-6.jpg","width":1280,"height":720,"caption":"Reaproveitamento de embalagens compactas para otimizar a organiza\u00e7\u00e3o de pequenos itens cotidianos"},{"@type":"BreadcrumbList","@id":"https:\/\/www.em.com.br\/emfoco\/2026\/04\/26\/nao-jogue-fora-os-potes-de-creme-usados-voce-tem-um-tesouro-em-casa-com-essas-ideias-uteis-para-aproveita-los\/#breadcrumb","itemListElement":[{"@type":"ListItem","position":1,"name":"In\u00edcio","item":"https:\/\/www.em.com.br\/emfoco\/"},{"@type":"ListItem","position":2,"name":"N\u00e3o jogue fora os potes de creme usados, voc\u00ea tem um tesouro em casa com essas ideias \u00fateis para aproveit\u00e1-los"}]},{"@type":"WebSite","@id":"https:\/\/www.em.com.br\/emfoco\/#website","url":"https:\/\/www.em.com.br\/emfoco\/","name":"Estado de Minas - Em foco","description":"Acompanhe as \u00faltimas not\u00edcias e fique bem informado sobre tudo o que acontece em Minas Gerais, Brasil e no mundo.","potentialAction":[{"@type":"SearchAction","target":{"@type":"EntryPoint","urlTemplate":"https:\/\/www.em.com.br\/emfoco\/?s={search_term_string}"},"query-input":{"@type":"PropertyValueSpecification","valueRequired":true,"valueName":"search_term_string"}}],"inLanguage":"pt-BR"},{"@type":"Person","@id":"https:\/\/www.em.com.br\/emfoco\/#\/schema\/person\/60eda09c1fedf0d6891f4cef4b60b8b8","name":"Andre\u0301 Rangel\u00a0","image":{"@type":"ImageObject","inLanguage":"pt-BR","@id":"https:\/\/www.em.com.br\/emfoco\/#\/schema\/person\/image\/","url":"https:\/\/secure.gravatar.com\/avatar\/6234dc814c77c8ef6d8bba622c787efc?s=96&d=mm&r=g","contentUrl":"https:\/\/secure.gravatar.com\/avatar\/6234dc814c77c8ef6d8bba622c787efc?s=96&d=mm&r=g","caption":"Andre\u0301 Rangel\u00a0"},"url":"https:\/\/www.em.com.br\/emfoco\/author\/luizmyth\/"}]}},"_links":{"self":[{"href":"https:\/\/www.em.com.br\/emfoco\/wp-json\/wp\/v2\/posts\/198447","targetHints":{"allow":["GET"]}}],"collection":[{"href":"https:\/\/www.em.com.br\/emfoco\/wp-json\/wp\/v2\/posts"}],"about":[{"href":"https:\/\/www.em.com.br\/emfoco\/wp-json\/wp\/v2\/types\/post"}],"author":[{"embeddable":true,"href":"https:\/\/www.em.com.br\/emfoco\/wp-json\/wp\/v2\/users\/11"}],"replies":[{"embeddable":true,"href":"https:\/\/www.em.com.br\/emfoco\/wp-json\/wp\/v2\/comments?post=198447"}],"version-history":[{"count":3,"href":"https:\/\/www.em.com.br\/emfoco\/wp-json\/wp\/v2\/posts\/198447\/revisions"}],"predecessor-version":[{"id":198478,"href":"https:\/\/www.em.com.br\/emfoco\/wp-json\/wp\/v2\/posts\/198447\/revisions\/198478"}],"wp:featuredmedia":[{"embeddable":true,"href":"https:\/\/www.em.com.br\/emfoco\/wp-json\/wp\/v2\/media\/199314"}],"wp:attachment":[{"href":"https:\/\/www.em.com.br\/emfoco\/wp-json\/wp\/v2\/media?parent=198447"}],"wp:term":[{"taxonomy":"category","embeddable":true,"href":"https:\/\/www.em.com.br\/emfoco\/wp-json\/wp\/v2\/categories?post=198447"},{"taxonomy":"post_tag","embeddable":true,"href":"https:\/\/www.em.com.br\/emfoco\/wp-json\/wp\/v2\/tags?post=198447"}],"curies":[{"name":"wp","href":"https:\/\/api.w.org\/{rel}","templated":true}]}}