{"id":198443,"date":"2026-04-25T17:15:00","date_gmt":"2026-04-25T20:15:00","guid":{"rendered":"https:\/\/www.em.com.br\/emfoco\/?p=198443"},"modified":"2026-04-24T22:02:44","modified_gmt":"2026-04-25T01:02:44","slug":"estudos-da-psicologia-revelam-como-crescer-sem-irmaos-pode-moldar-habilidades-na-vida-adulta","status":"publish","type":"post","link":"https:\/\/www.em.com.br\/emfoco\/2026\/04\/25\/estudos-da-psicologia-revelam-como-crescer-sem-irmaos-pode-moldar-habilidades-na-vida-adulta\/","title":{"rendered":"Estudos da psicologia revelam como crescer sem irm\u00e3os pode moldar habilidades na vida adulta"},"content":{"rendered":"\n<p>A configura\u00e7\u00e3o familiar exerce uma influ\u00eancia profunda na forma\u00e7\u00e3o da personalidade e nas compet\u00eancias que carregamos para a vida adulta. Estudos recentes da <strong>psicologia moderna<\/strong> indicam que indiv\u00edduos sem irm\u00e3os desenvolvem uma caracter\u00edstica espec\u00edfica que se torna um diferencial competitivo e emocional no futuro.<\/p>\n\n\n\n<h2 class=\"wp-block-heading\">Como a aus\u00eancia de irm\u00e3os molda a estrutura do pensamento<\/h2>\n\n\n\n<p>Crescer em um ambiente onde a aten\u00e7\u00e3o dos pais n\u00e3o \u00e9 compartilhada permite que a <strong>criatividade individual<\/strong> flores\u00e7a de maneira mais intensa. A necessidade de ocupar o tempo sem a companhia constante de pares da mesma idade for\u00e7a o c\u00e9rebro a buscar solu\u00e7\u00f5es internas e narrativas pr\u00f3prias para o entretenimento.<\/p>\n\n\n\n<p>Essa din\u00e2mica estimula o que especialistas chamam de <strong>pensamento divergente<\/strong>, uma capacidade de encontrar m\u00faltiplas solu\u00e7\u00f5es para um mesmo problema. O sil\u00eancio dom\u00e9stico serve como terreno f\u00e9rtil para que o filho \u00fanico refine sua percep\u00e7\u00e3o de mundo sem interfer\u00eancias externas.<\/p>\n\n\n<div class=\"wp-block-image\">\n<figure class=\"aligncenter size-large\"><img loading=\"lazy\" decoding=\"async\" width=\"1024\" height=\"576\" src=\"https:\/\/www.em.com.br\/emfoco\/wp-content\/uploads\/2026\/04\/filhos-unicos_1777042044863-1024x576.jpg\" alt=\"\" class=\"wp-image-198448\" srcset=\"https:\/\/www.em.com.br\/emfoco\/wp-content\/uploads\/2026\/04\/filhos-unicos_1777042044863-1024x576.jpg 1024w, https:\/\/www.em.com.br\/emfoco\/wp-content\/uploads\/2026\/04\/filhos-unicos_1777042044863-300x169.jpg 300w, https:\/\/www.em.com.br\/emfoco\/wp-content\/uploads\/2026\/04\/filhos-unicos_1777042044863-768x432.jpg 768w, https:\/\/www.em.com.br\/emfoco\/wp-content\/uploads\/2026\/04\/filhos-unicos_1777042044863-750x422.jpg 750w, https:\/\/www.em.com.br\/emfoco\/wp-content\/uploads\/2026\/04\/filhos-unicos_1777042044863-1140x641.jpg 1140w, https:\/\/www.em.com.br\/emfoco\/wp-content\/uploads\/2026\/04\/filhos-unicos_1777042044863.jpg 1280w\" sizes=\"auto, (max-width: 1024px) 100vw, 1024px\" \/><figcaption class=\"wp-element-caption\">Essa inclina\u00e7\u00e3o para o novo surge da falta de modelos de comportamento imediatos &#8211; Cr\u00e9ditos: depositphotos.com \/ lighthousestock<\/figcaption><\/figure><\/div>\n\n\n<p>Leia tamb\u00e9m: <a href=\"https:\/\/www.em.com.br\/emfoco\/2026\/01\/23\/a-psicologia-por-tras-das-pessoas-que-nunca-postam-nas-redes-sociais\/\" target=\"_blank\" rel=\"noreferrer noopener\">A psicologia por tr\u00e1s das pessoas que nunca postam nas redes sociais<\/a><\/p>\n\n\n\n<h2 class=\"wp-block-heading\">O desenvolvimento da autonomia intelectual na vida adulta<\/h2>\n\n\n\n<p>A habilidade chave identificada pela <strong>psicologia<\/strong> \u00e9 a autossufici\u00eancia cognitiva, que permite ao adulto lidar melhor com a solid\u00e3o e projetos complexos. Por passarem mais tempo em contato direto com o vocabul\u00e1rio e os dilemas dos adultos, essas crian\u00e7as costumam apresentar uma <strong>maturidade precoce<\/strong> em fun\u00e7\u00f5es executivas e tomadas de decis\u00e3o.<\/p>\n\n\n\n<p>Isso n\u00e3o significa uma dificuldade de socializa\u00e7\u00e3o, mas sim uma prefer\u00eancia por intera\u00e7\u00f5es mais profundas e menos superficiais durante o cotidiano. Entender essa <strong>independ\u00eancia emocional<\/strong> ajuda a desmistificar o antigo estere\u00f3tipo de que o filho \u00fanico seria necessariamente ego\u00edsta ou isolado da sociedade.<\/p>\n\n\n\n<h2 class=\"wp-block-heading\">Vantagens competitivas no mercado de trabalho atual<\/h2>\n\n\n\n<p>No cen\u00e1rio profissional contempor\u00e2neo, a capacidade de <strong>focar intensamente<\/strong> em tarefas isoladas \u00e9 uma das compet\u00eancias mais valorizadas pelas grandes empresas. Indiv\u00edduos que cresceram sem irm\u00e3os tendem a ter uma <strong>resili\u00eancia mental<\/strong> elevada ao trabalhar de forma aut\u00f4noma, sem a necessidade de valida\u00e7\u00e3o constante do grupo.<\/p>\n\n\n<div class=\"wp-block-image\">\n<figure class=\"aligncenter size-large\"><img loading=\"lazy\" decoding=\"async\" width=\"1024\" height=\"354\" src=\"https:\/\/www.em.com.br\/emfoco\/wp-content\/uploads\/2026\/04\/convertido-6-1024x354.jpg\" alt=\"\" class=\"wp-image-198445\" srcset=\"https:\/\/www.em.com.br\/emfoco\/wp-content\/uploads\/2026\/04\/convertido-6-1024x354.jpg 1024w, https:\/\/www.em.com.br\/emfoco\/wp-content\/uploads\/2026\/04\/convertido-6-300x104.jpg 300w, https:\/\/www.em.com.br\/emfoco\/wp-content\/uploads\/2026\/04\/convertido-6-768x265.jpg 768w, https:\/\/www.em.com.br\/emfoco\/wp-content\/uploads\/2026\/04\/convertido-6-750x259.jpg 750w, https:\/\/www.em.com.br\/emfoco\/wp-content\/uploads\/2026\/04\/convertido-6-1140x394.jpg 1140w, https:\/\/www.em.com.br\/emfoco\/wp-content\/uploads\/2026\/04\/convertido-6.jpg 1280w\" sizes=\"auto, (max-width: 1024px) 100vw, 1024px\" \/><\/figure><\/div>\n\n\n<p>O foco em metas individuais permite que esses profissionais alcancem cargos de lideran\u00e7a com uma vis\u00e3o estrat\u00e9gica muito clara sobre processos. Observar como essa <strong>flexibilidade cognitiva<\/strong> se manifesta na rotina pode ser o diferencial para quem busca otimizar o pr\u00f3prio rendimento t\u00e9cnico.<\/p>\n\n\n\n<h2 class=\"wp-block-heading\">Por que a criatividade \u00e9 o grande trunfo desse perfil<\/h2>\n\n\n\n<p><a href=\"https:\/\/pubmed.ncbi.nlm.nih.gov\/32871400\/\" target=\"_blank\" rel=\"noreferrer noopener\">Pesquisas realizadas na China e em partes da Europa<\/a> demonstraram que o volume de massa cinzenta em \u00e1reas ligadas \u00e0 imagina\u00e7\u00e3o \u00e9 maior em filhos \u00fanicos. O exerc\u00edcio constante de <strong>fantasiar cen\u00e1rios<\/strong> e criar mundos internos durante a inf\u00e2ncia consolida redes neurais que facilitam a inova\u00e7\u00e3o em diversas \u00e1reas art\u00edsticas e cient\u00edficas.<\/p>\n\n\n\n<p>Essa inclina\u00e7\u00e3o para o novo surge da falta de modelos de comportamento imediatos, como irm\u00e3os mais velhos, o que gera uma busca por refer\u00eancias externas. O indiv\u00edduo aprende a ser seu pr\u00f3prio <strong>mentor interno<\/strong>, desenvolvendo uma voz cr\u00edtica que auxilia no refinamento de ideias complexas e projetos autorais.<\/p>\n\n\n<div class=\"wp-block-image\">\n<figure class=\"aligncenter size-large\"><img loading=\"lazy\" decoding=\"async\" width=\"1024\" height=\"576\" src=\"https:\/\/www.em.com.br\/emfoco\/wp-content\/uploads\/2026\/04\/filhos-unicos-pais_1777042098240-1024x576.jpg\" alt=\"\" class=\"wp-image-198451\" srcset=\"https:\/\/www.em.com.br\/emfoco\/wp-content\/uploads\/2026\/04\/filhos-unicos-pais_1777042098240-1024x576.jpg 1024w, https:\/\/www.em.com.br\/emfoco\/wp-content\/uploads\/2026\/04\/filhos-unicos-pais_1777042098240-300x169.jpg 300w, https:\/\/www.em.com.br\/emfoco\/wp-content\/uploads\/2026\/04\/filhos-unicos-pais_1777042098240-768x432.jpg 768w, https:\/\/www.em.com.br\/emfoco\/wp-content\/uploads\/2026\/04\/filhos-unicos-pais_1777042098240-750x422.jpg 750w, https:\/\/www.em.com.br\/emfoco\/wp-content\/uploads\/2026\/04\/filhos-unicos-pais_1777042098240-1140x641.jpg 1140w, https:\/\/www.em.com.br\/emfoco\/wp-content\/uploads\/2026\/04\/filhos-unicos-pais_1777042098240.jpg 1280w\" sizes=\"auto, (max-width: 1024px) 100vw, 1024px\" \/><figcaption class=\"wp-element-caption\"> O sil\u00eancio dom\u00e9stico serve como terreno f\u00e9rtil para que o filho \u00fanico refine sua percep\u00e7\u00e3o de mundo &#8211; Cr\u00e9ditos: depositphotos.com \/ philfreez@gmail.com<\/figcaption><\/figure><\/div>\n\n\n<h2 class=\"wp-block-heading\">O futuro das rela\u00e7\u00f5es sociais para quem cresceu sozinho<\/h2>\n\n\n\n<p>A transi\u00e7\u00e3o para a maturidade revela que a suposta falta de conv\u00edvio fraterno \u00e9 compensada por <strong>la\u00e7os de amizade<\/strong> extremamente s\u00f3lidos e escolhidos a dedo. A psicologia aponta que esses adultos valorizam a qualidade das conex\u00f5es, aplicando a mesma <strong>profundidade intelectual<\/strong> que utilizaram para se entreter quando crian\u00e7as.<\/p>\n\n\n\n<p>Compreender o impacto da ordem de nascimento nas habilidades humanas \u00e9 um passo fundamental para o autoconhecimento e a valoriza\u00e7\u00e3o das trajet\u00f3rias individuais. Avaliar como sua <strong>hist\u00f3ria familiar<\/strong> moldou seu estilo de comunica\u00e7\u00e3o atual pode abrir portas para um desenvolvimento pessoal ainda mais assertivo e equilibrado.<\/p>\n","protected":false},"excerpt":{"rendered":"<p>A configura\u00e7\u00e3o familiar exerce uma influ\u00eancia profunda na forma\u00e7\u00e3o da personalidade e nas compet\u00eancias que carregamos para a vida adulta. Estudos recentes da psicologia moderna indicam que indiv\u00edduos sem irm\u00e3os desenvolvem uma caracter\u00edstica espec\u00edfica que se torna um diferencial competitivo e emocional no futuro. Como a aus\u00eancia de irm\u00e3os molda a estrutura do pensamento Crescer [&hellip;]<\/p>\n","protected":false},"author":9,"featured_media":198918,"comment_status":"open","ping_status":"open","sticky":false,"template":"","format":"standard","meta":{"jnews-multi-image_gallery":[],"jnews_single_post":{"format":"standard"},"jnews_primary_category":[],"jnews_social_meta":[],"jnews_override_counter":[],"footnotes":""},"categories":[8819],"tags":[828,28657,28658],"class_list":["post-198443","post","type-post","status-publish","format-standard","has-post-thumbnail","hentry","category-curiosidades","tag-autonomia","tag-crescer-sem-irmaos","tag-filhos-unicos"],"yoast_head":"<!-- This site is optimized with the Yoast SEO plugin v23.8 - https:\/\/yoast.com\/wordpress\/plugins\/seo\/ -->\n<title>Estudos da psicologia revelam como crescer sem irm\u00e3os pode moldar habilidades na vida adulta - Estado de Minas - Em foco<\/title>\n<meta name=\"description\" content=\"Crescer sem irm\u00e3os pode influenciar autonomia, criatividade e foco, gerando habilidades valorizadas na vida pessoal e profissional\" \/>\n<meta name=\"robots\" content=\"index, follow, max-snippet:-1, max-image-preview:large, max-video-preview:-1\" \/>\n<link rel=\"canonical\" href=\"https:\/\/www.em.com.br\/emfoco\/2026\/04\/25\/estudos-da-psicologia-revelam-como-crescer-sem-irmaos-pode-moldar-habilidades-na-vida-adulta\/\" \/>\n<meta property=\"og:locale\" content=\"pt_BR\" \/>\n<meta property=\"og:type\" content=\"article\" \/>\n<meta property=\"og:title\" content=\"Estudos da psicologia revelam como crescer sem irm\u00e3os pode moldar habilidades na vida adulta - Estado de Minas - Em foco\" \/>\n<meta property=\"og:description\" content=\"Crescer sem irm\u00e3os pode influenciar autonomia, criatividade e foco, gerando habilidades valorizadas na vida pessoal e profissional\" \/>\n<meta property=\"og:url\" content=\"https:\/\/www.em.com.br\/emfoco\/2026\/04\/25\/estudos-da-psicologia-revelam-como-crescer-sem-irmaos-pode-moldar-habilidades-na-vida-adulta\/\" \/>\n<meta property=\"og:site_name\" content=\"Estado de Minas - Em foco\" \/>\n<meta property=\"article:published_time\" content=\"2026-04-25T20:15:00+00:00\" \/>\n<meta property=\"article:modified_time\" content=\"2026-04-25T01:02:44+00:00\" \/>\n<meta property=\"og:image\" content=\"https:\/\/www.em.com.br\/emfoco\/wp-content\/uploads\/2026\/04\/EmFoco_53-5.jpg\" \/>\n\t<meta property=\"og:image:width\" content=\"1280\" \/>\n\t<meta property=\"og:image:height\" content=\"720\" \/>\n\t<meta property=\"og:image:type\" content=\"image\/jpeg\" \/>\n<meta name=\"author\" content=\"Daniely Cardoso\" \/>\n<meta name=\"twitter:card\" content=\"summary_large_image\" \/>\n<meta name=\"twitter:label1\" content=\"Escrito por\" \/>\n\t<meta name=\"twitter:data1\" content=\"Daniely Cardoso\" \/>\n\t<meta name=\"twitter:label2\" content=\"Est. tempo de leitura\" \/>\n\t<meta name=\"twitter:data2\" content=\"5 minutos\" \/>\n<!-- \/ Yoast SEO plugin. -->","yoast_head_json":{"title":"Estudos da psicologia revelam como crescer sem irm\u00e3os pode moldar habilidades na vida adulta - Estado de Minas - Em foco","description":"Crescer sem irm\u00e3os pode influenciar autonomia, criatividade e foco, gerando habilidades valorizadas na vida pessoal e profissional","robots":{"index":"index","follow":"follow","max-snippet":"max-snippet:-1","max-image-preview":"max-image-preview:large","max-video-preview":"max-video-preview:-1"},"canonical":"https:\/\/www.em.com.br\/emfoco\/2026\/04\/25\/estudos-da-psicologia-revelam-como-crescer-sem-irmaos-pode-moldar-habilidades-na-vida-adulta\/","og_locale":"pt_BR","og_type":"article","og_title":"Estudos da psicologia revelam como crescer sem irm\u00e3os pode moldar habilidades na vida adulta - Estado de Minas - Em foco","og_description":"Crescer sem irm\u00e3os pode influenciar autonomia, criatividade e foco, gerando habilidades valorizadas na vida pessoal e profissional","og_url":"https:\/\/www.em.com.br\/emfoco\/2026\/04\/25\/estudos-da-psicologia-revelam-como-crescer-sem-irmaos-pode-moldar-habilidades-na-vida-adulta\/","og_site_name":"Estado de Minas - Em foco","article_published_time":"2026-04-25T20:15:00+00:00","article_modified_time":"2026-04-25T01:02:44+00:00","og_image":[{"width":1280,"height":720,"url":"https:\/\/www.em.com.br\/emfoco\/wp-content\/uploads\/2026\/04\/EmFoco_53-5.jpg","type":"image\/jpeg"}],"author":"Daniely Cardoso","twitter_card":"summary_large_image","twitter_misc":{"Escrito por":"Daniely Cardoso","Est. tempo de leitura":"5 minutos"},"schema":{"@context":"https:\/\/schema.org","@graph":[{"@type":"WebPage","@id":"https:\/\/www.em.com.br\/emfoco\/2026\/04\/25\/estudos-da-psicologia-revelam-como-crescer-sem-irmaos-pode-moldar-habilidades-na-vida-adulta\/","url":"https:\/\/www.em.com.br\/emfoco\/2026\/04\/25\/estudos-da-psicologia-revelam-como-crescer-sem-irmaos-pode-moldar-habilidades-na-vida-adulta\/","name":"Estudos da psicologia revelam como crescer sem irm\u00e3os pode moldar habilidades na vida adulta - Estado de Minas - Em foco","isPartOf":{"@id":"https:\/\/www.em.com.br\/emfoco\/#website"},"primaryImageOfPage":{"@id":"https:\/\/www.em.com.br\/emfoco\/2026\/04\/25\/estudos-da-psicologia-revelam-como-crescer-sem-irmaos-pode-moldar-habilidades-na-vida-adulta\/#primaryimage"},"image":{"@id":"https:\/\/www.em.com.br\/emfoco\/2026\/04\/25\/estudos-da-psicologia-revelam-como-crescer-sem-irmaos-pode-moldar-habilidades-na-vida-adulta\/#primaryimage"},"thumbnailUrl":"https:\/\/www.em.com.br\/emfoco\/wp-content\/uploads\/2026\/04\/EmFoco_53-5.jpg","datePublished":"2026-04-25T20:15:00+00:00","dateModified":"2026-04-25T01:02:44+00:00","author":{"@id":"https:\/\/www.em.com.br\/emfoco\/#\/schema\/person\/0a8186d72f2c3a5c6276d90b41f271a0"},"description":"Crescer sem irm\u00e3os pode influenciar autonomia, criatividade e foco, gerando habilidades valorizadas na vida pessoal e profissional","breadcrumb":{"@id":"https:\/\/www.em.com.br\/emfoco\/2026\/04\/25\/estudos-da-psicologia-revelam-como-crescer-sem-irmaos-pode-moldar-habilidades-na-vida-adulta\/#breadcrumb"},"inLanguage":"pt-BR","potentialAction":[{"@type":"ReadAction","target":["https:\/\/www.em.com.br\/emfoco\/2026\/04\/25\/estudos-da-psicologia-revelam-como-crescer-sem-irmaos-pode-moldar-habilidades-na-vida-adulta\/"]}]},{"@type":"ImageObject","inLanguage":"pt-BR","@id":"https:\/\/www.em.com.br\/emfoco\/2026\/04\/25\/estudos-da-psicologia-revelam-como-crescer-sem-irmaos-pode-moldar-habilidades-na-vida-adulta\/#primaryimage","url":"https:\/\/www.em.com.br\/emfoco\/wp-content\/uploads\/2026\/04\/EmFoco_53-5.jpg","contentUrl":"https:\/\/www.em.com.br\/emfoco\/wp-content\/uploads\/2026\/04\/EmFoco_53-5.jpg","width":1280,"height":720,"caption":"Aus\u00eancia de irm\u00e3os estimula a autonomia intelectual e a criatividade na vida adulta"},{"@type":"BreadcrumbList","@id":"https:\/\/www.em.com.br\/emfoco\/2026\/04\/25\/estudos-da-psicologia-revelam-como-crescer-sem-irmaos-pode-moldar-habilidades-na-vida-adulta\/#breadcrumb","itemListElement":[{"@type":"ListItem","position":1,"name":"In\u00edcio","item":"https:\/\/www.em.com.br\/emfoco\/"},{"@type":"ListItem","position":2,"name":"Estudos da psicologia revelam como crescer sem irm\u00e3os pode moldar habilidades na vida adulta"}]},{"@type":"WebSite","@id":"https:\/\/www.em.com.br\/emfoco\/#website","url":"https:\/\/www.em.com.br\/emfoco\/","name":"Estado de Minas - Em foco","description":"Acompanhe as \u00faltimas not\u00edcias e fique bem informado sobre tudo o que acontece em Minas Gerais, Brasil e no mundo.","potentialAction":[{"@type":"SearchAction","target":{"@type":"EntryPoint","urlTemplate":"https:\/\/www.em.com.br\/emfoco\/?s={search_term_string}"},"query-input":{"@type":"PropertyValueSpecification","valueRequired":true,"valueName":"search_term_string"}}],"inLanguage":"pt-BR"},{"@type":"Person","@id":"https:\/\/www.em.com.br\/emfoco\/#\/schema\/person\/0a8186d72f2c3a5c6276d90b41f271a0","name":"Daniely Cardoso","image":{"@type":"ImageObject","inLanguage":"pt-BR","@id":"https:\/\/www.em.com.br\/emfoco\/#\/schema\/person\/image\/","url":"https:\/\/secure.gravatar.com\/avatar\/4b80ddbd124d1f071b626d52d62e5dff?s=96&d=mm&r=g","contentUrl":"https:\/\/secure.gravatar.com\/avatar\/4b80ddbd124d1f071b626d52d62e5dff?s=96&d=mm&r=g","caption":"Daniely Cardoso"},"url":"https:\/\/www.em.com.br\/emfoco\/author\/danielymyth\/"}]}},"_links":{"self":[{"href":"https:\/\/www.em.com.br\/emfoco\/wp-json\/wp\/v2\/posts\/198443","targetHints":{"allow":["GET"]}}],"collection":[{"href":"https:\/\/www.em.com.br\/emfoco\/wp-json\/wp\/v2\/posts"}],"about":[{"href":"https:\/\/www.em.com.br\/emfoco\/wp-json\/wp\/v2\/types\/post"}],"author":[{"embeddable":true,"href":"https:\/\/www.em.com.br\/emfoco\/wp-json\/wp\/v2\/users\/9"}],"replies":[{"embeddable":true,"href":"https:\/\/www.em.com.br\/emfoco\/wp-json\/wp\/v2\/comments?post=198443"}],"version-history":[{"count":2,"href":"https:\/\/www.em.com.br\/emfoco\/wp-json\/wp\/v2\/posts\/198443\/revisions"}],"predecessor-version":[{"id":198457,"href":"https:\/\/www.em.com.br\/emfoco\/wp-json\/wp\/v2\/posts\/198443\/revisions\/198457"}],"wp:featuredmedia":[{"embeddable":true,"href":"https:\/\/www.em.com.br\/emfoco\/wp-json\/wp\/v2\/media\/198918"}],"wp:attachment":[{"href":"https:\/\/www.em.com.br\/emfoco\/wp-json\/wp\/v2\/media?parent=198443"}],"wp:term":[{"taxonomy":"category","embeddable":true,"href":"https:\/\/www.em.com.br\/emfoco\/wp-json\/wp\/v2\/categories?post=198443"},{"taxonomy":"post_tag","embeddable":true,"href":"https:\/\/www.em.com.br\/emfoco\/wp-json\/wp\/v2\/tags?post=198443"}],"curies":[{"name":"wp","href":"https:\/\/api.w.org\/{rel}","templated":true}]}}