{"id":198429,"date":"2026-04-25T20:55:00","date_gmt":"2026-04-25T23:55:00","guid":{"rendered":"https:\/\/www.em.com.br\/emfoco\/?p=198429"},"modified":"2026-04-24T14:39:13","modified_gmt":"2026-04-24T17:39:13","slug":"o-destino-comeca-a-mudar-a-vida-de-4-signos-ainda-esta-semana-veja-quais-sentirao-os-primeiros-efeitos","status":"publish","type":"post","link":"https:\/\/www.em.com.br\/emfoco\/2026\/04\/25\/o-destino-comeca-a-mudar-a-vida-de-4-signos-ainda-esta-semana-veja-quais-sentirao-os-primeiros-efeitos\/","title":{"rendered":"O destino come\u00e7a a mudar a vida de 4 signos ainda esta semana: veja quais sentir\u00e3o os primeiros efeitos"},"content":{"rendered":"\n<p>Nesta semana, alguns signos entram em uma fase de ajustes internos e decis\u00f5es mais conscientes, em que pequenos sinais do dia a dia ganham peso especial. <strong>Touro<\/strong>, <strong>C\u00e2ncer<\/strong>, <strong>Libra <\/strong>e <strong>Sagit\u00e1rio <\/strong>podem perceber mudan\u00e7as discretas, por\u00e9m consistentes, em escolhas, emo\u00e7\u00f5es e caminhos de vida, como se o destino estivesse pedindo mais coragem para encarar o que j\u00e1 n\u00e3o combina com a fase atual.<\/p>\n\n\n\n<h2 class=\"wp-block-heading\">Quais signos vivem mudan\u00e7as importantes nesta semana<\/h2>\n\n\n\n<p>De acordo com a leitura astrol\u00f3gica, Touro, C\u00e2ncer, Libra e Sagit\u00e1rio aparecem como os <a href=\"https:\/\/www.em.com.br\/emfoco\/2026\/04\/24\/5-signos-foram-escolhidos-pelos-astros-para-viver-dias-de-grandes-conquistas-surpresas-e-vitorias\/\" target=\"_blank\" rel=\"noreferrer noopener\">signos <\/a>mais impactados pelos tr\u00e2nsitos atuais, especialmente em decis\u00f5es adiadas e conversas necess\u00e1rias.<\/p>\n\n\n\n<p>Essas mudan\u00e7as nem sempre envolvem fatos grandiosos; muitas vezes, o que muda \u00e9 a forma de enxergar uma situa\u00e7\u00e3o. Trabalhos podem ser reorganizados, prioridades redefinidas e rela\u00e7\u00f5es recolocadas em outro patamar, com efeitos de m\u00e9dio e longo prazo.<\/p>\n\n\n\n<figure class=\"wp-block-image\"><img decoding=\"async\" src=\"https:\/\/www.em.com.br\/emfoco\/wp-content\/uploads\/2026\/03\/ChatGPT-Image-5-de-mar.-de-2026-22_21_26-1-1024x576.png\" alt=\"\"\/><figcaption class=\"wp-element-caption\">Uma mudan\u00e7a silenciosa pode virar o jogo<\/figcaption><\/figure>\n\n\n\n<h2 class=\"wp-block-heading\">Como Touro, C\u00e2ncer, Libra e Sagit\u00e1rio podem sentir esses ajustes de rota<\/h2>\n\n\n\n<p>Para Touro, a ideia tradicional de seguran\u00e7a entra em revis\u00e3o. Assuntos ligados a&nbsp;<strong>dinheiro<\/strong>, carreira e planejamento a longo prazo ganham destaque, com cobran\u00e7as, revis\u00f5es de or\u00e7amento e propostas de mudan\u00e7a funcionando como gatilhos para uma nova fase mais madura.<\/p>\n\n\n\n<p>C\u00e2ncer vive um per\u00edodo em que o equil\u00edbrio emocional se torna central, com limites e desgastes em rela\u00e7\u00f5es pr\u00f3ximas vindo \u00e0 tona. J\u00e1 Libra \u00e9 pressionado a sair de cima do muro, assumindo decis\u00f5es em parcerias e sociedades, enquanto Sagit\u00e1rio \u00e9 chamado a consolidar compromissos e dar continuidade a projetos iniciados com entusiasmo.<\/p>\n\n\n\n<h2 class=\"wp-block-heading\">Como aproveitar na pr\u00e1tica um per\u00edodo de mudan\u00e7as importantes<\/h2>\n\n\n\n<p>Em vez de esperar por acontecimentos espetaculares, o momento pede leitura atenta do cotidiano e a\u00e7\u00e3o coerente com o que j\u00e1 est\u00e1 se transformando. Observar padr\u00f5es recorrentes e ajustar prioridades ajuda a entender onde vale investir mais energia agora.<\/p>\n\n\n\n<p>Para transformar essa energia em atitudes concretas, vale seguir alguns passos simples que organizam o pensamento e facilitam decis\u00f5es, sem tentar resolver tudo de uma vez s\u00f3:<\/p>\n\n\n\n<ul class=\"wp-block-list\">\n<li><strong>Observar padr\u00f5es:<\/strong>\u00a0situa\u00e7\u00f5es que se repetem e inc\u00f4modos recorrentes indicam \u00e1reas que pedem revis\u00e3o.<\/li>\n\n\n\n<li><strong>Organizar prioridades:<\/strong>\u00a0listar o que \u00e9 realmente essencial ajuda a direcionar tempo e energia.<\/li>\n\n\n\n<li><strong>Rever acordos:<\/strong>\u00a0alinhar expectativas com chefias, parceiros ou familiares reduz ru\u00eddos.<\/li>\n\n\n\n<li><strong>Cuidar da energia emocional:<\/strong>\u00a0estabelecer limites e equilibrar trabalho e vida pessoal torna as mudan\u00e7as mais leves.<\/li>\n<\/ul>\n\n\n\n<h2 class=\"wp-block-heading\">Qual passo a passo pode apoiar decis\u00f5es mais conscientes<\/h2>\n\n\n\n<p>Para quem deseja trazer mais clareza a este momento, um roteiro objetivo pode servir como guia. Ele ajuda a identificar onde a sensa\u00e7\u00e3o de mudan\u00e7a est\u00e1 mais forte e qual \u00e9 o pr\u00f3ximo movimento poss\u00edvel, sem dramatizar nem empurrar tudo para depois.<\/p>\n\n\n\n<figure class=\"wp-block-image\"><img decoding=\"async\" src=\"https:\/\/www.em.com.br\/emfoco\/wp-content\/uploads\/2026\/03\/Gemini_Generated_Image_wo93wqwo93wqwo93-1-1024x576.png\" alt=\"\"\/><figcaption class=\"wp-element-caption\">O m\u00eas promete mudan\u00e7as fortes para esses signos<\/figcaption><\/figure>\n\n\n\n<ol class=\"wp-block-list\">\n<li>Identificar em qual \u00e1rea da vida a mudan\u00e7a parece mais intensa (trabalho, dinheiro, amor, rotina, fam\u00edlia).<\/li>\n\n\n\n<li>Anotar conversas marcantes, propostas inesperadas e inc\u00f4modos insistentes dos \u00faltimos dias.<\/li>\n\n\n\n<li>Escolher uma pequena decis\u00e3o vi\u00e1vel para esta semana, sem tentar abra\u00e7ar tudo ao mesmo tempo.<\/li>\n\n\n\n<li>Comunicar com clareza o que voc\u00ea pode sustentar daqui para frente e o que n\u00e3o faz mais sentido.<\/li>\n\n\n\n<li>Acompanhar os desdobramentos, ajustando o caminho conforme novos sinais surgirem.<\/li>\n<\/ol>\n\n\n\n<h2 class=\"wp-block-heading\">Qual \u00e9 o papel do livre-arb\u00edtrio nas mudan\u00e7as importantes<\/h2>\n\n\n\n<p>A astrologia aponta tend\u00eancias, mas n\u00e3o determina escolhas: o c\u00e9u oferece contextos, encontros e desafios, por\u00e9m a resposta continua sendo sua. Neste per\u00edodo, a combina\u00e7\u00e3o de press\u00e3o por defini\u00e7\u00e3o, necessidade de reorganiza\u00e7\u00e3o e busca por coer\u00eancia interna pode parecer um empurr\u00e3o da vida para seguir adiante.<\/p>\n\n\n\n<p>Reconhecer que nem toda virada vem em forma de grande evento \u00e9 essencial para usar este momento como ponto de inflex\u00e3o real. Se algo j\u00e1 est\u00e1 pedindo mudan\u00e7a, n\u00e3o adie: escolha hoje uma atitude concreta, por menor que seja, e d\u00ea um passo imediato na dire\u00e7\u00e3o de uma vida mais alinhada com quem voc\u00ea \u00e9 e com o futuro que deseja construir.<\/p>\n\n\n\n<p><\/p>\n","protected":false},"excerpt":{"rendered":"<p>Nesta semana, alguns signos entram em uma fase de ajustes internos e decis\u00f5es mais conscientes, em que pequenos sinais do dia a dia ganham peso especial. Touro, C\u00e2ncer, Libra e Sagit\u00e1rio podem perceber mudan\u00e7as discretas, por\u00e9m consistentes, em escolhas, emo\u00e7\u00f5es e caminhos de vida, como se o destino estivesse pedindo mais coragem para encarar o [&hellip;]<\/p>\n","protected":false},"author":11,"featured_media":198592,"comment_status":"open","ping_status":"open","sticky":false,"template":"","format":"standard","meta":{"jnews-multi-image_gallery":[],"jnews_single_post":{"format":"standard"},"jnews_primary_category":[],"jnews_social_meta":[],"jnews_override_counter":[],"footnotes":""},"categories":[25],"tags":[171,10359,168],"class_list":["post-198429","post","type-post","status-publish","format-standard","has-post-thumbnail","hentry","category-signos","tag-horoscopo","tag-semana","tag-signos"],"yoast_head":"<!-- This site is optimized with the Yoast SEO plugin v23.8 - https:\/\/yoast.com\/wordpress\/plugins\/seo\/ -->\n<title>O destino come\u00e7a a mudar a vida de 4 signos ainda esta semana: veja quais sentir\u00e3o os primeiros efeitos - Estado de Minas - Em foco<\/title>\n<meta name=\"description\" content=\"A astrologia destaca 4 signos em semana decisiva. Entenda o que muda para Touro, C\u00e2ncer, Libra e Sagit\u00e1rio agora.\" \/>\n<meta name=\"robots\" content=\"index, follow, max-snippet:-1, max-image-preview:large, max-video-preview:-1\" \/>\n<link rel=\"canonical\" href=\"https:\/\/www.em.com.br\/emfoco\/2026\/04\/25\/o-destino-comeca-a-mudar-a-vida-de-4-signos-ainda-esta-semana-veja-quais-sentirao-os-primeiros-efeitos\/\" \/>\n<meta property=\"og:locale\" content=\"pt_BR\" \/>\n<meta property=\"og:type\" content=\"article\" \/>\n<meta property=\"og:title\" content=\"O destino come\u00e7a a mudar a vida de 4 signos ainda esta semana: veja quais sentir\u00e3o os primeiros efeitos - Estado de Minas - Em foco\" \/>\n<meta property=\"og:description\" content=\"A astrologia destaca 4 signos em semana decisiva. Entenda o que muda para Touro, C\u00e2ncer, Libra e Sagit\u00e1rio agora.\" \/>\n<meta property=\"og:url\" content=\"https:\/\/www.em.com.br\/emfoco\/2026\/04\/25\/o-destino-comeca-a-mudar-a-vida-de-4-signos-ainda-esta-semana-veja-quais-sentirao-os-primeiros-efeitos\/\" \/>\n<meta property=\"og:site_name\" content=\"Estado de Minas - Em foco\" \/>\n<meta property=\"article:published_time\" content=\"2026-04-25T23:55:00+00:00\" \/>\n<meta property=\"article:modified_time\" content=\"2026-04-24T17:39:13+00:00\" \/>\n<meta property=\"og:image\" content=\"https:\/\/www.em.com.br\/emfoco\/wp-content\/uploads\/2026\/04\/EmFoco_11-7.jpg\" \/>\n\t<meta property=\"og:image:width\" content=\"1280\" \/>\n\t<meta property=\"og:image:height\" content=\"720\" \/>\n\t<meta property=\"og:image:type\" content=\"image\/jpeg\" \/>\n<meta name=\"author\" content=\"Andre\u0301 Rangel\u00a0\" \/>\n<meta name=\"twitter:card\" content=\"summary_large_image\" \/>\n<meta name=\"twitter:label1\" content=\"Escrito por\" \/>\n\t<meta name=\"twitter:data1\" content=\"Andre\u0301 Rangel\u00a0\" \/>\n\t<meta name=\"twitter:label2\" content=\"Est. tempo de leitura\" \/>\n\t<meta name=\"twitter:data2\" content=\"4 minutos\" \/>\n<!-- \/ Yoast SEO plugin. -->","yoast_head_json":{"title":"O destino come\u00e7a a mudar a vida de 4 signos ainda esta semana: veja quais sentir\u00e3o os primeiros efeitos - Estado de Minas - Em foco","description":"A astrologia destaca 4 signos em semana decisiva. Entenda o que muda para Touro, C\u00e2ncer, Libra e Sagit\u00e1rio agora.","robots":{"index":"index","follow":"follow","max-snippet":"max-snippet:-1","max-image-preview":"max-image-preview:large","max-video-preview":"max-video-preview:-1"},"canonical":"https:\/\/www.em.com.br\/emfoco\/2026\/04\/25\/o-destino-comeca-a-mudar-a-vida-de-4-signos-ainda-esta-semana-veja-quais-sentirao-os-primeiros-efeitos\/","og_locale":"pt_BR","og_type":"article","og_title":"O destino come\u00e7a a mudar a vida de 4 signos ainda esta semana: veja quais sentir\u00e3o os primeiros efeitos - Estado de Minas - Em foco","og_description":"A astrologia destaca 4 signos em semana decisiva. Entenda o que muda para Touro, C\u00e2ncer, Libra e Sagit\u00e1rio agora.","og_url":"https:\/\/www.em.com.br\/emfoco\/2026\/04\/25\/o-destino-comeca-a-mudar-a-vida-de-4-signos-ainda-esta-semana-veja-quais-sentirao-os-primeiros-efeitos\/","og_site_name":"Estado de Minas - Em foco","article_published_time":"2026-04-25T23:55:00+00:00","article_modified_time":"2026-04-24T17:39:13+00:00","og_image":[{"width":1280,"height":720,"url":"https:\/\/www.em.com.br\/emfoco\/wp-content\/uploads\/2026\/04\/EmFoco_11-7.jpg","type":"image\/jpeg"}],"author":"Andre\u0301 Rangel\u00a0","twitter_card":"summary_large_image","twitter_misc":{"Escrito por":"Andre\u0301 Rangel\u00a0","Est. tempo de leitura":"4 minutos"},"schema":{"@context":"https:\/\/schema.org","@graph":[{"@type":"WebPage","@id":"https:\/\/www.em.com.br\/emfoco\/2026\/04\/25\/o-destino-comeca-a-mudar-a-vida-de-4-signos-ainda-esta-semana-veja-quais-sentirao-os-primeiros-efeitos\/","url":"https:\/\/www.em.com.br\/emfoco\/2026\/04\/25\/o-destino-comeca-a-mudar-a-vida-de-4-signos-ainda-esta-semana-veja-quais-sentirao-os-primeiros-efeitos\/","name":"O destino come\u00e7a a mudar a vida de 4 signos ainda esta semana: veja quais sentir\u00e3o os primeiros efeitos - Estado de Minas - Em foco","isPartOf":{"@id":"https:\/\/www.em.com.br\/emfoco\/#website"},"primaryImageOfPage":{"@id":"https:\/\/www.em.com.br\/emfoco\/2026\/04\/25\/o-destino-comeca-a-mudar-a-vida-de-4-signos-ainda-esta-semana-veja-quais-sentirao-os-primeiros-efeitos\/#primaryimage"},"image":{"@id":"https:\/\/www.em.com.br\/emfoco\/2026\/04\/25\/o-destino-comeca-a-mudar-a-vida-de-4-signos-ainda-esta-semana-veja-quais-sentirao-os-primeiros-efeitos\/#primaryimage"},"thumbnailUrl":"https:\/\/www.em.com.br\/emfoco\/wp-content\/uploads\/2026\/04\/EmFoco_11-7.jpg","datePublished":"2026-04-25T23:55:00+00:00","dateModified":"2026-04-24T17:39:13+00:00","author":{"@id":"https:\/\/www.em.com.br\/emfoco\/#\/schema\/person\/60eda09c1fedf0d6891f4cef4b60b8b8"},"description":"A astrologia destaca 4 signos em semana decisiva. Entenda o que muda para Touro, C\u00e2ncer, Libra e Sagit\u00e1rio agora.","breadcrumb":{"@id":"https:\/\/www.em.com.br\/emfoco\/2026\/04\/25\/o-destino-comeca-a-mudar-a-vida-de-4-signos-ainda-esta-semana-veja-quais-sentirao-os-primeiros-efeitos\/#breadcrumb"},"inLanguage":"pt-BR","potentialAction":[{"@type":"ReadAction","target":["https:\/\/www.em.com.br\/emfoco\/2026\/04\/25\/o-destino-comeca-a-mudar-a-vida-de-4-signos-ainda-esta-semana-veja-quais-sentirao-os-primeiros-efeitos\/"]}]},{"@type":"ImageObject","inLanguage":"pt-BR","@id":"https:\/\/www.em.com.br\/emfoco\/2026\/04\/25\/o-destino-comeca-a-mudar-a-vida-de-4-signos-ainda-esta-semana-veja-quais-sentirao-os-primeiros-efeitos\/#primaryimage","url":"https:\/\/www.em.com.br\/emfoco\/wp-content\/uploads\/2026\/04\/EmFoco_11-7.jpg","contentUrl":"https:\/\/www.em.com.br\/emfoco\/wp-content\/uploads\/2026\/04\/EmFoco_11-7.jpg","width":1280,"height":720,"caption":"Tr\u00e2nsitos astrol\u00f3gicos da semana exigem decis\u00f5es conscientes e ajustes de rota importantes"},{"@type":"BreadcrumbList","@id":"https:\/\/www.em.com.br\/emfoco\/2026\/04\/25\/o-destino-comeca-a-mudar-a-vida-de-4-signos-ainda-esta-semana-veja-quais-sentirao-os-primeiros-efeitos\/#breadcrumb","itemListElement":[{"@type":"ListItem","position":1,"name":"In\u00edcio","item":"https:\/\/www.em.com.br\/emfoco\/"},{"@type":"ListItem","position":2,"name":"O destino come\u00e7a a mudar a vida de 4 signos ainda esta semana: veja quais sentir\u00e3o os primeiros efeitos"}]},{"@type":"WebSite","@id":"https:\/\/www.em.com.br\/emfoco\/#website","url":"https:\/\/www.em.com.br\/emfoco\/","name":"Estado de Minas - Em foco","description":"Acompanhe as \u00faltimas not\u00edcias e fique bem informado sobre tudo o que acontece em Minas Gerais, Brasil e no mundo.","potentialAction":[{"@type":"SearchAction","target":{"@type":"EntryPoint","urlTemplate":"https:\/\/www.em.com.br\/emfoco\/?s={search_term_string}"},"query-input":{"@type":"PropertyValueSpecification","valueRequired":true,"valueName":"search_term_string"}}],"inLanguage":"pt-BR"},{"@type":"Person","@id":"https:\/\/www.em.com.br\/emfoco\/#\/schema\/person\/60eda09c1fedf0d6891f4cef4b60b8b8","name":"Andre\u0301 Rangel\u00a0","image":{"@type":"ImageObject","inLanguage":"pt-BR","@id":"https:\/\/www.em.com.br\/emfoco\/#\/schema\/person\/image\/","url":"https:\/\/secure.gravatar.com\/avatar\/6234dc814c77c8ef6d8bba622c787efc?s=96&d=mm&r=g","contentUrl":"https:\/\/secure.gravatar.com\/avatar\/6234dc814c77c8ef6d8bba622c787efc?s=96&d=mm&r=g","caption":"Andre\u0301 Rangel\u00a0"},"url":"https:\/\/www.em.com.br\/emfoco\/author\/luizmyth\/"}]}},"_links":{"self":[{"href":"https:\/\/www.em.com.br\/emfoco\/wp-json\/wp\/v2\/posts\/198429","targetHints":{"allow":["GET"]}}],"collection":[{"href":"https:\/\/www.em.com.br\/emfoco\/wp-json\/wp\/v2\/posts"}],"about":[{"href":"https:\/\/www.em.com.br\/emfoco\/wp-json\/wp\/v2\/types\/post"}],"author":[{"embeddable":true,"href":"https:\/\/www.em.com.br\/emfoco\/wp-json\/wp\/v2\/users\/11"}],"replies":[{"embeddable":true,"href":"https:\/\/www.em.com.br\/emfoco\/wp-json\/wp\/v2\/comments?post=198429"}],"version-history":[{"count":1,"href":"https:\/\/www.em.com.br\/emfoco\/wp-json\/wp\/v2\/posts\/198429\/revisions"}],"predecessor-version":[{"id":198437,"href":"https:\/\/www.em.com.br\/emfoco\/wp-json\/wp\/v2\/posts\/198429\/revisions\/198437"}],"wp:featuredmedia":[{"embeddable":true,"href":"https:\/\/www.em.com.br\/emfoco\/wp-json\/wp\/v2\/media\/198592"}],"wp:attachment":[{"href":"https:\/\/www.em.com.br\/emfoco\/wp-json\/wp\/v2\/media?parent=198429"}],"wp:term":[{"taxonomy":"category","embeddable":true,"href":"https:\/\/www.em.com.br\/emfoco\/wp-json\/wp\/v2\/categories?post=198429"},{"taxonomy":"post_tag","embeddable":true,"href":"https:\/\/www.em.com.br\/emfoco\/wp-json\/wp\/v2\/tags?post=198429"}],"curies":[{"name":"wp","href":"https:\/\/api.w.org\/{rel}","templated":true}]}}