{"id":198391,"date":"2026-04-27T15:25:00","date_gmt":"2026-04-27T18:25:00","guid":{"rendered":"https:\/\/www.em.com.br\/emfoco\/?p=198391"},"modified":"2026-04-26T07:13:27","modified_gmt":"2026-04-26T10:13:27","slug":"lavar-as-axilas-com-limao-e-bicarbonato-de-sodio-quais-os-beneficios-e-quando-e-aconselhavel-faze-lo","status":"publish","type":"post","link":"https:\/\/www.em.com.br\/emfoco\/2026\/04\/27\/lavar-as-axilas-com-limao-e-bicarbonato-de-sodio-quais-os-beneficios-e-quando-e-aconselhavel-faze-lo\/","title":{"rendered":"Lavar as axilas com lim\u00e3o e bicarbonato de s\u00f3dio: quais os benef\u00edcios e quando \u00e9 aconselh\u00e1vel faz\u00ea-lo"},"content":{"rendered":"\n<p>A mistura de lim\u00e3o com bicarbonato de s\u00f3dio \u00e9 frequentemente sugerida como uma solu\u00e7\u00e3o caseira para clarear as <strong>axilas<\/strong> ou eliminar odores. No entanto, o uso desses ingredientes requer cautela extrema devido ao potencial de causar danos severos \u00e0 pele sens\u00edvel desta regi\u00e3o.<\/p>\n\n\n\n<h2 class=\"wp-block-heading\">Por que a combina\u00e7\u00e3o de lim\u00e3o e bicarbonato \u00e9 problem\u00e1tica?<\/h2>\n\n\n\n<p>O lim\u00e3o cont\u00e9m <strong>\u00e1cido c\u00edtrico<\/strong> e furanocumarinas, subst\u00e2ncias que aumentam a fotossensibilidade da pele. Quando essas subst\u00e2ncias entram em contato com a luz solar, podem desencadear a fitofotodermatose, resultando em manchas escuras persistentes ou at\u00e9 queimaduras de segundo grau.<\/p>\n\n\n\n<p>O bicarbonato de s\u00f3dio, por sua vez, possui um <strong>pH<\/strong> alcalino elevado (entre 8,3 e 9,0). Como a pele das <strong>axilas<\/strong> saud\u00e1vel \u00e9 levemente \u00e1cida, essa diferen\u00e7a rompe a barreira protetora natural, causando ressecamento, coceira e maior vulnerabilidade a infec\u00e7\u00f5es por fungos e bact\u00e9rias nocivas.<\/p>\n\n\n<div class=\"wp-block-image\">\n<figure class=\"aligncenter size-large\"><img loading=\"lazy\" decoding=\"async\" width=\"1024\" height=\"576\" src=\"https:\/\/www.em.com.br\/emfoco\/wp-content\/uploads\/2026\/04\/limao2-1-1024x576.jpg\" alt=\"O que acontece com a sua pele ao misturar lim\u00e3o e bicarbonato de s\u00f3dio\" class=\"wp-image-198436\" srcset=\"https:\/\/www.em.com.br\/emfoco\/wp-content\/uploads\/2026\/04\/limao2-1-1024x576.jpg 1024w, https:\/\/www.em.com.br\/emfoco\/wp-content\/uploads\/2026\/04\/limao2-1-300x169.jpg 300w, https:\/\/www.em.com.br\/emfoco\/wp-content\/uploads\/2026\/04\/limao2-1-768x432.jpg 768w, https:\/\/www.em.com.br\/emfoco\/wp-content\/uploads\/2026\/04\/limao2-1-750x422.jpg 750w, https:\/\/www.em.com.br\/emfoco\/wp-content\/uploads\/2026\/04\/limao2-1-1140x641.jpg 1140w, https:\/\/www.em.com.br\/emfoco\/wp-content\/uploads\/2026\/04\/limao2-1.jpg 1280w\" sizes=\"auto, (max-width: 1024px) 100vw, 1024px\" \/><figcaption class=\"wp-element-caption\">O que acontece com a sua pele ao misturar lim\u00e3o e bicarbonato de s\u00f3dio<\/figcaption><\/figure><\/div>\n\n\n<h2 class=\"wp-block-heading\">Quais s\u00e3o os riscos reais para a sa\u00fade da pele?<\/h2>\n\n\n\n<p>A rea\u00e7\u00e3o efervescente entre o \u00e1cido do lim\u00e3o e a base do bicarbonato n\u00e3o indica uma <a href=\"https:\/\/www.em.com.br\/emfoco\/2026\/04\/17\/adeus-potinhos-acumulados-a-rotina-de-skincare-simples-que-virou-a-nova-tendencia-das-mulheres\/\" target=\"_blank\" rel=\"noreferrer noopener\">limpeza profunda<\/a>, mas sim uma neutraliza\u00e7\u00e3o qu\u00edmica simples. Esse processo pode gerar irrita\u00e7\u00f5es que estimulam os melan\u00f3citos, produzindo o efeito inverso ao desejado: a hiperpigmenta\u00e7\u00e3o p\u00f3s-inflamat\u00f3ria.<\/p>\n\n\n\n<p>De acordo com especialistas da <a href=\"https:\/\/www.sbd.org.br\/\" target=\"_blank\" rel=\"noreferrer noopener\">Sociedade Brasileira de Dermatologia<\/a>, a pele da axila \u00e9 fina e sofre atrito constante. Aplicar misturas c\u00e1usticas nessa \u00e1rea pode causar danos duradouros, especialmente se houver microfissuras decorrentes de depila\u00e7\u00e3o recente com l\u00e2mina ou cera.<\/p>\n\n\n\n<h2 class=\"wp-block-heading\">Quando o uso deve ser evitado sem exce\u00e7\u00f5es?<\/h2>\n\n\n\n<p>Existem situa\u00e7\u00f5es onde o uso desta mistura \u00e9 terminantemente proibido por m\u00e9dicos dermatologistas. O risco de complica\u00e7\u00f5es cl\u00ednicas aumenta exponencialmente conforme o perfil de sensibilidade do usu\u00e1rio e a exposi\u00e7\u00e3o a fatores externos logo ap\u00f3s a aplica\u00e7\u00e3o.<\/p>\n\n\n\n<p>Confira os grupos que n\u00e3o devem utilizar a mistura:<\/p>\n\n\n\n<ul class=\"wp-block-list\">\n<li><strong>Pele rec\u00e9m-depilada<\/strong>: As fissuras facilitam a penetra\u00e7\u00e3o profunda de \u00e1cidos e \u00e1lcalis.<\/li>\n\n\n\n<li><strong>Exposi\u00e7\u00e3o solar<\/strong>: Quem pretende ir \u00e0 praia ou piscina no mesmo dia.<\/li>\n\n\n\n<li><strong>Peles at\u00f3picas<\/strong>: Pessoas com hist\u00f3rico de dermatite ou alergias cr\u00f4nicas.<\/li>\n\n\n\n<li><strong>Crian\u00e7as e adolescentes<\/strong>: Possuem a pele mais fina e reativa a agentes qu\u00edmicos.<\/li>\n<\/ul>\n\n\n\n<h2 class=\"wp-block-heading\">Existem alternativas caseiras com menor potencial irritante?<\/h2>\n\n\n\n<p>Para quem busca controlar o odor sem utilizar desodorantes industriais, existem op\u00e7\u00f5es com pH mais compat\u00edvel com a fisiologia humana. Essas alternativas oferecem uma prote\u00e7\u00e3o funcional sem agredir a microbiota ben\u00e9fica que protege a <strong>cidade<\/strong> biol\u00f3gica da sua pele.<\/p>\n\n\n\n<p>Abaixo, comparamos algumas op\u00e7\u00f5es de cuidado para as axilas:<\/p>\n\n\n<div class=\"wp-block-image\">\n<figure class=\"aligncenter size-large is-resized\"><img loading=\"lazy\" decoding=\"async\" width=\"1024\" height=\"534\" src=\"https:\/\/www.em.com.br\/emfoco\/wp-content\/uploads\/2026\/04\/image-214-1024x534.png\" alt=\"\" class=\"wp-image-199992\" style=\"width:882px;height:auto\" srcset=\"https:\/\/www.em.com.br\/emfoco\/wp-content\/uploads\/2026\/04\/image-214-1024x534.png 1024w, https:\/\/www.em.com.br\/emfoco\/wp-content\/uploads\/2026\/04\/image-214-300x157.png 300w, https:\/\/www.em.com.br\/emfoco\/wp-content\/uploads\/2026\/04\/image-214-768x401.png 768w, https:\/\/www.em.com.br\/emfoco\/wp-content\/uploads\/2026\/04\/image-214-750x391.png 750w, https:\/\/www.em.com.br\/emfoco\/wp-content\/uploads\/2026\/04\/image-214-1140x595.png 1140w, https:\/\/www.em.com.br\/emfoco\/wp-content\/uploads\/2026\/04\/image-214.png 1280w\" sizes=\"auto, (max-width: 1024px) 100vw, 1024px\" \/><\/figure><\/div>\n\n\n<h2 class=\"wp-block-heading\">O que fazer se ocorrer uma queimadura qu\u00edmica?<\/h2>\n\n\n\n<p>Caso voc\u00ea utilize a mistura e sinta ardor ou note manchas, interrompa o uso imediatamente e lave a regi\u00e3o com \u00e1gua corrente abundante. \u00c9 fundamental n\u00e3o aplicar outros produtos caseiros sobre a les\u00e3o, pois isso pode agravar o quadro inflamat\u00f3rio e dificultar a recupera\u00e7\u00e3o tecidual.<\/p>\n\n\n\n<p>Procure orienta\u00e7\u00e3o m\u00e9dica na sua unidade de sa\u00fade ou consulte um especialista da rede do <a href=\"https:\/\/www.gov.br\/saude\/pt-br\" target=\"_blank\" rel=\"noreferrer noopener\">Minist\u00e9rio da Sa\u00fade<\/a>. Somente um profissional pode prescrever pomadas cicatrizantes ou clareadores dermatol\u00f3gicos seguros, garantindo que suas <strong>axilas<\/strong> recuperem a sa\u00fade sem deixar cicatrizes permanentes ou manchas escuras indesejadas.<\/p>\n","protected":false},"excerpt":{"rendered":"<p>A mistura de lim\u00e3o com bicarbonato de s\u00f3dio \u00e9 frequentemente sugerida como uma solu\u00e7\u00e3o caseira para clarear as axilas ou eliminar odores. No entanto, o uso desses ingredientes requer cautela extrema devido ao potencial de causar danos severos \u00e0 pele sens\u00edvel desta regi\u00e3o. Por que a combina\u00e7\u00e3o de lim\u00e3o e bicarbonato \u00e9 problem\u00e1tica? O lim\u00e3o [&hellip;]<\/p>\n","protected":false},"author":30,"featured_media":198433,"comment_status":"open","ping_status":"open","sticky":false,"template":"","format":"standard","meta":{"jnews-multi-image_gallery":[],"jnews_single_post":{"format":"standard"},"jnews_primary_category":[],"jnews_social_meta":[],"jnews_override_counter":[],"footnotes":""},"categories":[8691],"tags":[5971,6040,3108],"class_list":["post-198391","post","type-post","status-publish","format-standard","has-post-thumbnail","hentry","category-bem-estar","tag-axilas","tag-bicarbonato-de-sodio","tag-limao"],"yoast_head":"<!-- This site is optimized with the Yoast SEO plugin v23.8 - https:\/\/yoast.com\/wordpress\/plugins\/seo\/ -->\n<title>Lavar as axilas com lim\u00e3o e bicarbonato de s\u00f3dio: quais os benef\u00edcios e quando \u00e9 aconselh\u00e1vel faz\u00ea-lo - Estado de Minas - Em foco<\/title>\n<meta name=\"description\" content=\"Entenda os benef\u00edcios de lavar axilas com lim\u00e3o e bicarbonato. Veja quando \u00e9 aconselh\u00e1vel e os cuidados com a pele sens\u00edvel.\" \/>\n<meta name=\"robots\" content=\"index, follow, max-snippet:-1, max-image-preview:large, max-video-preview:-1\" \/>\n<link rel=\"canonical\" href=\"https:\/\/www.em.com.br\/emfoco\/2026\/04\/27\/lavar-as-axilas-com-limao-e-bicarbonato-de-sodio-quais-os-beneficios-e-quando-e-aconselhavel-faze-lo\/\" \/>\n<meta property=\"og:locale\" content=\"pt_BR\" \/>\n<meta property=\"og:type\" content=\"article\" \/>\n<meta property=\"og:title\" content=\"Lavar as axilas com lim\u00e3o e bicarbonato de s\u00f3dio: quais os benef\u00edcios e quando \u00e9 aconselh\u00e1vel faz\u00ea-lo - Estado de Minas - Em foco\" \/>\n<meta property=\"og:description\" content=\"Entenda os benef\u00edcios de lavar axilas com lim\u00e3o e bicarbonato. Veja quando \u00e9 aconselh\u00e1vel e os cuidados com a pele sens\u00edvel.\" \/>\n<meta property=\"og:url\" content=\"https:\/\/www.em.com.br\/emfoco\/2026\/04\/27\/lavar-as-axilas-com-limao-e-bicarbonato-de-sodio-quais-os-beneficios-e-quando-e-aconselhavel-faze-lo\/\" \/>\n<meta property=\"og:site_name\" content=\"Estado de Minas - Em foco\" \/>\n<meta property=\"article:published_time\" content=\"2026-04-27T18:25:00+00:00\" \/>\n<meta property=\"article:modified_time\" content=\"2026-04-26T10:13:27+00:00\" \/>\n<meta property=\"og:image\" content=\"https:\/\/www.em.com.br\/emfoco\/wp-content\/uploads\/2026\/04\/limao.jpg\" \/>\n\t<meta property=\"og:image:width\" content=\"1280\" \/>\n\t<meta property=\"og:image:height\" content=\"720\" \/>\n\t<meta property=\"og:image:type\" content=\"image\/jpeg\" \/>\n<meta name=\"author\" content=\"Guilherme Ara\u00fajo\" \/>\n<meta name=\"twitter:card\" content=\"summary_large_image\" \/>\n<meta name=\"twitter:label1\" content=\"Escrito por\" \/>\n\t<meta name=\"twitter:data1\" content=\"Guilherme Ara\u00fajo\" \/>\n\t<meta name=\"twitter:label2\" content=\"Est. tempo de leitura\" \/>\n\t<meta name=\"twitter:data2\" content=\"4 minutos\" \/>\n<!-- \/ Yoast SEO plugin. -->","yoast_head_json":{"title":"Lavar as axilas com lim\u00e3o e bicarbonato de s\u00f3dio: quais os benef\u00edcios e quando \u00e9 aconselh\u00e1vel faz\u00ea-lo - Estado de Minas - Em foco","description":"Entenda os benef\u00edcios de lavar axilas com lim\u00e3o e bicarbonato. Veja quando \u00e9 aconselh\u00e1vel e os cuidados com a pele sens\u00edvel.","robots":{"index":"index","follow":"follow","max-snippet":"max-snippet:-1","max-image-preview":"max-image-preview:large","max-video-preview":"max-video-preview:-1"},"canonical":"https:\/\/www.em.com.br\/emfoco\/2026\/04\/27\/lavar-as-axilas-com-limao-e-bicarbonato-de-sodio-quais-os-beneficios-e-quando-e-aconselhavel-faze-lo\/","og_locale":"pt_BR","og_type":"article","og_title":"Lavar as axilas com lim\u00e3o e bicarbonato de s\u00f3dio: quais os benef\u00edcios e quando \u00e9 aconselh\u00e1vel faz\u00ea-lo - Estado de Minas - Em foco","og_description":"Entenda os benef\u00edcios de lavar axilas com lim\u00e3o e bicarbonato. Veja quando \u00e9 aconselh\u00e1vel e os cuidados com a pele sens\u00edvel.","og_url":"https:\/\/www.em.com.br\/emfoco\/2026\/04\/27\/lavar-as-axilas-com-limao-e-bicarbonato-de-sodio-quais-os-beneficios-e-quando-e-aconselhavel-faze-lo\/","og_site_name":"Estado de Minas - Em foco","article_published_time":"2026-04-27T18:25:00+00:00","article_modified_time":"2026-04-26T10:13:27+00:00","og_image":[{"width":1280,"height":720,"url":"https:\/\/www.em.com.br\/emfoco\/wp-content\/uploads\/2026\/04\/limao.jpg","type":"image\/jpeg"}],"author":"Guilherme Ara\u00fajo","twitter_card":"summary_large_image","twitter_misc":{"Escrito por":"Guilherme Ara\u00fajo","Est. tempo de leitura":"4 minutos"},"schema":{"@context":"https:\/\/schema.org","@graph":[{"@type":"WebPage","@id":"https:\/\/www.em.com.br\/emfoco\/2026\/04\/27\/lavar-as-axilas-com-limao-e-bicarbonato-de-sodio-quais-os-beneficios-e-quando-e-aconselhavel-faze-lo\/","url":"https:\/\/www.em.com.br\/emfoco\/2026\/04\/27\/lavar-as-axilas-com-limao-e-bicarbonato-de-sodio-quais-os-beneficios-e-quando-e-aconselhavel-faze-lo\/","name":"Lavar as axilas com lim\u00e3o e bicarbonato de s\u00f3dio: quais os benef\u00edcios e quando \u00e9 aconselh\u00e1vel faz\u00ea-lo - Estado de Minas - Em foco","isPartOf":{"@id":"https:\/\/www.em.com.br\/emfoco\/#website"},"primaryImageOfPage":{"@id":"https:\/\/www.em.com.br\/emfoco\/2026\/04\/27\/lavar-as-axilas-com-limao-e-bicarbonato-de-sodio-quais-os-beneficios-e-quando-e-aconselhavel-faze-lo\/#primaryimage"},"image":{"@id":"https:\/\/www.em.com.br\/emfoco\/2026\/04\/27\/lavar-as-axilas-com-limao-e-bicarbonato-de-sodio-quais-os-beneficios-e-quando-e-aconselhavel-faze-lo\/#primaryimage"},"thumbnailUrl":"https:\/\/www.em.com.br\/emfoco\/wp-content\/uploads\/2026\/04\/limao.jpg","datePublished":"2026-04-27T18:25:00+00:00","dateModified":"2026-04-26T10:13:27+00:00","author":{"@id":"https:\/\/www.em.com.br\/emfoco\/#\/schema\/person\/5379e929a4b966c775d121e23f9bb421"},"description":"Entenda os benef\u00edcios de lavar axilas com lim\u00e3o e bicarbonato. Veja quando \u00e9 aconselh\u00e1vel e os cuidados com a pele sens\u00edvel.","breadcrumb":{"@id":"https:\/\/www.em.com.br\/emfoco\/2026\/04\/27\/lavar-as-axilas-com-limao-e-bicarbonato-de-sodio-quais-os-beneficios-e-quando-e-aconselhavel-faze-lo\/#breadcrumb"},"inLanguage":"pt-BR","potentialAction":[{"@type":"ReadAction","target":["https:\/\/www.em.com.br\/emfoco\/2026\/04\/27\/lavar-as-axilas-com-limao-e-bicarbonato-de-sodio-quais-os-beneficios-e-quando-e-aconselhavel-faze-lo\/"]}]},{"@type":"ImageObject","inLanguage":"pt-BR","@id":"https:\/\/www.em.com.br\/emfoco\/2026\/04\/27\/lavar-as-axilas-com-limao-e-bicarbonato-de-sodio-quais-os-beneficios-e-quando-e-aconselhavel-faze-lo\/#primaryimage","url":"https:\/\/www.em.com.br\/emfoco\/wp-content\/uploads\/2026\/04\/limao.jpg","contentUrl":"https:\/\/www.em.com.br\/emfoco\/wp-content\/uploads\/2026\/04\/limao.jpg","width":1280,"height":720,"caption":"Entenda os riscos de usar lim\u00e3o e bicarbonato nas axilas para clarear a pele"},{"@type":"BreadcrumbList","@id":"https:\/\/www.em.com.br\/emfoco\/2026\/04\/27\/lavar-as-axilas-com-limao-e-bicarbonato-de-sodio-quais-os-beneficios-e-quando-e-aconselhavel-faze-lo\/#breadcrumb","itemListElement":[{"@type":"ListItem","position":1,"name":"In\u00edcio","item":"https:\/\/www.em.com.br\/emfoco\/"},{"@type":"ListItem","position":2,"name":"Lavar as axilas com lim\u00e3o e bicarbonato de s\u00f3dio: quais os benef\u00edcios e quando \u00e9 aconselh\u00e1vel faz\u00ea-lo"}]},{"@type":"WebSite","@id":"https:\/\/www.em.com.br\/emfoco\/#website","url":"https:\/\/www.em.com.br\/emfoco\/","name":"Estado de Minas - Em foco","description":"Acompanhe as \u00faltimas not\u00edcias e fique bem informado sobre tudo o que acontece em Minas Gerais, Brasil e no mundo.","potentialAction":[{"@type":"SearchAction","target":{"@type":"EntryPoint","urlTemplate":"https:\/\/www.em.com.br\/emfoco\/?s={search_term_string}"},"query-input":{"@type":"PropertyValueSpecification","valueRequired":true,"valueName":"search_term_string"}}],"inLanguage":"pt-BR"},{"@type":"Person","@id":"https:\/\/www.em.com.br\/emfoco\/#\/schema\/person\/5379e929a4b966c775d121e23f9bb421","name":"Guilherme Ara\u00fajo","image":{"@type":"ImageObject","inLanguage":"pt-BR","@id":"https:\/\/www.em.com.br\/emfoco\/#\/schema\/person\/image\/","url":"https:\/\/secure.gravatar.com\/avatar\/b8bf1fd0130e170bd8f5d7298dbafa25?s=96&d=mm&r=g","contentUrl":"https:\/\/secure.gravatar.com\/avatar\/b8bf1fd0130e170bd8f5d7298dbafa25?s=96&d=mm&r=g","caption":"Guilherme Ara\u00fajo"},"sameAs":["https:\/\/www.em.com.br\/emfoco"],"url":"https:\/\/www.em.com.br\/emfoco\/author\/guilhermeamyth\/"}]}},"_links":{"self":[{"href":"https:\/\/www.em.com.br\/emfoco\/wp-json\/wp\/v2\/posts\/198391","targetHints":{"allow":["GET"]}}],"collection":[{"href":"https:\/\/www.em.com.br\/emfoco\/wp-json\/wp\/v2\/posts"}],"about":[{"href":"https:\/\/www.em.com.br\/emfoco\/wp-json\/wp\/v2\/types\/post"}],"author":[{"embeddable":true,"href":"https:\/\/www.em.com.br\/emfoco\/wp-json\/wp\/v2\/users\/30"}],"replies":[{"embeddable":true,"href":"https:\/\/www.em.com.br\/emfoco\/wp-json\/wp\/v2\/comments?post=198391"}],"version-history":[{"count":3,"href":"https:\/\/www.em.com.br\/emfoco\/wp-json\/wp\/v2\/posts\/198391\/revisions"}],"predecessor-version":[{"id":199994,"href":"https:\/\/www.em.com.br\/emfoco\/wp-json\/wp\/v2\/posts\/198391\/revisions\/199994"}],"wp:featuredmedia":[{"embeddable":true,"href":"https:\/\/www.em.com.br\/emfoco\/wp-json\/wp\/v2\/media\/198433"}],"wp:attachment":[{"href":"https:\/\/www.em.com.br\/emfoco\/wp-json\/wp\/v2\/media?parent=198391"}],"wp:term":[{"taxonomy":"category","embeddable":true,"href":"https:\/\/www.em.com.br\/emfoco\/wp-json\/wp\/v2\/categories?post=198391"},{"taxonomy":"post_tag","embeddable":true,"href":"https:\/\/www.em.com.br\/emfoco\/wp-json\/wp\/v2\/tags?post=198391"}],"curies":[{"name":"wp","href":"https:\/\/api.w.org\/{rel}","templated":true}]}}