{"id":198382,"date":"2026-04-29T14:15:00","date_gmt":"2026-04-29T17:15:00","guid":{"rendered":"https:\/\/www.em.com.br\/emfoco\/?p=198382"},"modified":"2026-04-28T13:16:45","modified_gmt":"2026-04-28T16:16:45","slug":"sentir-que-nunca-descansa-pode-ter-explicacao-na-psicologia-e-vai-alem-do-cansaco-fisico","status":"publish","type":"post","link":"https:\/\/www.em.com.br\/emfoco\/2026\/04\/29\/sentir-que-nunca-descansa-pode-ter-explicacao-na-psicologia-e-vai-alem-do-cansaco-fisico\/","title":{"rendered":"Sentir que nunca descansa pode ter explica\u00e7\u00e3o na psicologia e vai al\u00e9m do cansa\u00e7o f\u00edsico"},"content":{"rendered":"\n<p>Sentir que nunca descansa de verdade \u00e9 uma queixa cada vez mais comum em rotinas cheias de est\u00edmulos e pouca pausa real. Mesmo ap\u00f3s um fim de semana em casa ou uma noite inteira na cama, muitas pessoas acordam cansadas, com mente carregada e corpo pesado. Esse cansa\u00e7o nem sempre se explica apenas por horas de sono, mas por como o c\u00e9rebro lida com preocupa\u00e7\u00f5es, responsabilidades e expectativas constantes.<\/p>\n\n\n\n<h2 class=\"wp-block-heading\">O que \u00e9 a sensa\u00e7\u00e3o de nunca descansar na psicologia?<\/h2>\n\n\n\n<p>Na psicologia, essa sensa\u00e7\u00e3o est\u00e1 ligada a um estado prolongado de <strong>hipervigil\u00e2ncia<\/strong>, quando o c\u00e9rebro permanece em alerta, como se algo importante estivesse sempre prestes a acontecer. Essa ativa\u00e7\u00e3o constante costuma estar associada \u00e0 ansiedade, estresse cr\u00f4nico, sobrecarga de trabalho ou dificuldade em separar vida pessoal e profissional.<\/p>\n\n\n\n<p>Outro fator central \u00e9 o <strong>cansa\u00e7o<\/strong> emocional, uma exaust\u00e3o interna ligada a <a href=\"https:\/\/www.em.com.br\/emfoco\/2026\/04\/23\/essa-raiz-doce-e-crocante-cresce-com-pouco-cuidado-e-ainda-chama-atencao-pela-produtividade\/\" target=\"_blank\" rel=\"noreferrer noopener\">conflitos<\/a>, preocupa\u00e7\u00f5es financeiras, problemas familiares ou press\u00e3o por resultados. Nesses casos, o c\u00e9rebro segue processando demandas e cobran\u00e7as mesmo na hora de dormir, o que impede um repouso profundo e gera a sensa\u00e7\u00e3o de descanso incompleto.<\/p>\n\n\n\n<figure class=\"wp-block-image size-large\"><img loading=\"lazy\" decoding=\"async\" width=\"1024\" height=\"576\" src=\"https:\/\/www.em.com.br\/emfoco\/wp-content\/uploads\/2026\/04\/Texto-do-seu-paragrafo-2026-04-24T090250.653-1024x576.jpg\" alt=\"Sentir que nunca descansa pode ter explica\u00e7\u00e3o na psicologia e vai al\u00e9m do cansa\u00e7o f\u00edsico\" class=\"wp-image-198386\" srcset=\"https:\/\/www.em.com.br\/emfoco\/wp-content\/uploads\/2026\/04\/Texto-do-seu-paragrafo-2026-04-24T090250.653-1024x576.jpg 1024w, https:\/\/www.em.com.br\/emfoco\/wp-content\/uploads\/2026\/04\/Texto-do-seu-paragrafo-2026-04-24T090250.653-300x169.jpg 300w, https:\/\/www.em.com.br\/emfoco\/wp-content\/uploads\/2026\/04\/Texto-do-seu-paragrafo-2026-04-24T090250.653-768x432.jpg 768w, https:\/\/www.em.com.br\/emfoco\/wp-content\/uploads\/2026\/04\/Texto-do-seu-paragrafo-2026-04-24T090250.653-750x422.jpg 750w, https:\/\/www.em.com.br\/emfoco\/wp-content\/uploads\/2026\/04\/Texto-do-seu-paragrafo-2026-04-24T090250.653-1140x641.jpg 1140w, https:\/\/www.em.com.br\/emfoco\/wp-content\/uploads\/2026\/04\/Texto-do-seu-paragrafo-2026-04-24T090250.653.jpg 1280w\" sizes=\"auto, (max-width: 1024px) 100vw, 1024px\" \/><figcaption class=\"wp-element-caption\">O cansa\u00e7o constante mesmo ap\u00f3s descanso pode estar ligado a fatores emocionais<\/figcaption><\/figure>\n\n\n\n<h2 class=\"wp-block-heading\">O que significa nunca descansar para o corpo e a mente?<\/h2>\n\n\n\n<p>Do ponto de vista psicol\u00f3gico, \u201cnunca descansar\u201d n\u00e3o \u00e9 apenas dormir pouco, mas <strong>n\u00e3o entrar em estados restauradores<\/strong>. O sono profundo e o sono REM s\u00e3o fases em que o c\u00e9rebro organiza mem\u00f3rias, regula emo\u00e7\u00f5es e realiza reparos importantes no organismo. Quando essas fases s\u00e3o interrompidas por despertares, ru\u00eddos, preocupa\u00e7\u00f5es ou uso excessivo de telas, o corpo sente como se n\u00e3o tivesse parado de fato.<\/p>\n\n\n\n<p>No campo emocional, essa sensa\u00e7\u00e3o indica que a mente n\u00e3o encontra espa\u00e7o para o vazio, o t\u00e9dio produtivo ou atividades sem cobran\u00e7a de desempenho. Lazer com culpa, descanso com celular na m\u00e3o e pausas cheias de notifica\u00e7\u00f5es mant\u00eam o c\u00e9rebro acelerado, refor\u00e7ando a ideia de que nunca h\u00e1 um desligamento completo ao longo do dia.<\/p>\n\n\n\n<h2 class=\"wp-block-heading\">Quais s\u00e3o os principais sinais de que o descanso n\u00e3o est\u00e1 funcionando?<\/h2>\n\n\n\n<p>A psicologia identifica sinais frequentes de que o repouso n\u00e3o est\u00e1 sendo reparador, mesmo quando a pessoa afirma dormir horas suficientes. Observar esses ind\u00edcios ajuda a entender se o <a href=\"https:\/\/www.em.com.br\/emfoco\/2026\/04\/23\/os-beneficios-do-abacate-vao-alem-da-saciedade-e-podem-favorecer-coracao-e-circulacao\/\" target=\"_blank\" rel=\"noreferrer noopener\">problema <\/a>est\u00e1 na quantidade ou na <strong>qualidade<\/strong> do descanso, e quando \u00e9 hora de buscar ajuda profissional.<\/p>\n\n\n\n<p>Entre os sinais mais comuns de que o descanso n\u00e3o est\u00e1 funcionando, destacam-se:<\/p>\n\n\n\n<ul class=\"wp-block-list\">\n<li>Dormir e acordar <strong>cansado<\/strong> com frequ\u00eancia, mesmo ap\u00f3s v\u00e1rias horas na cama.<\/li>\n\n\n\n<li>Dificuldade para desligar pensamentos antes de dormir ou ao acordar de madrugada.<\/li>\n\n\n\n<li>Sensa\u00e7\u00e3o de peso mental, como se a cabe\u00e7a estivesse cheia o tempo todo.<\/li>\n\n\n\n<li>Oscila\u00e7\u00f5es de humor, impaci\u00eancia e maior sensibilidade a pequenas frustra\u00e7\u00f5es.<\/li>\n\n\n\n<li>Queda na <strong>produtividade<\/strong>, esquecimentos e dificuldade de manter o foco.<\/li>\n\n\n\n<li>Uso de celular ou outras telas at\u00e9 poucos minutos antes de dormir como forma de \u201crelaxar\u201d.<\/li>\n<\/ul>\n\n\n\n<p>Conte\u00fado do canal <strong>Psicologia na Pr\u00e1tica por Alana Anijar<\/strong>, com mais de 243 mil de inscritos e cerca de 18 mil de visualiza\u00e7\u00f5es:<\/p>\n\n\n\n<figure class=\"wp-block-embed is-type-video is-provider-youtube wp-block-embed-youtube wp-embed-aspect-16-9 wp-has-aspect-ratio\"><div class=\"wp-block-embed__wrapper\">\n<div class=\"jeg_video_container jeg_video_content\"><iframe loading=\"lazy\" title=\"PORQUE DESCANSAR \u00c9 T\u00c3O DIF\u00cdCIL? | Psicologia na Pr\u00e1tica\" width=\"500\" height=\"281\" src=\"https:\/\/www.youtube.com\/embed\/RpTxcwwGHv4?feature=oembed\" frameborder=\"0\" allow=\"accelerometer; autoplay; clipboard-write; encrypted-media; gyroscope; picture-in-picture; web-share\" referrerpolicy=\"strict-origin-when-cross-origin\" allowfullscreen><\/iframe><\/div>\n<\/div><\/figure>\n\n\n\n<h2 class=\"wp-block-heading\">Por que a mente n\u00e3o desliga mesmo quando o corpo para?<\/h2>\n\n\n\n<p>A mente n\u00e3o desliga facilmente quando est\u00e1 condicionada \u00e0 l\u00f3gica da produtividade constante. A ideia de que \u00e9 preciso aproveitar cada minuto, responder r\u00e1pido \u00e0s mensagens ou estar sempre dispon\u00edvel refor\u00e7a a sensa\u00e7\u00e3o de que descansar \u00e9 perda de tempo. Assim, mesmo nas pausas, a pessoa se sente pressionada a \u201crender\u201d em estudos, organiza\u00e7\u00e3o da casa ou atividades extras.<\/p>\n\n\n\n<p>Fatores emocionais profundos, como medo de fracassar, necessidade intensa de reconhecimento ou dificuldade em lidar com o sil\u00eancio interior, podem levar \u00e0 busca permanente por ocupa\u00e7\u00e3o. Nessa din\u00e2mica, descansar deixa de ser algo confort\u00e1vel e passa a gerar inquieta\u00e7\u00e3o, levando ao uso de <a href=\"https:\/\/pubmed.ncbi.nlm.nih.gov\/24790262\/\" target=\"_blank\" rel=\"noreferrer noopener\">distra\u00e7\u00f5es <\/a>constantes em vez de um repouso genu\u00edno.<\/p>\n\n\n\n<h2 class=\"wp-block-heading\">Como recuperar a sensa\u00e7\u00e3o de descanso verdadeiro segundo a psicologia?<\/h2>\n\n\n\n<p>Profissionais de psicologia recomendam tratar o descanso como uma <strong>necessidade b\u00e1sica<\/strong>, n\u00e3o como um pr\u00eamio ou algo \u201cganho\u201d ap\u00f3s produtividade extrema. Isso envolve revisar h\u00e1bitos di\u00e1rios e criar rotinas que favore\u00e7am um desligamento gradual ao longo do dia, e n\u00e3o apenas na hora de dormir, ajudando o <a href=\"https:\/\/pubmed.ncbi.nlm.nih.gov\/12150747\/\" target=\"_blank\" rel=\"noreferrer noopener\">c\u00e9rebro <\/a>a reconhecer que \u00e9 seguro desacelerar.<\/p>\n\n\n\n<p>Algumas estrat\u00e9gias simples podem melhorar a qualidade do descanso e a percep\u00e7\u00e3o de recupera\u00e7\u00e3o:<\/p>\n\n\n\n<ol class=\"wp-block-list\">\n<li>Estabelecer hor\u00e1rios mais regulares para dormir e acordar, inclusive em fins de semana.<\/li>\n\n\n\n<li>Reduzir o uso de <strong>telas<\/strong> e notifica\u00e7\u00f5es ao se aproximar do hor\u00e1rio de dormir.<\/li>\n\n\n\n<li>Reservar momentos do dia para pausas breves, sem est\u00edmulos intensos ou cobran\u00e7as.<\/li>\n\n\n\n<li>Praticar atividades que desacelerem o ritmo mental, como leitura leve ou exerc\u00edcios de respira\u00e7\u00e3o.<\/li>\n\n\n\n<li>Rever cren\u00e7as sobre produtividade, entendendo o <strong>descanso<\/strong> como parte do desempenho saud\u00e1vel.<\/li>\n<\/ol>\n\n\n\n<p>Quando a exaust\u00e3o se mant\u00e9m por semanas ou meses, com ansiedade, tristeza intensa ou desmotiva\u00e7\u00e3o, \u00e9 importante buscar acompanhamento profissional. O objetivo \u00e9 investigar se h\u00e1 estresse cr\u00f4nico, burnout ou transtornos de ansiedade interferindo na capacidade de relaxar, construindo o descanso tamb\u00e9m como um espa\u00e7o de seguran\u00e7a psicol\u00f3gica.<\/p>\n","protected":false},"excerpt":{"rendered":"<p>Sentir que nunca descansa de verdade \u00e9 uma queixa cada vez mais comum em rotinas cheias de est\u00edmulos e pouca pausa real. Mesmo ap\u00f3s um fim de semana em casa ou uma noite inteira na cama, muitas pessoas acordam cansadas, com mente carregada e corpo pesado. Esse cansa\u00e7o nem sempre se explica apenas por horas [&hellip;]<\/p>\n","protected":false},"author":15,"featured_media":200878,"comment_status":"open","ping_status":"open","sticky":false,"template":"","format":"standard","meta":{"jnews-multi-image_gallery":[],"jnews_single_post":{"format":"standard"},"jnews_primary_category":[],"jnews_social_meta":[],"jnews_override_counter":[],"footnotes":""},"categories":[8819],"tags":[711,5155,415],"class_list":["post-198382","post","type-post","status-publish","format-standard","has-post-thumbnail","hentry","category-curiosidades","tag-bem-estar","tag-psicologia","tag-saude"],"yoast_head":"<!-- This site is optimized with the Yoast SEO plugin v23.8 - https:\/\/yoast.com\/wordpress\/plugins\/seo\/ -->\n<title>Sentir que nunca descansa pode ter explica\u00e7\u00e3o na psicologia e vai al\u00e9m do cansa\u00e7o f\u00edsico - Estado de Minas - Em foco<\/title>\n<meta name=\"description\" content=\"Sentir que nunca descansa de verdade pode estar ligado \u00e0 mente em alerta, ansiedade e padr\u00f5es emocionais que impedem o relaxamento completo.\" \/>\n<meta name=\"robots\" content=\"index, follow, max-snippet:-1, max-image-preview:large, max-video-preview:-1\" \/>\n<link rel=\"canonical\" href=\"https:\/\/www.em.com.br\/emfoco\/2026\/04\/29\/sentir-que-nunca-descansa-pode-ter-explicacao-na-psicologia-e-vai-alem-do-cansaco-fisico\/\" \/>\n<meta property=\"og:locale\" content=\"pt_BR\" \/>\n<meta property=\"og:type\" content=\"article\" \/>\n<meta property=\"og:title\" content=\"Sentir que nunca descansa pode ter explica\u00e7\u00e3o na psicologia e vai al\u00e9m do cansa\u00e7o f\u00edsico - Estado de Minas - Em foco\" \/>\n<meta property=\"og:description\" content=\"Sentir que nunca descansa de verdade pode estar ligado \u00e0 mente em alerta, ansiedade e padr\u00f5es emocionais que impedem o relaxamento completo.\" \/>\n<meta property=\"og:url\" content=\"https:\/\/www.em.com.br\/emfoco\/2026\/04\/29\/sentir-que-nunca-descansa-pode-ter-explicacao-na-psicologia-e-vai-alem-do-cansaco-fisico\/\" \/>\n<meta property=\"og:site_name\" content=\"Estado de Minas - Em foco\" \/>\n<meta property=\"article:published_time\" content=\"2026-04-29T17:15:00+00:00\" \/>\n<meta property=\"article:modified_time\" content=\"2026-04-28T16:16:45+00:00\" \/>\n<meta property=\"og:image\" content=\"https:\/\/www.em.com.br\/emfoco\/wp-content\/uploads\/2026\/04\/EmFoco_06-11.jpg\" \/>\n\t<meta property=\"og:image:width\" content=\"1280\" \/>\n\t<meta property=\"og:image:height\" content=\"720\" \/>\n\t<meta property=\"og:image:type\" content=\"image\/jpeg\" \/>\n<meta name=\"author\" content=\"Douglas Myth\" \/>\n<meta name=\"twitter:card\" content=\"summary_large_image\" \/>\n<meta name=\"twitter:label1\" content=\"Escrito por\" \/>\n\t<meta name=\"twitter:data1\" content=\"Douglas Myth\" \/>\n\t<meta name=\"twitter:label2\" content=\"Est. tempo de leitura\" \/>\n\t<meta name=\"twitter:data2\" content=\"5 minutos\" \/>\n<!-- \/ Yoast SEO plugin. -->","yoast_head_json":{"title":"Sentir que nunca descansa pode ter explica\u00e7\u00e3o na psicologia e vai al\u00e9m do cansa\u00e7o f\u00edsico - Estado de Minas - Em foco","description":"Sentir que nunca descansa de verdade pode estar ligado \u00e0 mente em alerta, ansiedade e padr\u00f5es emocionais que impedem o relaxamento completo.","robots":{"index":"index","follow":"follow","max-snippet":"max-snippet:-1","max-image-preview":"max-image-preview:large","max-video-preview":"max-video-preview:-1"},"canonical":"https:\/\/www.em.com.br\/emfoco\/2026\/04\/29\/sentir-que-nunca-descansa-pode-ter-explicacao-na-psicologia-e-vai-alem-do-cansaco-fisico\/","og_locale":"pt_BR","og_type":"article","og_title":"Sentir que nunca descansa pode ter explica\u00e7\u00e3o na psicologia e vai al\u00e9m do cansa\u00e7o f\u00edsico - Estado de Minas - Em foco","og_description":"Sentir que nunca descansa de verdade pode estar ligado \u00e0 mente em alerta, ansiedade e padr\u00f5es emocionais que impedem o relaxamento completo.","og_url":"https:\/\/www.em.com.br\/emfoco\/2026\/04\/29\/sentir-que-nunca-descansa-pode-ter-explicacao-na-psicologia-e-vai-alem-do-cansaco-fisico\/","og_site_name":"Estado de Minas - Em foco","article_published_time":"2026-04-29T17:15:00+00:00","article_modified_time":"2026-04-28T16:16:45+00:00","og_image":[{"width":1280,"height":720,"url":"https:\/\/www.em.com.br\/emfoco\/wp-content\/uploads\/2026\/04\/EmFoco_06-11.jpg","type":"image\/jpeg"}],"author":"Douglas Myth","twitter_card":"summary_large_image","twitter_misc":{"Escrito por":"Douglas Myth","Est. tempo de leitura":"5 minutos"},"schema":{"@context":"https:\/\/schema.org","@graph":[{"@type":"WebPage","@id":"https:\/\/www.em.com.br\/emfoco\/2026\/04\/29\/sentir-que-nunca-descansa-pode-ter-explicacao-na-psicologia-e-vai-alem-do-cansaco-fisico\/","url":"https:\/\/www.em.com.br\/emfoco\/2026\/04\/29\/sentir-que-nunca-descansa-pode-ter-explicacao-na-psicologia-e-vai-alem-do-cansaco-fisico\/","name":"Sentir que nunca descansa pode ter explica\u00e7\u00e3o na psicologia e vai al\u00e9m do cansa\u00e7o f\u00edsico - Estado de Minas - Em foco","isPartOf":{"@id":"https:\/\/www.em.com.br\/emfoco\/#website"},"primaryImageOfPage":{"@id":"https:\/\/www.em.com.br\/emfoco\/2026\/04\/29\/sentir-que-nunca-descansa-pode-ter-explicacao-na-psicologia-e-vai-alem-do-cansaco-fisico\/#primaryimage"},"image":{"@id":"https:\/\/www.em.com.br\/emfoco\/2026\/04\/29\/sentir-que-nunca-descansa-pode-ter-explicacao-na-psicologia-e-vai-alem-do-cansaco-fisico\/#primaryimage"},"thumbnailUrl":"https:\/\/www.em.com.br\/emfoco\/wp-content\/uploads\/2026\/04\/EmFoco_06-11.jpg","datePublished":"2026-04-29T17:15:00+00:00","dateModified":"2026-04-28T16:16:45+00:00","author":{"@id":"https:\/\/www.em.com.br\/emfoco\/#\/schema\/person\/bba594b7eebe9b9885fec3a5c7837089"},"description":"Sentir que nunca descansa de verdade pode estar ligado \u00e0 mente em alerta, ansiedade e padr\u00f5es emocionais que impedem o relaxamento completo.","breadcrumb":{"@id":"https:\/\/www.em.com.br\/emfoco\/2026\/04\/29\/sentir-que-nunca-descansa-pode-ter-explicacao-na-psicologia-e-vai-alem-do-cansaco-fisico\/#breadcrumb"},"inLanguage":"pt-BR","potentialAction":[{"@type":"ReadAction","target":["https:\/\/www.em.com.br\/emfoco\/2026\/04\/29\/sentir-que-nunca-descansa-pode-ter-explicacao-na-psicologia-e-vai-alem-do-cansaco-fisico\/"]}]},{"@type":"ImageObject","inLanguage":"pt-BR","@id":"https:\/\/www.em.com.br\/emfoco\/2026\/04\/29\/sentir-que-nunca-descansa-pode-ter-explicacao-na-psicologia-e-vai-alem-do-cansaco-fisico\/#primaryimage","url":"https:\/\/www.em.com.br\/emfoco\/wp-content\/uploads\/2026\/04\/EmFoco_06-11.jpg","contentUrl":"https:\/\/www.em.com.br\/emfoco\/wp-content\/uploads\/2026\/04\/EmFoco_06-11.jpg","width":1280,"height":720,"caption":"Estado de exaust\u00e3o mental causado por hipervigil\u00e2ncia e falta de desligamento psicol\u00f3gico real"},{"@type":"BreadcrumbList","@id":"https:\/\/www.em.com.br\/emfoco\/2026\/04\/29\/sentir-que-nunca-descansa-pode-ter-explicacao-na-psicologia-e-vai-alem-do-cansaco-fisico\/#breadcrumb","itemListElement":[{"@type":"ListItem","position":1,"name":"In\u00edcio","item":"https:\/\/www.em.com.br\/emfoco\/"},{"@type":"ListItem","position":2,"name":"Sentir que nunca descansa pode ter explica\u00e7\u00e3o na psicologia e vai al\u00e9m do cansa\u00e7o f\u00edsico"}]},{"@type":"WebSite","@id":"https:\/\/www.em.com.br\/emfoco\/#website","url":"https:\/\/www.em.com.br\/emfoco\/","name":"Estado de Minas - Em foco","description":"Acompanhe as \u00faltimas not\u00edcias e fique bem informado sobre tudo o que acontece em Minas Gerais, Brasil e no mundo.","potentialAction":[{"@type":"SearchAction","target":{"@type":"EntryPoint","urlTemplate":"https:\/\/www.em.com.br\/emfoco\/?s={search_term_string}"},"query-input":{"@type":"PropertyValueSpecification","valueRequired":true,"valueName":"search_term_string"}}],"inLanguage":"pt-BR"},{"@type":"Person","@id":"https:\/\/www.em.com.br\/emfoco\/#\/schema\/person\/bba594b7eebe9b9885fec3a5c7837089","name":"Douglas Myth","image":{"@type":"ImageObject","inLanguage":"pt-BR","@id":"https:\/\/www.em.com.br\/emfoco\/#\/schema\/person\/image\/","url":"https:\/\/secure.gravatar.com\/avatar\/1ac3cf50d0e68642c697dc0c960c802f?s=96&d=mm&r=g","contentUrl":"https:\/\/secure.gravatar.com\/avatar\/1ac3cf50d0e68642c697dc0c960c802f?s=96&d=mm&r=g","caption":"Douglas Myth"},"url":"https:\/\/www.em.com.br\/emfoco\/author\/douglasmyth\/"}]}},"_links":{"self":[{"href":"https:\/\/www.em.com.br\/emfoco\/wp-json\/wp\/v2\/posts\/198382","targetHints":{"allow":["GET"]}}],"collection":[{"href":"https:\/\/www.em.com.br\/emfoco\/wp-json\/wp\/v2\/posts"}],"about":[{"href":"https:\/\/www.em.com.br\/emfoco\/wp-json\/wp\/v2\/types\/post"}],"author":[{"embeddable":true,"href":"https:\/\/www.em.com.br\/emfoco\/wp-json\/wp\/v2\/users\/15"}],"replies":[{"embeddable":true,"href":"https:\/\/www.em.com.br\/emfoco\/wp-json\/wp\/v2\/comments?post=198382"}],"version-history":[{"count":2,"href":"https:\/\/www.em.com.br\/emfoco\/wp-json\/wp\/v2\/posts\/198382\/revisions"}],"predecessor-version":[{"id":198387,"href":"https:\/\/www.em.com.br\/emfoco\/wp-json\/wp\/v2\/posts\/198382\/revisions\/198387"}],"wp:featuredmedia":[{"embeddable":true,"href":"https:\/\/www.em.com.br\/emfoco\/wp-json\/wp\/v2\/media\/200878"}],"wp:attachment":[{"href":"https:\/\/www.em.com.br\/emfoco\/wp-json\/wp\/v2\/media?parent=198382"}],"wp:term":[{"taxonomy":"category","embeddable":true,"href":"https:\/\/www.em.com.br\/emfoco\/wp-json\/wp\/v2\/categories?post=198382"},{"taxonomy":"post_tag","embeddable":true,"href":"https:\/\/www.em.com.br\/emfoco\/wp-json\/wp\/v2\/tags?post=198382"}],"curies":[{"name":"wp","href":"https:\/\/api.w.org\/{rel}","templated":true}]}}