{"id":198369,"date":"2026-04-29T03:35:00","date_gmt":"2026-04-29T06:35:00","guid":{"rendered":"https:\/\/www.em.com.br\/emfoco\/?p=198369"},"modified":"2026-04-28T13:15:50","modified_gmt":"2026-04-28T16:15:50","slug":"evitar-conflitos-o-tempo-todo-pode-dizer-mais-sobre-voce-do-que-parece-segundo-a-psicologia","status":"publish","type":"post","link":"https:\/\/www.em.com.br\/emfoco\/2026\/04\/29\/evitar-conflitos-o-tempo-todo-pode-dizer-mais-sobre-voce-do-que-parece-segundo-a-psicologia\/","title":{"rendered":"Evitar conflitos o tempo todo pode dizer mais sobre voc\u00ea do que parece, segundo a psicologia"},"content":{"rendered":"\n<p>Evitar conflitos a todo custo \u00e9 uma atitude mais comum do que parece. Muitas pessoas preferem ceder, silenciar ou mudar de assunto para n\u00e3o lidar com tens\u00e3o, discuss\u00f5es ou cr\u00edticas. Na psicologia, esse comportamento \u00e9 visto como resultado de fatores emocionais, experi\u00eancias passadas e tra\u00e7os de personalidade. Esses elementos influenciam diretamente a forma como cada um lida com desentendimentos no dia a dia.<\/p>\n\n\n\n<h2 class=\"wp-block-heading\">O que significa evitar conflitos na psicologia?<\/h2>\n\n\n\n<p>A psicologia entende a <strong>evita\u00e7\u00e3o de conflitos<\/strong> como uma estrat\u00e9gia de enfrentamento, muitas vezes aprendida cedo na vida, para lidar com situa\u00e7\u00f5es vistas como amea\u00e7adoras. Em geral, quem foge de conflitos associa discuss\u00f5es a risco de rejei\u00e7\u00e3o, abandono ou perda de afeto, passando a acreditar que discordar leva a julgamentos, cr\u00edticas ou exclus\u00e3o.<\/p>\n\n\n\n<p>Esse padr\u00e3o \u00e9 frequentemente relacionado a tra\u00e7os de <strong>personalidade ansiosa<\/strong> e a um estilo de relacionamento de apego inseguro. Nesses casos, pequenos desentendimentos s\u00e3o interpretados como grandes amea\u00e7as, e o conflito deixa de ser visto como algo <a href=\"https:\/\/www.em.com.br\/emfoco\/2026\/04\/23\/essa-raiz-doce-e-crocante-cresce-com-pouco-cuidado-e-ainda-chama-atencao-pela-produtividade\/\" target=\"_blank\" rel=\"noreferrer noopener\">natural <\/a>das rela\u00e7\u00f5es humanas, tornando-se um perigo a ser evitado sempre que poss\u00edvel.<\/p>\n\n\n\n<figure class=\"wp-block-image size-large\"><img loading=\"lazy\" decoding=\"async\" width=\"1024\" height=\"576\" src=\"https:\/\/www.em.com.br\/emfoco\/wp-content\/uploads\/2026\/04\/Texto-do-seu-paragrafo-2026-04-24T085709.410-1024x576.jpg\" alt=\"Evitar conflitos o tempo todo pode dizer mais sobre voc\u00ea do que parece, segundo a psicologia\" class=\"wp-image-198379\" srcset=\"https:\/\/www.em.com.br\/emfoco\/wp-content\/uploads\/2026\/04\/Texto-do-seu-paragrafo-2026-04-24T085709.410-1024x576.jpg 1024w, https:\/\/www.em.com.br\/emfoco\/wp-content\/uploads\/2026\/04\/Texto-do-seu-paragrafo-2026-04-24T085709.410-300x169.jpg 300w, https:\/\/www.em.com.br\/emfoco\/wp-content\/uploads\/2026\/04\/Texto-do-seu-paragrafo-2026-04-24T085709.410-768x432.jpg 768w, https:\/\/www.em.com.br\/emfoco\/wp-content\/uploads\/2026\/04\/Texto-do-seu-paragrafo-2026-04-24T085709.410-750x422.jpg 750w, https:\/\/www.em.com.br\/emfoco\/wp-content\/uploads\/2026\/04\/Texto-do-seu-paragrafo-2026-04-24T085709.410-1140x641.jpg 1140w, https:\/\/www.em.com.br\/emfoco\/wp-content\/uploads\/2026\/04\/Texto-do-seu-paragrafo-2026-04-24T085709.410.jpg 1280w\" sizes=\"auto, (max-width: 1024px) 100vw, 1024px\" \/><figcaption class=\"wp-element-caption\">Quem evita conflitos a todo custo pode estar reagindo a padr\u00f5es emocionais mais profundos<\/figcaption><\/figure>\n\n\n\n<h2 class=\"wp-block-heading\">Quais s\u00e3o os principais motivos psicol\u00f3gicos para evitar conflitos?<\/h2>\n\n\n\n<p>Entre as explica\u00e7\u00f5es mais citadas pela psicologia para quem foge de confrontos, alguns fatores aparecem com frequ\u00eancia e tendem a se combinar. Eles variam de intensidade em cada indiv\u00edduo, mas formam um padr\u00e3o observ\u00e1vel em atendimentos cl\u00ednicos, pesquisas acad\u00eamicas e relatos de vida adulta.<\/p>\n\n\n\n<p>Al\u00e9m da influ\u00eancia da personalidade, experi\u00eancias precoces t\u00eam forte impacto na maneira como a pessoa encara <a href=\"https:\/\/www.em.com.br\/emfoco\/2026\/04\/23\/os-beneficios-do-abacate-vao-alem-da-saciedade-e-podem-favorecer-coracao-e-circulacao\/\" target=\"_blank\" rel=\"noreferrer noopener\">desentendimentos<\/a>. A seguir, est\u00e3o alguns motivos psicol\u00f3gicos comuns associados \u00e0 evita\u00e7\u00e3o de conflitos:<\/p>\n\n\n\n<ul class=\"wp-block-list\">\n<li><strong>Medo de rejei\u00e7\u00e3o:<\/strong> cren\u00e7a de que, ao discordar, deixar\u00e1 de ser querida ou aceita.<\/li>\n\n\n\n<li><strong>Hist\u00f3rico de conflitos intensos:<\/strong> crescimento em ambientes com brigas constantes e agress\u00f5es verbais ou f\u00edsicas.<\/li>\n\n\n\n<li><strong>Baixa autoestima:<\/strong> dificuldade em reconhecer o pr\u00f3prio valor, priorizando sempre a vontade do outro.<\/li>\n\n\n\n<li><strong>Ansiedade social:<\/strong> maior sensibilidade a cr\u00edticas, levando a evitar qualquer situa\u00e7\u00e3o de confronto.<\/li>\n\n\n\n<li><strong>Aprendizados familiares:<\/strong> fam\u00edlias que desencorajam o questionamento e valorizam apenas a obedi\u00eancia.<\/li>\n<\/ul>\n\n\n\n<h2 class=\"wp-block-heading\">Quais cren\u00e7as internas sustentam a fuga de conflitos?<\/h2>\n\n\n\n<p>Al\u00e9m dos fatores emocionais e da hist\u00f3ria de vida, a psicologia destaca o papel das cren\u00e7as internas que se formam ao longo dos anos. S\u00e3o frases que a pessoa repete mentalmente e que moldam um estilo de comunica\u00e7\u00e3o mais passivo, no qual abrir m\u00e3o de se posicionar parece mais seguro do que enfrentar um poss\u00edvel atrito.<\/p>\n\n\n\n<p>Pensamentos como <em>\u201cn\u00e3o vale a pena discutir\u201d<\/em>, <em>\u201cse eu falar, vai piorar\u201d<\/em> ou <em>\u201co melhor \u00e9 deixar para l\u00e1\u201d<\/em> refor\u00e7am a ideia de que o sil\u00eancio protege da dor emocional. Com o tempo, esse funcionamento faz com que a pessoa duvide de suas pr\u00f3prias percep\u00e7\u00f5es, minimize inc\u00f4modos e aceite situa\u00e7\u00f5es que n\u00e3o condizem com seus limites e necessidades pessoais.<\/p>\n\n\n\n<p>Conte\u00fado do canal <strong>Tam\u00edris Kreibich<\/strong>, com mais de 1.6 mil de inscritos e cerca de 7.4 mil de visualiza\u00e7\u00f5es:<\/p>\n\n\n\n<figure class=\"wp-block-embed is-type-video is-provider-youtube wp-block-embed-youtube wp-embed-aspect-16-9 wp-has-aspect-ratio\"><div class=\"wp-block-embed__wrapper\">\n<div class=\"jeg_video_container jeg_video_content\"><iframe loading=\"lazy\" title=\"Voc\u00ea evita conflitos? N\u00e3o fa\u00e7a isso!\" width=\"500\" height=\"281\" src=\"https:\/\/www.youtube.com\/embed\/KpGjYfBX9mo?feature=oembed\" frameborder=\"0\" allow=\"accelerometer; autoplay; clipboard-write; encrypted-media; gyroscope; picture-in-picture; web-share\" referrerpolicy=\"strict-origin-when-cross-origin\" allowfullscreen><\/iframe><\/div>\n<\/div><\/figure>\n\n\n\n<h2 class=\"wp-block-heading\">Quais sintomas emocionais indicam excesso de evita\u00e7\u00e3o de conflitos?<\/h2>\n\n\n\n<p>Do ponto de vista emocional, a tend\u00eancia a evitar discuss\u00f5es pode gerar sofrimento silencioso e persistente. A pessoa muitas vezes percebe que est\u00e1 \u201cengolindo\u201d sentimentos para n\u00e3o desagradar, o que fragiliza a <a href=\"https:\/\/pubmed.ncbi.nlm.nih.gov\/10728143\/\" target=\"_blank\" rel=\"noreferrer noopener\">autoestima <\/a>e prejudica a qualidade dos v\u00ednculos ao longo do tempo.<\/p>\n\n\n\n<p>Alguns sintomas costumam aparecer com frequ\u00eancia em quem foge de conflitos, indicando que esse padr\u00e3o j\u00e1 est\u00e1 trazendo preju\u00edzos concretos para a sa\u00fade mental e o bem-estar:<\/p>\n\n\n\n<ul class=\"wp-block-list\">\n<li>tens\u00e3o constante e dificuldade de relaxar;<\/li>\n\n\n\n<li>raiva reprimida, que pode explodir em momentos espec\u00edficos;<\/li>\n\n\n\n<li>sensa\u00e7\u00e3o de n\u00e3o ser ouvido ou considerado;<\/li>\n\n\n\n<li>culpa por nunca dizer \u201cn\u00e3o\u201d;<\/li>\n\n\n\n<li>desconex\u00e3o das pr\u00f3prias necessidades e desejos.<\/li>\n<\/ul>\n\n\n\n<h2 class=\"wp-block-heading\">Como a psicologia orienta quem deseja lidar melhor?<\/h2>\n\n\n\n<p>Para a psicologia, o objetivo n\u00e3o \u00e9 transformar algu\u00e9m que evita conflitos em uma pessoa que gosta de discutir, mas ajudar a desenvolver um modo mais saud\u00e1vel e assertivo de se posicionar. Assertividade significa expressar opini\u00f5es, sentimentos e limites com clareza, sem agressividade e sem submiss\u00e3o extrema, fortalecendo rela\u00e7\u00f5es mais aut\u00eanticas e respeitosas.<\/p>\n\n\n\n<p>Em muitos casos, o acompanhamento com um profissional de psicologia auxilia na compreens\u00e3o da origem desse padr\u00e3o e na constru\u00e7\u00e3o gradual de novas formas de lidar com conflitos. Ao longo do processo, a pessoa aprende a <a href=\"https:\/\/pubmed.ncbi.nlm.nih.gov\/17336695\/\" target=\"_blank\" rel=\"noreferrer noopener\">diferenciar <\/a>conflitos destrutivos de conversas dif\u00edceis, por\u00e9m necess\u00e1rias, reduzindo o medo de se posicionar e ampliando a sensa\u00e7\u00e3o de seguran\u00e7a nas intera\u00e7\u00f5es.<\/p>\n\n\n\n<h2 class=\"wp-block-heading\">Quais estrat\u00e9gias ajudam a desenvolver uma comunica\u00e7\u00e3o mais assertiva?<\/h2>\n\n\n\n<p>Na pr\u00e1tica cl\u00ednica, s\u00e3o trabalhadas diversas estrat\u00e9gias para que a pessoa comece a experimentar novas formas de se expressar. O foco \u00e9 tornar a comunica\u00e7\u00e3o mais clara e direta, sem desrespeitar o outro nem abandonar a pr\u00f3pria autenticidade, permitindo que o conflito seja visto como parte natural das rela\u00e7\u00f5es.<\/p>\n\n\n\n<p>Entre as orienta\u00e7\u00f5es frequentes em terapia, destacam-se:<\/p>\n\n\n\n<ol class=\"wp-block-list\">\n<li><strong>Identificar cren\u00e7as:<\/strong> reconhecer pensamentos autom\u00e1ticos ligados ao medo de confronto, como o receio de ser rejeitado ao discordar.<\/li>\n\n\n\n<li><strong>Rever o significado de conflito:<\/strong> compreender que desentendimentos podem ser oportunidades de ajuste, n\u00e3o apenas sinais de ruptura.<\/li>\n\n\n\n<li><strong>Praticar comunica\u00e7\u00e3o clara:<\/strong> treinar frases simples, diretas e respeitosas, evitando ironias e insinua\u00e7\u00f5es.<\/li>\n\n\n\n<li><strong>Estabelecer limites:<\/strong> aprender a dizer \u201cn\u00e3o\u201d ou propor alternativas sem se justificar em excesso.<\/li>\n\n\n\n<li><strong>Observar o pr\u00f3prio corpo:<\/strong> perceber sinais f\u00edsicos de ansiedade, como cora\u00e7\u00e3o acelerado, sudorese e tens\u00e3o muscular, usando t\u00e9cnicas de respira\u00e7\u00e3o ou relaxamento.<\/li>\n<\/ol>\n","protected":false},"excerpt":{"rendered":"<p>Evitar conflitos a todo custo \u00e9 uma atitude mais comum do que parece. Muitas pessoas preferem ceder, silenciar ou mudar de assunto para n\u00e3o lidar com tens\u00e3o, discuss\u00f5es ou cr\u00edticas. Na psicologia, esse comportamento \u00e9 visto como resultado de fatores emocionais, experi\u00eancias passadas e tra\u00e7os de personalidade. Esses elementos influenciam diretamente a forma como cada [&hellip;]<\/p>\n","protected":false},"author":15,"featured_media":200884,"comment_status":"open","ping_status":"open","sticky":false,"template":"","format":"standard","meta":{"jnews-multi-image_gallery":[],"jnews_single_post":{"format":"standard"},"jnews_primary_category":[],"jnews_social_meta":[],"jnews_override_counter":[],"footnotes":""},"categories":[8819],"tags":[5155,327,415],"class_list":["post-198369","post","type-post","status-publish","format-standard","has-post-thumbnail","hentry","category-curiosidades","tag-psicologia","tag-qualidade-de-vida","tag-saude"],"yoast_head":"<!-- This site is optimized with the Yoast SEO plugin v23.8 - https:\/\/yoast.com\/wordpress\/plugins\/seo\/ -->\n<title>Evitar conflitos o tempo todo pode dizer mais sobre voc\u00ea do que parece, segundo a psicologia - Estado de Minas - Em foco<\/title>\n<meta name=\"description\" content=\"Evitar conflitos a todo custo pode estar ligado a padr\u00f5es emocionais, medo de rejei\u00e7\u00e3o e experi\u00eancias passadas que influenciam decis\u00f5es\" \/>\n<meta name=\"robots\" content=\"index, follow, max-snippet:-1, max-image-preview:large, max-video-preview:-1\" \/>\n<link rel=\"canonical\" href=\"https:\/\/www.em.com.br\/emfoco\/2026\/04\/29\/evitar-conflitos-o-tempo-todo-pode-dizer-mais-sobre-voce-do-que-parece-segundo-a-psicologia\/\" \/>\n<meta property=\"og:locale\" content=\"pt_BR\" \/>\n<meta property=\"og:type\" content=\"article\" \/>\n<meta property=\"og:title\" content=\"Evitar conflitos o tempo todo pode dizer mais sobre voc\u00ea do que parece, segundo a psicologia - Estado de Minas - Em foco\" \/>\n<meta property=\"og:description\" content=\"Evitar conflitos a todo custo pode estar ligado a padr\u00f5es emocionais, medo de rejei\u00e7\u00e3o e experi\u00eancias passadas que influenciam decis\u00f5es\" \/>\n<meta property=\"og:url\" content=\"https:\/\/www.em.com.br\/emfoco\/2026\/04\/29\/evitar-conflitos-o-tempo-todo-pode-dizer-mais-sobre-voce-do-que-parece-segundo-a-psicologia\/\" \/>\n<meta property=\"og:site_name\" content=\"Estado de Minas - Em foco\" \/>\n<meta property=\"article:published_time\" content=\"2026-04-29T06:35:00+00:00\" \/>\n<meta property=\"article:modified_time\" content=\"2026-04-28T16:15:50+00:00\" \/>\n<meta property=\"og:image\" content=\"https:\/\/www.em.com.br\/emfoco\/wp-content\/uploads\/2026\/04\/EmFoco-13.jpg\" \/>\n\t<meta property=\"og:image:width\" content=\"1280\" \/>\n\t<meta property=\"og:image:height\" content=\"720\" \/>\n\t<meta property=\"og:image:type\" content=\"image\/jpeg\" \/>\n<meta name=\"author\" content=\"Douglas Myth\" \/>\n<meta name=\"twitter:card\" content=\"summary_large_image\" \/>\n<meta name=\"twitter:label1\" content=\"Escrito por\" \/>\n\t<meta name=\"twitter:data1\" content=\"Douglas Myth\" \/>\n\t<meta name=\"twitter:label2\" content=\"Est. tempo de leitura\" \/>\n\t<meta name=\"twitter:data2\" content=\"6 minutos\" \/>\n<!-- \/ Yoast SEO plugin. -->","yoast_head_json":{"title":"Evitar conflitos o tempo todo pode dizer mais sobre voc\u00ea do que parece, segundo a psicologia - Estado de Minas - Em foco","description":"Evitar conflitos a todo custo pode estar ligado a padr\u00f5es emocionais, medo de rejei\u00e7\u00e3o e experi\u00eancias passadas que influenciam decis\u00f5es","robots":{"index":"index","follow":"follow","max-snippet":"max-snippet:-1","max-image-preview":"max-image-preview:large","max-video-preview":"max-video-preview:-1"},"canonical":"https:\/\/www.em.com.br\/emfoco\/2026\/04\/29\/evitar-conflitos-o-tempo-todo-pode-dizer-mais-sobre-voce-do-que-parece-segundo-a-psicologia\/","og_locale":"pt_BR","og_type":"article","og_title":"Evitar conflitos o tempo todo pode dizer mais sobre voc\u00ea do que parece, segundo a psicologia - Estado de Minas - Em foco","og_description":"Evitar conflitos a todo custo pode estar ligado a padr\u00f5es emocionais, medo de rejei\u00e7\u00e3o e experi\u00eancias passadas que influenciam decis\u00f5es","og_url":"https:\/\/www.em.com.br\/emfoco\/2026\/04\/29\/evitar-conflitos-o-tempo-todo-pode-dizer-mais-sobre-voce-do-que-parece-segundo-a-psicologia\/","og_site_name":"Estado de Minas - Em foco","article_published_time":"2026-04-29T06:35:00+00:00","article_modified_time":"2026-04-28T16:15:50+00:00","og_image":[{"width":1280,"height":720,"url":"https:\/\/www.em.com.br\/emfoco\/wp-content\/uploads\/2026\/04\/EmFoco-13.jpg","type":"image\/jpeg"}],"author":"Douglas Myth","twitter_card":"summary_large_image","twitter_misc":{"Escrito por":"Douglas Myth","Est. tempo de leitura":"6 minutos"},"schema":{"@context":"https:\/\/schema.org","@graph":[{"@type":"WebPage","@id":"https:\/\/www.em.com.br\/emfoco\/2026\/04\/29\/evitar-conflitos-o-tempo-todo-pode-dizer-mais-sobre-voce-do-que-parece-segundo-a-psicologia\/","url":"https:\/\/www.em.com.br\/emfoco\/2026\/04\/29\/evitar-conflitos-o-tempo-todo-pode-dizer-mais-sobre-voce-do-que-parece-segundo-a-psicologia\/","name":"Evitar conflitos o tempo todo pode dizer mais sobre voc\u00ea do que parece, segundo a psicologia - Estado de Minas - Em foco","isPartOf":{"@id":"https:\/\/www.em.com.br\/emfoco\/#website"},"primaryImageOfPage":{"@id":"https:\/\/www.em.com.br\/emfoco\/2026\/04\/29\/evitar-conflitos-o-tempo-todo-pode-dizer-mais-sobre-voce-do-que-parece-segundo-a-psicologia\/#primaryimage"},"image":{"@id":"https:\/\/www.em.com.br\/emfoco\/2026\/04\/29\/evitar-conflitos-o-tempo-todo-pode-dizer-mais-sobre-voce-do-que-parece-segundo-a-psicologia\/#primaryimage"},"thumbnailUrl":"https:\/\/www.em.com.br\/emfoco\/wp-content\/uploads\/2026\/04\/EmFoco-13.jpg","datePublished":"2026-04-29T06:35:00+00:00","dateModified":"2026-04-28T16:15:50+00:00","author":{"@id":"https:\/\/www.em.com.br\/emfoco\/#\/schema\/person\/bba594b7eebe9b9885fec3a5c7837089"},"description":"Evitar conflitos a todo custo pode estar ligado a padr\u00f5es emocionais, medo de rejei\u00e7\u00e3o e experi\u00eancias passadas que influenciam decis\u00f5es","breadcrumb":{"@id":"https:\/\/www.em.com.br\/emfoco\/2026\/04\/29\/evitar-conflitos-o-tempo-todo-pode-dizer-mais-sobre-voce-do-que-parece-segundo-a-psicologia\/#breadcrumb"},"inLanguage":"pt-BR","potentialAction":[{"@type":"ReadAction","target":["https:\/\/www.em.com.br\/emfoco\/2026\/04\/29\/evitar-conflitos-o-tempo-todo-pode-dizer-mais-sobre-voce-do-que-parece-segundo-a-psicologia\/"]}]},{"@type":"ImageObject","inLanguage":"pt-BR","@id":"https:\/\/www.em.com.br\/emfoco\/2026\/04\/29\/evitar-conflitos-o-tempo-todo-pode-dizer-mais-sobre-voce-do-que-parece-segundo-a-psicologia\/#primaryimage","url":"https:\/\/www.em.com.br\/emfoco\/wp-content\/uploads\/2026\/04\/EmFoco-13.jpg","contentUrl":"https:\/\/www.em.com.br\/emfoco\/wp-content\/uploads\/2026\/04\/EmFoco-13.jpg","width":1280,"height":720,"caption":"Padr\u00e3o comportamental de evita\u00e7\u00e3o que reflete inseguran\u00e7as emocionais e medos de rejei\u00e7\u00e3o"},{"@type":"BreadcrumbList","@id":"https:\/\/www.em.com.br\/emfoco\/2026\/04\/29\/evitar-conflitos-o-tempo-todo-pode-dizer-mais-sobre-voce-do-que-parece-segundo-a-psicologia\/#breadcrumb","itemListElement":[{"@type":"ListItem","position":1,"name":"In\u00edcio","item":"https:\/\/www.em.com.br\/emfoco\/"},{"@type":"ListItem","position":2,"name":"Evitar conflitos o tempo todo pode dizer mais sobre voc\u00ea do que parece, segundo a psicologia"}]},{"@type":"WebSite","@id":"https:\/\/www.em.com.br\/emfoco\/#website","url":"https:\/\/www.em.com.br\/emfoco\/","name":"Estado de Minas - Em foco","description":"Acompanhe as \u00faltimas not\u00edcias e fique bem informado sobre tudo o que acontece em Minas Gerais, Brasil e no mundo.","potentialAction":[{"@type":"SearchAction","target":{"@type":"EntryPoint","urlTemplate":"https:\/\/www.em.com.br\/emfoco\/?s={search_term_string}"},"query-input":{"@type":"PropertyValueSpecification","valueRequired":true,"valueName":"search_term_string"}}],"inLanguage":"pt-BR"},{"@type":"Person","@id":"https:\/\/www.em.com.br\/emfoco\/#\/schema\/person\/bba594b7eebe9b9885fec3a5c7837089","name":"Douglas Myth","image":{"@type":"ImageObject","inLanguage":"pt-BR","@id":"https:\/\/www.em.com.br\/emfoco\/#\/schema\/person\/image\/","url":"https:\/\/secure.gravatar.com\/avatar\/1ac3cf50d0e68642c697dc0c960c802f?s=96&d=mm&r=g","contentUrl":"https:\/\/secure.gravatar.com\/avatar\/1ac3cf50d0e68642c697dc0c960c802f?s=96&d=mm&r=g","caption":"Douglas Myth"},"url":"https:\/\/www.em.com.br\/emfoco\/author\/douglasmyth\/"}]}},"_links":{"self":[{"href":"https:\/\/www.em.com.br\/emfoco\/wp-json\/wp\/v2\/posts\/198369","targetHints":{"allow":["GET"]}}],"collection":[{"href":"https:\/\/www.em.com.br\/emfoco\/wp-json\/wp\/v2\/posts"}],"about":[{"href":"https:\/\/www.em.com.br\/emfoco\/wp-json\/wp\/v2\/types\/post"}],"author":[{"embeddable":true,"href":"https:\/\/www.em.com.br\/emfoco\/wp-json\/wp\/v2\/users\/15"}],"replies":[{"embeddable":true,"href":"https:\/\/www.em.com.br\/emfoco\/wp-json\/wp\/v2\/comments?post=198369"}],"version-history":[{"count":3,"href":"https:\/\/www.em.com.br\/emfoco\/wp-json\/wp\/v2\/posts\/198369\/revisions"}],"predecessor-version":[{"id":198381,"href":"https:\/\/www.em.com.br\/emfoco\/wp-json\/wp\/v2\/posts\/198369\/revisions\/198381"}],"wp:featuredmedia":[{"embeddable":true,"href":"https:\/\/www.em.com.br\/emfoco\/wp-json\/wp\/v2\/media\/200884"}],"wp:attachment":[{"href":"https:\/\/www.em.com.br\/emfoco\/wp-json\/wp\/v2\/media?parent=198369"}],"wp:term":[{"taxonomy":"category","embeddable":true,"href":"https:\/\/www.em.com.br\/emfoco\/wp-json\/wp\/v2\/categories?post=198369"},{"taxonomy":"post_tag","embeddable":true,"href":"https:\/\/www.em.com.br\/emfoco\/wp-json\/wp\/v2\/tags?post=198369"}],"curies":[{"name":"wp","href":"https:\/\/api.w.org\/{rel}","templated":true}]}}