{"id":198353,"date":"2026-04-29T20:35:00","date_gmt":"2026-04-29T23:35:00","guid":{"rendered":"https:\/\/www.em.com.br\/emfoco\/?p=198353"},"modified":"2026-04-28T13:17:17","modified_gmt":"2026-04-28T16:17:17","slug":"conhecimentos-da-roca-que-sustentaram-geracoes-e-hoje-somem-em-silencio-no-brasil","status":"publish","type":"post","link":"https:\/\/www.em.com.br\/emfoco\/2026\/04\/29\/conhecimentos-da-roca-que-sustentaram-geracoes-e-hoje-somem-em-silencio-no-brasil\/","title":{"rendered":"Conhecimentos da ro\u00e7a que sustentaram gera\u00e7\u00f5es e hoje somem em sil\u00eancio no Brasil"},"content":{"rendered":"\n<p>Em muitas fam\u00edlias brasileiras, os chamados <strong>saberes da vov\u00f3<\/strong> sempre fizeram parte da rotina sem receber esse nome. Eram h\u00e1bitos repetidos na cozinha, no quintal, na ro\u00e7a e nas pequenas cidades do interior, transmitidos pela conversa, pelo exemplo e pela conviv\u00eancia di\u00e1ria. Ao longo de d\u00e9cadas, esse conhecimento silencioso ajudou a garantir alimento, sa\u00fade b\u00e1sica e organiza\u00e7\u00e3o da vida em comunidade, servindo como base da <strong>cultura popular brasileira<\/strong> e da vida no campo.<\/p>\n\n\n\n<h2 class=\"wp-block-heading\">O que s\u00e3o os saberes da vov\u00f3 na cultura popular brasileira?<\/h2>\n\n\n\n<p>Quando se fala em <strong>saberes da vov\u00f3<\/strong>, n\u00e3o se trata apenas de receitas antigas ou truques de cozinha. O termo abrange um conjunto amplo de pr\u00e1ticas da <strong>cultura popular brasileira<\/strong>, ligadas ao cuidado com a casa, com a terra, com a sa\u00fade e com as rela\u00e7\u00f5es de vizinhan\u00e7a. Esses saberes surgiram em contextos rurais e urbanos simples, onde a troca oral era a principal forma de aprendizado.<\/p>\n\n\n\n<p>Entre essas pr\u00e1ticas est\u00e3o a leitura do clima, o uso de <strong>plantas medicinais<\/strong>, as t\u00e9cnicas de conserva\u00e7\u00e3o de alimentos e modos de criar filhos. Tamb\u00e9m fazem parte desse repert\u00f3rio a <a href=\"https:\/\/www.em.com.br\/emfoco\/2026\/04\/23\/essa-raiz-doce-e-crocante-cresce-com-pouco-cuidado-e-ainda-chama-atencao-pela-produtividade\/\" target=\"_blank\" rel=\"noreferrer noopener\">organiza\u00e7\u00e3o <\/a>de festas religiosas, os mutir\u00f5es para plantar e colher e formas de resolver conflitos em comunidade. Assim, a <strong>mem\u00f3ria da fam\u00edlia<\/strong> se torna o principal arquivo desse patrim\u00f4nio imaterial.<\/p>\n\n\n\n<figure class=\"wp-block-image size-large\"><img loading=\"lazy\" decoding=\"async\" width=\"1024\" height=\"576\" src=\"https:\/\/www.em.com.br\/emfoco\/wp-content\/uploads\/2026\/04\/Texto-do-seu-paragrafo-2026-04-24T084609.262-1024x576.jpg\" alt=\"Conhecimentos da ro\u00e7a que sustentaram gera\u00e7\u00f5es e hoje somem em sil\u00eancio no Brasil\" class=\"wp-image-198363\" srcset=\"https:\/\/www.em.com.br\/emfoco\/wp-content\/uploads\/2026\/04\/Texto-do-seu-paragrafo-2026-04-24T084609.262-1024x576.jpg 1024w, https:\/\/www.em.com.br\/emfoco\/wp-content\/uploads\/2026\/04\/Texto-do-seu-paragrafo-2026-04-24T084609.262-300x169.jpg 300w, https:\/\/www.em.com.br\/emfoco\/wp-content\/uploads\/2026\/04\/Texto-do-seu-paragrafo-2026-04-24T084609.262-768x432.jpg 768w, https:\/\/www.em.com.br\/emfoco\/wp-content\/uploads\/2026\/04\/Texto-do-seu-paragrafo-2026-04-24T084609.262-750x422.jpg 750w, https:\/\/www.em.com.br\/emfoco\/wp-content\/uploads\/2026\/04\/Texto-do-seu-paragrafo-2026-04-24T084609.262-1140x641.jpg 1140w, https:\/\/www.em.com.br\/emfoco\/wp-content\/uploads\/2026\/04\/Texto-do-seu-paragrafo-2026-04-24T084609.262.jpg 1280w\" sizes=\"auto, (max-width: 1024px) 100vw, 1024px\" \/><figcaption class=\"wp-element-caption\">Conhecimentos da ro\u00e7a sobre clima, comida, plantas e cuidado familiar est\u00e3o sumindo sem registro<\/figcaption><\/figure>\n\n\n\n<h2 class=\"wp-block-heading\">Como os conhecimentos da ro\u00e7a est\u00e3o desaparecendo?<\/h2>\n\n\n\n<p>Com a <strong>urbaniza\u00e7\u00e3o<\/strong> acelerada e a mudan\u00e7a do modo de vida, muitos <strong>conhecimentos da ro\u00e7a<\/strong> ficaram restritos \u00e0 mem\u00f3ria de pessoas mais velhas. Jovens que cresceram longe do campo perderam o contato com pr\u00e1ticas que guiavam o plantio, a colheita, a cria\u00e7\u00e3o de animais e a cura caseira. Sem registro escrito, esses saberes correm o risco de desaparecer junto com quem os carrega.<\/p>\n\n\n\n<p>Entre os saberes que mais se perdem est\u00e3o aqueles ligados \u00e0 rela\u00e7\u00e3o direta com a natureza e ao manejo da terra. Saber identificar o momento certo de plantar observando a <strong>lua<\/strong>, reconhecer sinais de chuva pelo comportamento de animais e perceber a qualidade da terra pela cor e pelo cheiro s\u00e3o exemplos de uma leitura ambiental constru\u00edda ao longo de muitos anos de observa\u00e7\u00e3o cont\u00ednua.<\/p>\n\n\n\n<h2 class=\"wp-block-heading\">Quais pr\u00e1ticas tradicionais de alimenta\u00e7\u00e3o est\u00e3o em risco?<\/h2>\n\n\n\n<p>Outro conjunto importante de <strong>saberes da vov\u00f3<\/strong> envolve t\u00e9cnicas de produ\u00e7\u00e3o e conserva\u00e7\u00e3o de <strong>alimentos<\/strong>. Em v\u00e1rias regi\u00f5es, pr\u00e1ticas que garantiam seguran\u00e7a alimentar antes da populariza\u00e7\u00e3o de eletrodom\u00e9sticos e produtos industrializados est\u00e3o desaparecendo em sil\u00eancio. Muitas delas foram respons\u00e1veis por sustentar <a href=\"https:\/\/www.em.com.br\/emfoco\/2026\/04\/23\/os-beneficios-do-abacate-vao-alem-da-saciedade-e-podem-favorecer-coracao-e-circulacao\/\" target=\"_blank\" rel=\"noreferrer noopener\">gera\u00e7\u00f5es <\/a>em per\u00edodos de escassez.<\/p>\n\n\n\n<p>Essas t\u00e9cnicas incluem desde o preparo de alimentos do dia a dia at\u00e9 m\u00e9todos complexos de transforma\u00e7\u00e3o e armazenamento, transmitidos de forma oral. Entre as pr\u00e1ticas tradicionais de alimenta\u00e7\u00e3o que v\u00eam se perdendo, destacam-se:<\/p>\n\n\n\n<ul class=\"wp-block-list\">\n<li>Preparar <strong>queijos artesanais<\/strong> regulando o ponto apenas pela textura e pelo cheiro.<\/li>\n\n\n\n<li>Conservar carne com sal e fuma\u00e7a, sem uso de geladeira ou aditivos qu\u00edmicos.<\/li>\n\n\n\n<li>Fazer doces em tacho, rapaduras e melados no tempo certo do fogo, apenas pela experi\u00eancia.<\/li>\n\n\n\n<li>Secar gr\u00e3os ao sol de forma segura, evitando mofo e perda de alimentos.<\/li>\n<\/ul>\n\n\n\n<h2 class=\"wp-block-heading\">Como os saberes da vov\u00f3 influenciam os cuidados com a sa\u00fade?<\/h2>\n\n\n\n<p>No campo da sa\u00fade, a perda dos <strong>saberes da vov\u00f3<\/strong> aparece de forma ainda mais evidente, especialmente em \u00e1reas rurais e periferias urbanas. Em diferentes regi\u00f5es do Brasil, benzedeiras, raizeiros, parteiras tradicionais e curadores populares acumularam conhecimentos pr\u00e1ticos sobre ervas, ch\u00e1s, banhos e compressas. Esse sistema de cuidado caseiro nunca substituiu o atendimento m\u00e9dico, mas ofereceu al\u00edvio e apoio em situa\u00e7\u00f5es cotidianas.<\/p>\n\n\n\n<p>Muitos desses especialistas populares sabiam quando uma planta podia ser usada fresca, quando precisava ser seca, em qual hor\u00e1rio colher e qual parte era segura. Esse detalhamento raramente estava escrito e se transmitia na fala e na pr\u00e1tica. Quando essas pessoas morrem sem ter quem aprenda com elas, n\u00e3o se perde apenas uma receita de ch\u00e1, mas um modo completo de entender o corpo, a dor, o cuidado coletivo e a rela\u00e7\u00e3o respeitosa com o <strong>ambiente<\/strong>.<\/p>\n\n\n\n<p>Conte\u00fado do canal <strong>Mohamad Hindi<\/strong>, com mais de 3.2 milh\u00f5es de inscritos e cerca de 99 mil de visualiza\u00e7\u00f5es:<\/p>\n\n\n\n<figure class=\"wp-block-embed is-type-video is-provider-youtube wp-block-embed-youtube wp-embed-aspect-16-9 wp-has-aspect-ratio\"><div class=\"wp-block-embed__wrapper\">\n<div class=\"jeg_video_container jeg_video_content\"><iframe loading=\"lazy\" title=\"COMO UMA CHEF FAZ CARNE DE SOL com Dona Carmem Virg\u00ednia | Especialistas | Mohamad Hindi\" width=\"500\" height=\"281\" src=\"https:\/\/www.youtube.com\/embed\/x-9m2bE2-cY?feature=oembed\" frameborder=\"0\" allow=\"accelerometer; autoplay; clipboard-write; encrypted-media; gyroscope; picture-in-picture; web-share\" referrerpolicy=\"strict-origin-when-cross-origin\" allowfullscreen><\/iframe><\/div>\n<\/div><\/figure>\n\n\n\n<h2 class=\"wp-block-heading\">Por que a perda das tradi\u00e7\u00f5es do interior preocupa o Brasil?<\/h2>\n\n\n\n<p>O desaparecimento das <strong>tradi\u00e7\u00f5es do interior<\/strong> afeta n\u00e3o apenas quem vive no campo, mas toda a sociedade. Quando um conhecimento tradicional some, diminuem as possibilidades de di\u00e1logo entre ci\u00eancia, tecnologia e saber popular, e perde-se diversidade de solu\u00e7\u00f5es para problemas cotidianos. Isso enfraquece tamb\u00e9m a no\u00e7\u00e3o de <a href=\"https:\/\/www.gov.br\/saude\/pt-br\/assuntos\/saude-brasil\/eu-quero-me-alimentar-melhor\/noticias\/2022\/como-escolher-higienizar-e-armazenar-frutas-verduras-e-legumes\" target=\"_blank\" rel=\"noreferrer noopener\">pertencimento <\/a>a uma hist\u00f3ria e a um territ\u00f3rio espec\u00edficos.<\/p>\n\n\n\n<p>A ruptura entre gera\u00e7\u00f5es atinge diretamente a <strong>mem\u00f3ria da fam\u00edlia<\/strong> e a identidade coletiva. Hist\u00f3rias contadas em torno do fog\u00e3o a lenha, segredos de preparo de pratos, formas de celebrar datas religiosas e costumes de mutir\u00e3o deixam de ser conhecidos pelas novas gera\u00e7\u00f5es. Entre as causas mais comuns dessa perda est\u00e3o a urbaniza\u00e7\u00e3o, a rotina acelerada, a valoriza\u00e7\u00e3o exclusiva do conhecimento \u201cde escola\u201d e a migra\u00e7\u00e3o para grandes cidades.<\/p>\n\n\n\n<h2 class=\"wp-block-heading\">Como preservar os saberes da vov\u00f3 antes que desapare\u00e7am?<\/h2>\n\n\n\n<p>Ainda h\u00e1 espa\u00e7o para registrar parte dos <strong>saberes da vov\u00f3<\/strong> e dos <strong>conhecimentos da ro\u00e7a<\/strong>, conectando gera\u00e7\u00f5es e fortalecendo a <strong>cultura popular brasileira<\/strong>. Uma atitude simples \u00e9 reservar tempo para conversar com pessoas idosas da fam\u00edlia e da vizinhan\u00e7a, perguntando sobre comidas, plantas, festas e costumes. Assim, mem\u00f3rias adormecidas s\u00e3o ativadas e ganham chance de permanecer vivas.<\/p>\n\n\n\n<p>Para al\u00e9m da conversa cotidiana, algumas estrat\u00e9gias ajudam a transformar esse conhecimento oral em mem\u00f3ria compartilhada, acess\u00edvel a mais pessoas e protegida do esquecimento:<\/p>\n\n\n\n<ul class=\"wp-block-list\">\n<li>Anotar receitas, medidas, modos de preparo e hist\u00f3rias em cadernos ou arquivos <strong>digitais<\/strong>.<\/li>\n\n\n\n<li>Gravar \u00e1udios e v\u00eddeos com relatos de parentes, benzedeiras, raizeiros e moradores antigos.<\/li>\n\n\n\n<li>Participar de feiras, festas tradicionais e encontros que valorizem a <strong>cultura local<\/strong> e rural.<\/li>\n\n\n\n<li>Incentivar projetos escolares e comunit\u00e1rios de registro da hist\u00f3ria e dos saberes da comunidade.<\/li>\n<\/ul>\n","protected":false},"excerpt":{"rendered":"<p>Em muitas fam\u00edlias brasileiras, os chamados saberes da vov\u00f3 sempre fizeram parte da rotina sem receber esse nome. Eram h\u00e1bitos repetidos na cozinha, no quintal, na ro\u00e7a e nas pequenas cidades do interior, transmitidos pela conversa, pelo exemplo e pela conviv\u00eancia di\u00e1ria. Ao longo de d\u00e9cadas, esse conhecimento silencioso ajudou a garantir alimento, sa\u00fade b\u00e1sica [&hellip;]<\/p>\n","protected":false},"author":15,"featured_media":200876,"comment_status":"open","ping_status":"open","sticky":false,"template":"","format":"standard","meta":{"jnews-multi-image_gallery":[],"jnews_single_post":{"format":"standard"},"jnews_primary_category":[],"jnews_social_meta":[],"jnews_override_counter":[],"footnotes":""},"categories":[8819],"tags":[4701,158,1243],"class_list":["post-198353","post","type-post","status-publish","format-standard","has-post-thumbnail","hentry","category-curiosidades","tag-alimento","tag-brasil","tag-curiosidade"],"yoast_head":"<!-- This site is optimized with the Yoast SEO plugin v23.8 - https:\/\/yoast.com\/wordpress\/plugins\/seo\/ -->\n<title>Conhecimentos da ro\u00e7a que sustentaram gera\u00e7\u00f5es e hoje somem em sil\u00eancio no Brasil - Estado de Minas - Em foco<\/title>\n<meta name=\"description\" content=\"Saberes da vov\u00f3 sobre comida, plantas, clima e cuidado familiar est\u00e3o desaparecendo da ro\u00e7a em sil\u00eancio, levando junto mem\u00f3rias profundas\" \/>\n<meta name=\"robots\" content=\"index, follow, max-snippet:-1, max-image-preview:large, max-video-preview:-1\" \/>\n<link rel=\"canonical\" href=\"https:\/\/www.em.com.br\/emfoco\/2026\/04\/29\/conhecimentos-da-roca-que-sustentaram-geracoes-e-hoje-somem-em-silencio-no-brasil\/\" \/>\n<meta property=\"og:locale\" content=\"pt_BR\" \/>\n<meta property=\"og:type\" content=\"article\" \/>\n<meta property=\"og:title\" content=\"Conhecimentos da ro\u00e7a que sustentaram gera\u00e7\u00f5es e hoje somem em sil\u00eancio no Brasil - Estado de Minas - Em foco\" \/>\n<meta property=\"og:description\" content=\"Saberes da vov\u00f3 sobre comida, plantas, clima e cuidado familiar est\u00e3o desaparecendo da ro\u00e7a em sil\u00eancio, levando junto mem\u00f3rias profundas\" \/>\n<meta property=\"og:url\" content=\"https:\/\/www.em.com.br\/emfoco\/2026\/04\/29\/conhecimentos-da-roca-que-sustentaram-geracoes-e-hoje-somem-em-silencio-no-brasil\/\" \/>\n<meta property=\"og:site_name\" content=\"Estado de Minas - Em foco\" \/>\n<meta property=\"article:published_time\" content=\"2026-04-29T23:35:00+00:00\" \/>\n<meta property=\"article:modified_time\" content=\"2026-04-28T16:17:17+00:00\" \/>\n<meta property=\"og:image\" content=\"https:\/\/www.em.com.br\/emfoco\/wp-content\/uploads\/2026\/04\/EmFoco_09-12.jpg\" \/>\n\t<meta property=\"og:image:width\" content=\"1280\" \/>\n\t<meta property=\"og:image:height\" content=\"720\" \/>\n\t<meta property=\"og:image:type\" content=\"image\/jpeg\" \/>\n<meta name=\"author\" content=\"Douglas Myth\" \/>\n<meta name=\"twitter:card\" content=\"summary_large_image\" \/>\n<meta name=\"twitter:label1\" content=\"Escrito por\" \/>\n\t<meta name=\"twitter:data1\" content=\"Douglas Myth\" \/>\n\t<meta name=\"twitter:label2\" content=\"Est. tempo de leitura\" \/>\n\t<meta name=\"twitter:data2\" content=\"6 minutos\" \/>\n<!-- \/ Yoast SEO plugin. -->","yoast_head_json":{"title":"Conhecimentos da ro\u00e7a que sustentaram gera\u00e7\u00f5es e hoje somem em sil\u00eancio no Brasil - Estado de Minas - Em foco","description":"Saberes da vov\u00f3 sobre comida, plantas, clima e cuidado familiar est\u00e3o desaparecendo da ro\u00e7a em sil\u00eancio, levando junto mem\u00f3rias profundas","robots":{"index":"index","follow":"follow","max-snippet":"max-snippet:-1","max-image-preview":"max-image-preview:large","max-video-preview":"max-video-preview:-1"},"canonical":"https:\/\/www.em.com.br\/emfoco\/2026\/04\/29\/conhecimentos-da-roca-que-sustentaram-geracoes-e-hoje-somem-em-silencio-no-brasil\/","og_locale":"pt_BR","og_type":"article","og_title":"Conhecimentos da ro\u00e7a que sustentaram gera\u00e7\u00f5es e hoje somem em sil\u00eancio no Brasil - Estado de Minas - Em foco","og_description":"Saberes da vov\u00f3 sobre comida, plantas, clima e cuidado familiar est\u00e3o desaparecendo da ro\u00e7a em sil\u00eancio, levando junto mem\u00f3rias profundas","og_url":"https:\/\/www.em.com.br\/emfoco\/2026\/04\/29\/conhecimentos-da-roca-que-sustentaram-geracoes-e-hoje-somem-em-silencio-no-brasil\/","og_site_name":"Estado de Minas - Em foco","article_published_time":"2026-04-29T23:35:00+00:00","article_modified_time":"2026-04-28T16:17:17+00:00","og_image":[{"width":1280,"height":720,"url":"https:\/\/www.em.com.br\/emfoco\/wp-content\/uploads\/2026\/04\/EmFoco_09-12.jpg","type":"image\/jpeg"}],"author":"Douglas Myth","twitter_card":"summary_large_image","twitter_misc":{"Escrito por":"Douglas Myth","Est. tempo de leitura":"6 minutos"},"schema":{"@context":"https:\/\/schema.org","@graph":[{"@type":"WebPage","@id":"https:\/\/www.em.com.br\/emfoco\/2026\/04\/29\/conhecimentos-da-roca-que-sustentaram-geracoes-e-hoje-somem-em-silencio-no-brasil\/","url":"https:\/\/www.em.com.br\/emfoco\/2026\/04\/29\/conhecimentos-da-roca-que-sustentaram-geracoes-e-hoje-somem-em-silencio-no-brasil\/","name":"Conhecimentos da ro\u00e7a que sustentaram gera\u00e7\u00f5es e hoje somem em sil\u00eancio no Brasil - Estado de Minas - Em foco","isPartOf":{"@id":"https:\/\/www.em.com.br\/emfoco\/#website"},"primaryImageOfPage":{"@id":"https:\/\/www.em.com.br\/emfoco\/2026\/04\/29\/conhecimentos-da-roca-que-sustentaram-geracoes-e-hoje-somem-em-silencio-no-brasil\/#primaryimage"},"image":{"@id":"https:\/\/www.em.com.br\/emfoco\/2026\/04\/29\/conhecimentos-da-roca-que-sustentaram-geracoes-e-hoje-somem-em-silencio-no-brasil\/#primaryimage"},"thumbnailUrl":"https:\/\/www.em.com.br\/emfoco\/wp-content\/uploads\/2026\/04\/EmFoco_09-12.jpg","datePublished":"2026-04-29T23:35:00+00:00","dateModified":"2026-04-28T16:17:17+00:00","author":{"@id":"https:\/\/www.em.com.br\/emfoco\/#\/schema\/person\/bba594b7eebe9b9885fec3a5c7837089"},"description":"Saberes da vov\u00f3 sobre comida, plantas, clima e cuidado familiar est\u00e3o desaparecendo da ro\u00e7a em sil\u00eancio, levando junto mem\u00f3rias profundas","breadcrumb":{"@id":"https:\/\/www.em.com.br\/emfoco\/2026\/04\/29\/conhecimentos-da-roca-que-sustentaram-geracoes-e-hoje-somem-em-silencio-no-brasil\/#breadcrumb"},"inLanguage":"pt-BR","potentialAction":[{"@type":"ReadAction","target":["https:\/\/www.em.com.br\/emfoco\/2026\/04\/29\/conhecimentos-da-roca-que-sustentaram-geracoes-e-hoje-somem-em-silencio-no-brasil\/"]}]},{"@type":"ImageObject","inLanguage":"pt-BR","@id":"https:\/\/www.em.com.br\/emfoco\/2026\/04\/29\/conhecimentos-da-roca-que-sustentaram-geracoes-e-hoje-somem-em-silencio-no-brasil\/#primaryimage","url":"https:\/\/www.em.com.br\/emfoco\/wp-content\/uploads\/2026\/04\/EmFoco_09-12.jpg","contentUrl":"https:\/\/www.em.com.br\/emfoco\/wp-content\/uploads\/2026\/04\/EmFoco_09-12.jpg","width":1280,"height":720,"caption":"Preserva\u00e7\u00e3o de tradi\u00e7\u00f5es populares e conhecimentos ancestrais sobre a vida no campo"},{"@type":"BreadcrumbList","@id":"https:\/\/www.em.com.br\/emfoco\/2026\/04\/29\/conhecimentos-da-roca-que-sustentaram-geracoes-e-hoje-somem-em-silencio-no-brasil\/#breadcrumb","itemListElement":[{"@type":"ListItem","position":1,"name":"In\u00edcio","item":"https:\/\/www.em.com.br\/emfoco\/"},{"@type":"ListItem","position":2,"name":"Conhecimentos da ro\u00e7a que sustentaram gera\u00e7\u00f5es e hoje somem em sil\u00eancio no Brasil"}]},{"@type":"WebSite","@id":"https:\/\/www.em.com.br\/emfoco\/#website","url":"https:\/\/www.em.com.br\/emfoco\/","name":"Estado de Minas - Em foco","description":"Acompanhe as \u00faltimas not\u00edcias e fique bem informado sobre tudo o que acontece em Minas Gerais, Brasil e no mundo.","potentialAction":[{"@type":"SearchAction","target":{"@type":"EntryPoint","urlTemplate":"https:\/\/www.em.com.br\/emfoco\/?s={search_term_string}"},"query-input":{"@type":"PropertyValueSpecification","valueRequired":true,"valueName":"search_term_string"}}],"inLanguage":"pt-BR"},{"@type":"Person","@id":"https:\/\/www.em.com.br\/emfoco\/#\/schema\/person\/bba594b7eebe9b9885fec3a5c7837089","name":"Douglas Myth","image":{"@type":"ImageObject","inLanguage":"pt-BR","@id":"https:\/\/www.em.com.br\/emfoco\/#\/schema\/person\/image\/","url":"https:\/\/secure.gravatar.com\/avatar\/1ac3cf50d0e68642c697dc0c960c802f?s=96&d=mm&r=g","contentUrl":"https:\/\/secure.gravatar.com\/avatar\/1ac3cf50d0e68642c697dc0c960c802f?s=96&d=mm&r=g","caption":"Douglas Myth"},"url":"https:\/\/www.em.com.br\/emfoco\/author\/douglasmyth\/"}]}},"_links":{"self":[{"href":"https:\/\/www.em.com.br\/emfoco\/wp-json\/wp\/v2\/posts\/198353","targetHints":{"allow":["GET"]}}],"collection":[{"href":"https:\/\/www.em.com.br\/emfoco\/wp-json\/wp\/v2\/posts"}],"about":[{"href":"https:\/\/www.em.com.br\/emfoco\/wp-json\/wp\/v2\/types\/post"}],"author":[{"embeddable":true,"href":"https:\/\/www.em.com.br\/emfoco\/wp-json\/wp\/v2\/users\/15"}],"replies":[{"embeddable":true,"href":"https:\/\/www.em.com.br\/emfoco\/wp-json\/wp\/v2\/comments?post=198353"}],"version-history":[{"count":2,"href":"https:\/\/www.em.com.br\/emfoco\/wp-json\/wp\/v2\/posts\/198353\/revisions"}],"predecessor-version":[{"id":198368,"href":"https:\/\/www.em.com.br\/emfoco\/wp-json\/wp\/v2\/posts\/198353\/revisions\/198368"}],"wp:featuredmedia":[{"embeddable":true,"href":"https:\/\/www.em.com.br\/emfoco\/wp-json\/wp\/v2\/media\/200876"}],"wp:attachment":[{"href":"https:\/\/www.em.com.br\/emfoco\/wp-json\/wp\/v2\/media?parent=198353"}],"wp:term":[{"taxonomy":"category","embeddable":true,"href":"https:\/\/www.em.com.br\/emfoco\/wp-json\/wp\/v2\/categories?post=198353"},{"taxonomy":"post_tag","embeddable":true,"href":"https:\/\/www.em.com.br\/emfoco\/wp-json\/wp\/v2\/tags?post=198353"}],"curies":[{"name":"wp","href":"https:\/\/api.w.org\/{rel}","templated":true}]}}