{"id":198338,"date":"2026-04-29T19:05:00","date_gmt":"2026-04-29T22:05:00","guid":{"rendered":"https:\/\/www.em.com.br\/emfoco\/?p=198338"},"modified":"2026-04-28T13:17:09","modified_gmt":"2026-04-28T16:17:09","slug":"pare-de-usar-sal-para-eliminar-lesmas-da-horta-e-proteja-suas-plantas-sem-prejudicar-o-solo","status":"publish","type":"post","link":"https:\/\/www.em.com.br\/emfoco\/2026\/04\/29\/pare-de-usar-sal-para-eliminar-lesmas-da-horta-e-proteja-suas-plantas-sem-prejudicar-o-solo\/","title":{"rendered":"Pare de usar sal para eliminar lesmas da horta e proteja suas plantas sem prejudicar o solo"},"content":{"rendered":"\n<p>Lesmas na <strong>horta<\/strong> costumam ser percebidas apenas quando as folhas amanhecem cheias de furinhos e as mudas mais jovens aparecem ro\u00eddas. Esses sinais geralmente surgem de um dia para o outro, j\u00e1 que esses moluscos preferem circular \u00e0 noite, quando a temperatura est\u00e1 mais amena e a umidade do ar aumenta, o que favorece o ataque a brotos, hortali\u00e7as tenras e partes produtivas das plantas.<\/p>\n\n\n\n<h2 class=\"wp-block-heading\">Por que as lesmas aparecem tanto nas plantas da horta?<\/h2>\n\n\n\n<p>A presen\u00e7a constante de <strong>lesmas<\/strong> nas plantas est\u00e1 diretamente ligada \u00e0s condi\u00e7\u00f5es do espa\u00e7o onde a horta est\u00e1 instalada. Locais com sombra intensa, encharcamento frequente, folhas secas acumuladas, t\u00e1buas apoiadas no ch\u00e3o e vasos encostados criam ref\u00fagios perfeitos para que os animais passem o dia escondidos, atacando \u00e0 noite principalmente folhas novas e tecidos mais macios.<\/p>\n\n\n\n<p>Para controlar lesmas naturalmente, o primeiro passo costuma ser uma esp\u00e9cie de \u201cfaxina de estrutura\u201d. Isso envolve a remo\u00e7\u00e3o de objetos que oferecem abrigo, a limpeza de restos <a href=\"https:\/\/www.em.com.br\/emfoco\/2026\/04\/23\/essa-raiz-doce-e-crocante-cresce-com-pouco-cuidado-e-ainda-chama-atencao-pela-produtividade\/\" target=\"_blank\" rel=\"noreferrer noopener\">org\u00e2nicos <\/a>em excesso e o ajuste do espa\u00e7amento entre vasos e canteiros, reduzindo a capacidade de perman\u00eancia e reprodu\u00e7\u00e3o da praga sem prejudicar o equil\u00edbrio do <strong>jardim<\/strong>.<\/p>\n\n\n\n<ul class=\"wp-block-list\">\n<li><strong>Ambientes muito \u00famidos:<\/strong> favorecem a mobilidade e a sobreviv\u00eancia das lesmas.<\/li>\n\n\n\n<li><strong>Sombra constante:<\/strong> impede que o solo seque, mantendo condi\u00e7\u00f5es ideais para a praga.<\/li>\n\n\n\n<li><strong>Restos vegetais acumulados:<\/strong> servem de abrigo e, em alguns casos, tamb\u00e9m de alimento.<\/li>\n\n\n\n<li><strong>Falta de inspe\u00e7\u00e3o noturna:<\/strong> dificulta a identifica\u00e7\u00e3o do real tamanho da infesta\u00e7\u00e3o.<\/li>\n<\/ul>\n\n\n\n<figure class=\"wp-block-image size-large\"><img loading=\"lazy\" decoding=\"async\" width=\"1024\" height=\"576\" src=\"https:\/\/www.em.com.br\/emfoco\/wp-content\/uploads\/2026\/04\/Texto-do-seu-paragrafo-2026-04-24T083645.379-1024x576.jpg\" alt=\"Pare de usar sal para eliminar lesmas da horta e proteja suas plantas sem prejudicar o solo\" class=\"wp-image-198349\" srcset=\"https:\/\/www.em.com.br\/emfoco\/wp-content\/uploads\/2026\/04\/Texto-do-seu-paragrafo-2026-04-24T083645.379-1024x576.jpg 1024w, https:\/\/www.em.com.br\/emfoco\/wp-content\/uploads\/2026\/04\/Texto-do-seu-paragrafo-2026-04-24T083645.379-300x169.jpg 300w, https:\/\/www.em.com.br\/emfoco\/wp-content\/uploads\/2026\/04\/Texto-do-seu-paragrafo-2026-04-24T083645.379-768x432.jpg 768w, https:\/\/www.em.com.br\/emfoco\/wp-content\/uploads\/2026\/04\/Texto-do-seu-paragrafo-2026-04-24T083645.379-750x422.jpg 750w, https:\/\/www.em.com.br\/emfoco\/wp-content\/uploads\/2026\/04\/Texto-do-seu-paragrafo-2026-04-24T083645.379-1140x641.jpg 1140w, https:\/\/www.em.com.br\/emfoco\/wp-content\/uploads\/2026\/04\/Texto-do-seu-paragrafo-2026-04-24T083645.379.jpg 1280w\" sizes=\"auto, (max-width: 1024px) 100vw, 1024px\" \/><figcaption class=\"wp-element-caption\">Como controlar lesmas naturalmente e manter a horta protegida sem agredir suas plantas<\/figcaption><\/figure>\n\n\n\n<h2 class=\"wp-block-heading\">Como eliminar lesmas da horta sem usar sal?<\/h2>\n\n\n\n<p>O uso de <strong>sal<\/strong> ainda \u00e9 visto por algumas pessoas como solu\u00e7\u00e3o r\u00e1pida para eliminar lesmas na horta, mas esse recurso traz impactos importantes sobre o solo e sobre as ra\u00edzes das plantas. O sal realmente desidrata o animal, por\u00e9m tamb\u00e9m desequilibra a estrutura do terreno, altera a disponibilidade de nutrientes e pode queimar partes subterr\u00e2neas mais sens\u00edveis, prejudicando a \u00e1rea de cultivo.<\/p>\n\n\n\n<p>Em vez de recorrer ao sal, o controle de lesmas nas plantas pode ser feito por meio de um conjunto de a\u00e7\u00f5es mais seguras. A <strong>remo\u00e7\u00e3o<\/strong> manual em hor\u00e1rios de maior atividade, a instala\u00e7\u00e3o de barreiras f\u00edsicas em volta das hortali\u00e7as mais fr\u00e1geis e a ado\u00e7\u00e3o de armadilhas atrativas ajudam a concentrar os indiv\u00edduos em pontos espec\u00edficos, sendo ainda mais eficazes quando combinadas com ajustes na irriga\u00e7\u00e3o.<\/p>\n\n\n\n<h2 class=\"wp-block-heading\">Quais m\u00e9todos naturais realmente ajudam a controlar lesmas?<\/h2>\n\n\n\n<p>Entre as alternativas caseiras mais citadas para proteger a horta, destacam-se as <strong>barreiras<\/strong> f\u00edsicas ao redor das plantas. Casca de ovo bem seca e triturada, distribu\u00edda em c\u00edrculos na superf\u00edcie do solo, cria um caminho desconfort\u00e1vel para a locomo\u00e7\u00e3o das lesmas, enquanto o p\u00f3 de caf\u00e9 usado pode atuar como faixa de prote\u00e7\u00e3o e, com o tempo, contribuir como mat\u00e9ria org\u00e2nica.<\/p>\n\n\n\n<p>Essas barreiras funcionam melhor em infesta\u00e7\u00f5es leves ou em \u00e1reas espec\u00edficas da horta, como canteiros rec\u00e9m-plantados ou vasos com mudas em fase inicial. Para manter a efici\u00eancia, \u00e9 importante renovar o <a href=\"https:\/\/www.em.com.br\/emfoco\/2026\/04\/23\/os-beneficios-do-abacate-vao-alem-da-saciedade-e-podem-favorecer-coracao-e-circulacao\/\" target=\"_blank\" rel=\"noreferrer noopener\">material <\/a>ap\u00f3s chuvas intensas ou regas mais fortes, lembrando que a ideia \u00e9 dificultar o <strong>acesso<\/strong> e n\u00e3o eliminar totalmente a fonte do problema, que est\u00e1 ligada ao ambiente.<\/p>\n\n\n\n<h2 class=\"wp-block-heading\">Como usar armadilhas e inspe\u00e7\u00e3o noturna contra lesmas?<\/h2>\n\n\n\n<p><strong>Armadilhas<\/strong> atrativas aparecem como op\u00e7\u00e3o importante para lidar com pragas no jardim sem recorrer a produtos qu\u00edmicos. Elas podem ser montadas com recipientes rasos enterrados at\u00e9 a borda, contendo l\u00edquidos ou alimentos que chamem a aten\u00e7\u00e3o das lesmas, como cerveja, restos de frutas ou farelos \u00famidos, facilitando a coleta e descarte posteriores.<\/p>\n\n\n\n<p>Para que funcionem bem, essas armadilhas precisam ser monitoradas com regularidade e posicionadas nos locais de maior tr\u00e2nsito dos animais, identificados principalmente em inspe\u00e7\u00f5es noturnas. A combina\u00e7\u00e3o entre observa\u00e7\u00e3o em hor\u00e1rios de pico de atividade e uso de recipientes atrativos permite estimar o tamanho da <strong>infesta\u00e7\u00e3o<\/strong> e direcionar melhor as demais medidas de controle.<\/p>\n\n\n\n<p>Conte\u00fado do canal <strong>Richard Floriani &#8211; Controle de Pragas<\/strong>, com mais de 126 mil de inscritos e cerca de 971 de visualiza\u00e7\u00f5es:<\/p>\n\n\n\n<figure class=\"wp-block-embed is-type-video is-provider-youtube wp-block-embed-youtube wp-embed-aspect-16-9 wp-has-aspect-ratio\"><div class=\"wp-block-embed__wrapper\">\n<div class=\"jeg_video_container jeg_video_content\"><iframe loading=\"lazy\" title=\"Pare de Usar Sal! Como Eliminar Lesmas da Horta (Produto Qu\u00edmico Recomendado)\" width=\"500\" height=\"281\" src=\"https:\/\/www.youtube.com\/embed\/prQQdg8oZZc?feature=oembed\" frameborder=\"0\" allow=\"accelerometer; autoplay; clipboard-write; encrypted-media; gyroscope; picture-in-picture; web-share\" referrerpolicy=\"strict-origin-when-cross-origin\" allowfullscreen><\/iframe><\/div>\n<\/div><\/figure>\n\n\n\n<h2 class=\"wp-block-heading\">Como o manejo da irriga\u00e7\u00e3o influencia as lesmas na horta?<\/h2>\n\n\n\n<p>O manejo da <strong>irriga\u00e7\u00e3o<\/strong> tem papel decisivo na presen\u00e7a de lesmas, pois regas muito tardias mant\u00eam o solo \u00famido justamente no per\u00edodo em que esses moluscos circulam com maior intensidade. Ajustar o hor\u00e1rio para o in\u00edcio da manh\u00e3 permite que a superf\u00edcie seque ao longo do dia, reduzindo a umidade excessiva e tornando o ambiente menos convidativo para a praga.<\/p>\n\n\n\n<p>Al\u00e9m do hor\u00e1rio, \u00e9 importante evitar encharcamento frequente e avaliar a drenagem dos canteiros e vasos, principalmente em hortas suspensas ou em varandas. A aera\u00e7\u00e3o do solo, o uso moderado de cobertura morta e a corre\u00e7\u00e3o de pontos com ac\u00famulo de \u00e1gua ajudam a equilibrar o microclima, favorecendo as plantas e dificultando a coloniza\u00e7\u00e3o por <strong>lesmas<\/strong>.<\/p>\n\n\n\n<h2 class=\"wp-block-heading\">Como proteger a horta a longo prazo contra lesmas?<\/h2>\n\n\n\n<p>Para manter a horta protegida a m\u00e9dio e longo prazo, o foco deve recair sobre a rotina de manejo, e n\u00e3o em solu\u00e7\u00f5es pontuais. Uma rega bem planejada, aera\u00e7\u00e3o do solo, retirada peri\u00f3dica de restos de plantio e a <a href=\"https:\/\/www.embrapa.br\/busca-de-publicacoes\/-\/publicacao\/100102\/controle-alternativo-de-pragas-e-doencas-das-plantas\" target=\"_blank\" rel=\"noreferrer noopener\">observa\u00e7\u00e3o <\/a>regular das folhas ajudam a detectar qualquer sinal de ataque antes que a infesta\u00e7\u00e3o se torne intensa, facilitando <strong>interven\u00e7\u00f5es<\/strong> r\u00e1pidas e suaves.<\/p>\n\n\n\n<p>O controle duradouro de lesmas na horta depende da combina\u00e7\u00e3o entre ambiente menos favor\u00e1vel, barreiras estrat\u00e9gicas, armadilhas bem posicionadas e monitoramento constante. Quando se entende o que est\u00e1 atraindo esses animais e quais condi\u00e7\u00f5es mant\u00eam a popula\u00e7\u00e3o ativa, fica mais f\u00e1cil agir de forma preventiva e dispensar recursos agressivos como o sal, preservando o solo, as plantas e o equil\u00edbrio geral do <strong>jardim<\/strong>.<\/p>\n","protected":false},"excerpt":{"rendered":"<p>Lesmas na horta costumam ser percebidas apenas quando as folhas amanhecem cheias de furinhos e as mudas mais jovens aparecem ro\u00eddas. Esses sinais geralmente surgem de um dia para o outro, j\u00e1 que esses moluscos preferem circular \u00e0 noite, quando a temperatura est\u00e1 mais amena e a umidade do ar aumenta, o que favorece o [&hellip;]<\/p>\n","protected":false},"author":15,"featured_media":200885,"comment_status":"open","ping_status":"open","sticky":false,"template":"","format":"standard","meta":{"jnews-multi-image_gallery":[],"jnews_single_post":{"format":"standard"},"jnews_primary_category":[],"jnews_social_meta":[],"jnews_override_counter":[],"footnotes":""},"categories":[8819],"tags":[3358,11478,3324],"class_list":["post-198338","post","type-post","status-publish","format-standard","has-post-thumbnail","hentry","category-curiosidades","tag-jardinagem","tag-lesmas","tag-plantas"],"yoast_head":"<!-- This site is optimized with the Yoast SEO plugin v23.8 - https:\/\/yoast.com\/wordpress\/plugins\/seo\/ -->\n<title>Pare de usar sal para eliminar lesmas da horta e proteja suas plantas sem prejudicar o solo - Estado de Minas - Em foco<\/title>\n<meta name=\"description\" content=\"Eliminar lesmas da horta com sal pode prejudicar o solo e as plantas, mas alguns cuidados simples ajudam a proteger o cultivo\" \/>\n<meta name=\"robots\" content=\"index, follow, max-snippet:-1, max-image-preview:large, max-video-preview:-1\" \/>\n<link rel=\"canonical\" href=\"https:\/\/www.em.com.br\/emfoco\/2026\/04\/29\/pare-de-usar-sal-para-eliminar-lesmas-da-horta-e-proteja-suas-plantas-sem-prejudicar-o-solo\/\" \/>\n<meta property=\"og:locale\" content=\"pt_BR\" \/>\n<meta property=\"og:type\" content=\"article\" \/>\n<meta property=\"og:title\" content=\"Pare de usar sal para eliminar lesmas da horta e proteja suas plantas sem prejudicar o solo - Estado de Minas - Em foco\" \/>\n<meta property=\"og:description\" content=\"Eliminar lesmas da horta com sal pode prejudicar o solo e as plantas, mas alguns cuidados simples ajudam a proteger o cultivo\" \/>\n<meta property=\"og:url\" content=\"https:\/\/www.em.com.br\/emfoco\/2026\/04\/29\/pare-de-usar-sal-para-eliminar-lesmas-da-horta-e-proteja-suas-plantas-sem-prejudicar-o-solo\/\" \/>\n<meta property=\"og:site_name\" content=\"Estado de Minas - Em foco\" \/>\n<meta property=\"article:published_time\" content=\"2026-04-29T22:05:00+00:00\" \/>\n<meta property=\"article:modified_time\" content=\"2026-04-28T16:17:09+00:00\" \/>\n<meta property=\"og:image\" content=\"https:\/\/www.em.com.br\/emfoco\/wp-content\/uploads\/2026\/04\/EmFoco_10-9.jpg\" \/>\n\t<meta property=\"og:image:width\" content=\"1280\" \/>\n\t<meta property=\"og:image:height\" content=\"720\" \/>\n\t<meta property=\"og:image:type\" content=\"image\/jpeg\" \/>\n<meta name=\"author\" content=\"Douglas Myth\" \/>\n<meta name=\"twitter:card\" content=\"summary_large_image\" \/>\n<meta name=\"twitter:label1\" content=\"Escrito por\" \/>\n\t<meta name=\"twitter:data1\" content=\"Douglas Myth\" \/>\n\t<meta name=\"twitter:label2\" content=\"Est. tempo de leitura\" \/>\n\t<meta name=\"twitter:data2\" content=\"6 minutos\" \/>\n<!-- \/ Yoast SEO plugin. -->","yoast_head_json":{"title":"Pare de usar sal para eliminar lesmas da horta e proteja suas plantas sem prejudicar o solo - Estado de Minas - Em foco","description":"Eliminar lesmas da horta com sal pode prejudicar o solo e as plantas, mas alguns cuidados simples ajudam a proteger o cultivo","robots":{"index":"index","follow":"follow","max-snippet":"max-snippet:-1","max-image-preview":"max-image-preview:large","max-video-preview":"max-video-preview:-1"},"canonical":"https:\/\/www.em.com.br\/emfoco\/2026\/04\/29\/pare-de-usar-sal-para-eliminar-lesmas-da-horta-e-proteja-suas-plantas-sem-prejudicar-o-solo\/","og_locale":"pt_BR","og_type":"article","og_title":"Pare de usar sal para eliminar lesmas da horta e proteja suas plantas sem prejudicar o solo - Estado de Minas - Em foco","og_description":"Eliminar lesmas da horta com sal pode prejudicar o solo e as plantas, mas alguns cuidados simples ajudam a proteger o cultivo","og_url":"https:\/\/www.em.com.br\/emfoco\/2026\/04\/29\/pare-de-usar-sal-para-eliminar-lesmas-da-horta-e-proteja-suas-plantas-sem-prejudicar-o-solo\/","og_site_name":"Estado de Minas - Em foco","article_published_time":"2026-04-29T22:05:00+00:00","article_modified_time":"2026-04-28T16:17:09+00:00","og_image":[{"width":1280,"height":720,"url":"https:\/\/www.em.com.br\/emfoco\/wp-content\/uploads\/2026\/04\/EmFoco_10-9.jpg","type":"image\/jpeg"}],"author":"Douglas Myth","twitter_card":"summary_large_image","twitter_misc":{"Escrito por":"Douglas Myth","Est. tempo de leitura":"6 minutos"},"schema":{"@context":"https:\/\/schema.org","@graph":[{"@type":"WebPage","@id":"https:\/\/www.em.com.br\/emfoco\/2026\/04\/29\/pare-de-usar-sal-para-eliminar-lesmas-da-horta-e-proteja-suas-plantas-sem-prejudicar-o-solo\/","url":"https:\/\/www.em.com.br\/emfoco\/2026\/04\/29\/pare-de-usar-sal-para-eliminar-lesmas-da-horta-e-proteja-suas-plantas-sem-prejudicar-o-solo\/","name":"Pare de usar sal para eliminar lesmas da horta e proteja suas plantas sem prejudicar o solo - Estado de Minas - Em foco","isPartOf":{"@id":"https:\/\/www.em.com.br\/emfoco\/#website"},"primaryImageOfPage":{"@id":"https:\/\/www.em.com.br\/emfoco\/2026\/04\/29\/pare-de-usar-sal-para-eliminar-lesmas-da-horta-e-proteja-suas-plantas-sem-prejudicar-o-solo\/#primaryimage"},"image":{"@id":"https:\/\/www.em.com.br\/emfoco\/2026\/04\/29\/pare-de-usar-sal-para-eliminar-lesmas-da-horta-e-proteja-suas-plantas-sem-prejudicar-o-solo\/#primaryimage"},"thumbnailUrl":"https:\/\/www.em.com.br\/emfoco\/wp-content\/uploads\/2026\/04\/EmFoco_10-9.jpg","datePublished":"2026-04-29T22:05:00+00:00","dateModified":"2026-04-28T16:17:09+00:00","author":{"@id":"https:\/\/www.em.com.br\/emfoco\/#\/schema\/person\/bba594b7eebe9b9885fec3a5c7837089"},"description":"Eliminar lesmas da horta com sal pode prejudicar o solo e as plantas, mas alguns cuidados simples ajudam a proteger o cultivo","breadcrumb":{"@id":"https:\/\/www.em.com.br\/emfoco\/2026\/04\/29\/pare-de-usar-sal-para-eliminar-lesmas-da-horta-e-proteja-suas-plantas-sem-prejudicar-o-solo\/#breadcrumb"},"inLanguage":"pt-BR","potentialAction":[{"@type":"ReadAction","target":["https:\/\/www.em.com.br\/emfoco\/2026\/04\/29\/pare-de-usar-sal-para-eliminar-lesmas-da-horta-e-proteja-suas-plantas-sem-prejudicar-o-solo\/"]}]},{"@type":"ImageObject","inLanguage":"pt-BR","@id":"https:\/\/www.em.com.br\/emfoco\/2026\/04\/29\/pare-de-usar-sal-para-eliminar-lesmas-da-horta-e-proteja-suas-plantas-sem-prejudicar-o-solo\/#primaryimage","url":"https:\/\/www.em.com.br\/emfoco\/wp-content\/uploads\/2026\/04\/EmFoco_10-9.jpg","contentUrl":"https:\/\/www.em.com.br\/emfoco\/wp-content\/uploads\/2026\/04\/EmFoco_10-9.jpg","width":1280,"height":720,"caption":"Manejo preventivo e natural para controle de pragas em ambientes de cultivo \u00famidos"},{"@type":"BreadcrumbList","@id":"https:\/\/www.em.com.br\/emfoco\/2026\/04\/29\/pare-de-usar-sal-para-eliminar-lesmas-da-horta-e-proteja-suas-plantas-sem-prejudicar-o-solo\/#breadcrumb","itemListElement":[{"@type":"ListItem","position":1,"name":"In\u00edcio","item":"https:\/\/www.em.com.br\/emfoco\/"},{"@type":"ListItem","position":2,"name":"Pare de usar sal para eliminar lesmas da horta e proteja suas plantas sem prejudicar o solo"}]},{"@type":"WebSite","@id":"https:\/\/www.em.com.br\/emfoco\/#website","url":"https:\/\/www.em.com.br\/emfoco\/","name":"Estado de Minas - Em foco","description":"Acompanhe as \u00faltimas not\u00edcias e fique bem informado sobre tudo o que acontece em Minas Gerais, Brasil e no mundo.","potentialAction":[{"@type":"SearchAction","target":{"@type":"EntryPoint","urlTemplate":"https:\/\/www.em.com.br\/emfoco\/?s={search_term_string}"},"query-input":{"@type":"PropertyValueSpecification","valueRequired":true,"valueName":"search_term_string"}}],"inLanguage":"pt-BR"},{"@type":"Person","@id":"https:\/\/www.em.com.br\/emfoco\/#\/schema\/person\/bba594b7eebe9b9885fec3a5c7837089","name":"Douglas Myth","image":{"@type":"ImageObject","inLanguage":"pt-BR","@id":"https:\/\/www.em.com.br\/emfoco\/#\/schema\/person\/image\/","url":"https:\/\/secure.gravatar.com\/avatar\/1ac3cf50d0e68642c697dc0c960c802f?s=96&d=mm&r=g","contentUrl":"https:\/\/secure.gravatar.com\/avatar\/1ac3cf50d0e68642c697dc0c960c802f?s=96&d=mm&r=g","caption":"Douglas Myth"},"url":"https:\/\/www.em.com.br\/emfoco\/author\/douglasmyth\/"}]}},"_links":{"self":[{"href":"https:\/\/www.em.com.br\/emfoco\/wp-json\/wp\/v2\/posts\/198338","targetHints":{"allow":["GET"]}}],"collection":[{"href":"https:\/\/www.em.com.br\/emfoco\/wp-json\/wp\/v2\/posts"}],"about":[{"href":"https:\/\/www.em.com.br\/emfoco\/wp-json\/wp\/v2\/types\/post"}],"author":[{"embeddable":true,"href":"https:\/\/www.em.com.br\/emfoco\/wp-json\/wp\/v2\/users\/15"}],"replies":[{"embeddable":true,"href":"https:\/\/www.em.com.br\/emfoco\/wp-json\/wp\/v2\/comments?post=198338"}],"version-history":[{"count":2,"href":"https:\/\/www.em.com.br\/emfoco\/wp-json\/wp\/v2\/posts\/198338\/revisions"}],"predecessor-version":[{"id":198351,"href":"https:\/\/www.em.com.br\/emfoco\/wp-json\/wp\/v2\/posts\/198338\/revisions\/198351"}],"wp:featuredmedia":[{"embeddable":true,"href":"https:\/\/www.em.com.br\/emfoco\/wp-json\/wp\/v2\/media\/200885"}],"wp:attachment":[{"href":"https:\/\/www.em.com.br\/emfoco\/wp-json\/wp\/v2\/media?parent=198338"}],"wp:term":[{"taxonomy":"category","embeddable":true,"href":"https:\/\/www.em.com.br\/emfoco\/wp-json\/wp\/v2\/categories?post=198338"},{"taxonomy":"post_tag","embeddable":true,"href":"https:\/\/www.em.com.br\/emfoco\/wp-json\/wp\/v2\/tags?post=198338"}],"curies":[{"name":"wp","href":"https:\/\/api.w.org\/{rel}","templated":true}]}}