{"id":198332,"date":"2026-04-29T16:25:00","date_gmt":"2026-04-29T19:25:00","guid":{"rendered":"https:\/\/www.em.com.br\/emfoco\/?p=198332"},"modified":"2026-04-28T13:16:54","modified_gmt":"2026-04-28T16:16:54","slug":"esses-sinais-mostram-que-o-solo-pode-estar-prejudicando-suas-plantas-sem-voce-perceber","status":"publish","type":"post","link":"https:\/\/www.em.com.br\/emfoco\/2026\/04\/29\/esses-sinais-mostram-que-o-solo-pode-estar-prejudicando-suas-plantas-sem-voce-perceber\/","title":{"rendered":"Esses sinais mostram que o solo pode estar prejudicando suas plantas sem voc\u00ea perceber"},"content":{"rendered":"\n<p>Problemas no desenvolvimento das <strong>plantas<\/strong> muitas vezes come\u00e7am de baixo para cima, a partir de um solo desequilibrado. Mesmo em ambientes bem cuidados, com regas regulares e esp\u00e9cies adaptadas ao local, o desempenho pode ficar aqu\u00e9m do esperado quando a terra n\u00e3o oferece condi\u00e7\u00f5es adequadas. Observar as plantas com calma ajuda a perceber sinais discretos que apontam para falhas na nutri\u00e7\u00e3o, na estrutura ou na umidade do <strong>solo<\/strong>.<\/p>\n\n\n\n<h2 class=\"wp-block-heading\">Folhas amareladas sempre indicam problemas no solo das plantas?<\/h2>\n\n\n\n<p>Entre os sintomas mais frequentes, as <strong>folhas amareladas<\/strong> chamam bastante aten\u00e7\u00e3o e muitas vezes est\u00e3o ligadas a problemas no solo das plantas, principalmente \u00e0 car\u00eancia de nutrientes. Quando a terra \u00e9 pobre em mat\u00e9ria org\u00e2nica ou passa muito tempo sem reposi\u00e7\u00e3o de fertilidade, as ra\u00edzes encontram menos elementos essenciais e a planta responde alterando a cor das folhas.<\/p>\n\n\n\n<p>O modo como esse amarelecimento aparece oferece pistas importantes sobre qual nutriente est\u00e1 em falta e se o problema \u00e9 realmente do solo ou de outros fatores, como pragas e doen\u00e7as. Em algumas esp\u00e9cies, o amarelo come\u00e7a nas folhas mais antigas, sugerindo falta de <strong>nitrog\u00eanio<\/strong>; em outras, surge entre as nervuras, indicando poss\u00edveis <a href=\"https:\/\/www.em.com.br\/emfoco\/2026\/04\/23\/essa-raiz-doce-e-crocante-cresce-com-pouco-cuidado-e-ainda-chama-atencao-pela-produtividade\/\" target=\"_blank\" rel=\"noreferrer noopener\">desequil\u00edbrios <\/a>de ferro, magn\u00e9sio ou outros micronutrientes.<\/p>\n\n\n\n<figure class=\"wp-block-image size-large\"><img loading=\"lazy\" decoding=\"async\" width=\"1024\" height=\"576\" src=\"https:\/\/www.em.com.br\/emfoco\/wp-content\/uploads\/2026\/04\/Texto-do-seu-paragrafo-2026-04-24T082642.642-1024x576.jpg\" alt=\"Esses sinais mostram que o solo pode estar prejudicando suas plantas sem voc\u00ea perceber\" class=\"wp-image-198336\" srcset=\"https:\/\/www.em.com.br\/emfoco\/wp-content\/uploads\/2026\/04\/Texto-do-seu-paragrafo-2026-04-24T082642.642-1024x576.jpg 1024w, https:\/\/www.em.com.br\/emfoco\/wp-content\/uploads\/2026\/04\/Texto-do-seu-paragrafo-2026-04-24T082642.642-300x169.jpg 300w, https:\/\/www.em.com.br\/emfoco\/wp-content\/uploads\/2026\/04\/Texto-do-seu-paragrafo-2026-04-24T082642.642-768x432.jpg 768w, https:\/\/www.em.com.br\/emfoco\/wp-content\/uploads\/2026\/04\/Texto-do-seu-paragrafo-2026-04-24T082642.642-750x422.jpg 750w, https:\/\/www.em.com.br\/emfoco\/wp-content\/uploads\/2026\/04\/Texto-do-seu-paragrafo-2026-04-24T082642.642-1140x641.jpg 1140w, https:\/\/www.em.com.br\/emfoco\/wp-content\/uploads\/2026\/04\/Texto-do-seu-paragrafo-2026-04-24T082642.642.jpg 1280w\" sizes=\"auto, (max-width: 1024px) 100vw, 1024px\" \/><figcaption class=\"wp-element-caption\">Esses sinais no solo indicam problemas que podem travar o crescimento das suas plantas<\/figcaption><\/figure>\n\n\n\n<h2 class=\"wp-block-heading\">Como o crescimento travado revela sinais de solo ruim?<\/h2>\n\n\n\n<p>Outra forma de perceber sinais de solo ruim \u00e9 observar o ritmo de <strong>crescimento<\/strong> das plantas ao longo de algumas semanas. Quando a planta permanece praticamente do mesmo tamanho, com poucas brota\u00e7\u00f5es novas e apar\u00eancia estagnada, o solo pode estar limitando o desenvolvimento por falta de mat\u00e9ria org\u00e2nica, baixa atividade biol\u00f3gica ou estrutura inadequada.<\/p>\n\n\n\n<p>O <strong>solo compactado<\/strong> \u00e9 um dos vil\u00f5es mais comuns nesse cen\u00e1rio, especialmente em \u00e1reas muito pisadas ou em vasos com substrato antigo e endurecido. Nesses casos, forma-se uma camada densa que impede a expans\u00e3o das ra\u00edzes, reduz a absor\u00e7\u00e3o de \u00e1gua e nutrientes e faz a planta apresentar intern\u00f3dios curtos, porte reduzido e desenvolvimento lento mesmo com boa luz e rega.<\/p>\n\n\n\n<ul class=\"wp-block-list\">\n<li>Terra que forma blocos duros ao secar tende a apresentar <strong>compacta\u00e7\u00e3o<\/strong>.<\/li>\n\n\n\n<li>Ra\u00edzes concentradas apenas na superf\u00edcie indicam dificuldade de aprofundamento.<\/li>\n\n\n\n<li>Crescimento lento, mesmo com manejo adequado, sugere limita\u00e7\u00e3o f\u00edsica ou nutricional do solo.<\/li>\n<\/ul>\n\n\n\n<h2 class=\"wp-block-heading\">De que forma a drenagem do solo afeta manchas e queimaduras nas folhas?<\/h2>\n\n\n\n<p>As manchas escuras, bordas ressecadas ou apar\u00eancia de queimadura nas folhas muitas vezes apontam para falhas na <strong>drenagem<\/strong> do solo. Quando a \u00e1gua permanece acumulada por muito tempo, as ra\u00edzes ficam em <a href=\"https:\/\/www.em.com.br\/emfoco\/2026\/04\/23\/os-beneficios-do-abacate-vao-alem-da-saciedade-e-podem-favorecer-coracao-e-circulacao\/\" target=\"_blank\" rel=\"noreferrer noopener\">ambiente <\/a>pouco oxigenado, favorecendo fungos, apodrecimentos e estresse que se manifesta na parte a\u00e9rea como murcha, queda prematura de folhas e necroses.<\/p>\n\n\n\n<p>Em vasos, o problema costuma ser mais intenso em recipientes sem furos adequados ou com sa\u00eddas bloqueadas, que criam uma zona constantemente encharcada. J\u00e1 em canteiros, solos muito argilosos ou compactados drenam devagar e mant\u00eam umidade excessiva, o que leva a manchas irregulares, enfraquecimento geral e maior sensibilidade a <strong>doen\u00e7as<\/strong>, mesmo quando a rega parece estar correta.<\/p>\n\n\n\n<ol class=\"wp-block-list\">\n<li>Observar se o prato sob o vaso permanece cheio por muito tempo ap\u00f3s a rega.<\/li>\n\n\n\n<li>Verificar se a \u00e1gua infiltra lentamente ou fica empo\u00e7ada na superf\u00edcie do canteiro.<\/li>\n\n\n\n<li>Sentir a terra alguns cent\u00edmetros abaixo da superf\u00edcie para avaliar a umidade real.<\/li>\n<\/ol>\n\n\n\n<p>Conte\u00fado do canal <strong>Vida no Jardim<\/strong>, com mais de 855 mil de inscritos e cerca de 1.5 mil de visualiza\u00e7\u00f5es:<\/p>\n\n\n\n<figure class=\"wp-block-embed is-type-video is-provider-youtube wp-block-embed-youtube wp-embed-aspect-16-9 wp-has-aspect-ratio\"><div class=\"wp-block-embed__wrapper\">\n<div class=\"jeg_video_container jeg_video_content\"><iframe loading=\"lazy\" title=\"4 sinais que as plantas da\u0303o quando o solo esta\u0301 com problemas\" width=\"500\" height=\"281\" src=\"https:\/\/www.youtube.com\/embed\/yNQyE05sM_o?feature=oembed\" frameborder=\"0\" allow=\"accelerometer; autoplay; clipboard-write; encrypted-media; gyroscope; picture-in-picture; web-share\" referrerpolicy=\"strict-origin-when-cross-origin\" allowfullscreen><\/iframe><\/div>\n<\/div><\/figure>\n\n\n\n<h2 class=\"wp-block-heading\">Como identificar a compacta\u00e7\u00e3o do solo que n\u00e3o aparece na superf\u00edcie?<\/h2>\n\n\n\n<p>Uma das maiores dificuldades ao lidar com sinais de solo ruim est\u00e1 na <strong>compacta\u00e7\u00e3o<\/strong> que n\u00e3o \u00e9 vis\u00edvel \u00e0 primeira vista. Em muitos casos, a camada superior parece solta, mas logo abaixo existe uma faixa endurecida que impede a passagem das ra\u00edzes e da \u00e1gua, reduz a infiltra\u00e7\u00e3o e faz a \u00e1gua escorrer pelas laterais em vez de penetrar de forma uniforme.<\/p>\n\n\n\n<p>Alguns ind\u00edcios pr\u00e1ticos ajudam a suspeitar desse tipo de problema em jardins e vasos. Se a \u00e1gua aplicada na rega escorre rapidamente sem absor\u00e7\u00e3o adequada, ou se pequenas po\u00e7as se formam e demoram a desaparecer, h\u00e1 grande chance de existir uma camada compactada. Em \u00e1reas com <strong>tr\u00e2nsito<\/strong> constante de pessoas ou m\u00e1quinas, as plantas costumam apresentar folhas menores, pouca ramifica\u00e7\u00e3o e aspecto geral de estresse.<\/p>\n\n\n\n<h2 class=\"wp-block-heading\">Quais cuidados ajudam a recuperar solos com problemas ocultos?<\/h2>\n\n\n\n<p>Uma forma eficiente de reverter problemas no solo das plantas \u00e9 investir em melhorias graduais na estrutura e na fertilidade. A incorpora\u00e7\u00e3o de mat\u00e9ria org\u00e2nica bem decomposta, como compostos <a href=\"https:\/\/www.embrapa.br\/agencia-de-informacao-tecnologica\/cultivos\/pimenta\/pre-producao\/insumos\/adubos-e-fertilizantes\" target=\"_blank\" rel=\"noreferrer noopener\">caseiros<\/a>, esterco curtido ou <strong>h\u00famus<\/strong> de minhoca, torna o solo mais solto, aumenta a capacidade de reten\u00e7\u00e3o de \u00e1gua, melhora a aera\u00e7\u00e3o e estimula microrganismos ben\u00e9ficos que auxiliam na nutri\u00e7\u00e3o das ra\u00edzes.<\/p>\n\n\n\n<p>A <strong>aera\u00e7\u00e3o<\/strong> tamb\u00e9m tem papel importante, especialmente em solos compactados ou muito encharcados. Em vasos, \u00e9 poss\u00edvel soltar delicadamente a terra entre as ra\u00edzes com uma ferramenta fina, enquanto em canteiros podem ser usados garfos ou enxadas leves para criar canais de ar. Em locais com drenagem comprometida, a combina\u00e7\u00e3o de materiais mais grossos na base do vaso e ajustes na textura do solo, com adi\u00e7\u00e3o moderada de areia grossa ou perlita, ajuda a melhorar o escoamento e manter o ambiente radicular saud\u00e1vel ao longo do tempo.<\/p>\n","protected":false},"excerpt":{"rendered":"<p>Problemas no desenvolvimento das plantas muitas vezes come\u00e7am de baixo para cima, a partir de um solo desequilibrado. Mesmo em ambientes bem cuidados, com regas regulares e esp\u00e9cies adaptadas ao local, o desempenho pode ficar aqu\u00e9m do esperado quando a terra n\u00e3o oferece condi\u00e7\u00f5es adequadas. Observar as plantas com calma ajuda a perceber sinais discretos [&hellip;]<\/p>\n","protected":false},"author":15,"featured_media":200877,"comment_status":"open","ping_status":"open","sticky":false,"template":"","format":"standard","meta":{"jnews-multi-image_gallery":[],"jnews_single_post":{"format":"standard"},"jnews_primary_category":[],"jnews_social_meta":[],"jnews_override_counter":[],"footnotes":""},"categories":[8819],"tags":[3358,3324],"class_list":["post-198332","post","type-post","status-publish","format-standard","has-post-thumbnail","hentry","category-curiosidades","tag-jardinagem","tag-plantas"],"yoast_head":"<!-- This site is optimized with the Yoast SEO plugin v23.8 - https:\/\/yoast.com\/wordpress\/plugins\/seo\/ -->\n<title>Esses sinais mostram que o solo pode estar prejudicando suas plantas sem voc\u00ea perceber - Estado de Minas - Em foco<\/title>\n<meta name=\"description\" content=\"Sinais de solo ruim podem aparecer nas folhas, no crescimento e na drenagem, mostrando problemas que afetam suas plantas\" \/>\n<meta name=\"robots\" content=\"index, follow, max-snippet:-1, max-image-preview:large, max-video-preview:-1\" \/>\n<link rel=\"canonical\" href=\"https:\/\/www.em.com.br\/emfoco\/2026\/04\/29\/esses-sinais-mostram-que-o-solo-pode-estar-prejudicando-suas-plantas-sem-voce-perceber\/\" \/>\n<meta property=\"og:locale\" content=\"pt_BR\" \/>\n<meta property=\"og:type\" content=\"article\" \/>\n<meta property=\"og:title\" content=\"Esses sinais mostram que o solo pode estar prejudicando suas plantas sem voc\u00ea perceber - Estado de Minas - Em foco\" \/>\n<meta property=\"og:description\" content=\"Sinais de solo ruim podem aparecer nas folhas, no crescimento e na drenagem, mostrando problemas que afetam suas plantas\" \/>\n<meta property=\"og:url\" content=\"https:\/\/www.em.com.br\/emfoco\/2026\/04\/29\/esses-sinais-mostram-que-o-solo-pode-estar-prejudicando-suas-plantas-sem-voce-perceber\/\" \/>\n<meta property=\"og:site_name\" content=\"Estado de Minas - Em foco\" \/>\n<meta property=\"article:published_time\" content=\"2026-04-29T19:25:00+00:00\" \/>\n<meta property=\"article:modified_time\" content=\"2026-04-28T16:16:54+00:00\" \/>\n<meta property=\"og:image\" content=\"https:\/\/www.em.com.br\/emfoco\/wp-content\/uploads\/2026\/04\/EmFoco_07-11.jpg\" \/>\n\t<meta property=\"og:image:width\" content=\"1280\" \/>\n\t<meta property=\"og:image:height\" content=\"720\" \/>\n\t<meta property=\"og:image:type\" content=\"image\/jpeg\" \/>\n<meta name=\"author\" content=\"Douglas Myth\" \/>\n<meta name=\"twitter:card\" content=\"summary_large_image\" \/>\n<meta name=\"twitter:label1\" content=\"Escrito por\" \/>\n\t<meta name=\"twitter:data1\" content=\"Douglas Myth\" \/>\n\t<meta name=\"twitter:label2\" content=\"Est. tempo de leitura\" \/>\n\t<meta name=\"twitter:data2\" content=\"5 minutos\" \/>\n<!-- \/ Yoast SEO plugin. -->","yoast_head_json":{"title":"Esses sinais mostram que o solo pode estar prejudicando suas plantas sem voc\u00ea perceber - Estado de Minas - Em foco","description":"Sinais de solo ruim podem aparecer nas folhas, no crescimento e na drenagem, mostrando problemas que afetam suas plantas","robots":{"index":"index","follow":"follow","max-snippet":"max-snippet:-1","max-image-preview":"max-image-preview:large","max-video-preview":"max-video-preview:-1"},"canonical":"https:\/\/www.em.com.br\/emfoco\/2026\/04\/29\/esses-sinais-mostram-que-o-solo-pode-estar-prejudicando-suas-plantas-sem-voce-perceber\/","og_locale":"pt_BR","og_type":"article","og_title":"Esses sinais mostram que o solo pode estar prejudicando suas plantas sem voc\u00ea perceber - Estado de Minas - Em foco","og_description":"Sinais de solo ruim podem aparecer nas folhas, no crescimento e na drenagem, mostrando problemas que afetam suas plantas","og_url":"https:\/\/www.em.com.br\/emfoco\/2026\/04\/29\/esses-sinais-mostram-que-o-solo-pode-estar-prejudicando-suas-plantas-sem-voce-perceber\/","og_site_name":"Estado de Minas - Em foco","article_published_time":"2026-04-29T19:25:00+00:00","article_modified_time":"2026-04-28T16:16:54+00:00","og_image":[{"width":1280,"height":720,"url":"https:\/\/www.em.com.br\/emfoco\/wp-content\/uploads\/2026\/04\/EmFoco_07-11.jpg","type":"image\/jpeg"}],"author":"Douglas Myth","twitter_card":"summary_large_image","twitter_misc":{"Escrito por":"Douglas Myth","Est. tempo de leitura":"5 minutos"},"schema":{"@context":"https:\/\/schema.org","@graph":[{"@type":"WebPage","@id":"https:\/\/www.em.com.br\/emfoco\/2026\/04\/29\/esses-sinais-mostram-que-o-solo-pode-estar-prejudicando-suas-plantas-sem-voce-perceber\/","url":"https:\/\/www.em.com.br\/emfoco\/2026\/04\/29\/esses-sinais-mostram-que-o-solo-pode-estar-prejudicando-suas-plantas-sem-voce-perceber\/","name":"Esses sinais mostram que o solo pode estar prejudicando suas plantas sem voc\u00ea perceber - Estado de Minas - Em foco","isPartOf":{"@id":"https:\/\/www.em.com.br\/emfoco\/#website"},"primaryImageOfPage":{"@id":"https:\/\/www.em.com.br\/emfoco\/2026\/04\/29\/esses-sinais-mostram-que-o-solo-pode-estar-prejudicando-suas-plantas-sem-voce-perceber\/#primaryimage"},"image":{"@id":"https:\/\/www.em.com.br\/emfoco\/2026\/04\/29\/esses-sinais-mostram-que-o-solo-pode-estar-prejudicando-suas-plantas-sem-voce-perceber\/#primaryimage"},"thumbnailUrl":"https:\/\/www.em.com.br\/emfoco\/wp-content\/uploads\/2026\/04\/EmFoco_07-11.jpg","datePublished":"2026-04-29T19:25:00+00:00","dateModified":"2026-04-28T16:16:54+00:00","author":{"@id":"https:\/\/www.em.com.br\/emfoco\/#\/schema\/person\/bba594b7eebe9b9885fec3a5c7837089"},"description":"Sinais de solo ruim podem aparecer nas folhas, no crescimento e na drenagem, mostrando problemas que afetam suas plantas","breadcrumb":{"@id":"https:\/\/www.em.com.br\/emfoco\/2026\/04\/29\/esses-sinais-mostram-que-o-solo-pode-estar-prejudicando-suas-plantas-sem-voce-perceber\/#breadcrumb"},"inLanguage":"pt-BR","potentialAction":[{"@type":"ReadAction","target":["https:\/\/www.em.com.br\/emfoco\/2026\/04\/29\/esses-sinais-mostram-que-o-solo-pode-estar-prejudicando-suas-plantas-sem-voce-perceber\/"]}]},{"@type":"ImageObject","inLanguage":"pt-BR","@id":"https:\/\/www.em.com.br\/emfoco\/2026\/04\/29\/esses-sinais-mostram-que-o-solo-pode-estar-prejudicando-suas-plantas-sem-voce-perceber\/#primaryimage","url":"https:\/\/www.em.com.br\/emfoco\/wp-content\/uploads\/2026\/04\/EmFoco_07-11.jpg","contentUrl":"https:\/\/www.em.com.br\/emfoco\/wp-content\/uploads\/2026\/04\/EmFoco_07-11.jpg","width":1280,"height":720,"caption":"Manifesta\u00e7\u00f5es f\u00edsicas nas plantas que indicam desequil\u00edbrios nutricionais ou estruturais no solo"},{"@type":"BreadcrumbList","@id":"https:\/\/www.em.com.br\/emfoco\/2026\/04\/29\/esses-sinais-mostram-que-o-solo-pode-estar-prejudicando-suas-plantas-sem-voce-perceber\/#breadcrumb","itemListElement":[{"@type":"ListItem","position":1,"name":"In\u00edcio","item":"https:\/\/www.em.com.br\/emfoco\/"},{"@type":"ListItem","position":2,"name":"Esses sinais mostram que o solo pode estar prejudicando suas plantas sem voc\u00ea perceber"}]},{"@type":"WebSite","@id":"https:\/\/www.em.com.br\/emfoco\/#website","url":"https:\/\/www.em.com.br\/emfoco\/","name":"Estado de Minas - Em foco","description":"Acompanhe as \u00faltimas not\u00edcias e fique bem informado sobre tudo o que acontece em Minas Gerais, Brasil e no mundo.","potentialAction":[{"@type":"SearchAction","target":{"@type":"EntryPoint","urlTemplate":"https:\/\/www.em.com.br\/emfoco\/?s={search_term_string}"},"query-input":{"@type":"PropertyValueSpecification","valueRequired":true,"valueName":"search_term_string"}}],"inLanguage":"pt-BR"},{"@type":"Person","@id":"https:\/\/www.em.com.br\/emfoco\/#\/schema\/person\/bba594b7eebe9b9885fec3a5c7837089","name":"Douglas Myth","image":{"@type":"ImageObject","inLanguage":"pt-BR","@id":"https:\/\/www.em.com.br\/emfoco\/#\/schema\/person\/image\/","url":"https:\/\/secure.gravatar.com\/avatar\/1ac3cf50d0e68642c697dc0c960c802f?s=96&d=mm&r=g","contentUrl":"https:\/\/secure.gravatar.com\/avatar\/1ac3cf50d0e68642c697dc0c960c802f?s=96&d=mm&r=g","caption":"Douglas Myth"},"url":"https:\/\/www.em.com.br\/emfoco\/author\/douglasmyth\/"}]}},"_links":{"self":[{"href":"https:\/\/www.em.com.br\/emfoco\/wp-json\/wp\/v2\/posts\/198332","targetHints":{"allow":["GET"]}}],"collection":[{"href":"https:\/\/www.em.com.br\/emfoco\/wp-json\/wp\/v2\/posts"}],"about":[{"href":"https:\/\/www.em.com.br\/emfoco\/wp-json\/wp\/v2\/types\/post"}],"author":[{"embeddable":true,"href":"https:\/\/www.em.com.br\/emfoco\/wp-json\/wp\/v2\/users\/15"}],"replies":[{"embeddable":true,"href":"https:\/\/www.em.com.br\/emfoco\/wp-json\/wp\/v2\/comments?post=198332"}],"version-history":[{"count":2,"href":"https:\/\/www.em.com.br\/emfoco\/wp-json\/wp\/v2\/posts\/198332\/revisions"}],"predecessor-version":[{"id":198337,"href":"https:\/\/www.em.com.br\/emfoco\/wp-json\/wp\/v2\/posts\/198332\/revisions\/198337"}],"wp:featuredmedia":[{"embeddable":true,"href":"https:\/\/www.em.com.br\/emfoco\/wp-json\/wp\/v2\/media\/200877"}],"wp:attachment":[{"href":"https:\/\/www.em.com.br\/emfoco\/wp-json\/wp\/v2\/media?parent=198332"}],"wp:term":[{"taxonomy":"category","embeddable":true,"href":"https:\/\/www.em.com.br\/emfoco\/wp-json\/wp\/v2\/categories?post=198332"},{"taxonomy":"post_tag","embeddable":true,"href":"https:\/\/www.em.com.br\/emfoco\/wp-json\/wp\/v2\/tags?post=198332"}],"curies":[{"name":"wp","href":"https:\/\/api.w.org\/{rel}","templated":true}]}}