{"id":198331,"date":"2026-04-27T14:05:00","date_gmt":"2026-04-27T17:05:00","guid":{"rendered":"https:\/\/www.em.com.br\/emfoco\/?p=198331"},"modified":"2026-04-26T06:41:40","modified_gmt":"2026-04-26T09:41:40","slug":"trabalhador-com-carteira-assinada-precisa-se-preparar-ferias-novas-fgts-atualizado-e-regras-extras-chegam-em-2026","status":"publish","type":"post","link":"https:\/\/www.em.com.br\/emfoco\/2026\/04\/27\/trabalhador-com-carteira-assinada-precisa-se-preparar-ferias-novas-fgts-atualizado-e-regras-extras-chegam-em-2026\/","title":{"rendered":"Trabalhador com carteira assinada precisa se preparar: f\u00e9rias novas, FGTS atualizado e regras extras chegam em 2026"},"content":{"rendered":"\n<p>O ano de <strong>2026<\/strong> consolida transforma\u00e7\u00f5es profundas para quem trabalha com <strong>carteira assinada<\/strong> no Brasil. Decis\u00f5es judiciais e novas normas regulamentadoras alteram desde o rendimento do fundo de garantia at\u00e9 o suporte psicol\u00f3gico no ambiente corporativo.<\/p>\n\n\n\n<h2 class=\"wp-block-heading\">Como funciona a nova corre\u00e7\u00e3o do FGTS pelo IPCA?<\/h2>\n\n\n\n<p>Uma das mudan\u00e7as mais aguardadas \u00e9 a nova f\u00f3rmula de rentabilidade do fundo. Ap\u00f3s determina\u00e7\u00e3o do <strong>Supremo Tribunal Federal<\/strong>, os saldos depositados a partir de <strong>2024<\/strong> passam a ter uma corre\u00e7\u00e3o m\u00ednima atrelada \u00e0 infla\u00e7\u00e3o oficial, medida pelo <strong>IPCA<\/strong>.<\/p>\n\n\n\n<p>Anteriormente, o <a href=\"https:\/\/www.em.com.br\/emfoco\/2026\/01\/14\/nova-estrategia-do-nubank-permite-transformar-reserva-em-limite-do-cartao-e-ainda-manter-rendimento\/\" target=\"_blank\" rel=\"noreferrer noopener\">rendimento<\/a> ficava muitas vezes abaixo do aumento dos pre\u00e7os, prejudicando o patrim\u00f4nio do trabalhador. Agora, o <a href=\"https:\/\/www.fgts.gov.br\/\" target=\"_blank\" rel=\"noreferrer noopener\">Fundo de Garantia do Tempo de Servi\u00e7o<\/a> garante a preserva\u00e7\u00e3o do poder de compra, embora os valores acumulados antes de 2024 sigam as regras de transi\u00e7\u00e3o estipuladas pela <strong>Caixa Econ\u00f4mica Federal<\/strong> na cidade ou no campo.<\/p>\n\n\n<div class=\"wp-block-image\">\n<figure class=\"aligncenter size-large\"><img loading=\"lazy\" decoding=\"async\" width=\"1024\" height=\"576\" src=\"https:\/\/www.em.com.br\/emfoco\/wp-content\/uploads\/2026\/04\/FGTS_1777033873454-1024x576.jpg\" alt=\"Aplicativo FGTS - Cr\u00e9ditos: depositphotos.com \/ rafapress\" class=\"wp-image-198364\" srcset=\"https:\/\/www.em.com.br\/emfoco\/wp-content\/uploads\/2026\/04\/FGTS_1777033873454-1024x576.jpg 1024w, https:\/\/www.em.com.br\/emfoco\/wp-content\/uploads\/2026\/04\/FGTS_1777033873454-300x169.jpg 300w, https:\/\/www.em.com.br\/emfoco\/wp-content\/uploads\/2026\/04\/FGTS_1777033873454-768x432.jpg 768w, https:\/\/www.em.com.br\/emfoco\/wp-content\/uploads\/2026\/04\/FGTS_1777033873454-750x422.jpg 750w, https:\/\/www.em.com.br\/emfoco\/wp-content\/uploads\/2026\/04\/FGTS_1777033873454-1140x641.jpg 1140w, https:\/\/www.em.com.br\/emfoco\/wp-content\/uploads\/2026\/04\/FGTS_1777033873454.jpg 1280w\" sizes=\"auto, (max-width: 1024px) 100vw, 1024px\" \/><figcaption class=\"wp-element-caption\">Entenda como o FGTS atualizado e as novas regras de f\u00e9rias funcionam para o trabalhador &#8211; Cr\u00e9ditos: depositphotos.com \/ rafapress<\/figcaption><\/figure><\/div>\n\n\n<h2 class=\"wp-block-heading\">Quais s\u00e3o as novas exig\u00eancias para o fracionamento de f\u00e9rias?<\/h2>\n\n\n\n<p>O parcelamento do descanso anual, embora permitido, ter\u00e1 crit\u00e9rios de validade mais r\u00edgidos em <strong>2026<\/strong>. O objetivo \u00e9 assegurar que o trabalhador tenha per\u00edodos de repouso efetivos, evitando fragmenta\u00e7\u00f5es excessivas que comprometam a recupera\u00e7\u00e3o f\u00edsica e mental do empregado.<\/p>\n\n\n\n<p>Confira as regras obrigat\u00f3rias para o parcelamento:<\/p>\n\n\n\n<ul class=\"wp-block-list\">\n<li><strong>Primeiro per\u00edodo<\/strong>: Deve conter, no m\u00ednimo, <strong>14 dias corridos<\/strong> de descanso.<\/li>\n\n\n\n<li><strong>Per\u00edodos restantes<\/strong>: N\u00e3o podem ser inferiores a <strong>10 dias corridos<\/strong> cada um.<\/li>\n\n\n\n<li><strong>Consensualidade<\/strong>: O fracionamento exige concord\u00e2ncia formal e justificada entre as partes.<\/li>\n<\/ul>\n\n\n\n<h2 class=\"wp-block-heading\">Por que a sa\u00fade mental virou risco ocupacional obrigat\u00f3rio?<\/h2>\n\n\n\n<p>A partir de maio de <strong>2026<\/strong>, a atualiza\u00e7\u00e3o da <strong>NR-1<\/strong> obriga as empresas a gerenciarem riscos psicossociais como o <strong>Burnout<\/strong> e o estresse cr\u00f4nico. Essas condi\u00e7\u00f5es passam a ser tratadas com o mesmo rigor t\u00e9cnico que os riscos f\u00edsicos ou qu\u00edmicos no local de trabalho.<\/p>\n\n\n\n<p>De acordo com o <a href=\"https:\/\/www.gov.br\/trabalho-e-emprego\/pt-br\" target=\"_blank\" rel=\"noreferrer noopener\">Minist\u00e9rio do Trabalho e Emprego<\/a>, as institui\u00e7\u00f5es que ignorarem o bem-estar psicol\u00f3gico de quem tem <strong>carteira assinada<\/strong> estar\u00e3o sujeitas a multas administrativas pesadas. Essa medida cria uma base legal s\u00f3lida para que o trabalhador comprove adoecimento vinculado a metas abusivas ou ass\u00e9dio moral.<\/p>\n\n\n\n<h2 class=\"wp-block-heading\">Qual o impacto do novo sal\u00e1rio m\u00ednimo nos adicionais?<\/h2>\n\n\n\n<p>O sal\u00e1rio m\u00ednimo nacional foi reajustado para <strong>R$ 1.518<\/strong> em <strong>2026<\/strong>, seguindo a pol\u00edtica de valoriza\u00e7\u00e3o real vinculada ao <strong>PIB<\/strong>. Esse aumento gera um efeito cascata imediato em diversos benef\u00edcios e direitos trabalhistas que utilizam o piso nacional como base de c\u00e1lculo oficial.<\/p>\n\n\n\n<p>Abaixo, veja como o reajuste altera os valores recebidos:<\/p>\n\n\n<div class=\"wp-block-image\">\n<figure class=\"aligncenter size-large is-resized\"><img loading=\"lazy\" decoding=\"async\" width=\"1024\" height=\"552\" src=\"https:\/\/www.em.com.br\/emfoco\/wp-content\/uploads\/2026\/04\/image-147-1024x552.png\" alt=\"\" class=\"wp-image-198358\" style=\"width:914px;height:auto\" srcset=\"https:\/\/www.em.com.br\/emfoco\/wp-content\/uploads\/2026\/04\/image-147-1024x552.png 1024w, https:\/\/www.em.com.br\/emfoco\/wp-content\/uploads\/2026\/04\/image-147-300x162.png 300w, https:\/\/www.em.com.br\/emfoco\/wp-content\/uploads\/2026\/04\/image-147-768x414.png 768w, https:\/\/www.em.com.br\/emfoco\/wp-content\/uploads\/2026\/04\/image-147-750x404.png 750w, https:\/\/www.em.com.br\/emfoco\/wp-content\/uploads\/2026\/04\/image-147-1140x615.png 1140w, https:\/\/www.em.com.br\/emfoco\/wp-content\/uploads\/2026\/04\/image-147.png 1280w\" sizes=\"auto, (max-width: 1024px) 100vw, 1024px\" \/><\/figure><\/div>\n\n\n<h2 class=\"wp-block-heading\">O que muda para quem ganha at\u00e9 R$ 5.000 mensais?<\/h2>\n\n\n\n<p>Uma das medidas mais comemoradas para <strong>2026<\/strong> \u00e9 a nova faixa de isen\u00e7\u00e3o do <strong>Imposto de Renda<\/strong>. Trabalhadores com rendimento tribut\u00e1vel de at\u00e9 <strong>R$ 5.000<\/strong> n\u00e3o ter\u00e3o mais o desconto retido na fonte, o que eleva o sal\u00e1rio l\u00edquido dispon\u00edvel no fim do m\u00eas.<\/p>\n\n\n\n<p>Essa mudan\u00e7a beneficia milh\u00f5es de brasileiros com <strong>carteira assinada<\/strong>, corrigindo uma defasagem hist\u00f3rica na tabela progressiva. Al\u00e9m disso, profiss\u00f5es como motoboys e entregadores <strong>CLT<\/strong> agora contam com o adicional de periculosidade de <strong>30%<\/strong>, garantindo uma remunera\u00e7\u00e3o mais justa para fun\u00e7\u00f5es que envolvem riscos di\u00e1rios no tr\u00e2nsito.<\/p>\n","protected":false},"excerpt":{"rendered":"<p>O ano de 2026 consolida transforma\u00e7\u00f5es profundas para quem trabalha com carteira assinada no Brasil. Decis\u00f5es judiciais e novas normas regulamentadoras alteram desde o rendimento do fundo de garantia at\u00e9 o suporte psicol\u00f3gico no ambiente corporativo. Como funciona a nova corre\u00e7\u00e3o do FGTS pelo IPCA? Uma das mudan\u00e7as mais aguardadas \u00e9 a nova f\u00f3rmula de [&hellip;]<\/p>\n","protected":false},"author":30,"featured_media":198370,"comment_status":"open","ping_status":"open","sticky":false,"template":"","format":"standard","meta":{"jnews-multi-image_gallery":[],"jnews_single_post":{"format":"standard"},"jnews_primary_category":[],"jnews_social_meta":[],"jnews_override_counter":[],"footnotes":""},"categories":[28],"tags":[2433,1052,1342,1036],"class_list":["post-198331","post","type-post","status-publish","format-standard","has-post-thumbnail","hentry","category-economia","tag-2433","tag-clt","tag-direitos","tag-fgts"],"yoast_head":"<!-- This site is optimized with the Yoast SEO plugin v23.8 - https:\/\/yoast.com\/wordpress\/plugins\/seo\/ -->\n<title>Trabalhador com carteira assinada precisa se preparar: f\u00e9rias novas, FGTS atualizado e regras extras chegam em 2026 - Estado de Minas - Em foco<\/title>\n<meta name=\"description\" content=\"Entenda o que muda para o trabalhador com carteira assinada em 2026. Veja as novas regras sobre f\u00e9rias, FGTS atualizado e suporte.\" \/>\n<meta name=\"robots\" content=\"index, follow, max-snippet:-1, max-image-preview:large, max-video-preview:-1\" \/>\n<link rel=\"canonical\" href=\"https:\/\/www.em.com.br\/emfoco\/2026\/04\/27\/trabalhador-com-carteira-assinada-precisa-se-preparar-ferias-novas-fgts-atualizado-e-regras-extras-chegam-em-2026\/\" \/>\n<meta property=\"og:locale\" content=\"pt_BR\" \/>\n<meta property=\"og:type\" content=\"article\" \/>\n<meta property=\"og:title\" content=\"Trabalhador com carteira assinada precisa se preparar: f\u00e9rias novas, FGTS atualizado e regras extras chegam em 2026 - Estado de Minas - Em foco\" \/>\n<meta property=\"og:description\" content=\"Entenda o que muda para o trabalhador com carteira assinada em 2026. Veja as novas regras sobre f\u00e9rias, FGTS atualizado e suporte.\" \/>\n<meta property=\"og:url\" content=\"https:\/\/www.em.com.br\/emfoco\/2026\/04\/27\/trabalhador-com-carteira-assinada-precisa-se-preparar-ferias-novas-fgts-atualizado-e-regras-extras-chegam-em-2026\/\" \/>\n<meta property=\"og:site_name\" content=\"Estado de Minas - Em foco\" \/>\n<meta property=\"article:published_time\" content=\"2026-04-27T17:05:00+00:00\" \/>\n<meta property=\"article:modified_time\" content=\"2026-04-26T09:41:40+00:00\" \/>\n<meta property=\"og:image\" content=\"https:\/\/www.em.com.br\/emfoco\/wp-content\/uploads\/2026\/04\/carteira-dinheiro.jpg\" \/>\n\t<meta property=\"og:image:width\" content=\"1280\" \/>\n\t<meta property=\"og:image:height\" content=\"720\" \/>\n\t<meta property=\"og:image:type\" content=\"image\/jpeg\" \/>\n<meta name=\"author\" content=\"Guilherme Ara\u00fajo\" \/>\n<meta name=\"twitter:card\" content=\"summary_large_image\" \/>\n<meta name=\"twitter:label1\" content=\"Escrito por\" \/>\n\t<meta name=\"twitter:data1\" content=\"Guilherme Ara\u00fajo\" \/>\n\t<meta name=\"twitter:label2\" content=\"Est. tempo de leitura\" \/>\n\t<meta name=\"twitter:data2\" content=\"4 minutos\" \/>\n<!-- \/ Yoast SEO plugin. -->","yoast_head_json":{"title":"Trabalhador com carteira assinada precisa se preparar: f\u00e9rias novas, FGTS atualizado e regras extras chegam em 2026 - Estado de Minas - Em foco","description":"Entenda o que muda para o trabalhador com carteira assinada em 2026. Veja as novas regras sobre f\u00e9rias, FGTS atualizado e suporte.","robots":{"index":"index","follow":"follow","max-snippet":"max-snippet:-1","max-image-preview":"max-image-preview:large","max-video-preview":"max-video-preview:-1"},"canonical":"https:\/\/www.em.com.br\/emfoco\/2026\/04\/27\/trabalhador-com-carteira-assinada-precisa-se-preparar-ferias-novas-fgts-atualizado-e-regras-extras-chegam-em-2026\/","og_locale":"pt_BR","og_type":"article","og_title":"Trabalhador com carteira assinada precisa se preparar: f\u00e9rias novas, FGTS atualizado e regras extras chegam em 2026 - Estado de Minas - Em foco","og_description":"Entenda o que muda para o trabalhador com carteira assinada em 2026. Veja as novas regras sobre f\u00e9rias, FGTS atualizado e suporte.","og_url":"https:\/\/www.em.com.br\/emfoco\/2026\/04\/27\/trabalhador-com-carteira-assinada-precisa-se-preparar-ferias-novas-fgts-atualizado-e-regras-extras-chegam-em-2026\/","og_site_name":"Estado de Minas - Em foco","article_published_time":"2026-04-27T17:05:00+00:00","article_modified_time":"2026-04-26T09:41:40+00:00","og_image":[{"width":1280,"height":720,"url":"https:\/\/www.em.com.br\/emfoco\/wp-content\/uploads\/2026\/04\/carteira-dinheiro.jpg","type":"image\/jpeg"}],"author":"Guilherme Ara\u00fajo","twitter_card":"summary_large_image","twitter_misc":{"Escrito por":"Guilherme Ara\u00fajo","Est. tempo de leitura":"4 minutos"},"schema":{"@context":"https:\/\/schema.org","@graph":[{"@type":"WebPage","@id":"https:\/\/www.em.com.br\/emfoco\/2026\/04\/27\/trabalhador-com-carteira-assinada-precisa-se-preparar-ferias-novas-fgts-atualizado-e-regras-extras-chegam-em-2026\/","url":"https:\/\/www.em.com.br\/emfoco\/2026\/04\/27\/trabalhador-com-carteira-assinada-precisa-se-preparar-ferias-novas-fgts-atualizado-e-regras-extras-chegam-em-2026\/","name":"Trabalhador com carteira assinada precisa se preparar: f\u00e9rias novas, FGTS atualizado e regras extras chegam em 2026 - Estado de Minas - Em foco","isPartOf":{"@id":"https:\/\/www.em.com.br\/emfoco\/#website"},"primaryImageOfPage":{"@id":"https:\/\/www.em.com.br\/emfoco\/2026\/04\/27\/trabalhador-com-carteira-assinada-precisa-se-preparar-ferias-novas-fgts-atualizado-e-regras-extras-chegam-em-2026\/#primaryimage"},"image":{"@id":"https:\/\/www.em.com.br\/emfoco\/2026\/04\/27\/trabalhador-com-carteira-assinada-precisa-se-preparar-ferias-novas-fgts-atualizado-e-regras-extras-chegam-em-2026\/#primaryimage"},"thumbnailUrl":"https:\/\/www.em.com.br\/emfoco\/wp-content\/uploads\/2026\/04\/carteira-dinheiro.jpg","datePublished":"2026-04-27T17:05:00+00:00","dateModified":"2026-04-26T09:41:40+00:00","author":{"@id":"https:\/\/www.em.com.br\/emfoco\/#\/schema\/person\/5379e929a4b966c775d121e23f9bb421"},"description":"Entenda o que muda para o trabalhador com carteira assinada em 2026. Veja as novas regras sobre f\u00e9rias, FGTS atualizado e suporte.","breadcrumb":{"@id":"https:\/\/www.em.com.br\/emfoco\/2026\/04\/27\/trabalhador-com-carteira-assinada-precisa-se-preparar-ferias-novas-fgts-atualizado-e-regras-extras-chegam-em-2026\/#breadcrumb"},"inLanguage":"pt-BR","potentialAction":[{"@type":"ReadAction","target":["https:\/\/www.em.com.br\/emfoco\/2026\/04\/27\/trabalhador-com-carteira-assinada-precisa-se-preparar-ferias-novas-fgts-atualizado-e-regras-extras-chegam-em-2026\/"]}]},{"@type":"ImageObject","inLanguage":"pt-BR","@id":"https:\/\/www.em.com.br\/emfoco\/2026\/04\/27\/trabalhador-com-carteira-assinada-precisa-se-preparar-ferias-novas-fgts-atualizado-e-regras-extras-chegam-em-2026\/#primaryimage","url":"https:\/\/www.em.com.br\/emfoco\/wp-content\/uploads\/2026\/04\/carteira-dinheiro.jpg","contentUrl":"https:\/\/www.em.com.br\/emfoco\/wp-content\/uploads\/2026\/04\/carteira-dinheiro.jpg","width":1280,"height":720,"caption":"O impacto das regras trabalhistas de 2026 na rotina de quem tem carteira assinada - Cr\u00e9ditos: depositphotos.com \/ robertohunger"},{"@type":"BreadcrumbList","@id":"https:\/\/www.em.com.br\/emfoco\/2026\/04\/27\/trabalhador-com-carteira-assinada-precisa-se-preparar-ferias-novas-fgts-atualizado-e-regras-extras-chegam-em-2026\/#breadcrumb","itemListElement":[{"@type":"ListItem","position":1,"name":"In\u00edcio","item":"https:\/\/www.em.com.br\/emfoco\/"},{"@type":"ListItem","position":2,"name":"Trabalhador com carteira assinada precisa se preparar: f\u00e9rias novas, FGTS atualizado e regras extras chegam em 2026"}]},{"@type":"WebSite","@id":"https:\/\/www.em.com.br\/emfoco\/#website","url":"https:\/\/www.em.com.br\/emfoco\/","name":"Estado de Minas - Em foco","description":"Acompanhe as \u00faltimas not\u00edcias e fique bem informado sobre tudo o que acontece em Minas Gerais, Brasil e no mundo.","potentialAction":[{"@type":"SearchAction","target":{"@type":"EntryPoint","urlTemplate":"https:\/\/www.em.com.br\/emfoco\/?s={search_term_string}"},"query-input":{"@type":"PropertyValueSpecification","valueRequired":true,"valueName":"search_term_string"}}],"inLanguage":"pt-BR"},{"@type":"Person","@id":"https:\/\/www.em.com.br\/emfoco\/#\/schema\/person\/5379e929a4b966c775d121e23f9bb421","name":"Guilherme Ara\u00fajo","image":{"@type":"ImageObject","inLanguage":"pt-BR","@id":"https:\/\/www.em.com.br\/emfoco\/#\/schema\/person\/image\/","url":"https:\/\/secure.gravatar.com\/avatar\/b8bf1fd0130e170bd8f5d7298dbafa25?s=96&d=mm&r=g","contentUrl":"https:\/\/secure.gravatar.com\/avatar\/b8bf1fd0130e170bd8f5d7298dbafa25?s=96&d=mm&r=g","caption":"Guilherme Ara\u00fajo"},"sameAs":["https:\/\/www.em.com.br\/emfoco"],"url":"https:\/\/www.em.com.br\/emfoco\/author\/guilhermeamyth\/"}]}},"_links":{"self":[{"href":"https:\/\/www.em.com.br\/emfoco\/wp-json\/wp\/v2\/posts\/198331","targetHints":{"allow":["GET"]}}],"collection":[{"href":"https:\/\/www.em.com.br\/emfoco\/wp-json\/wp\/v2\/posts"}],"about":[{"href":"https:\/\/www.em.com.br\/emfoco\/wp-json\/wp\/v2\/types\/post"}],"author":[{"embeddable":true,"href":"https:\/\/www.em.com.br\/emfoco\/wp-json\/wp\/v2\/users\/30"}],"replies":[{"embeddable":true,"href":"https:\/\/www.em.com.br\/emfoco\/wp-json\/wp\/v2\/comments?post=198331"}],"version-history":[{"count":5,"href":"https:\/\/www.em.com.br\/emfoco\/wp-json\/wp\/v2\/posts\/198331\/revisions"}],"predecessor-version":[{"id":198372,"href":"https:\/\/www.em.com.br\/emfoco\/wp-json\/wp\/v2\/posts\/198331\/revisions\/198372"}],"wp:featuredmedia":[{"embeddable":true,"href":"https:\/\/www.em.com.br\/emfoco\/wp-json\/wp\/v2\/media\/198370"}],"wp:attachment":[{"href":"https:\/\/www.em.com.br\/emfoco\/wp-json\/wp\/v2\/media?parent=198331"}],"wp:term":[{"taxonomy":"category","embeddable":true,"href":"https:\/\/www.em.com.br\/emfoco\/wp-json\/wp\/v2\/categories?post=198331"},{"taxonomy":"post_tag","embeddable":true,"href":"https:\/\/www.em.com.br\/emfoco\/wp-json\/wp\/v2\/tags?post=198331"}],"curies":[{"name":"wp","href":"https:\/\/api.w.org\/{rel}","templated":true}]}}