{"id":198329,"date":"2026-04-27T18:45:00","date_gmt":"2026-04-27T21:45:00","guid":{"rendered":"https:\/\/www.em.com.br\/emfoco\/?p=198329"},"modified":"2026-04-26T06:41:37","modified_gmt":"2026-04-26T09:41:37","slug":"donos-de-carros-ja-sentem-no-bolso-as-novas-regras-que-encarecem-seguro-dificultam-revenda-e-aumentam-taxas","status":"publish","type":"post","link":"https:\/\/www.em.com.br\/emfoco\/2026\/04\/27\/donos-de-carros-ja-sentem-no-bolso-as-novas-regras-que-encarecem-seguro-dificultam-revenda-e-aumentam-taxas\/","title":{"rendered":"Donos de carros j\u00e1 sentem no bolso as novas regras que encarecem seguro, dificultam revenda e aumentam taxas"},"content":{"rendered":"\n<p>O custo de manter um ve\u00edculo no <strong>Brasil<\/strong> atingiu um novo patamar em <strong>2026<\/strong>. Fatores como o aumento da sinistralidade no <strong>seguro<\/strong>, a valoriza\u00e7\u00e3o da tabela <strong>FIPE<\/strong> e as taxas de juros elevadas criam um cen\u00e1rio desafiador para o or\u00e7amento das fam\u00edlias.<\/p>\n\n\n\n<h2 class=\"wp-block-heading\">Por que o seguro autom\u00f3vel ficou mais caro recentemente?<\/h2>\n\n\n\n<p>O principal vil\u00e3o do aumento nos pr\u00eamios \u00e9 a chamada fraude industrializada. Segundo dados da <strong>CNseg<\/strong>, os sinistros suspeitos somaram bilh\u00f5es de reais, for\u00e7ando as operadoras a repassarem esses custos para os consumidores honestos como forma de equilibrar as contas.<\/p>\n\n\n\n<p>A <strong><a href=\"https:\/\/www.gov.br\/susep\/pt-br\" target=\"_blank\" rel=\"noreferrer noopener\">Susep<\/a><\/strong> intensificou o uso de intelig\u00eancia artificial para combater golpes que envolvem desde simula\u00e7\u00e3o de roubos at\u00e9 documentos falsificados. Esse monitoramento rigoroso \u00e9 essencial para tentar conter os reajustes de <strong>seguro<\/strong> previstos para os pr\u00f3ximos meses em toda a <strong>cidade<\/strong>, protegendo a sustentabilidade do setor.<\/p>\n\n\n<div class=\"wp-block-image\">\n<figure class=\"aligncenter size-large\"><img loading=\"lazy\" decoding=\"async\" width=\"1024\" height=\"576\" src=\"https:\/\/www.em.com.br\/emfoco\/wp-content\/uploads\/2026\/04\/susep-1-1024x576.jpg\" alt=\"SUSEP combate fraudes utilizando intelig\u00eancia artificial\" class=\"wp-image-198341\" srcset=\"https:\/\/www.em.com.br\/emfoco\/wp-content\/uploads\/2026\/04\/susep-1-1024x576.jpg 1024w, https:\/\/www.em.com.br\/emfoco\/wp-content\/uploads\/2026\/04\/susep-1-300x169.jpg 300w, https:\/\/www.em.com.br\/emfoco\/wp-content\/uploads\/2026\/04\/susep-1-768x432.jpg 768w, https:\/\/www.em.com.br\/emfoco\/wp-content\/uploads\/2026\/04\/susep-1-750x422.jpg 750w, https:\/\/www.em.com.br\/emfoco\/wp-content\/uploads\/2026\/04\/susep-1-1140x641.jpg 1140w, https:\/\/www.em.com.br\/emfoco\/wp-content\/uploads\/2026\/04\/susep-1.jpg 1280w\" sizes=\"auto, (max-width: 1024px) 100vw, 1024px\" \/><figcaption class=\"wp-element-caption\">SUSEP combate fraudes utilizando intelig\u00eancia artificial<\/figcaption><\/figure><\/div>\n\n\n<h2 class=\"wp-block-heading\">Como os juros altos impactam o financiamento de ve\u00edculos?<\/h2>\n\n\n\n<p>As taxas de juros para a <a href=\"https:\/\/www.em.com.br\/emfoco\/2026\/03\/14\/mecanicos-revelam-os-5-carros-que-evitariam-comprar-em-2026-por-causa-de-falhas-recorrentes-e-manutencao-cara\/\" target=\"_blank\" rel=\"noreferrer noopener\">compra de carros<\/a> acompanharam a subida da <strong>Selic<\/strong>, tornando o cr\u00e9dito muito mais seletivo e caro. Dados da <strong>B3<\/strong> indicam uma queda significativa no volume de financiamentos, j\u00e1 que as parcelas mensais pesam mais no fluxo de caixa dos compradores.<\/p>\n\n\n\n<p>Confira os principais impactos financeiros no setor:<\/p>\n\n\n\n<ul class=\"wp-block-list\">\n<li><strong>Queda nas vendas<\/strong>: Recuo de <strong>7,2%<\/strong> nos financiamentos em compara\u00e7\u00e3o ao ano anterior.<\/li>\n\n\n\n<li><strong>Custo adicional<\/strong>: Acr\u00e9scimo de at\u00e9 <strong>0,5 ponto percentual<\/strong> ao m\u00eas nos novos contratos.<\/li>\n\n\n\n<li><strong>Seletividade<\/strong>: Apenas <strong>30%<\/strong> das vendas de usados t\u00eam sido financiadas devido ao risco de inadimpl\u00eancia.<\/li>\n<\/ul>\n\n\n\n<h2 class=\"wp-block-heading\">O que mudou no c\u00e1lculo do IPVA para 2026?<\/h2>\n\n\n\n<p>Embora as al\u00edquotas estaduais tenham permanecido est\u00e1veis na maioria das regi\u00f5es, o valor venal dos carros subiu. Esse fen\u00f4meno ocorre porque a tabela <strong>FIPE<\/strong> registrou valoriza\u00e7\u00e3o em modelos espec\u00edficos, como picapes e SUVs, elevando o valor final do imposto a ser pago.<\/p>\n\n\n\n<p>No <strong>Distrito Federal<\/strong>, por exemplo, o reajuste m\u00e9dio foi de <strong>1,72%<\/strong>. \u00c9 importante verificar as isen\u00e7\u00f5es dispon\u00edveis para pessoas com defici\u00eancia ou ve\u00edculos com mais tempo de fabrica\u00e7\u00e3o, conforme as regras da <a href=\"https:\/\/www.gov.br\/fazenda\/pt-br\" target=\"_blank\" rel=\"noreferrer noopener\">Secretaria da Fazenda<\/a> de cada estado, para tentar reduzir esse encargo anual obrigat\u00f3rio.<\/p>\n\n\n<div class=\"wp-block-image\">\n<figure class=\"aligncenter size-large\"><img loading=\"lazy\" decoding=\"async\" width=\"1024\" height=\"576\" src=\"https:\/\/www.em.com.br\/emfoco\/wp-content\/uploads\/2026\/04\/compra-de-carro-1-1024x576.jpg\" alt=\"As novas normas que dificultam a venda do seu seminovo em 2026\" class=\"wp-image-198343\" srcset=\"https:\/\/www.em.com.br\/emfoco\/wp-content\/uploads\/2026\/04\/compra-de-carro-1-1024x576.jpg 1024w, https:\/\/www.em.com.br\/emfoco\/wp-content\/uploads\/2026\/04\/compra-de-carro-1-300x169.jpg 300w, https:\/\/www.em.com.br\/emfoco\/wp-content\/uploads\/2026\/04\/compra-de-carro-1-768x432.jpg 768w, https:\/\/www.em.com.br\/emfoco\/wp-content\/uploads\/2026\/04\/compra-de-carro-1-750x422.jpg 750w, https:\/\/www.em.com.br\/emfoco\/wp-content\/uploads\/2026\/04\/compra-de-carro-1-1140x641.jpg 1140w, https:\/\/www.em.com.br\/emfoco\/wp-content\/uploads\/2026\/04\/compra-de-carro-1.jpg 1280w\" sizes=\"auto, (max-width: 1024px) 100vw, 1024px\" \/><figcaption class=\"wp-element-caption\">As novas normas que dificultam a venda do seu seminovo em 2026<\/figcaption><\/figure><\/div>\n\n\n<h2 class=\"wp-block-heading\">Por que a revenda de usados est\u00e1 mais dif\u00edcil?<\/h2>\n\n\n\n<p>A combina\u00e7\u00e3o de manuten\u00e7\u00e3o cara e cr\u00e9dito restrito diminuiu o poder de barganha de quem deseja vender seu seminovo. Com os bancos mais criteriosos, encontrar um comprador que consiga aprova\u00e7\u00e3o de financiamento tornou-se um processo mais lento e complexo em <strong>2026<\/strong>.<\/p>\n\n\n\n<p>Abaixo, comparamos os custos que influenciam a decis\u00e3o de compra:<\/p>\n\n\n<div class=\"wp-block-image\">\n<figure class=\"aligncenter size-large is-resized\"><img loading=\"lazy\" decoding=\"async\" width=\"1024\" height=\"552\" src=\"https:\/\/www.em.com.br\/emfoco\/wp-content\/uploads\/2026\/04\/image-145-1024x552.png\" alt=\"\" class=\"wp-image-198354\" style=\"width:887px;height:auto\" srcset=\"https:\/\/www.em.com.br\/emfoco\/wp-content\/uploads\/2026\/04\/image-145-1024x552.png 1024w, https:\/\/www.em.com.br\/emfoco\/wp-content\/uploads\/2026\/04\/image-145-300x162.png 300w, https:\/\/www.em.com.br\/emfoco\/wp-content\/uploads\/2026\/04\/image-145-768x414.png 768w, https:\/\/www.em.com.br\/emfoco\/wp-content\/uploads\/2026\/04\/image-145-750x404.png 750w, https:\/\/www.em.com.br\/emfoco\/wp-content\/uploads\/2026\/04\/image-145-1140x615.png 1140w, https:\/\/www.em.com.br\/emfoco\/wp-content\/uploads\/2026\/04\/image-145.png 1280w\" sizes=\"auto, (max-width: 1024px) 100vw, 1024px\" \/><\/figure><\/div>\n\n\n<h2 class=\"wp-block-heading\">Como o motorista pode reduzir os gastos com o carro?<\/h2>\n\n\n\n<p>Para conter a escalada de pre\u00e7os, a recomenda\u00e7\u00e3o \u00e9 realizar cota\u00e7\u00f5es em m\u00faltiplas seguradoras antes de renovar sua ap\u00f3lice. A varia\u00e7\u00e3o de valores para o mesmo <strong>seguro<\/strong> pode ultrapassar <strong>40%<\/strong>, dependendo do perfil do condutor e da \u00e1rea de circula\u00e7\u00e3o do ve\u00edculo.<\/p>\n\n\n\n<p>Manter a manuten\u00e7\u00e3o preventiva em dia tamb\u00e9m \u00e9 uma estrat\u00e9gia de economia, pois evita reparos emergenciais caros e negativas de indeniza\u00e7\u00e3o por parte das empresas. Segundo informa\u00e7\u00f5es do <a href=\"https:\/\/vrum.com.br\/\" target=\"_blank\" rel=\"noreferrer noopener\">Vrum<\/a>, um carro bem cuidado mant\u00e9m melhor o seu valor de mercado, facilitando uma futura negocia\u00e7\u00e3o mesmo em tempos de cr\u00e9dito escasso e economia inst\u00e1vel.<\/p>\n","protected":false},"excerpt":{"rendered":"<p>O custo de manter um ve\u00edculo no Brasil atingiu um novo patamar em 2026. Fatores como o aumento da sinistralidade no seguro, a valoriza\u00e7\u00e3o da tabela FIPE e as taxas de juros elevadas criam um cen\u00e1rio desafiador para o or\u00e7amento das fam\u00edlias. Por que o seguro autom\u00f3vel ficou mais caro recentemente? O principal vil\u00e3o do [&hellip;]<\/p>\n","protected":false},"author":30,"featured_media":199969,"comment_status":"open","ping_status":"open","sticky":false,"template":"","format":"standard","meta":{"jnews-multi-image_gallery":[],"jnews_single_post":{"format":"standard"},"jnews_primary_category":[],"jnews_social_meta":[],"jnews_override_counter":[],"footnotes":""},"categories":[28],"tags":[1745,160,762,1932],"class_list":["post-198329","post","type-post","status-publish","format-standard","has-post-thumbnail","hentry","category-economia","tag-automoveis","tag-economia","tag-ipva","tag-seguro"],"yoast_head":"<!-- This site is optimized with the Yoast SEO plugin v23.8 - https:\/\/yoast.com\/wordpress\/plugins\/seo\/ -->\n<title>Donos de carros j\u00e1 sentem no bolso as novas regras que encarecem seguro, dificultam revenda e aumentam taxas - Estado de Minas - Em foco<\/title>\n<meta name=\"description\" content=\"Entenda as novas regras que encarecem o seguro, dificultam a revenda e aumentam taxas para donos de carros. Veja o impacto no bolso em 2026.\" \/>\n<meta name=\"robots\" content=\"index, follow, max-snippet:-1, max-image-preview:large, max-video-preview:-1\" \/>\n<link rel=\"canonical\" href=\"https:\/\/www.em.com.br\/emfoco\/2026\/04\/27\/donos-de-carros-ja-sentem-no-bolso-as-novas-regras-que-encarecem-seguro-dificultam-revenda-e-aumentam-taxas\/\" \/>\n<meta property=\"og:locale\" content=\"pt_BR\" \/>\n<meta property=\"og:type\" content=\"article\" \/>\n<meta property=\"og:title\" content=\"Donos de carros j\u00e1 sentem no bolso as novas regras que encarecem seguro, dificultam revenda e aumentam taxas - Estado de Minas - Em foco\" \/>\n<meta property=\"og:description\" content=\"Entenda as novas regras que encarecem o seguro, dificultam a revenda e aumentam taxas para donos de carros. Veja o impacto no bolso em 2026.\" \/>\n<meta property=\"og:url\" content=\"https:\/\/www.em.com.br\/emfoco\/2026\/04\/27\/donos-de-carros-ja-sentem-no-bolso-as-novas-regras-que-encarecem-seguro-dificultam-revenda-e-aumentam-taxas\/\" \/>\n<meta property=\"og:site_name\" content=\"Estado de Minas - Em foco\" \/>\n<meta property=\"article:published_time\" content=\"2026-04-27T21:45:00+00:00\" \/>\n<meta property=\"article:modified_time\" content=\"2026-04-26T09:41:37+00:00\" \/>\n<meta property=\"og:image\" content=\"https:\/\/www.em.com.br\/emfoco\/wp-content\/uploads\/2026\/04\/MOTORISTA093.jpg\" \/>\n\t<meta property=\"og:image:width\" content=\"1280\" \/>\n\t<meta property=\"og:image:height\" content=\"720\" \/>\n\t<meta property=\"og:image:type\" content=\"image\/jpeg\" \/>\n<meta name=\"author\" content=\"Guilherme Ara\u00fajo\" \/>\n<meta name=\"twitter:card\" content=\"summary_large_image\" \/>\n<meta name=\"twitter:label1\" content=\"Escrito por\" \/>\n\t<meta name=\"twitter:data1\" content=\"Guilherme Ara\u00fajo\" \/>\n\t<meta name=\"twitter:label2\" content=\"Est. tempo de leitura\" \/>\n\t<meta name=\"twitter:data2\" content=\"4 minutos\" \/>\n<!-- \/ Yoast SEO plugin. -->","yoast_head_json":{"title":"Donos de carros j\u00e1 sentem no bolso as novas regras que encarecem seguro, dificultam revenda e aumentam taxas - Estado de Minas - Em foco","description":"Entenda as novas regras que encarecem o seguro, dificultam a revenda e aumentam taxas para donos de carros. Veja o impacto no bolso em 2026.","robots":{"index":"index","follow":"follow","max-snippet":"max-snippet:-1","max-image-preview":"max-image-preview:large","max-video-preview":"max-video-preview:-1"},"canonical":"https:\/\/www.em.com.br\/emfoco\/2026\/04\/27\/donos-de-carros-ja-sentem-no-bolso-as-novas-regras-que-encarecem-seguro-dificultam-revenda-e-aumentam-taxas\/","og_locale":"pt_BR","og_type":"article","og_title":"Donos de carros j\u00e1 sentem no bolso as novas regras que encarecem seguro, dificultam revenda e aumentam taxas - Estado de Minas - Em foco","og_description":"Entenda as novas regras que encarecem o seguro, dificultam a revenda e aumentam taxas para donos de carros. Veja o impacto no bolso em 2026.","og_url":"https:\/\/www.em.com.br\/emfoco\/2026\/04\/27\/donos-de-carros-ja-sentem-no-bolso-as-novas-regras-que-encarecem-seguro-dificultam-revenda-e-aumentam-taxas\/","og_site_name":"Estado de Minas - Em foco","article_published_time":"2026-04-27T21:45:00+00:00","article_modified_time":"2026-04-26T09:41:37+00:00","og_image":[{"width":1280,"height":720,"url":"https:\/\/www.em.com.br\/emfoco\/wp-content\/uploads\/2026\/04\/MOTORISTA093.jpg","type":"image\/jpeg"}],"author":"Guilherme Ara\u00fajo","twitter_card":"summary_large_image","twitter_misc":{"Escrito por":"Guilherme Ara\u00fajo","Est. tempo de leitura":"4 minutos"},"schema":{"@context":"https:\/\/schema.org","@graph":[{"@type":"WebPage","@id":"https:\/\/www.em.com.br\/emfoco\/2026\/04\/27\/donos-de-carros-ja-sentem-no-bolso-as-novas-regras-que-encarecem-seguro-dificultam-revenda-e-aumentam-taxas\/","url":"https:\/\/www.em.com.br\/emfoco\/2026\/04\/27\/donos-de-carros-ja-sentem-no-bolso-as-novas-regras-que-encarecem-seguro-dificultam-revenda-e-aumentam-taxas\/","name":"Donos de carros j\u00e1 sentem no bolso as novas regras que encarecem seguro, dificultam revenda e aumentam taxas - Estado de Minas - Em foco","isPartOf":{"@id":"https:\/\/www.em.com.br\/emfoco\/#website"},"primaryImageOfPage":{"@id":"https:\/\/www.em.com.br\/emfoco\/2026\/04\/27\/donos-de-carros-ja-sentem-no-bolso-as-novas-regras-que-encarecem-seguro-dificultam-revenda-e-aumentam-taxas\/#primaryimage"},"image":{"@id":"https:\/\/www.em.com.br\/emfoco\/2026\/04\/27\/donos-de-carros-ja-sentem-no-bolso-as-novas-regras-que-encarecem-seguro-dificultam-revenda-e-aumentam-taxas\/#primaryimage"},"thumbnailUrl":"https:\/\/www.em.com.br\/emfoco\/wp-content\/uploads\/2026\/04\/MOTORISTA093.jpg","datePublished":"2026-04-27T21:45:00+00:00","dateModified":"2026-04-26T09:41:37+00:00","author":{"@id":"https:\/\/www.em.com.br\/emfoco\/#\/schema\/person\/5379e929a4b966c775d121e23f9bb421"},"description":"Entenda as novas regras que encarecem o seguro, dificultam a revenda e aumentam taxas para donos de carros. Veja o impacto no bolso em 2026.","breadcrumb":{"@id":"https:\/\/www.em.com.br\/emfoco\/2026\/04\/27\/donos-de-carros-ja-sentem-no-bolso-as-novas-regras-que-encarecem-seguro-dificultam-revenda-e-aumentam-taxas\/#breadcrumb"},"inLanguage":"pt-BR","potentialAction":[{"@type":"ReadAction","target":["https:\/\/www.em.com.br\/emfoco\/2026\/04\/27\/donos-de-carros-ja-sentem-no-bolso-as-novas-regras-que-encarecem-seguro-dificultam-revenda-e-aumentam-taxas\/"]}]},{"@type":"ImageObject","inLanguage":"pt-BR","@id":"https:\/\/www.em.com.br\/emfoco\/2026\/04\/27\/donos-de-carros-ja-sentem-no-bolso-as-novas-regras-que-encarecem-seguro-dificultam-revenda-e-aumentam-taxas\/#primaryimage","url":"https:\/\/www.em.com.br\/emfoco\/wp-content\/uploads\/2026\/04\/MOTORISTA093.jpg","contentUrl":"https:\/\/www.em.com.br\/emfoco\/wp-content\/uploads\/2026\/04\/MOTORISTA093.jpg","width":1280,"height":720,"caption":"Novas diretrizes do setor automotivo come\u00e7am a impactar propriet\u00e1rios de todo o pa\u00eds"},{"@type":"BreadcrumbList","@id":"https:\/\/www.em.com.br\/emfoco\/2026\/04\/27\/donos-de-carros-ja-sentem-no-bolso-as-novas-regras-que-encarecem-seguro-dificultam-revenda-e-aumentam-taxas\/#breadcrumb","itemListElement":[{"@type":"ListItem","position":1,"name":"In\u00edcio","item":"https:\/\/www.em.com.br\/emfoco\/"},{"@type":"ListItem","position":2,"name":"Donos de carros j\u00e1 sentem no bolso as novas regras que encarecem seguro, dificultam revenda e aumentam taxas"}]},{"@type":"WebSite","@id":"https:\/\/www.em.com.br\/emfoco\/#website","url":"https:\/\/www.em.com.br\/emfoco\/","name":"Estado de Minas - Em foco","description":"Acompanhe as \u00faltimas not\u00edcias e fique bem informado sobre tudo o que acontece em Minas Gerais, Brasil e no mundo.","potentialAction":[{"@type":"SearchAction","target":{"@type":"EntryPoint","urlTemplate":"https:\/\/www.em.com.br\/emfoco\/?s={search_term_string}"},"query-input":{"@type":"PropertyValueSpecification","valueRequired":true,"valueName":"search_term_string"}}],"inLanguage":"pt-BR"},{"@type":"Person","@id":"https:\/\/www.em.com.br\/emfoco\/#\/schema\/person\/5379e929a4b966c775d121e23f9bb421","name":"Guilherme Ara\u00fajo","image":{"@type":"ImageObject","inLanguage":"pt-BR","@id":"https:\/\/www.em.com.br\/emfoco\/#\/schema\/person\/image\/","url":"https:\/\/secure.gravatar.com\/avatar\/b8bf1fd0130e170bd8f5d7298dbafa25?s=96&d=mm&r=g","contentUrl":"https:\/\/secure.gravatar.com\/avatar\/b8bf1fd0130e170bd8f5d7298dbafa25?s=96&d=mm&r=g","caption":"Guilherme Ara\u00fajo"},"sameAs":["https:\/\/www.em.com.br\/emfoco"],"url":"https:\/\/www.em.com.br\/emfoco\/author\/guilhermeamyth\/"}]}},"_links":{"self":[{"href":"https:\/\/www.em.com.br\/emfoco\/wp-json\/wp\/v2\/posts\/198329","targetHints":{"allow":["GET"]}}],"collection":[{"href":"https:\/\/www.em.com.br\/emfoco\/wp-json\/wp\/v2\/posts"}],"about":[{"href":"https:\/\/www.em.com.br\/emfoco\/wp-json\/wp\/v2\/types\/post"}],"author":[{"embeddable":true,"href":"https:\/\/www.em.com.br\/emfoco\/wp-json\/wp\/v2\/users\/30"}],"replies":[{"embeddable":true,"href":"https:\/\/www.em.com.br\/emfoco\/wp-json\/wp\/v2\/comments?post=198329"}],"version-history":[{"count":4,"href":"https:\/\/www.em.com.br\/emfoco\/wp-json\/wp\/v2\/posts\/198329\/revisions"}],"predecessor-version":[{"id":198356,"href":"https:\/\/www.em.com.br\/emfoco\/wp-json\/wp\/v2\/posts\/198329\/revisions\/198356"}],"wp:featuredmedia":[{"embeddable":true,"href":"https:\/\/www.em.com.br\/emfoco\/wp-json\/wp\/v2\/media\/199969"}],"wp:attachment":[{"href":"https:\/\/www.em.com.br\/emfoco\/wp-json\/wp\/v2\/media?parent=198329"}],"wp:term":[{"taxonomy":"category","embeddable":true,"href":"https:\/\/www.em.com.br\/emfoco\/wp-json\/wp\/v2\/categories?post=198329"},{"taxonomy":"post_tag","embeddable":true,"href":"https:\/\/www.em.com.br\/emfoco\/wp-json\/wp\/v2\/tags?post=198329"}],"curies":[{"name":"wp","href":"https:\/\/api.w.org\/{rel}","templated":true}]}}