{"id":198324,"date":"2026-04-27T20:25:00","date_gmt":"2026-04-27T23:25:00","guid":{"rendered":"https:\/\/www.em.com.br\/emfoco\/?p=198324"},"modified":"2026-04-26T06:41:36","modified_gmt":"2026-04-26T09:41:36","slug":"pequenos-empresarios-ja-sentem-no-bolso-as-novas-regras-que-aumentam-tributos-limitam-credito-e-travam-expansao","status":"publish","type":"post","link":"https:\/\/www.em.com.br\/emfoco\/2026\/04\/27\/pequenos-empresarios-ja-sentem-no-bolso-as-novas-regras-que-aumentam-tributos-limitam-credito-e-travam-expansao\/","title":{"rendered":"Pequenos empres\u00e1rios j\u00e1 sentem no bolso as novas regras que aumentam tributos, limitam cr\u00e9dito e travam expans\u00e3o"},"content":{"rendered":"\n<p>O cen\u00e1rio econ\u00f4mico de <strong>2026<\/strong> apresenta desafios sem precedentes para os <strong>pequenos empres\u00e1rios<\/strong> brasileiros. A implementa\u00e7\u00e3o gradual da <strong>Reforma Tribut\u00e1ria<\/strong> e a manuten\u00e7\u00e3o de juros elevados criam uma press\u00e3o financeira que exige planejamento estrat\u00e9gico imediato.<\/p>\n\n\n\n<h2 class=\"wp-block-heading\">Como a Reforma Tribut\u00e1ria afeta o Simples Nacional?<\/h2>\n\n\n\n<p>Embora o <strong>Simples Nacional<\/strong> n\u00e3o sofra altera\u00e7\u00f5es diretas nas al\u00edquotas neste ano, os efeitos colaterais da <strong>Lei Complementar n\u00ba 214\/2025<\/strong> j\u00e1 s\u00e3o vis\u00edveis. A cria\u00e7\u00e3o de um regime h\u00edbrido obriga o empreendedor a escolher entre permanecer no modelo tradicional ou recolher impostos por fora para gerar cr\u00e9ditos aos clientes.<\/p>\n\n\n\n<p>Essa mudan\u00e7a impacta diretamente a competitividade nas vendas entre empresas. De acordo com diretrizes do <a href=\"https:\/\/www.gov.br\/empreendedorismo\/pt-br\" target=\"_blank\" rel=\"noreferrer noopener\">Minist\u00e9rio do Empreendedorismo<\/a>, quem n\u00e3o se adaptar ao novo fluxo de cr\u00e9ditos fiscais pode perder espa\u00e7o para concorrentes de maior porte, especialmente nos setores de servi\u00e7os e atacado na cidade.<\/p>\n\n\n<div class=\"wp-block-image\">\n<figure class=\"aligncenter size-large\"><img loading=\"lazy\" decoding=\"async\" width=\"1024\" height=\"576\" src=\"https:\/\/www.em.com.br\/emfoco\/wp-content\/uploads\/2026\/04\/app-1024x576.jpg\" alt=\"O &quot;combo&quot; de juros altos e cr\u00e9dito limitado que amea\u00e7a a expans\u00e3o em 2026\" class=\"wp-image-198344\" srcset=\"https:\/\/www.em.com.br\/emfoco\/wp-content\/uploads\/2026\/04\/app-1024x576.jpg 1024w, https:\/\/www.em.com.br\/emfoco\/wp-content\/uploads\/2026\/04\/app-300x169.jpg 300w, https:\/\/www.em.com.br\/emfoco\/wp-content\/uploads\/2026\/04\/app-768x432.jpg 768w, https:\/\/www.em.com.br\/emfoco\/wp-content\/uploads\/2026\/04\/app-750x422.jpg 750w, https:\/\/www.em.com.br\/emfoco\/wp-content\/uploads\/2026\/04\/app-1140x641.jpg 1140w, https:\/\/www.em.com.br\/emfoco\/wp-content\/uploads\/2026\/04\/app.jpg 1280w\" sizes=\"auto, (max-width: 1024px) 100vw, 1024px\" \/><figcaption class=\"wp-element-caption\">O &#8220;combo&#8221; de juros altos e cr\u00e9dito limitado que amea\u00e7a a expans\u00e3o em 2026 &#8211; Cr\u00e9ditos: depositphotos.com \/ rafapress<\/figcaption><\/figure><\/div>\n\n\n<h2 class=\"wp-block-heading\">Quais s\u00e3o os riscos para o setor de servi\u00e7os e com\u00e9rcio?<\/h2>\n\n\n\n<p>O setor de servi\u00e7os enfrenta uma das maiores press\u00f5es, pois seus custos principais, como a folha de pagamento, n\u00e3o geram cr\u00e9ditos tribut\u00e1rios no novo sistema. Especialistas apontam que a <a href=\"https:\/\/www.em.com.br\/emfoco\/2026\/04\/12\/um-idoso-empresario-de-71-anos-fez-um-pix-de-r-500-e-foi-condenado-a-14-anos-de-prisao\/\" target=\"_blank\" rel=\"noreferrer noopener\">carga tribut\u00e1ria l\u00edquida<\/a> pode subir de forma expressiva, reduzindo as margens de lucro j\u00e1 apertadas.<\/p>\n\n\n\n<p>Confira os principais pontos de alerta para o varejo e servi\u00e7os:<\/p>\n\n\n\n<ul class=\"wp-block-list\">\n<li><strong>Al\u00edquota do IVA<\/strong>: Proje\u00e7\u00f5es indicam que o imposto dual pode chegar a <strong>28,5%<\/strong>.<\/li>\n\n\n\n<li><strong>Perda de Cr\u00e9dito<\/strong>: Compradores empresariais passar\u00e3o a preferir fornecedores que geram cr\u00e9dito pleno.<\/li>\n\n\n\n<li><strong>Transi\u00e7\u00e3o Progressiva<\/strong>: A coexist\u00eancia de tributos antigos e novos entre <strong>2026<\/strong> e <strong>2032<\/strong> aumenta a burocracia.<\/li>\n<\/ul>\n\n\n\n<h2 class=\"wp-block-heading\">Onde encontrar linhas de cr\u00e9dito acess\u00edveis em 2026?<\/h2>\n\n\n\n<p>Com a taxa <strong>Selic<\/strong> em patamares elevados, o acesso ao capital de giro no mercado livre tornou-se proibitivo para muitos. No entanto, o governo federal e institui\u00e7\u00f5es parceiras lan\u00e7aram programas espec\u00edficos para tentar mitigar o travamento da expans\u00e3o produtiva no pa\u00eds.<\/p>\n\n\n\n<p>Abaixo, detalhamos as op\u00e7\u00f5es de financiamento vigentes:<\/p>\n\n\n<div class=\"wp-block-image\">\n<figure class=\"aligncenter size-large is-resized\"><img loading=\"lazy\" decoding=\"async\" width=\"1024\" height=\"552\" src=\"https:\/\/www.em.com.br\/emfoco\/wp-content\/uploads\/2026\/04\/image-144-1024x552.png\" alt=\"\" class=\"wp-image-198347\" style=\"width:738px;height:auto\" srcset=\"https:\/\/www.em.com.br\/emfoco\/wp-content\/uploads\/2026\/04\/image-144-1024x552.png 1024w, https:\/\/www.em.com.br\/emfoco\/wp-content\/uploads\/2026\/04\/image-144-300x162.png 300w, https:\/\/www.em.com.br\/emfoco\/wp-content\/uploads\/2026\/04\/image-144-768x414.png 768w, https:\/\/www.em.com.br\/emfoco\/wp-content\/uploads\/2026\/04\/image-144-750x404.png 750w, https:\/\/www.em.com.br\/emfoco\/wp-content\/uploads\/2026\/04\/image-144-1140x615.png 1140w, https:\/\/www.em.com.br\/emfoco\/wp-content\/uploads\/2026\/04\/image-144.png 1280w\" sizes=\"auto, (max-width: 1024px) 100vw, 1024px\" \/><\/figure><\/div>\n\n\n<h2 class=\"wp-block-heading\">Por que o limite do MEI preocupa os empreendedores?<\/h2>\n\n\n\n<p>Um dos grandes gargalos para os <strong>pequenos empres\u00e1rios<\/strong> \u00e9 o congelamento do teto de faturamento do <strong>MEI<\/strong> em <strong>R$ 81 mil<\/strong> anuais. Sem corre\u00e7\u00e3o pela infla\u00e7\u00e3o ou pelos novos par\u00e2metros da reforma, muitos profissionais correm o risco de desenquadramento compuls\u00f3rio ao expandirem minimamente seus neg\u00f3cios.<\/p>\n\n\n\n<p>Essa migra\u00e7\u00e3o for\u00e7ada para o regime de Microempresa (<strong>ME<\/strong>) eleva custos operacionais e tribut\u00e1rios de forma s\u00fabita. Segundo orienta\u00e7\u00f5es do <a href=\"https:\/\/www.sebrae.com.br\/sites\/PortalSebrae\" target=\"_blank\" rel=\"noreferrer noopener\">Sebrae<\/a>, \u00e9 fundamental que o empreendedor monitore seu faturamento mensal para planejar a transi\u00e7\u00e3o de categoria sem comprometer o fluxo de caixa ou a sobreviv\u00eancia da opera\u00e7\u00e3o.<\/p>\n\n\n\n<h2 class=\"wp-block-heading\">Como se preparar para as mudan\u00e7as obrigat\u00f3rias de 2027?<\/h2>\n\n\n\n<p>Embora a obrigatoriedade de destacar o <strong>IBS<\/strong> e a <strong>CBS<\/strong> nas notas fiscais comece apenas em <strong>2027<\/strong>, a adapta\u00e7\u00e3o de sistemas deve ocorrer ainda este ano. O investimento em tecnologia e consultoria cont\u00e1bil \u00e9 essencial para garantir que a empresa esteja pronta para operar no modelo de cr\u00e9dito e d\u00e9bito sem erros.<\/p>\n\n\n\n<p>Acompanhar o calend\u00e1rio oficial de transi\u00e7\u00e3o e revisar as tabelas de pre\u00e7os s\u00e3o medidas urgentes para proteger as margens. O sucesso do pequeno neg\u00f3cio em tempos de reforma depender\u00e1 da capacidade de gest\u00e3o e da agilidade em utilizar as ferramentas de cr\u00e9dito dispon\u00edveis para atravessar o per\u00edodo de ajuste fiscal nacional.<\/p>\n","protected":false},"excerpt":{"rendered":"<p>O cen\u00e1rio econ\u00f4mico de 2026 apresenta desafios sem precedentes para os pequenos empres\u00e1rios brasileiros. A implementa\u00e7\u00e3o gradual da Reforma Tribut\u00e1ria e a manuten\u00e7\u00e3o de juros elevados criam uma press\u00e3o financeira que exige planejamento estrat\u00e9gico imediato. Como a Reforma Tribut\u00e1ria afeta o Simples Nacional? Embora o Simples Nacional n\u00e3o sofra altera\u00e7\u00f5es diretas nas al\u00edquotas neste ano, [&hellip;]<\/p>\n","protected":false},"author":30,"featured_media":198339,"comment_status":"open","ping_status":"open","sticky":false,"template":"","format":"standard","meta":{"jnews-multi-image_gallery":[],"jnews_single_post":{"format":"standard"},"jnews_primary_category":[],"jnews_social_meta":[],"jnews_override_counter":[],"footnotes":""},"categories":[28],"tags":[862,160,1418,5852],"class_list":["post-198324","post","type-post","status-publish","format-standard","has-post-thumbnail","hentry","category-economia","tag-credito","tag-economia","tag-empresas","tag-tributos"],"yoast_head":"<!-- This site is optimized with the Yoast SEO plugin v23.8 - https:\/\/yoast.com\/wordpress\/plugins\/seo\/ -->\n<title>Pequenos empres\u00e1rios j\u00e1 sentem no bolso as novas regras que aumentam tributos, limitam cr\u00e9dito e travam expans\u00e3o - Estado de Minas - Em foco<\/title>\n<meta name=\"description\" content=\"Entenda como as novas regras aumentam tributos, limitam cr\u00e9dito e travam a expans\u00e3o dos pequenos empres\u00e1rios. Veja o cen\u00e1rio econ\u00f4mico.\" \/>\n<meta name=\"robots\" content=\"index, follow, max-snippet:-1, max-image-preview:large, max-video-preview:-1\" \/>\n<link rel=\"canonical\" href=\"https:\/\/www.em.com.br\/emfoco\/2026\/04\/27\/pequenos-empresarios-ja-sentem-no-bolso-as-novas-regras-que-aumentam-tributos-limitam-credito-e-travam-expansao\/\" \/>\n<meta property=\"og:locale\" content=\"pt_BR\" \/>\n<meta property=\"og:type\" content=\"article\" \/>\n<meta property=\"og:title\" content=\"Pequenos empres\u00e1rios j\u00e1 sentem no bolso as novas regras que aumentam tributos, limitam cr\u00e9dito e travam expans\u00e3o - Estado de Minas - Em foco\" \/>\n<meta property=\"og:description\" content=\"Entenda como as novas regras aumentam tributos, limitam cr\u00e9dito e travam a expans\u00e3o dos pequenos empres\u00e1rios. Veja o cen\u00e1rio econ\u00f4mico.\" \/>\n<meta property=\"og:url\" content=\"https:\/\/www.em.com.br\/emfoco\/2026\/04\/27\/pequenos-empresarios-ja-sentem-no-bolso-as-novas-regras-que-aumentam-tributos-limitam-credito-e-travam-expansao\/\" \/>\n<meta property=\"og:site_name\" content=\"Estado de Minas - Em foco\" \/>\n<meta property=\"article:published_time\" content=\"2026-04-27T23:25:00+00:00\" \/>\n<meta property=\"article:modified_time\" content=\"2026-04-26T09:41:36+00:00\" \/>\n<meta property=\"og:image\" content=\"https:\/\/www.em.com.br\/emfoco\/wp-content\/uploads\/2026\/04\/homem-carteira-vazia.jpg\" \/>\n\t<meta property=\"og:image:width\" content=\"1280\" \/>\n\t<meta property=\"og:image:height\" content=\"720\" \/>\n\t<meta property=\"og:image:type\" content=\"image\/jpeg\" \/>\n<meta name=\"author\" content=\"Guilherme Ara\u00fajo\" \/>\n<meta name=\"twitter:card\" content=\"summary_large_image\" \/>\n<meta name=\"twitter:label1\" content=\"Escrito por\" \/>\n\t<meta name=\"twitter:data1\" content=\"Guilherme Ara\u00fajo\" \/>\n\t<meta name=\"twitter:label2\" content=\"Est. tempo de leitura\" \/>\n\t<meta name=\"twitter:data2\" content=\"4 minutos\" \/>\n<!-- \/ Yoast SEO plugin. -->","yoast_head_json":{"title":"Pequenos empres\u00e1rios j\u00e1 sentem no bolso as novas regras que aumentam tributos, limitam cr\u00e9dito e travam expans\u00e3o - Estado de Minas - Em foco","description":"Entenda como as novas regras aumentam tributos, limitam cr\u00e9dito e travam a expans\u00e3o dos pequenos empres\u00e1rios. Veja o cen\u00e1rio econ\u00f4mico.","robots":{"index":"index","follow":"follow","max-snippet":"max-snippet:-1","max-image-preview":"max-image-preview:large","max-video-preview":"max-video-preview:-1"},"canonical":"https:\/\/www.em.com.br\/emfoco\/2026\/04\/27\/pequenos-empresarios-ja-sentem-no-bolso-as-novas-regras-que-aumentam-tributos-limitam-credito-e-travam-expansao\/","og_locale":"pt_BR","og_type":"article","og_title":"Pequenos empres\u00e1rios j\u00e1 sentem no bolso as novas regras que aumentam tributos, limitam cr\u00e9dito e travam expans\u00e3o - Estado de Minas - Em foco","og_description":"Entenda como as novas regras aumentam tributos, limitam cr\u00e9dito e travam a expans\u00e3o dos pequenos empres\u00e1rios. Veja o cen\u00e1rio econ\u00f4mico.","og_url":"https:\/\/www.em.com.br\/emfoco\/2026\/04\/27\/pequenos-empresarios-ja-sentem-no-bolso-as-novas-regras-que-aumentam-tributos-limitam-credito-e-travam-expansao\/","og_site_name":"Estado de Minas - Em foco","article_published_time":"2026-04-27T23:25:00+00:00","article_modified_time":"2026-04-26T09:41:36+00:00","og_image":[{"width":1280,"height":720,"url":"https:\/\/www.em.com.br\/emfoco\/wp-content\/uploads\/2026\/04\/homem-carteira-vazia.jpg","type":"image\/jpeg"}],"author":"Guilherme Ara\u00fajo","twitter_card":"summary_large_image","twitter_misc":{"Escrito por":"Guilherme Ara\u00fajo","Est. tempo de leitura":"4 minutos"},"schema":{"@context":"https:\/\/schema.org","@graph":[{"@type":"WebPage","@id":"https:\/\/www.em.com.br\/emfoco\/2026\/04\/27\/pequenos-empresarios-ja-sentem-no-bolso-as-novas-regras-que-aumentam-tributos-limitam-credito-e-travam-expansao\/","url":"https:\/\/www.em.com.br\/emfoco\/2026\/04\/27\/pequenos-empresarios-ja-sentem-no-bolso-as-novas-regras-que-aumentam-tributos-limitam-credito-e-travam-expansao\/","name":"Pequenos empres\u00e1rios j\u00e1 sentem no bolso as novas regras que aumentam tributos, limitam cr\u00e9dito e travam expans\u00e3o - Estado de Minas - Em foco","isPartOf":{"@id":"https:\/\/www.em.com.br\/emfoco\/#website"},"primaryImageOfPage":{"@id":"https:\/\/www.em.com.br\/emfoco\/2026\/04\/27\/pequenos-empresarios-ja-sentem-no-bolso-as-novas-regras-que-aumentam-tributos-limitam-credito-e-travam-expansao\/#primaryimage"},"image":{"@id":"https:\/\/www.em.com.br\/emfoco\/2026\/04\/27\/pequenos-empresarios-ja-sentem-no-bolso-as-novas-regras-que-aumentam-tributos-limitam-credito-e-travam-expansao\/#primaryimage"},"thumbnailUrl":"https:\/\/www.em.com.br\/emfoco\/wp-content\/uploads\/2026\/04\/homem-carteira-vazia.jpg","datePublished":"2026-04-27T23:25:00+00:00","dateModified":"2026-04-26T09:41:36+00:00","author":{"@id":"https:\/\/www.em.com.br\/emfoco\/#\/schema\/person\/5379e929a4b966c775d121e23f9bb421"},"description":"Entenda como as novas regras aumentam tributos, limitam cr\u00e9dito e travam a expans\u00e3o dos pequenos empres\u00e1rios. Veja o cen\u00e1rio econ\u00f4mico.","breadcrumb":{"@id":"https:\/\/www.em.com.br\/emfoco\/2026\/04\/27\/pequenos-empresarios-ja-sentem-no-bolso-as-novas-regras-que-aumentam-tributos-limitam-credito-e-travam-expansao\/#breadcrumb"},"inLanguage":"pt-BR","potentialAction":[{"@type":"ReadAction","target":["https:\/\/www.em.com.br\/emfoco\/2026\/04\/27\/pequenos-empresarios-ja-sentem-no-bolso-as-novas-regras-que-aumentam-tributos-limitam-credito-e-travam-expansao\/"]}]},{"@type":"ImageObject","inLanguage":"pt-BR","@id":"https:\/\/www.em.com.br\/emfoco\/2026\/04\/27\/pequenos-empresarios-ja-sentem-no-bolso-as-novas-regras-que-aumentam-tributos-limitam-credito-e-travam-expansao\/#primaryimage","url":"https:\/\/www.em.com.br\/emfoco\/wp-content\/uploads\/2026\/04\/homem-carteira-vazia.jpg","contentUrl":"https:\/\/www.em.com.br\/emfoco\/wp-content\/uploads\/2026\/04\/homem-carteira-vazia.jpg","width":1280,"height":720},{"@type":"BreadcrumbList","@id":"https:\/\/www.em.com.br\/emfoco\/2026\/04\/27\/pequenos-empresarios-ja-sentem-no-bolso-as-novas-regras-que-aumentam-tributos-limitam-credito-e-travam-expansao\/#breadcrumb","itemListElement":[{"@type":"ListItem","position":1,"name":"In\u00edcio","item":"https:\/\/www.em.com.br\/emfoco\/"},{"@type":"ListItem","position":2,"name":"Pequenos empres\u00e1rios j\u00e1 sentem no bolso as novas regras que aumentam tributos, limitam cr\u00e9dito e travam expans\u00e3o"}]},{"@type":"WebSite","@id":"https:\/\/www.em.com.br\/emfoco\/#website","url":"https:\/\/www.em.com.br\/emfoco\/","name":"Estado de Minas - Em foco","description":"Acompanhe as \u00faltimas not\u00edcias e fique bem informado sobre tudo o que acontece em Minas Gerais, Brasil e no mundo.","potentialAction":[{"@type":"SearchAction","target":{"@type":"EntryPoint","urlTemplate":"https:\/\/www.em.com.br\/emfoco\/?s={search_term_string}"},"query-input":{"@type":"PropertyValueSpecification","valueRequired":true,"valueName":"search_term_string"}}],"inLanguage":"pt-BR"},{"@type":"Person","@id":"https:\/\/www.em.com.br\/emfoco\/#\/schema\/person\/5379e929a4b966c775d121e23f9bb421","name":"Guilherme Ara\u00fajo","image":{"@type":"ImageObject","inLanguage":"pt-BR","@id":"https:\/\/www.em.com.br\/emfoco\/#\/schema\/person\/image\/","url":"https:\/\/secure.gravatar.com\/avatar\/b8bf1fd0130e170bd8f5d7298dbafa25?s=96&d=mm&r=g","contentUrl":"https:\/\/secure.gravatar.com\/avatar\/b8bf1fd0130e170bd8f5d7298dbafa25?s=96&d=mm&r=g","caption":"Guilherme Ara\u00fajo"},"sameAs":["https:\/\/www.em.com.br\/emfoco"],"url":"https:\/\/www.em.com.br\/emfoco\/author\/guilhermeamyth\/"}]}},"_links":{"self":[{"href":"https:\/\/www.em.com.br\/emfoco\/wp-json\/wp\/v2\/posts\/198324","targetHints":{"allow":["GET"]}}],"collection":[{"href":"https:\/\/www.em.com.br\/emfoco\/wp-json\/wp\/v2\/posts"}],"about":[{"href":"https:\/\/www.em.com.br\/emfoco\/wp-json\/wp\/v2\/types\/post"}],"author":[{"embeddable":true,"href":"https:\/\/www.em.com.br\/emfoco\/wp-json\/wp\/v2\/users\/30"}],"replies":[{"embeddable":true,"href":"https:\/\/www.em.com.br\/emfoco\/wp-json\/wp\/v2\/comments?post=198324"}],"version-history":[{"count":3,"href":"https:\/\/www.em.com.br\/emfoco\/wp-json\/wp\/v2\/posts\/198324\/revisions"}],"predecessor-version":[{"id":198350,"href":"https:\/\/www.em.com.br\/emfoco\/wp-json\/wp\/v2\/posts\/198324\/revisions\/198350"}],"wp:featuredmedia":[{"embeddable":true,"href":"https:\/\/www.em.com.br\/emfoco\/wp-json\/wp\/v2\/media\/198339"}],"wp:attachment":[{"href":"https:\/\/www.em.com.br\/emfoco\/wp-json\/wp\/v2\/media?parent=198324"}],"wp:term":[{"taxonomy":"category","embeddable":true,"href":"https:\/\/www.em.com.br\/emfoco\/wp-json\/wp\/v2\/categories?post=198324"},{"taxonomy":"post_tag","embeddable":true,"href":"https:\/\/www.em.com.br\/emfoco\/wp-json\/wp\/v2\/tags?post=198324"}],"curies":[{"name":"wp","href":"https:\/\/api.w.org\/{rel}","templated":true}]}}