{"id":198306,"date":"2026-04-27T21:45:00","date_gmt":"2026-04-28T00:45:00","guid":{"rendered":"https:\/\/www.em.com.br\/emfoco\/?p=198306"},"modified":"2026-04-26T06:41:34","modified_gmt":"2026-04-26T09:41:34","slug":"pouca-gente-sabe-mas-encontrar-minhocas-no-solo-pode-ser-excelente-sinal-para-seu-jardim","status":"publish","type":"post","link":"https:\/\/www.em.com.br\/emfoco\/2026\/04\/27\/pouca-gente-sabe-mas-encontrar-minhocas-no-solo-pode-ser-excelente-sinal-para-seu-jardim\/","title":{"rendered":"Pouca gente sabe, mas encontrar minhocas no solo pode ser excelente sinal para seu jardim"},"content":{"rendered":"\n<p>Encontrar <strong>minhocas no jardim<\/strong> ao preparar a terra \u00e9 um dos indicativos mais confi\u00e1veis de que o ecossistema est\u00e1 equilibrado. Esses anel\u00eddeos funcionam como verdadeiros term\u00f4metros biol\u00f3gicos, revelando a qualidade qu\u00edmica e f\u00edsica do substrato.<\/p>\n\n\n\n<h2 class=\"wp-block-heading\">Por que a minhoca \u00e9 considerada um bioindicador confi\u00e1vel?<\/h2>\n\n\n\n<p>A ci\u00eancia utiliza esses organismos para medir a <a href=\"https:\/\/www.em.com.br\/emfoco\/2025\/08\/17\/5-passos-para-ter-sua-propria-plantacao-de-abobora-no-quintal-ou-na-varanda\/\" target=\"_blank\" rel=\"noreferrer noopener\">sa\u00fade da terra<\/a> de forma imediata e econ\u00f4mica. Pesquisas realizadas na <strong>Universidade Federal do Paran\u00e1<\/strong> demonstram que existe uma correla\u00e7\u00e3o direta entre a abund\u00e2ncia desses animais e n\u00edveis ideais de <strong>pH<\/strong>, f\u00f3sforo e c\u00e1lcio.<\/p>\n\n\n\n<p>Al\u00e9m de refletirem a fertilidade, elas aumentam a produtividade das plantas em at\u00e9 <strong>25%<\/strong>. Segundo dados publicados pela <a href=\"https:\/\/www.embrapa.br\/busca-de-noticias\/-\/noticia\/2375179\/minhocas-podem-ajudar-a-aumentar-produtividade-de-graos-em-25\" target=\"_blank\" rel=\"noreferrer noopener\">Embrapa<\/a>, a presen\u00e7a constante desses seres no solo favorece o crescimento das ra\u00edzes e a absor\u00e7\u00e3o de nutrientes vitais, garantindo uma vegeta\u00e7\u00e3o mais resistente em qualquer <strong>cidade<\/strong> ou regi\u00e3o agr\u00edcola.<\/p>\n\n\n<div class=\"wp-block-image\">\n<figure class=\"aligncenter size-large\"><img loading=\"lazy\" decoding=\"async\" width=\"1024\" height=\"576\" src=\"https:\/\/www.em.com.br\/emfoco\/wp-content\/uploads\/2026\/04\/caminho-1-1024x576.jpg\" alt=\"Aprenda a transformar seu jardim em uma f\u00e1brica de nutrientes usando apenas minhocas\" class=\"wp-image-198318\" srcset=\"https:\/\/www.em.com.br\/emfoco\/wp-content\/uploads\/2026\/04\/caminho-1-1024x576.jpg 1024w, https:\/\/www.em.com.br\/emfoco\/wp-content\/uploads\/2026\/04\/caminho-1-300x169.jpg 300w, https:\/\/www.em.com.br\/emfoco\/wp-content\/uploads\/2026\/04\/caminho-1-768x432.jpg 768w, https:\/\/www.em.com.br\/emfoco\/wp-content\/uploads\/2026\/04\/caminho-1-750x422.jpg 750w, https:\/\/www.em.com.br\/emfoco\/wp-content\/uploads\/2026\/04\/caminho-1-1140x641.jpg 1140w, https:\/\/www.em.com.br\/emfoco\/wp-content\/uploads\/2026\/04\/caminho-1.jpg 1280w\" sizes=\"auto, (max-width: 1024px) 100vw, 1024px\" \/><figcaption class=\"wp-element-caption\">Aprenda a transformar seu jardim em uma f\u00e1brica de nutrientes usando apenas minhocas<\/figcaption><\/figure><\/div>\n\n\n<h2 class=\"wp-block-heading\">O que acontece no solo quando as minhocas se movem?<\/h2>\n\n\n\n<p>As minhocas s\u00e3o conhecidas como as engenheiras do ecossistema, pois modificam o ambiente f\u00edsico ao seu redor. Ao escavarem t\u00faneis, elas criam canais de aera\u00e7\u00e3o que permitem que a \u00e1gua e o oxig\u00eanio cheguem \u00e0s camadas mais profundas, beneficiando diretamente o metabolismo das plantas.<\/p>\n\n\n\n<p>Outro benef\u00edcio central \u00e9 o est\u00edmulo \u00e0 microbiota ben\u00e9fica. Os caminhos deixados pelas <strong>minhocas no jardim<\/strong> criam microambientes onde fungos e bact\u00e9rias protetores se proliferam, combatendo pat\u00f3genos naturais e produzindo fitorm\u00f4nios que aceleram o desenvolvimento das flores e hortali\u00e7as.<\/p>\n\n\n\n<h2 class=\"wp-block-heading\">Como o h\u00famus de minhoca atua como fertilizante natural?<\/h2>\n\n\n\n<p>O subproduto da digest\u00e3o desses animais, conhecido como vermicomposto, \u00e9 considerado um dos adubos org\u00e2nicos mais completos. Ele fornece nitrog\u00eanio, pot\u00e1ssio e enxofre em formas que as ra\u00edzes conseguem absorver quase instantaneamente, sem os riscos de queima comuns em adubos qu\u00edmicos.<\/p>\n\n\n\n<p>Ensaios t\u00e9cnicos mostram resultados superiores em mudas:<\/p>\n\n\n\n<ul class=\"wp-block-list\">\n<li><strong>Absor\u00e7\u00e3o R\u00e1pida<\/strong>: Nutrientes prontamente assimil\u00e1veis pelas ra\u00edzes.<\/li>\n\n\n\n<li><strong>Reten\u00e7\u00e3o de Umidade<\/strong>: Ajuda o solo a permanecer hidratado por mais tempo.<\/li>\n\n\n\n<li><strong>Desenvolvimento<\/strong>: Estudos do <strong>IFSul de Minas<\/strong> comprovam que substratos com <strong>50%<\/strong> de h\u00famus geram mudas mais fortes.<\/li>\n<\/ul>\n\n\n<div class=\"wp-block-image\">\n<figure class=\"aligncenter size-large\"><img loading=\"lazy\" decoding=\"async\" width=\"1024\" height=\"576\" src=\"https:\/\/www.em.com.br\/emfoco\/wp-content\/uploads\/2026\/04\/plantas-1-1024x576.jpg\" alt=\"O papel vital das minhocas na recupera\u00e7\u00e3o de solos pobres e sem vida\" class=\"wp-image-198320\" srcset=\"https:\/\/www.em.com.br\/emfoco\/wp-content\/uploads\/2026\/04\/plantas-1-1024x576.jpg 1024w, https:\/\/www.em.com.br\/emfoco\/wp-content\/uploads\/2026\/04\/plantas-1-300x169.jpg 300w, https:\/\/www.em.com.br\/emfoco\/wp-content\/uploads\/2026\/04\/plantas-1-768x432.jpg 768w, https:\/\/www.em.com.br\/emfoco\/wp-content\/uploads\/2026\/04\/plantas-1-750x422.jpg 750w, https:\/\/www.em.com.br\/emfoco\/wp-content\/uploads\/2026\/04\/plantas-1-1140x641.jpg 1140w, https:\/\/www.em.com.br\/emfoco\/wp-content\/uploads\/2026\/04\/plantas-1.jpg 1280w\" sizes=\"auto, (max-width: 1024px) 100vw, 1024px\" \/><figcaption class=\"wp-element-caption\">O papel vital das minhocas na recupera\u00e7\u00e3o de solos pobres e sem vida<\/figcaption><\/figure><\/div>\n\n\n<h2 class=\"wp-block-heading\">Como interpretar a quantidade de minhocas encontrada?<\/h2>\n\n\n\n<p>A densidade populacional desses seres por metro quadrado revela o est\u00e1gio atual do seu terreno. Um solo degradado dificilmente sustentar\u00e1 vida complexa, enquanto um jardim vibrante apresentar\u00e1 uma contagem alta, indicando que a mat\u00e9ria org\u00e2nica est\u00e1 sendo processada de forma eficiente.<\/p>\n\n\n\n<p>Abaixo, detalhamos a escala de fertilidade biol\u00f3gica:<\/p>\n\n\n<div class=\"wp-block-image\">\n<figure class=\"aligncenter size-large is-resized\"><img loading=\"lazy\" decoding=\"async\" width=\"1024\" height=\"552\" src=\"https:\/\/www.em.com.br\/emfoco\/wp-content\/uploads\/2026\/04\/image-142-1024x552.png\" alt=\"\" class=\"wp-image-198326\" style=\"width:830px;height:auto\" srcset=\"https:\/\/www.em.com.br\/emfoco\/wp-content\/uploads\/2026\/04\/image-142-1024x552.png 1024w, https:\/\/www.em.com.br\/emfoco\/wp-content\/uploads\/2026\/04\/image-142-300x162.png 300w, https:\/\/www.em.com.br\/emfoco\/wp-content\/uploads\/2026\/04\/image-142-768x414.png 768w, https:\/\/www.em.com.br\/emfoco\/wp-content\/uploads\/2026\/04\/image-142-750x404.png 750w, https:\/\/www.em.com.br\/emfoco\/wp-content\/uploads\/2026\/04\/image-142-1140x615.png 1140w, https:\/\/www.em.com.br\/emfoco\/wp-content\/uploads\/2026\/04\/image-142.png 1280w\" sizes=\"auto, (max-width: 1024px) 100vw, 1024px\" \/><\/figure><\/div>\n\n\n<h2 class=\"wp-block-heading\">Quais cuidados ajudam a manter as minhocas no jardim?<\/h2>\n\n\n\n<p>Para preservar esses aliados, \u00e9 fundamental manter a umidade constante e evitar o revolvimento excessivo da terra. O uso de agrot\u00f3xicos e fungicidas qu\u00edmicos deve ser eliminado, pois essas subst\u00e2ncias reduzem drasticamente a popula\u00e7\u00e3o de organismos ben\u00e9ficos em poucos dias de exposi\u00e7\u00e3o.<\/p>\n\n\n\n<p>De acordo com o <a href=\"https:\/\/www.gov.br\/agricultura\/pt-br\" target=\"_blank\" rel=\"noreferrer noopener\">Minist\u00e9rio da Agricultura<\/a>, a aplica\u00e7\u00e3o de cobertura morta, como folhas secas e esterco curtido, garante o alimento necess\u00e1rio para que as popula\u00e7\u00f5es se multipliquem. Criar um ambiente acolhedor para as <strong>minhocas no jardim<\/strong> \u00e9 a maneira mais sustent\u00e1vel e barata de garantir que sua horta ou canteiro flores\u00e7a com vigor e sa\u00fade durante todo o ano.<\/p>\n","protected":false},"excerpt":{"rendered":"<p>Encontrar minhocas no jardim ao preparar a terra \u00e9 um dos indicativos mais confi\u00e1veis de que o ecossistema est\u00e1 equilibrado. Esses anel\u00eddeos funcionam como verdadeiros term\u00f4metros biol\u00f3gicos, revelando a qualidade qu\u00edmica e f\u00edsica do substrato. Por que a minhoca \u00e9 considerada um bioindicador confi\u00e1vel? A ci\u00eancia utiliza esses organismos para medir a sa\u00fade da terra [&hellip;]<\/p>\n","protected":false},"author":30,"featured_media":198316,"comment_status":"open","ping_status":"open","sticky":false,"template":"","format":"standard","meta":{"jnews-multi-image_gallery":[],"jnews_single_post":{"format":"standard"},"jnews_primary_category":[],"jnews_social_meta":[],"jnews_override_counter":[],"footnotes":""},"categories":[8819],"tags":[26837,13005,3792,6088],"class_list":["post-198306","post","type-post","status-publish","format-standard","has-post-thumbnail","hentry","category-curiosidades","tag-adubacao","tag-fertilidade","tag-horta","tag-solo"],"yoast_head":"<!-- This site is optimized with the Yoast SEO plugin v23.8 - https:\/\/yoast.com\/wordpress\/plugins\/seo\/ -->\n<title>Pouca gente sabe, mas encontrar minhocas no solo pode ser excelente sinal para seu jardim - Estado de Minas - Em foco<\/title>\n<meta name=\"description\" content=\"Entenda por que encontrar minhocas no solo \u00e9 excelente sinal para seu jardim. Veja como estes anel\u00eddeos indicam ecossistema equilibrado.\" \/>\n<meta name=\"robots\" content=\"index, follow, max-snippet:-1, max-image-preview:large, max-video-preview:-1\" \/>\n<link rel=\"canonical\" href=\"https:\/\/www.em.com.br\/emfoco\/2026\/04\/27\/pouca-gente-sabe-mas-encontrar-minhocas-no-solo-pode-ser-excelente-sinal-para-seu-jardim\/\" \/>\n<meta property=\"og:locale\" content=\"pt_BR\" \/>\n<meta property=\"og:type\" content=\"article\" \/>\n<meta property=\"og:title\" content=\"Pouca gente sabe, mas encontrar minhocas no solo pode ser excelente sinal para seu jardim - Estado de Minas - Em foco\" \/>\n<meta property=\"og:description\" content=\"Entenda por que encontrar minhocas no solo \u00e9 excelente sinal para seu jardim. Veja como estes anel\u00eddeos indicam ecossistema equilibrado.\" \/>\n<meta property=\"og:url\" content=\"https:\/\/www.em.com.br\/emfoco\/2026\/04\/27\/pouca-gente-sabe-mas-encontrar-minhocas-no-solo-pode-ser-excelente-sinal-para-seu-jardim\/\" \/>\n<meta property=\"og:site_name\" content=\"Estado de Minas - Em foco\" \/>\n<meta property=\"article:published_time\" content=\"2026-04-28T00:45:00+00:00\" \/>\n<meta property=\"article:modified_time\" content=\"2026-04-26T09:41:34+00:00\" \/>\n<meta property=\"og:image\" content=\"https:\/\/www.em.com.br\/emfoco\/wp-content\/uploads\/2026\/04\/minhoca.jpg\" \/>\n\t<meta property=\"og:image:width\" content=\"1280\" \/>\n\t<meta property=\"og:image:height\" content=\"720\" \/>\n\t<meta property=\"og:image:type\" content=\"image\/jpeg\" \/>\n<meta name=\"author\" content=\"Guilherme Ara\u00fajo\" \/>\n<meta name=\"twitter:card\" content=\"summary_large_image\" \/>\n<meta name=\"twitter:label1\" content=\"Escrito por\" \/>\n\t<meta name=\"twitter:data1\" content=\"Guilherme Ara\u00fajo\" \/>\n\t<meta name=\"twitter:label2\" content=\"Est. tempo de leitura\" \/>\n\t<meta name=\"twitter:data2\" content=\"4 minutos\" \/>\n<!-- \/ Yoast SEO plugin. -->","yoast_head_json":{"title":"Pouca gente sabe, mas encontrar minhocas no solo pode ser excelente sinal para seu jardim - Estado de Minas - Em foco","description":"Entenda por que encontrar minhocas no solo \u00e9 excelente sinal para seu jardim. Veja como estes anel\u00eddeos indicam ecossistema equilibrado.","robots":{"index":"index","follow":"follow","max-snippet":"max-snippet:-1","max-image-preview":"max-image-preview:large","max-video-preview":"max-video-preview:-1"},"canonical":"https:\/\/www.em.com.br\/emfoco\/2026\/04\/27\/pouca-gente-sabe-mas-encontrar-minhocas-no-solo-pode-ser-excelente-sinal-para-seu-jardim\/","og_locale":"pt_BR","og_type":"article","og_title":"Pouca gente sabe, mas encontrar minhocas no solo pode ser excelente sinal para seu jardim - Estado de Minas - Em foco","og_description":"Entenda por que encontrar minhocas no solo \u00e9 excelente sinal para seu jardim. Veja como estes anel\u00eddeos indicam ecossistema equilibrado.","og_url":"https:\/\/www.em.com.br\/emfoco\/2026\/04\/27\/pouca-gente-sabe-mas-encontrar-minhocas-no-solo-pode-ser-excelente-sinal-para-seu-jardim\/","og_site_name":"Estado de Minas - Em foco","article_published_time":"2026-04-28T00:45:00+00:00","article_modified_time":"2026-04-26T09:41:34+00:00","og_image":[{"width":1280,"height":720,"url":"https:\/\/www.em.com.br\/emfoco\/wp-content\/uploads\/2026\/04\/minhoca.jpg","type":"image\/jpeg"}],"author":"Guilherme Ara\u00fajo","twitter_card":"summary_large_image","twitter_misc":{"Escrito por":"Guilherme Ara\u00fajo","Est. tempo de leitura":"4 minutos"},"schema":{"@context":"https:\/\/schema.org","@graph":[{"@type":"WebPage","@id":"https:\/\/www.em.com.br\/emfoco\/2026\/04\/27\/pouca-gente-sabe-mas-encontrar-minhocas-no-solo-pode-ser-excelente-sinal-para-seu-jardim\/","url":"https:\/\/www.em.com.br\/emfoco\/2026\/04\/27\/pouca-gente-sabe-mas-encontrar-minhocas-no-solo-pode-ser-excelente-sinal-para-seu-jardim\/","name":"Pouca gente sabe, mas encontrar minhocas no solo pode ser excelente sinal para seu jardim - Estado de Minas - Em foco","isPartOf":{"@id":"https:\/\/www.em.com.br\/emfoco\/#website"},"primaryImageOfPage":{"@id":"https:\/\/www.em.com.br\/emfoco\/2026\/04\/27\/pouca-gente-sabe-mas-encontrar-minhocas-no-solo-pode-ser-excelente-sinal-para-seu-jardim\/#primaryimage"},"image":{"@id":"https:\/\/www.em.com.br\/emfoco\/2026\/04\/27\/pouca-gente-sabe-mas-encontrar-minhocas-no-solo-pode-ser-excelente-sinal-para-seu-jardim\/#primaryimage"},"thumbnailUrl":"https:\/\/www.em.com.br\/emfoco\/wp-content\/uploads\/2026\/04\/minhoca.jpg","datePublished":"2026-04-28T00:45:00+00:00","dateModified":"2026-04-26T09:41:34+00:00","author":{"@id":"https:\/\/www.em.com.br\/emfoco\/#\/schema\/person\/5379e929a4b966c775d121e23f9bb421"},"description":"Entenda por que encontrar minhocas no solo \u00e9 excelente sinal para seu jardim. Veja como estes anel\u00eddeos indicam ecossistema equilibrado.","breadcrumb":{"@id":"https:\/\/www.em.com.br\/emfoco\/2026\/04\/27\/pouca-gente-sabe-mas-encontrar-minhocas-no-solo-pode-ser-excelente-sinal-para-seu-jardim\/#breadcrumb"},"inLanguage":"pt-BR","potentialAction":[{"@type":"ReadAction","target":["https:\/\/www.em.com.br\/emfoco\/2026\/04\/27\/pouca-gente-sabe-mas-encontrar-minhocas-no-solo-pode-ser-excelente-sinal-para-seu-jardim\/"]}]},{"@type":"ImageObject","inLanguage":"pt-BR","@id":"https:\/\/www.em.com.br\/emfoco\/2026\/04\/27\/pouca-gente-sabe-mas-encontrar-minhocas-no-solo-pode-ser-excelente-sinal-para-seu-jardim\/#primaryimage","url":"https:\/\/www.em.com.br\/emfoco\/wp-content\/uploads\/2026\/04\/minhoca.jpg","contentUrl":"https:\/\/www.em.com.br\/emfoco\/wp-content\/uploads\/2026\/04\/minhoca.jpg","width":1280,"height":720,"caption":"N\u00e3o toque nelas! O motivo urgente para voc\u00ea comemorar a presen\u00e7a de minhocas no seu jardim"},{"@type":"BreadcrumbList","@id":"https:\/\/www.em.com.br\/emfoco\/2026\/04\/27\/pouca-gente-sabe-mas-encontrar-minhocas-no-solo-pode-ser-excelente-sinal-para-seu-jardim\/#breadcrumb","itemListElement":[{"@type":"ListItem","position":1,"name":"In\u00edcio","item":"https:\/\/www.em.com.br\/emfoco\/"},{"@type":"ListItem","position":2,"name":"Pouca gente sabe, mas encontrar minhocas no solo pode ser excelente sinal para seu jardim"}]},{"@type":"WebSite","@id":"https:\/\/www.em.com.br\/emfoco\/#website","url":"https:\/\/www.em.com.br\/emfoco\/","name":"Estado de Minas - Em foco","description":"Acompanhe as \u00faltimas not\u00edcias e fique bem informado sobre tudo o que acontece em Minas Gerais, Brasil e no mundo.","potentialAction":[{"@type":"SearchAction","target":{"@type":"EntryPoint","urlTemplate":"https:\/\/www.em.com.br\/emfoco\/?s={search_term_string}"},"query-input":{"@type":"PropertyValueSpecification","valueRequired":true,"valueName":"search_term_string"}}],"inLanguage":"pt-BR"},{"@type":"Person","@id":"https:\/\/www.em.com.br\/emfoco\/#\/schema\/person\/5379e929a4b966c775d121e23f9bb421","name":"Guilherme Ara\u00fajo","image":{"@type":"ImageObject","inLanguage":"pt-BR","@id":"https:\/\/www.em.com.br\/emfoco\/#\/schema\/person\/image\/","url":"https:\/\/secure.gravatar.com\/avatar\/b8bf1fd0130e170bd8f5d7298dbafa25?s=96&d=mm&r=g","contentUrl":"https:\/\/secure.gravatar.com\/avatar\/b8bf1fd0130e170bd8f5d7298dbafa25?s=96&d=mm&r=g","caption":"Guilherme Ara\u00fajo"},"sameAs":["https:\/\/www.em.com.br\/emfoco"],"url":"https:\/\/www.em.com.br\/emfoco\/author\/guilhermeamyth\/"}]}},"_links":{"self":[{"href":"https:\/\/www.em.com.br\/emfoco\/wp-json\/wp\/v2\/posts\/198306","targetHints":{"allow":["GET"]}}],"collection":[{"href":"https:\/\/www.em.com.br\/emfoco\/wp-json\/wp\/v2\/posts"}],"about":[{"href":"https:\/\/www.em.com.br\/emfoco\/wp-json\/wp\/v2\/types\/post"}],"author":[{"embeddable":true,"href":"https:\/\/www.em.com.br\/emfoco\/wp-json\/wp\/v2\/users\/30"}],"replies":[{"embeddable":true,"href":"https:\/\/www.em.com.br\/emfoco\/wp-json\/wp\/v2\/comments?post=198306"}],"version-history":[{"count":3,"href":"https:\/\/www.em.com.br\/emfoco\/wp-json\/wp\/v2\/posts\/198306\/revisions"}],"predecessor-version":[{"id":198327,"href":"https:\/\/www.em.com.br\/emfoco\/wp-json\/wp\/v2\/posts\/198306\/revisions\/198327"}],"wp:featuredmedia":[{"embeddable":true,"href":"https:\/\/www.em.com.br\/emfoco\/wp-json\/wp\/v2\/media\/198316"}],"wp:attachment":[{"href":"https:\/\/www.em.com.br\/emfoco\/wp-json\/wp\/v2\/media?parent=198306"}],"wp:term":[{"taxonomy":"category","embeddable":true,"href":"https:\/\/www.em.com.br\/emfoco\/wp-json\/wp\/v2\/categories?post=198306"},{"taxonomy":"post_tag","embeddable":true,"href":"https:\/\/www.em.com.br\/emfoco\/wp-json\/wp\/v2\/tags?post=198306"}],"curies":[{"name":"wp","href":"https:\/\/api.w.org\/{rel}","templated":true}]}}