{"id":198300,"date":"2026-04-29T11:45:00","date_gmt":"2026-04-29T14:45:00","guid":{"rendered":"https:\/\/www.em.com.br\/emfoco\/?p=198300"},"modified":"2026-04-28T13:16:28","modified_gmt":"2026-04-28T16:16:28","slug":"frutas-para-intestino-preso-que-melhoram-a-digestao-e-ajudam-o-corpo-a-voltar-ao-ritmo-natural","status":"publish","type":"post","link":"https:\/\/www.em.com.br\/emfoco\/2026\/04\/29\/frutas-para-intestino-preso-que-melhoram-a-digestao-e-ajudam-o-corpo-a-voltar-ao-ritmo-natural\/","title":{"rendered":"Frutas para intestino preso que melhoram a digest\u00e3o e ajudam o corpo a voltar ao ritmo natural"},"content":{"rendered":"\n<p>O <strong>intestino preso<\/strong> \u00e9 um problema comum e muitas vezes silencioso. Em muitos casos, a pessoa se acostuma a ficar dias sem evacuar ou a sentir estufamento e passa a tratar isso como algo normal da rotina. No entanto, a constipa\u00e7\u00e3o intestinal pode influenciar a digest\u00e3o, a disposi\u00e7\u00e3o ao longo do dia e at\u00e9 o humor, j\u00e1 que o desconforto abdominal tende a se repetir. Nesse cen\u00e1rio, as <strong>frutas<\/strong> aparecem como uma alternativa simples, acess\u00edvel e que pode apoiar a sa\u00fade intestinal de forma cont\u00ednua.<\/p>\n\n\n\n<h2 class=\"wp-block-heading\">Quais frutas soltam o intestino de forma natural?<\/h2>\n\n\n\n<p>Entre as frutas que soltam o intestino, o <strong>kiwi<\/strong> ganhou espa\u00e7o por apresentar um efeito relativamente consistente no ritmo das evacua\u00e7\u00f5es. Ele oferece uma combina\u00e7\u00e3o de fibras e \u00e1gua que facilita a forma\u00e7\u00e3o e a elimina\u00e7\u00e3o do bolo fecal, ajudando a reduzir a sensa\u00e7\u00e3o de intestino \u201ctravado\u201d. Quando consumido com frequ\u00eancia, principalmente em <a href=\"https:\/\/www.em.com.br\/emfoco\/2026\/04\/23\/essa-raiz-doce-e-crocante-cresce-com-pouco-cuidado-e-ainda-chama-atencao-pela-produtividade\/\" target=\"_blank\" rel=\"noreferrer noopener\">refei\u00e7\u00f5es <\/a>como caf\u00e9 da manh\u00e3 ou lanche, o kiwi pode favorecer uma rotina mais <strong>regular<\/strong>.<\/p>\n\n\n\n<p>Outra fruta frequentemente associada \u00e0 melhora da <strong>constipa\u00e7\u00e3o<\/strong> intestinal \u00e9 a <strong>ameixa seca<\/strong>, conhecida h\u00e1 d\u00e9cadas como aliada do intestino. Ela concentra fibras e compostos que ajudam a acelerar o tr\u00e2nsito intestinal, mas a quantidade deve ser ajustada com cuidado. Por ser mais concentrada, o consumo excessivo pode provocar c\u00f3licas ou aumento de gases, por isso \u00e9 indicado come\u00e7ar com por\u00e7\u00f5es menores e observar a resposta do organismo.<\/p>\n\n\n\n<figure class=\"wp-block-image size-large\"><img loading=\"lazy\" decoding=\"async\" width=\"1024\" height=\"576\" src=\"https:\/\/www.em.com.br\/emfoco\/wp-content\/uploads\/2026\/04\/Texto-do-seu-paragrafo-2026-04-24T075119.779-1024x576.jpg\" alt=\"Frutas para intestino preso que melhoram a digest\u00e3o e ajudam o corpo a voltar ao ritmo natural\" class=\"wp-image-198308\" srcset=\"https:\/\/www.em.com.br\/emfoco\/wp-content\/uploads\/2026\/04\/Texto-do-seu-paragrafo-2026-04-24T075119.779-1024x576.jpg 1024w, https:\/\/www.em.com.br\/emfoco\/wp-content\/uploads\/2026\/04\/Texto-do-seu-paragrafo-2026-04-24T075119.779-300x169.jpg 300w, https:\/\/www.em.com.br\/emfoco\/wp-content\/uploads\/2026\/04\/Texto-do-seu-paragrafo-2026-04-24T075119.779-768x432.jpg 768w, https:\/\/www.em.com.br\/emfoco\/wp-content\/uploads\/2026\/04\/Texto-do-seu-paragrafo-2026-04-24T075119.779-750x422.jpg 750w, https:\/\/www.em.com.br\/emfoco\/wp-content\/uploads\/2026\/04\/Texto-do-seu-paragrafo-2026-04-24T075119.779-1140x641.jpg 1140w, https:\/\/www.em.com.br\/emfoco\/wp-content\/uploads\/2026\/04\/Texto-do-seu-paragrafo-2026-04-24T075119.779.jpg 1280w\" sizes=\"auto, (max-width: 1024px) 100vw, 1024px\" \/><figcaption class=\"wp-element-caption\">Frutas que soltam o intestino e ajudam a reduzir estufamento com uma rotina mais equilibrada<\/figcaption><\/figure>\n\n\n\n<h2 class=\"wp-block-heading\">Quais frutas s\u00e3o boas para intestino preso no dia a dia?<\/h2>\n\n\n\n<p>O <strong>figo<\/strong> entra na lista de frutas para intestino preso e, quando consumido com casca, oferece um aporte interessante de fibras, atuando de forma mais suave. \u00c9 uma op\u00e7\u00e3o que pode ser combinada com iogurte natural ou utilizada em saladas de frutas, tornando o card\u00e1pio mais variado. Nesse contexto, a <strong>regularidade<\/strong> no consumo costuma ser mais relevante do que a quantidade em um \u00fanico dia.<\/p>\n\n\n\n<p>Al\u00e9m de kiwi, ameixa seca e figo, outras frutas ganham destaque quando o objetivo \u00e9 <strong>soltar<\/strong> o intestino e melhorar a digest\u00e3o. Entre elas, aparecem o <strong>mam\u00e3o<\/strong> e a <strong>manga<\/strong>, bastante presentes na mesa do brasileiro. O mam\u00e3o \u00e9 uma das primeiras op\u00e7\u00f5es lembradas para aliviar o intestino preso, enquanto a manga, apesar de muito comum, nem sempre \u00e9 reconhecida pelo potencial de ajudar na forma\u00e7\u00e3o de fezes mais macias.<\/p>\n\n\n\n<h2 class=\"wp-block-heading\">Quais frutas ajudam na digest\u00e3o e como consumi-las?<\/h2>\n\n\n\n<p>A lista de <strong>frutas<\/strong> que ajudam na <strong>digest\u00e3o<\/strong> inclui tamb\u00e9m a pera, especialmente quando consumida com casca. Nessa parte do alimento est\u00e3o boa parte das fibras, que contribuem diretamente para o aumento do volume das fezes e para a movimenta\u00e7\u00e3o <a href=\"https:\/\/www.em.com.br\/emfoco\/2026\/04\/23\/os-beneficios-do-abacate-vao-alem-da-saciedade-e-podem-favorecer-coracao-e-circulacao\/\" target=\"_blank\" rel=\"noreferrer noopener\">intestinal<\/a>. J\u00e1 a uva-passa pode participar dessa rotina, principalmente quando hidratada antes do consumo, o que ajuda a reduzir o impacto do teor de a\u00e7\u00facar concentrado.<\/p>\n\n\n\n<p>Outras frutas, embora n\u00e3o sejam t\u00e3o lembradas especificamente como \u201csoltantes\u201d, complementam bem uma alimenta\u00e7\u00e3o voltada para o equil\u00edbrio do intestino. Exemplos incluem a <strong>ma\u00e7\u00e3<\/strong> com casca, a laranja consumida em gomos (e n\u00e3o apenas em suco) e algumas frutas t\u00edpicas de determinadas regi\u00f5es, que trazem fibras e \u00e1gua em boa propor\u00e7\u00e3o. O importante \u00e9 construir <strong>variedade<\/strong>, combinando diferentes fontes ao longo da semana.<\/p>\n\n\n\n<p>Conte\u00fado do canal <strong>Dr. Antonio Cascelli<\/strong>, com mais de 1.1 milh\u00f5es de inscritos e cerca de 1.7 mil de visualiza\u00e7\u00f5es:<\/p>\n\n\n\n<figure class=\"wp-block-embed is-type-video is-provider-youtube wp-block-embed-youtube wp-embed-aspect-16-9 wp-has-aspect-ratio\"><div class=\"wp-block-embed__wrapper\">\n<div class=\"jeg_video_container jeg_video_content\"><iframe loading=\"lazy\" title=\"7 Frutas que detravam o seu intestino e garantem muita sa\u00fade e longevidade. Recupere seu equil\u00edbrio\" width=\"500\" height=\"281\" src=\"https:\/\/www.youtube.com\/embed\/RpFsdpt7EtE?feature=oembed\" frameborder=\"0\" allow=\"accelerometer; autoplay; clipboard-write; encrypted-media; gyroscope; picture-in-picture; web-share\" referrerpolicy=\"strict-origin-when-cross-origin\" allowfullscreen><\/iframe><\/div>\n<\/div><\/figure>\n\n\n\n<h2 class=\"wp-block-heading\">Como usar frutas para melhorar a sa\u00fade intestinal no dia a dia?<\/h2>\n\n\n\n<p>Para que as frutas realmente ajudem a aliviar o intestino preso, alguns cuidados pr\u00e1ticos fazem diferen\u00e7a. Um dos pontos centrais \u00e9 n\u00e3o aumentar a quantidade de <strong>fibras<\/strong> de forma abrupta, para evitar desconfortos como excesso de gases e distens\u00e3o abdominal. A adapta\u00e7\u00e3o costuma ser mais tranquila quando a inclus\u00e3o de frutas \u00e9 feita de maneira gradual, permitindo que o organismo se ajuste com menos sintomas.<\/p>\n\n\n\n<p>Outro fator decisivo \u00e9 a <strong>hidrata\u00e7\u00e3o<\/strong>, j\u00e1 que as fibras funcionam melhor quando h\u00e1 \u00e1gua suficiente <a href=\"https:\/\/www.gov.br\/saude\/pt-br\/assuntos\/saude-brasil\/eu-quero-me-alimentar-melhor\/noticias\/2022\/frutas-in-natura-sao-sempre-a-melhor-opcao\" target=\"_blank\" rel=\"noreferrer noopener\">dispon\u00edvel <\/a>no corpo. Sem isso, o efeito pode ser limitado e at\u00e9 agravar a sensa\u00e7\u00e3o de intestino lento. Por esse motivo, recomenda-se manter o consumo de l\u00edquidos ao longo do dia, com prefer\u00eancia para <strong>\u00e1gua<\/strong>, ch\u00e1s sem a\u00e7\u00facar e \u00e1gua saborizada com fatias de frutas, sempre associados a uma rotina alimentar rica em vegetais.<\/p>\n\n\n\n<h2 class=\"wp-block-heading\">Quais combina\u00e7\u00f5es de frutas ajudam a regular o intestino?<\/h2>\n\n\n\n<p>Algumas <strong>combina\u00e7\u00f5es<\/strong> simples de frutas ao longo do dia facilitam a cria\u00e7\u00e3o de um h\u00e1bito saud\u00e1vel, sem necessidade de dietas extremas. A ideia \u00e9 intercalar op\u00e7\u00f5es ricas em fibras sol\u00faveis e insol\u00faveis, al\u00e9m de garantir boa ingest\u00e3o de \u00e1gua. Dessa forma, o bolo fecal tende a ficar mais macio e o tr\u00e2nsito intestinal mais eficiente, reduzindo o desconforto da <strong>constipa\u00e7\u00e3o<\/strong>.<\/p>\n\n\n\n<ul class=\"wp-block-list\">\n<li>Por\u00e7\u00e3o de <strong>mam\u00e3o<\/strong> ou kiwi no caf\u00e9 da manh\u00e3;<\/li>\n\n\n\n<li><strong>Ameixa seca<\/strong> hidratada como parte do lanche da tarde;<\/li>\n\n\n\n<li>Pera ou <strong>ma\u00e7\u00e3<\/strong> com casca entre as refei\u00e7\u00f5es;<\/li>\n\n\n\n<li><strong>Figo<\/strong> ou manga em saladas de frutas ao longo da semana.<\/li>\n<\/ul>\n\n\n\n<h2 class=\"wp-block-heading\">Como os h\u00e1bitos de vida influenciam o funcionamento do intestino?<\/h2>\n\n\n\n<p>As frutas representam apenas uma parte do cuidado com a <strong>sa\u00fade intestinal<\/strong>. O corpo em movimento tamb\u00e9m influencia diretamente o ritmo do intestino, por isso caminhar regularmente, levantar-se ao longo do dia e reduzir o tempo sentado costuma favorecer o tr\u00e2nsito intestinal. J\u00e1 o <strong>sedentarismo<\/strong> prolongado est\u00e1 frequentemente associado \u00e0 piora da constipa\u00e7\u00e3o e \u00e0 sensa\u00e7\u00e3o de estufamento.<\/p>\n\n\n\n<p>A rotina alimentar geral tamb\u00e9m conta muito. Refei\u00e7\u00f5es ricas em <strong>ultraprocessados<\/strong>, baixo consumo de \u00e1gua e pouca oferta de fibras tendem a deixar o intestino mais lento, enquanto uma alimenta\u00e7\u00e3o com frutas, legumes, verduras e gr\u00e3os integrais cria um ambiente mais favor\u00e1vel. Quando o intestino preso \u00e9 constante, vem acompanhado de dor intensa, sangramento, perda de peso sem explica\u00e7\u00e3o ou mal-estar geral, a <strong>avalia\u00e7\u00e3o profissional<\/strong> \u00e9 essencial para investigar outras causas e orientar o tratamento adequado.<\/p>\n","protected":false},"excerpt":{"rendered":"<p>O intestino preso \u00e9 um problema comum e muitas vezes silencioso. Em muitos casos, a pessoa se acostuma a ficar dias sem evacuar ou a sentir estufamento e passa a tratar isso como algo normal da rotina. No entanto, a constipa\u00e7\u00e3o intestinal pode influenciar a digest\u00e3o, a disposi\u00e7\u00e3o ao longo do dia e at\u00e9 o [&hellip;]<\/p>\n","protected":false},"author":15,"featured_media":200880,"comment_status":"open","ping_status":"open","sticky":false,"template":"","format":"standard","meta":{"jnews-multi-image_gallery":[],"jnews_single_post":{"format":"standard"},"jnews_primary_category":[],"jnews_social_meta":[],"jnews_override_counter":[],"footnotes":""},"categories":[8819],"tags":[2555,327,415],"class_list":["post-198300","post","type-post","status-publish","format-standard","has-post-thumbnail","hentry","category-curiosidades","tag-frutas","tag-qualidade-de-vida","tag-saude"],"yoast_head":"<!-- This site is optimized with the Yoast SEO plugin v23.8 - https:\/\/yoast.com\/wordpress\/plugins\/seo\/ -->\n<title>Frutas para intestino preso que melhoram a digest\u00e3o e ajudam o corpo a voltar ao ritmo natural - Estado de Minas - Em foco<\/title>\n<meta name=\"description\" content=\"Frutas para intestino preso podem ajudar na digest\u00e3o, aliviar o desconforto e trazer mais equil\u00edbrio ao corpo quando entram com \u00e1gua\" \/>\n<meta name=\"robots\" content=\"index, follow, max-snippet:-1, max-image-preview:large, max-video-preview:-1\" \/>\n<link rel=\"canonical\" href=\"https:\/\/www.em.com.br\/emfoco\/2026\/04\/29\/frutas-para-intestino-preso-que-melhoram-a-digestao-e-ajudam-o-corpo-a-voltar-ao-ritmo-natural\/\" \/>\n<meta property=\"og:locale\" content=\"pt_BR\" \/>\n<meta property=\"og:type\" content=\"article\" \/>\n<meta property=\"og:title\" content=\"Frutas para intestino preso que melhoram a digest\u00e3o e ajudam o corpo a voltar ao ritmo natural - Estado de Minas - Em foco\" \/>\n<meta property=\"og:description\" content=\"Frutas para intestino preso podem ajudar na digest\u00e3o, aliviar o desconforto e trazer mais equil\u00edbrio ao corpo quando entram com \u00e1gua\" \/>\n<meta property=\"og:url\" content=\"https:\/\/www.em.com.br\/emfoco\/2026\/04\/29\/frutas-para-intestino-preso-que-melhoram-a-digestao-e-ajudam-o-corpo-a-voltar-ao-ritmo-natural\/\" \/>\n<meta property=\"og:site_name\" content=\"Estado de Minas - Em foco\" \/>\n<meta property=\"article:published_time\" content=\"2026-04-29T14:45:00+00:00\" \/>\n<meta property=\"article:modified_time\" content=\"2026-04-28T16:16:28+00:00\" \/>\n<meta property=\"og:image\" content=\"https:\/\/www.em.com.br\/emfoco\/wp-content\/uploads\/2026\/04\/EmFoco_04-11.jpg\" \/>\n\t<meta property=\"og:image:width\" content=\"1280\" \/>\n\t<meta property=\"og:image:height\" content=\"720\" \/>\n\t<meta property=\"og:image:type\" content=\"image\/jpeg\" \/>\n<meta name=\"author\" content=\"Douglas Myth\" \/>\n<meta name=\"twitter:card\" content=\"summary_large_image\" \/>\n<meta name=\"twitter:label1\" content=\"Escrito por\" \/>\n\t<meta name=\"twitter:data1\" content=\"Douglas Myth\" \/>\n\t<meta name=\"twitter:label2\" content=\"Est. tempo de leitura\" \/>\n\t<meta name=\"twitter:data2\" content=\"6 minutos\" \/>\n<!-- \/ Yoast SEO plugin. -->","yoast_head_json":{"title":"Frutas para intestino preso que melhoram a digest\u00e3o e ajudam o corpo a voltar ao ritmo natural - Estado de Minas - Em foco","description":"Frutas para intestino preso podem ajudar na digest\u00e3o, aliviar o desconforto e trazer mais equil\u00edbrio ao corpo quando entram com \u00e1gua","robots":{"index":"index","follow":"follow","max-snippet":"max-snippet:-1","max-image-preview":"max-image-preview:large","max-video-preview":"max-video-preview:-1"},"canonical":"https:\/\/www.em.com.br\/emfoco\/2026\/04\/29\/frutas-para-intestino-preso-que-melhoram-a-digestao-e-ajudam-o-corpo-a-voltar-ao-ritmo-natural\/","og_locale":"pt_BR","og_type":"article","og_title":"Frutas para intestino preso que melhoram a digest\u00e3o e ajudam o corpo a voltar ao ritmo natural - Estado de Minas - Em foco","og_description":"Frutas para intestino preso podem ajudar na digest\u00e3o, aliviar o desconforto e trazer mais equil\u00edbrio ao corpo quando entram com \u00e1gua","og_url":"https:\/\/www.em.com.br\/emfoco\/2026\/04\/29\/frutas-para-intestino-preso-que-melhoram-a-digestao-e-ajudam-o-corpo-a-voltar-ao-ritmo-natural\/","og_site_name":"Estado de Minas - Em foco","article_published_time":"2026-04-29T14:45:00+00:00","article_modified_time":"2026-04-28T16:16:28+00:00","og_image":[{"width":1280,"height":720,"url":"https:\/\/www.em.com.br\/emfoco\/wp-content\/uploads\/2026\/04\/EmFoco_04-11.jpg","type":"image\/jpeg"}],"author":"Douglas Myth","twitter_card":"summary_large_image","twitter_misc":{"Escrito por":"Douglas Myth","Est. tempo de leitura":"6 minutos"},"schema":{"@context":"https:\/\/schema.org","@graph":[{"@type":"WebPage","@id":"https:\/\/www.em.com.br\/emfoco\/2026\/04\/29\/frutas-para-intestino-preso-que-melhoram-a-digestao-e-ajudam-o-corpo-a-voltar-ao-ritmo-natural\/","url":"https:\/\/www.em.com.br\/emfoco\/2026\/04\/29\/frutas-para-intestino-preso-que-melhoram-a-digestao-e-ajudam-o-corpo-a-voltar-ao-ritmo-natural\/","name":"Frutas para intestino preso que melhoram a digest\u00e3o e ajudam o corpo a voltar ao ritmo natural - Estado de Minas - Em foco","isPartOf":{"@id":"https:\/\/www.em.com.br\/emfoco\/#website"},"primaryImageOfPage":{"@id":"https:\/\/www.em.com.br\/emfoco\/2026\/04\/29\/frutas-para-intestino-preso-que-melhoram-a-digestao-e-ajudam-o-corpo-a-voltar-ao-ritmo-natural\/#primaryimage"},"image":{"@id":"https:\/\/www.em.com.br\/emfoco\/2026\/04\/29\/frutas-para-intestino-preso-que-melhoram-a-digestao-e-ajudam-o-corpo-a-voltar-ao-ritmo-natural\/#primaryimage"},"thumbnailUrl":"https:\/\/www.em.com.br\/emfoco\/wp-content\/uploads\/2026\/04\/EmFoco_04-11.jpg","datePublished":"2026-04-29T14:45:00+00:00","dateModified":"2026-04-28T16:16:28+00:00","author":{"@id":"https:\/\/www.em.com.br\/emfoco\/#\/schema\/person\/bba594b7eebe9b9885fec3a5c7837089"},"description":"Frutas para intestino preso podem ajudar na digest\u00e3o, aliviar o desconforto e trazer mais equil\u00edbrio ao corpo quando entram com \u00e1gua","breadcrumb":{"@id":"https:\/\/www.em.com.br\/emfoco\/2026\/04\/29\/frutas-para-intestino-preso-que-melhoram-a-digestao-e-ajudam-o-corpo-a-voltar-ao-ritmo-natural\/#breadcrumb"},"inLanguage":"pt-BR","potentialAction":[{"@type":"ReadAction","target":["https:\/\/www.em.com.br\/emfoco\/2026\/04\/29\/frutas-para-intestino-preso-que-melhoram-a-digestao-e-ajudam-o-corpo-a-voltar-ao-ritmo-natural\/"]}]},{"@type":"ImageObject","inLanguage":"pt-BR","@id":"https:\/\/www.em.com.br\/emfoco\/2026\/04\/29\/frutas-para-intestino-preso-que-melhoram-a-digestao-e-ajudam-o-corpo-a-voltar-ao-ritmo-natural\/#primaryimage","url":"https:\/\/www.em.com.br\/emfoco\/wp-content\/uploads\/2026\/04\/EmFoco_04-11.jpg","contentUrl":"https:\/\/www.em.com.br\/emfoco\/wp-content\/uploads\/2026\/04\/EmFoco_04-11.jpg","width":1280,"height":720,"caption":"Sele\u00e7\u00e3o de alimentos naturais que otimizam o tr\u00e2nsito intestinal e a sa\u00fade digestiva"},{"@type":"BreadcrumbList","@id":"https:\/\/www.em.com.br\/emfoco\/2026\/04\/29\/frutas-para-intestino-preso-que-melhoram-a-digestao-e-ajudam-o-corpo-a-voltar-ao-ritmo-natural\/#breadcrumb","itemListElement":[{"@type":"ListItem","position":1,"name":"In\u00edcio","item":"https:\/\/www.em.com.br\/emfoco\/"},{"@type":"ListItem","position":2,"name":"Frutas para intestino preso que melhoram a digest\u00e3o e ajudam o corpo a voltar ao ritmo natural"}]},{"@type":"WebSite","@id":"https:\/\/www.em.com.br\/emfoco\/#website","url":"https:\/\/www.em.com.br\/emfoco\/","name":"Estado de Minas - Em foco","description":"Acompanhe as \u00faltimas not\u00edcias e fique bem informado sobre tudo o que acontece em Minas Gerais, Brasil e no mundo.","potentialAction":[{"@type":"SearchAction","target":{"@type":"EntryPoint","urlTemplate":"https:\/\/www.em.com.br\/emfoco\/?s={search_term_string}"},"query-input":{"@type":"PropertyValueSpecification","valueRequired":true,"valueName":"search_term_string"}}],"inLanguage":"pt-BR"},{"@type":"Person","@id":"https:\/\/www.em.com.br\/emfoco\/#\/schema\/person\/bba594b7eebe9b9885fec3a5c7837089","name":"Douglas Myth","image":{"@type":"ImageObject","inLanguage":"pt-BR","@id":"https:\/\/www.em.com.br\/emfoco\/#\/schema\/person\/image\/","url":"https:\/\/secure.gravatar.com\/avatar\/1ac3cf50d0e68642c697dc0c960c802f?s=96&d=mm&r=g","contentUrl":"https:\/\/secure.gravatar.com\/avatar\/1ac3cf50d0e68642c697dc0c960c802f?s=96&d=mm&r=g","caption":"Douglas Myth"},"url":"https:\/\/www.em.com.br\/emfoco\/author\/douglasmyth\/"}]}},"_links":{"self":[{"href":"https:\/\/www.em.com.br\/emfoco\/wp-json\/wp\/v2\/posts\/198300","targetHints":{"allow":["GET"]}}],"collection":[{"href":"https:\/\/www.em.com.br\/emfoco\/wp-json\/wp\/v2\/posts"}],"about":[{"href":"https:\/\/www.em.com.br\/emfoco\/wp-json\/wp\/v2\/types\/post"}],"author":[{"embeddable":true,"href":"https:\/\/www.em.com.br\/emfoco\/wp-json\/wp\/v2\/users\/15"}],"replies":[{"embeddable":true,"href":"https:\/\/www.em.com.br\/emfoco\/wp-json\/wp\/v2\/comments?post=198300"}],"version-history":[{"count":2,"href":"https:\/\/www.em.com.br\/emfoco\/wp-json\/wp\/v2\/posts\/198300\/revisions"}],"predecessor-version":[{"id":198309,"href":"https:\/\/www.em.com.br\/emfoco\/wp-json\/wp\/v2\/posts\/198300\/revisions\/198309"}],"wp:featuredmedia":[{"embeddable":true,"href":"https:\/\/www.em.com.br\/emfoco\/wp-json\/wp\/v2\/media\/200880"}],"wp:attachment":[{"href":"https:\/\/www.em.com.br\/emfoco\/wp-json\/wp\/v2\/media?parent=198300"}],"wp:term":[{"taxonomy":"category","embeddable":true,"href":"https:\/\/www.em.com.br\/emfoco\/wp-json\/wp\/v2\/categories?post=198300"},{"taxonomy":"post_tag","embeddable":true,"href":"https:\/\/www.em.com.br\/emfoco\/wp-json\/wp\/v2\/tags?post=198300"}],"curies":[{"name":"wp","href":"https:\/\/api.w.org\/{rel}","templated":true}]}}