{"id":198293,"date":"2026-04-27T21:15:00","date_gmt":"2026-04-28T00:15:00","guid":{"rendered":"https:\/\/www.em.com.br\/emfoco\/?p=198293"},"modified":"2026-04-26T06:56:10","modified_gmt":"2026-04-26T09:56:10","slug":"segundo-a-psicologia-quais-sao-as-cores-escolhidas-por-pessoas-hipocritas","status":"publish","type":"post","link":"https:\/\/www.em.com.br\/emfoco\/2026\/04\/27\/segundo-a-psicologia-quais-sao-as-cores-escolhidas-por-pessoas-hipocritas\/","title":{"rendered":"Segundo a psicologia, quais s\u00e3o as cores escolhidas por pessoas hip\u00f3critas"},"content":{"rendered":"\n<p>A psicologia das cores demonstra que as tonalidades que escolhemos podem revelar tra\u00e7os profundos da nossa personalidade. Diversos estudos sugerem que certos tons est\u00e3o frequentemente associados a comportamentos de <strong>pessoas hip\u00f3critas<\/strong> e atitudes amb\u00edguas.<\/p>\n\n\n\n<h2 class=\"wp-block-heading\">Qual cor \u00e9 mais ligada \u00e0 falsidade e ambiguidade?<\/h2>\n\n\n\n<p>O <strong>amarelo<\/strong> \u00e9 frequentemente apontado por especialistas como a cor da dualidade. Embora transmita alegria e otimismo, ele tamb\u00e9m possui uma carga negativa hist\u00f3rica ligada \u00e0 arrog\u00e2ncia e \u00e0 superficialidade nas rela\u00e7\u00f5es humanas.<\/p>\n\n\n\n<p>De acordo com o pesquisador <strong>Jose Angel Saavedra<\/strong>, culturalmente, essa tonalidade \u00e9 vinculada ao ci\u00fame e \u00e0 mentira. Para <strong>pessoas hip\u00f3critas<\/strong>, o uso dessa cor pode projetar uma falsa sensa\u00e7\u00e3o de abertura, escondendo inten\u00e7\u00f5es desonestas por tr\u00e1s de um brilho artificial.<\/p>\n\n\n<div class=\"wp-block-image\">\n<figure class=\"aligncenter size-large\"><img loading=\"lazy\" decoding=\"async\" width=\"1024\" height=\"576\" src=\"https:\/\/www.em.com.br\/emfoco\/wp-content\/uploads\/2026\/04\/olhos-1-1024x576.jpg\" alt=\"O segredo por tr\u00e1s das cores escolhidas por quem deseja projetar uma falsa imagem\" class=\"wp-image-198297\" srcset=\"https:\/\/www.em.com.br\/emfoco\/wp-content\/uploads\/2026\/04\/olhos-1-1024x576.jpg 1024w, https:\/\/www.em.com.br\/emfoco\/wp-content\/uploads\/2026\/04\/olhos-1-300x169.jpg 300w, https:\/\/www.em.com.br\/emfoco\/wp-content\/uploads\/2026\/04\/olhos-1-768x432.jpg 768w, https:\/\/www.em.com.br\/emfoco\/wp-content\/uploads\/2026\/04\/olhos-1-750x422.jpg 750w, https:\/\/www.em.com.br\/emfoco\/wp-content\/uploads\/2026\/04\/olhos-1-1140x641.jpg 1140w, https:\/\/www.em.com.br\/emfoco\/wp-content\/uploads\/2026\/04\/olhos-1.jpg 1280w\" sizes=\"auto, (max-width: 1024px) 100vw, 1024px\" \/><figcaption class=\"wp-element-caption\">O segredo por tr\u00e1s das cores escolhidas por quem deseja projetar uma falsa imagem<\/figcaption><\/figure><\/div>\n\n\n<h2 class=\"wp-block-heading\">Como o verde pode refletir a inveja e a manipula\u00e7\u00e3o?<\/h2>\n\n\n\n<p>O <strong>verde<\/strong> \u00e9 outra cor que carrega <a href=\"https:\/\/www.em.com.br\/emfoco\/2026\/04\/23\/psicologia-revela-como-a-liberdade-dos-anos-70-moldou-a-resiliencia-emocional-das-criancas\/\" target=\"_blank\" rel=\"noreferrer noopener\">significados contradit\u00f3rios<\/a> dependendo da intensidade de seu tom. Enquanto tons claros remetem \u00e0 esperan\u00e7a, as varia\u00e7\u00f5es mais escuras est\u00e3o psicologicamente conectadas ao sentimento de inveja e \u00e0 trai\u00e7\u00e3o.<\/p>\n\n\n\n<p>O psic\u00f3logo <strong>\u00d3scar Castillero Mimenza<\/strong> explica que o verde escuro pode evocar sensa\u00e7\u00f5es de manipula\u00e7\u00e3o. Quando combinado ao <strong>preto<\/strong>, esse tom refor\u00e7a o v\u00ednculo com o engano, sendo uma escolha comum para quem busca mascarar sentimentos negativos com uma apar\u00eancia de estabilidade.<\/p>\n\n\n\n<h2 class=\"wp-block-heading\">Quais s\u00e3o os impactos psicol\u00f3gicos das cores prim\u00e1rias?<\/h2>\n\n\n\n<p>As cores n\u00e3o afetam apenas a est\u00e9tica, mas modificam diretamente as emo\u00e7\u00f5es e percep\u00e7\u00f5es de quem nos observa. Cada matiz envia um sinal ao c\u00e9rebro que pode transmitir desde confian\u00e7a absoluta at\u00e9 sinais de perigo ou agressividade oculta.<\/p>\n\n\n\n<p>Confira como as cores prim\u00e1rias influenciam a percep\u00e7\u00e3o social:<\/p>\n\n\n\n<ul class=\"wp-block-list\">\n<li><strong>Vermelho<\/strong>: Associado \u00e0 paix\u00e3o e energia, mas pode transmitir agressividade em excesso.<\/li>\n\n\n\n<li><strong>Azul<\/strong>: Gera impress\u00f5es de serenidade, profissionalismo e confiabilidade extrema.<\/li>\n\n\n\n<li><strong>Amarelo<\/strong>: Transmite inova\u00e7\u00e3o, mas tamb\u00e9m sinaliza alerta para comportamentos falsos.<\/li>\n<\/ul>\n\n\n<div class=\"wp-block-image\">\n<figure class=\"aligncenter size-large\"><img loading=\"lazy\" decoding=\"async\" width=\"1024\" height=\"576\" src=\"https:\/\/www.em.com.br\/emfoco\/wp-content\/uploads\/2026\/04\/verde-1024x576.jpg\" alt=\"Entenda como a manipula\u00e7\u00e3o de cores ajuda a criar falsos perfis de personalidade\" class=\"wp-image-198301\" srcset=\"https:\/\/www.em.com.br\/emfoco\/wp-content\/uploads\/2026\/04\/verde-1024x576.jpg 1024w, https:\/\/www.em.com.br\/emfoco\/wp-content\/uploads\/2026\/04\/verde-300x169.jpg 300w, https:\/\/www.em.com.br\/emfoco\/wp-content\/uploads\/2026\/04\/verde-768x432.jpg 768w, https:\/\/www.em.com.br\/emfoco\/wp-content\/uploads\/2026\/04\/verde-750x422.jpg 750w, https:\/\/www.em.com.br\/emfoco\/wp-content\/uploads\/2026\/04\/verde-1140x641.jpg 1140w, https:\/\/www.em.com.br\/emfoco\/wp-content\/uploads\/2026\/04\/verde.jpg 1280w\" sizes=\"auto, (max-width: 1024px) 100vw, 1024px\" \/><figcaption class=\"wp-element-caption\">Entenda como a manipula\u00e7\u00e3o de cores ajuda a criar falsos perfis de personalidade<\/figcaption><\/figure><\/div>\n\n\n<h2 class=\"wp-block-heading\">O que o uso excessivo do preto revela sobre a personalidade?<\/h2>\n\n\n\n<p>O <strong>preto<\/strong> \u00e9 o s\u00edmbolo m\u00e1ximo da eleg\u00e2ncia e sofistica\u00e7\u00e3o, mas tamb\u00e9m carrega uma conota\u00e7\u00e3o de autoridade e mist\u00e9rio. Na psicologia, o uso exagerado desta cor pode indicar uma pessoa emocionalmente fechada ou que deseja projetar uma barreira de poder.<\/p>\n\n\n\n<p>Abaixo, comparamos as impress\u00f5es geradas pelo preto e pelo azul nas intera\u00e7\u00f5es:<\/p>\n\n\n<div class=\"wp-block-image\">\n<figure class=\"aligncenter size-large is-resized\"><img loading=\"lazy\" decoding=\"async\" width=\"1024\" height=\"582\" src=\"https:\/\/www.em.com.br\/emfoco\/wp-content\/uploads\/2026\/04\/image-140-1024x582.png\" alt=\"\" class=\"wp-image-198311\" style=\"width:858px;height:auto\" srcset=\"https:\/\/www.em.com.br\/emfoco\/wp-content\/uploads\/2026\/04\/image-140-1024x582.png 1024w, https:\/\/www.em.com.br\/emfoco\/wp-content\/uploads\/2026\/04\/image-140-300x171.png 300w, https:\/\/www.em.com.br\/emfoco\/wp-content\/uploads\/2026\/04\/image-140-768x437.png 768w, https:\/\/www.em.com.br\/emfoco\/wp-content\/uploads\/2026\/04\/image-140-750x427.png 750w, https:\/\/www.em.com.br\/emfoco\/wp-content\/uploads\/2026\/04\/image-140-1140x648.png 1140w, https:\/\/www.em.com.br\/emfoco\/wp-content\/uploads\/2026\/04\/image-140.png 1280w\" sizes=\"auto, (max-width: 1024px) 100vw, 1024px\" \/><\/figure><\/div>\n\n\n<h2 class=\"wp-block-heading\">Como identificar sinais de hipocrisia atrav\u00e9s do contexto visual?<\/h2>\n\n\n\n<p>\u00c9 importante ressaltar que a prefer\u00eancia por uma cor n\u00e3o define o car\u00e1ter de algu\u00e9m isoladamente, pois o contexto cultural e o g\u00eanero influenciam as escolhas. No entanto, a repeti\u00e7\u00e3o de padr\u00f5es visuais amb\u00edguos costuma ser um sinal de alerta para especialistas em comportamento humano.<\/p>\n\n\n\n<p>Estudos sobre <strong>comunica\u00e7\u00e3o n\u00e3o verbal<\/strong>, frequentemente associados a Albert Mehrabian, mostram que sinais n\u00e3o verbais influenciam a interpreta\u00e7\u00e3o de mensagens, mas seu uso isolado como regra geral \u00e9 um <strong>mito amplamente difundido<\/strong>.<\/p>\n","protected":false},"excerpt":{"rendered":"<p>A psicologia das cores demonstra que as tonalidades que escolhemos podem revelar tra\u00e7os profundos da nossa personalidade. Diversos estudos sugerem que certos tons est\u00e3o frequentemente associados a comportamentos de pessoas hip\u00f3critas e atitudes amb\u00edguas. Qual cor \u00e9 mais ligada \u00e0 falsidade e ambiguidade? O amarelo \u00e9 frequentemente apontado por especialistas como a cor da dualidade. [&hellip;]<\/p>\n","protected":false},"author":30,"featured_media":198295,"comment_status":"open","ping_status":"open","sticky":false,"template":"","format":"standard","meta":{"jnews-multi-image_gallery":[],"jnews_single_post":{"format":"standard"},"jnews_primary_category":[],"jnews_social_meta":[],"jnews_override_counter":[],"footnotes":""},"categories":[8691],"tags":[10466,1110,28646,5155],"class_list":["post-198293","post","type-post","status-publish","format-standard","has-post-thumbnail","hentry","category-bem-estar","tag-amarelo","tag-cores","tag-cores-primarias","tag-psicologia"],"yoast_head":"<!-- This site is optimized with the Yoast SEO plugin v23.8 - https:\/\/yoast.com\/wordpress\/plugins\/seo\/ -->\n<title>Segundo a psicologia, quais s\u00e3o as cores escolhidas por pessoas hip\u00f3critas - Estado de Minas - Em foco<\/title>\n<meta name=\"description\" content=\"Segundo a psicologia, veja quais s\u00e3o as cores escolhidas por pessoas hip\u00f3critas. Entenda os tons associados a comportamentos amb\u00edguos agora.\" \/>\n<meta name=\"robots\" content=\"index, follow, max-snippet:-1, max-image-preview:large, max-video-preview:-1\" \/>\n<link rel=\"canonical\" href=\"https:\/\/www.em.com.br\/emfoco\/2026\/04\/27\/segundo-a-psicologia-quais-sao-as-cores-escolhidas-por-pessoas-hipocritas\/\" \/>\n<meta property=\"og:locale\" content=\"pt_BR\" \/>\n<meta property=\"og:type\" content=\"article\" \/>\n<meta property=\"og:title\" content=\"Segundo a psicologia, quais s\u00e3o as cores escolhidas por pessoas hip\u00f3critas - Estado de Minas - Em foco\" \/>\n<meta property=\"og:description\" content=\"Segundo a psicologia, veja quais s\u00e3o as cores escolhidas por pessoas hip\u00f3critas. Entenda os tons associados a comportamentos amb\u00edguos agora.\" \/>\n<meta property=\"og:url\" content=\"https:\/\/www.em.com.br\/emfoco\/2026\/04\/27\/segundo-a-psicologia-quais-sao-as-cores-escolhidas-por-pessoas-hipocritas\/\" \/>\n<meta property=\"og:site_name\" content=\"Estado de Minas - Em foco\" \/>\n<meta property=\"article:published_time\" content=\"2026-04-28T00:15:00+00:00\" \/>\n<meta property=\"article:modified_time\" content=\"2026-04-26T09:56:10+00:00\" \/>\n<meta property=\"og:image\" content=\"https:\/\/www.em.com.br\/emfoco\/wp-content\/uploads\/2026\/04\/hiporcrita.jpg\" \/>\n\t<meta property=\"og:image:width\" content=\"1280\" \/>\n\t<meta property=\"og:image:height\" content=\"720\" \/>\n\t<meta property=\"og:image:type\" content=\"image\/jpeg\" \/>\n<meta name=\"author\" content=\"Guilherme Ara\u00fajo\" \/>\n<meta name=\"twitter:card\" content=\"summary_large_image\" \/>\n<meta name=\"twitter:label1\" content=\"Escrito por\" \/>\n\t<meta name=\"twitter:data1\" content=\"Guilherme Ara\u00fajo\" \/>\n\t<meta name=\"twitter:label2\" content=\"Est. tempo de leitura\" \/>\n\t<meta name=\"twitter:data2\" content=\"4 minutos\" \/>\n<!-- \/ Yoast SEO plugin. -->","yoast_head_json":{"title":"Segundo a psicologia, quais s\u00e3o as cores escolhidas por pessoas hip\u00f3critas - Estado de Minas - Em foco","description":"Segundo a psicologia, veja quais s\u00e3o as cores escolhidas por pessoas hip\u00f3critas. Entenda os tons associados a comportamentos amb\u00edguos agora.","robots":{"index":"index","follow":"follow","max-snippet":"max-snippet:-1","max-image-preview":"max-image-preview:large","max-video-preview":"max-video-preview:-1"},"canonical":"https:\/\/www.em.com.br\/emfoco\/2026\/04\/27\/segundo-a-psicologia-quais-sao-as-cores-escolhidas-por-pessoas-hipocritas\/","og_locale":"pt_BR","og_type":"article","og_title":"Segundo a psicologia, quais s\u00e3o as cores escolhidas por pessoas hip\u00f3critas - Estado de Minas - Em foco","og_description":"Segundo a psicologia, veja quais s\u00e3o as cores escolhidas por pessoas hip\u00f3critas. Entenda os tons associados a comportamentos amb\u00edguos agora.","og_url":"https:\/\/www.em.com.br\/emfoco\/2026\/04\/27\/segundo-a-psicologia-quais-sao-as-cores-escolhidas-por-pessoas-hipocritas\/","og_site_name":"Estado de Minas - Em foco","article_published_time":"2026-04-28T00:15:00+00:00","article_modified_time":"2026-04-26T09:56:10+00:00","og_image":[{"width":1280,"height":720,"url":"https:\/\/www.em.com.br\/emfoco\/wp-content\/uploads\/2026\/04\/hiporcrita.jpg","type":"image\/jpeg"}],"author":"Guilherme Ara\u00fajo","twitter_card":"summary_large_image","twitter_misc":{"Escrito por":"Guilherme Ara\u00fajo","Est. tempo de leitura":"4 minutos"},"schema":{"@context":"https:\/\/schema.org","@graph":[{"@type":"WebPage","@id":"https:\/\/www.em.com.br\/emfoco\/2026\/04\/27\/segundo-a-psicologia-quais-sao-as-cores-escolhidas-por-pessoas-hipocritas\/","url":"https:\/\/www.em.com.br\/emfoco\/2026\/04\/27\/segundo-a-psicologia-quais-sao-as-cores-escolhidas-por-pessoas-hipocritas\/","name":"Segundo a psicologia, quais s\u00e3o as cores escolhidas por pessoas hip\u00f3critas - Estado de Minas - Em foco","isPartOf":{"@id":"https:\/\/www.em.com.br\/emfoco\/#website"},"primaryImageOfPage":{"@id":"https:\/\/www.em.com.br\/emfoco\/2026\/04\/27\/segundo-a-psicologia-quais-sao-as-cores-escolhidas-por-pessoas-hipocritas\/#primaryimage"},"image":{"@id":"https:\/\/www.em.com.br\/emfoco\/2026\/04\/27\/segundo-a-psicologia-quais-sao-as-cores-escolhidas-por-pessoas-hipocritas\/#primaryimage"},"thumbnailUrl":"https:\/\/www.em.com.br\/emfoco\/wp-content\/uploads\/2026\/04\/hiporcrita.jpg","datePublished":"2026-04-28T00:15:00+00:00","dateModified":"2026-04-26T09:56:10+00:00","author":{"@id":"https:\/\/www.em.com.br\/emfoco\/#\/schema\/person\/5379e929a4b966c775d121e23f9bb421"},"description":"Segundo a psicologia, veja quais s\u00e3o as cores escolhidas por pessoas hip\u00f3critas. Entenda os tons associados a comportamentos amb\u00edguos agora.","breadcrumb":{"@id":"https:\/\/www.em.com.br\/emfoco\/2026\/04\/27\/segundo-a-psicologia-quais-sao-as-cores-escolhidas-por-pessoas-hipocritas\/#breadcrumb"},"inLanguage":"pt-BR","potentialAction":[{"@type":"ReadAction","target":["https:\/\/www.em.com.br\/emfoco\/2026\/04\/27\/segundo-a-psicologia-quais-sao-as-cores-escolhidas-por-pessoas-hipocritas\/"]}]},{"@type":"ImageObject","inLanguage":"pt-BR","@id":"https:\/\/www.em.com.br\/emfoco\/2026\/04\/27\/segundo-a-psicologia-quais-sao-as-cores-escolhidas-por-pessoas-hipocritas\/#primaryimage","url":"https:\/\/www.em.com.br\/emfoco\/wp-content\/uploads\/2026\/04\/hiporcrita.jpg","contentUrl":"https:\/\/www.em.com.br\/emfoco\/wp-content\/uploads\/2026\/04\/hiporcrita.jpg","width":1280,"height":720,"caption":"Como pessoas dissimuladas usam tons espec\u00edficos para manipular sua percep\u00e7\u00e3o"},{"@type":"BreadcrumbList","@id":"https:\/\/www.em.com.br\/emfoco\/2026\/04\/27\/segundo-a-psicologia-quais-sao-as-cores-escolhidas-por-pessoas-hipocritas\/#breadcrumb","itemListElement":[{"@type":"ListItem","position":1,"name":"In\u00edcio","item":"https:\/\/www.em.com.br\/emfoco\/"},{"@type":"ListItem","position":2,"name":"Segundo a psicologia, quais s\u00e3o as cores escolhidas por pessoas hip\u00f3critas"}]},{"@type":"WebSite","@id":"https:\/\/www.em.com.br\/emfoco\/#website","url":"https:\/\/www.em.com.br\/emfoco\/","name":"Estado de Minas - Em foco","description":"Acompanhe as \u00faltimas not\u00edcias e fique bem informado sobre tudo o que acontece em Minas Gerais, Brasil e no mundo.","potentialAction":[{"@type":"SearchAction","target":{"@type":"EntryPoint","urlTemplate":"https:\/\/www.em.com.br\/emfoco\/?s={search_term_string}"},"query-input":{"@type":"PropertyValueSpecification","valueRequired":true,"valueName":"search_term_string"}}],"inLanguage":"pt-BR"},{"@type":"Person","@id":"https:\/\/www.em.com.br\/emfoco\/#\/schema\/person\/5379e929a4b966c775d121e23f9bb421","name":"Guilherme Ara\u00fajo","image":{"@type":"ImageObject","inLanguage":"pt-BR","@id":"https:\/\/www.em.com.br\/emfoco\/#\/schema\/person\/image\/","url":"https:\/\/secure.gravatar.com\/avatar\/b8bf1fd0130e170bd8f5d7298dbafa25?s=96&d=mm&r=g","contentUrl":"https:\/\/secure.gravatar.com\/avatar\/b8bf1fd0130e170bd8f5d7298dbafa25?s=96&d=mm&r=g","caption":"Guilherme Ara\u00fajo"},"sameAs":["https:\/\/www.em.com.br\/emfoco"],"url":"https:\/\/www.em.com.br\/emfoco\/author\/guilhermeamyth\/"}]}},"_links":{"self":[{"href":"https:\/\/www.em.com.br\/emfoco\/wp-json\/wp\/v2\/posts\/198293","targetHints":{"allow":["GET"]}}],"collection":[{"href":"https:\/\/www.em.com.br\/emfoco\/wp-json\/wp\/v2\/posts"}],"about":[{"href":"https:\/\/www.em.com.br\/emfoco\/wp-json\/wp\/v2\/types\/post"}],"author":[{"embeddable":true,"href":"https:\/\/www.em.com.br\/emfoco\/wp-json\/wp\/v2\/users\/30"}],"replies":[{"embeddable":true,"href":"https:\/\/www.em.com.br\/emfoco\/wp-json\/wp\/v2\/comments?post=198293"}],"version-history":[{"count":3,"href":"https:\/\/www.em.com.br\/emfoco\/wp-json\/wp\/v2\/posts\/198293\/revisions"}],"predecessor-version":[{"id":198312,"href":"https:\/\/www.em.com.br\/emfoco\/wp-json\/wp\/v2\/posts\/198293\/revisions\/198312"}],"wp:featuredmedia":[{"embeddable":true,"href":"https:\/\/www.em.com.br\/emfoco\/wp-json\/wp\/v2\/media\/198295"}],"wp:attachment":[{"href":"https:\/\/www.em.com.br\/emfoco\/wp-json\/wp\/v2\/media?parent=198293"}],"wp:term":[{"taxonomy":"category","embeddable":true,"href":"https:\/\/www.em.com.br\/emfoco\/wp-json\/wp\/v2\/categories?post=198293"},{"taxonomy":"post_tag","embeddable":true,"href":"https:\/\/www.em.com.br\/emfoco\/wp-json\/wp\/v2\/tags?post=198293"}],"curies":[{"name":"wp","href":"https:\/\/api.w.org\/{rel}","templated":true}]}}