{"id":198274,"date":"2026-04-29T09:35:00","date_gmt":"2026-04-29T12:35:00","guid":{"rendered":"https:\/\/www.em.com.br\/emfoco\/?p=198274"},"modified":"2026-04-28T13:16:20","modified_gmt":"2026-04-28T16:16:20","slug":"esses-cortes-de-cabelo-para-mulheres-maduras-afinam-o-rosto-e-alongam-o-pescoco-com-elegancia-natural","status":"publish","type":"post","link":"https:\/\/www.em.com.br\/emfoco\/2026\/04\/29\/esses-cortes-de-cabelo-para-mulheres-maduras-afinam-o-rosto-e-alongam-o-pescoco-com-elegancia-natural\/","title":{"rendered":"Esses cortes de cabelo para mulheres maduras afinam o rosto e alongam o pesco\u00e7o com eleg\u00e2ncia natural"},"content":{"rendered":"\n<p>Escolher <strong>cortes<\/strong> de cabelo para mulheres maduras depois dos 50 anos envolve mais do que seguir tend\u00eancias. Nessa fase, muitas pessoas buscam leveza, praticidade e um efeito visual que ajude a suavizar o rosto e alongar o pesco\u00e7o, sem mudan\u00e7as bruscas. Detalhes como comprimento na linha do queixo, volume lateral e forma como a nuca aparece influenciam diretamente na sensa\u00e7\u00e3o de rosto mais fino e postura mais elegante.<\/p>\n\n\n\n<h2 class=\"wp-block-heading\">Como o corte de cabelo pode afinar o rosto e alongar o pesco\u00e7o?<\/h2>\n\n\n\n<p>O formato do <strong>corte<\/strong> \u00e9 um dos principais aliados para criar esse efeito visual. Um corte que afina o rosto trabalha linhas diagonais, franjas suaves ou mechas frontais que contornam a face, desviando a aten\u00e7\u00e3o de \u00e1reas mais largas, como maxilar ou bochechas. J\u00e1 um corte que alonga o pesco\u00e7o costuma deixar a nuca mais limpa ou alinhar o comprimento na altura do queixo ou da clav\u00edcula, criando impress\u00e3o de eixo mais vertical.<\/p>\n\n\n\n<p>O profissional observa principalmente formato do rosto, textura do fio e densidade. Em rostos arredondados, cortes muito retos no queixo podem ampliar a largura facial, enquanto bases levemente alongadas nas laterais ajudam a <a href=\"https:\/\/www.em.com.br\/emfoco\/2026\/04\/23\/essa-raiz-doce-e-crocante-cresce-com-pouco-cuidado-e-ainda-chama-atencao-pela-produtividade\/\" target=\"_blank\" rel=\"noreferrer noopener\">equilibrar<\/a>. Fios muito volumosos pedem <em>camadas<\/em> internas e pontas leves, o que reduz peso visual, mant\u00e9m movimento e evita aumento de <strong>frizz<\/strong>.<\/p>\n\n\n\n<figure class=\"wp-block-image size-large\"><img loading=\"lazy\" decoding=\"async\" width=\"1024\" height=\"576\" src=\"https:\/\/www.em.com.br\/emfoco\/wp-content\/uploads\/2026\/04\/Texto-do-seu-paragrafo-2026-04-24T074313.582-1024x576.jpg\" alt=\"Esses cortes de cabelo para mulheres maduras afinam o rosto e alongam o pesco\u00e7o com eleg\u00e2ncia natural\" class=\"wp-image-198298\" srcset=\"https:\/\/www.em.com.br\/emfoco\/wp-content\/uploads\/2026\/04\/Texto-do-seu-paragrafo-2026-04-24T074313.582-1024x576.jpg 1024w, https:\/\/www.em.com.br\/emfoco\/wp-content\/uploads\/2026\/04\/Texto-do-seu-paragrafo-2026-04-24T074313.582-300x169.jpg 300w, https:\/\/www.em.com.br\/emfoco\/wp-content\/uploads\/2026\/04\/Texto-do-seu-paragrafo-2026-04-24T074313.582-768x432.jpg 768w, https:\/\/www.em.com.br\/emfoco\/wp-content\/uploads\/2026\/04\/Texto-do-seu-paragrafo-2026-04-24T074313.582-750x422.jpg 750w, https:\/\/www.em.com.br\/emfoco\/wp-content\/uploads\/2026\/04\/Texto-do-seu-paragrafo-2026-04-24T074313.582-1140x641.jpg 1140w, https:\/\/www.em.com.br\/emfoco\/wp-content\/uploads\/2026\/04\/Texto-do-seu-paragrafo-2026-04-24T074313.582.jpg 1280w\" sizes=\"auto, (max-width: 1024px) 100vw, 1024px\" \/><figcaption class=\"wp-element-caption\">Cortes de cabelo para mulheres maduras que afinam o rosto e deixam o pesco\u00e7o mais longo e elegante<\/figcaption><\/figure>\n\n\n\n<h2 class=\"wp-block-heading\">Quais s\u00e3o as vantagens do bob alongado para mulheres maduras?<\/h2>\n\n\n\n<p>O <strong>bob alongado<\/strong>, tamb\u00e9m chamado de <em>long bob curto<\/em>, \u00e9 um dos cortes de cabelo para mulheres maduras mais usados por quem quer leveza com eleg\u00e2ncia. Em geral, o comprimento fica entre o queixo e a base do pesco\u00e7o, com a parte da frente discretamente mais longa. Essa diferen\u00e7a cria diagonal suave que ajuda a afinar o maxilar e alongar visualmente o pesco\u00e7o.<\/p>\n\n\n\n<p>Do ponto de vista t\u00e9cnico, esse corte equilibra estrutura e suavidade: a base reta garante organiza\u00e7\u00e3o, enquanto camadas internas discretas evitam que o cabelo \u201carme\u201d nas laterais. Em fios finos, o bob alongado traz sensa\u00e7\u00e3o de maior densidade; em fios grossos, controla o excesso de volume. Para potencializar o corte que afina o rosto, muitos profissionais sugerem risca lateral e pontas da frente levemente viradas para <strong>dentro<\/strong>.<\/p>\n\n\n\n<ul class=\"wp-block-list\">\n<li><strong>Liso<\/strong> polido, para um visual cl\u00e1ssico e alinhado.<\/li>\n\n\n\n<li>Ondas suaves com babyliss ou escova modelada, criando efeito moderno.<\/li>\n\n\n\n<li>Textura natural com finalizador leve, valorizando movimento no dia a dia.<\/li>\n<\/ul>\n\n\n\n<h2 class=\"wp-block-heading\">Pixie alongado \u00e9 indicado para quem busca praticidade?<\/h2>\n\n\n\n<p>Entre os cabelos 50 com ar moderno, o <strong>pixie<\/strong> alongado se destaca pela praticidade. Nesse estilo, a nuca fica mais curta e limpa, enquanto topo e frente ganham mechas mais longas e suaves. Essa combina\u00e7\u00e3o exp\u00f5e o pesco\u00e7o, criando sensa\u00e7\u00e3o de alongamento, e ao mesmo tempo molda o rosto, valorizando olhos e ma\u00e7\u00e3s do rosto, sem exigir muitas etapas de finaliza\u00e7\u00e3o.<\/p>\n\n\n\n<p>O pixie alongado tende a funcionar bem para quem deseja reduzir tempo de secagem e simplificar a rotina. Ele pode ser adaptado conforme a textura dos fios, preservando um resultado <a href=\"https:\/\/www.em.com.br\/emfoco\/2026\/04\/23\/os-beneficios-do-abacate-vao-alem-da-saciedade-e-podem-favorecer-coracao-e-circulacao\/\" target=\"_blank\" rel=\"noreferrer noopener\">sofisticado <\/a>e atual. Em <strong>cabelos finos<\/strong>, as camadas no topo criam corpo; em fios m\u00e9dios a grossos, o desbaste controlado evita excesso de volume; j\u00e1 os fios ondulados produzem efeito texturizado natural, muitas vezes dispensando ferramentas de calor.<\/p>\n\n\n\n<p>Conte\u00fado do canal <strong>Juliana Christ<\/strong>, com mais de 202 mil de inscritos e cerca de 9.7 mil de visualiza\u00e7\u00f5es:<\/p>\n\n\n\n<figure class=\"wp-block-embed is-type-video is-provider-youtube wp-block-embed-youtube wp-embed-aspect-16-9 wp-has-aspect-ratio\"><div class=\"wp-block-embed__wrapper\">\n<div class=\"jeg_video_container jeg_video_content\"><iframe loading=\"lazy\" title=\"CORTES DE CABELO PARA MULHERES MADURAS | Juliana Christ\" width=\"500\" height=\"281\" src=\"https:\/\/www.youtube.com\/embed\/cuTiRTlhfzQ?feature=oembed\" frameborder=\"0\" allow=\"accelerometer; autoplay; clipboard-write; encrypted-media; gyroscope; picture-in-picture; web-share\" referrerpolicy=\"strict-origin-when-cross-origin\" allowfullscreen><\/iframe><\/div>\n<\/div><\/figure>\n\n\n\n<h2 class=\"wp-block-heading\">Quando apostar no long bob com base reta?<\/h2>\n\n\n\n<p>Para quem prefere fios um pouco maiores, o <strong>long bob<\/strong> com base reta \u00e9 uma alternativa entre cabelo m\u00e9dio e longo. O comprimento costuma chegar pr\u00f3ximo \u00e0 clav\u00edcula, linha que favorece a sensa\u00e7\u00e3o de tronco mais alongado e pesco\u00e7o mais esguio. A base \u00e9 reta, mas as pontas recebem leve desfiado ou lapida\u00e7\u00e3o, garantindo movimento e evitando aspecto pesado.<\/p>\n\n\n\n<p>Esse estilo se destaca entre os cortes de cabelo para mulheres maduras que desejam <a href=\"https:\/\/pmc.ncbi.nlm.nih.gov\/articles\/PMC12094410\/\" target=\"_blank\" rel=\"noreferrer noopener\">versatilidade<\/a>. Ele permite prender parcialmente, usar solto ou modelar com ondas largas, mantendo um cabelo elegante feminino. Ajustes como camadas internas suaves para controlar peso, franja longa lateral acompanhando o contorno do rosto e finalizadores de brilho leve costumam deixar o visual mais polido e <strong>harm\u00f4nico<\/strong>.<\/p>\n\n\n\n<h2 class=\"wp-block-heading\">Como escolher o melhor corte de cabelo para mulheres maduras?<\/h2>\n\n\n\n<p>A defini\u00e7\u00e3o do corte ideal envolve an\u00e1lise conjunta entre cliente e profissional, considerando rotina, estilo pessoal e cuidados poss\u00edveis. Elementos como formato do rosto, idade, tipo de fio e tempo dispon\u00edvel para finaliza\u00e7\u00e3o orientam o desenho final. O objetivo \u00e9 que o corte de cabelo para mulheres maduras trabalhe a favor da imagem, trazendo leveza e <strong>harmonia<\/strong> facial, sem transforma\u00e7\u00f5es radicais.<\/p>\n\n\n\n<p>Alguns direcionamentos ajudam na escolha consciente do corte, principalmente para quem busca equil\u00edbrio entre rejuvenescimento suave e praticidade no dia a dia:<\/p>\n\n\n\n<ul class=\"wp-block-list\">\n<li>Rostos arredondados beneficiam-se de diagonais suaves e volumes mais altos no topo.<\/li>\n\n\n\n<li>Rostos alongados lidam melhor com franjas suaves ou comprimentos na altura do queixo e da clav\u00edcula.<\/li>\n\n\n\n<li>Cabelos finos pedem bases mais retas e poucas <strong>camadas<\/strong> externas.<\/li>\n\n\n\n<li>Cabelos grossos ou cacheados respondem bem a camadas internas e pontas leves.<\/li>\n<\/ul>\n","protected":false},"excerpt":{"rendered":"<p>Escolher cortes de cabelo para mulheres maduras depois dos 50 anos envolve mais do que seguir tend\u00eancias. Nessa fase, muitas pessoas buscam leveza, praticidade e um efeito visual que ajude a suavizar o rosto e alongar o pesco\u00e7o, sem mudan\u00e7as bruscas. Detalhes como comprimento na linha do queixo, volume lateral e forma como a nuca [&hellip;]<\/p>\n","protected":false},"author":15,"featured_media":200881,"comment_status":"open","ping_status":"open","sticky":false,"template":"","format":"standard","meta":{"jnews-multi-image_gallery":[],"jnews_single_post":{"format":"standard"},"jnews_primary_category":[],"jnews_social_meta":[],"jnews_override_counter":[],"footnotes":""},"categories":[8819],"tags":[4905,27807,4977],"class_list":["post-198274","post","type-post","status-publish","format-standard","has-post-thumbnail","hentry","category-curiosidades","tag-cabelo","tag-cabelo-50","tag-moda"],"yoast_head":"<!-- This site is optimized with the Yoast SEO plugin v23.8 - https:\/\/yoast.com\/wordpress\/plugins\/seo\/ -->\n<title>Esses cortes de cabelo para mulheres maduras afinam o rosto e alongam o pesco\u00e7o com eleg\u00e2ncia natural - Estado de Minas - Em foco<\/title>\n<meta name=\"description\" content=\"Cortes de cabelo para mulheres maduras podem afinar o rosto, alongar o pesco\u00e7o e trazer leveza ao visual com um resultado elegante e natural.\" \/>\n<meta name=\"robots\" content=\"index, follow, max-snippet:-1, max-image-preview:large, max-video-preview:-1\" \/>\n<link rel=\"canonical\" href=\"https:\/\/www.em.com.br\/emfoco\/2026\/04\/29\/esses-cortes-de-cabelo-para-mulheres-maduras-afinam-o-rosto-e-alongam-o-pescoco-com-elegancia-natural\/\" \/>\n<meta property=\"og:locale\" content=\"pt_BR\" \/>\n<meta property=\"og:type\" content=\"article\" \/>\n<meta property=\"og:title\" content=\"Esses cortes de cabelo para mulheres maduras afinam o rosto e alongam o pesco\u00e7o com eleg\u00e2ncia natural - Estado de Minas - Em foco\" \/>\n<meta property=\"og:description\" content=\"Cortes de cabelo para mulheres maduras podem afinar o rosto, alongar o pesco\u00e7o e trazer leveza ao visual com um resultado elegante e natural.\" \/>\n<meta property=\"og:url\" content=\"https:\/\/www.em.com.br\/emfoco\/2026\/04\/29\/esses-cortes-de-cabelo-para-mulheres-maduras-afinam-o-rosto-e-alongam-o-pescoco-com-elegancia-natural\/\" \/>\n<meta property=\"og:site_name\" content=\"Estado de Minas - Em foco\" \/>\n<meta property=\"article:published_time\" content=\"2026-04-29T12:35:00+00:00\" \/>\n<meta property=\"article:modified_time\" content=\"2026-04-28T16:16:20+00:00\" \/>\n<meta property=\"og:image\" content=\"https:\/\/www.em.com.br\/emfoco\/wp-content\/uploads\/2026\/04\/EmFoco_03-11.jpg\" \/>\n\t<meta property=\"og:image:width\" content=\"1280\" \/>\n\t<meta property=\"og:image:height\" content=\"720\" \/>\n\t<meta property=\"og:image:type\" content=\"image\/jpeg\" \/>\n<meta name=\"author\" content=\"Douglas Myth\" \/>\n<meta name=\"twitter:card\" content=\"summary_large_image\" \/>\n<meta name=\"twitter:label1\" content=\"Escrito por\" \/>\n\t<meta name=\"twitter:data1\" content=\"Douglas Myth\" \/>\n\t<meta name=\"twitter:label2\" content=\"Est. tempo de leitura\" \/>\n\t<meta name=\"twitter:data2\" content=\"5 minutos\" \/>\n<!-- \/ Yoast SEO plugin. -->","yoast_head_json":{"title":"Esses cortes de cabelo para mulheres maduras afinam o rosto e alongam o pesco\u00e7o com eleg\u00e2ncia natural - Estado de Minas - Em foco","description":"Cortes de cabelo para mulheres maduras podem afinar o rosto, alongar o pesco\u00e7o e trazer leveza ao visual com um resultado elegante e natural.","robots":{"index":"index","follow":"follow","max-snippet":"max-snippet:-1","max-image-preview":"max-image-preview:large","max-video-preview":"max-video-preview:-1"},"canonical":"https:\/\/www.em.com.br\/emfoco\/2026\/04\/29\/esses-cortes-de-cabelo-para-mulheres-maduras-afinam-o-rosto-e-alongam-o-pescoco-com-elegancia-natural\/","og_locale":"pt_BR","og_type":"article","og_title":"Esses cortes de cabelo para mulheres maduras afinam o rosto e alongam o pesco\u00e7o com eleg\u00e2ncia natural - Estado de Minas - Em foco","og_description":"Cortes de cabelo para mulheres maduras podem afinar o rosto, alongar o pesco\u00e7o e trazer leveza ao visual com um resultado elegante e natural.","og_url":"https:\/\/www.em.com.br\/emfoco\/2026\/04\/29\/esses-cortes-de-cabelo-para-mulheres-maduras-afinam-o-rosto-e-alongam-o-pescoco-com-elegancia-natural\/","og_site_name":"Estado de Minas - Em foco","article_published_time":"2026-04-29T12:35:00+00:00","article_modified_time":"2026-04-28T16:16:20+00:00","og_image":[{"width":1280,"height":720,"url":"https:\/\/www.em.com.br\/emfoco\/wp-content\/uploads\/2026\/04\/EmFoco_03-11.jpg","type":"image\/jpeg"}],"author":"Douglas Myth","twitter_card":"summary_large_image","twitter_misc":{"Escrito por":"Douglas Myth","Est. tempo de leitura":"5 minutos"},"schema":{"@context":"https:\/\/schema.org","@graph":[{"@type":"WebPage","@id":"https:\/\/www.em.com.br\/emfoco\/2026\/04\/29\/esses-cortes-de-cabelo-para-mulheres-maduras-afinam-o-rosto-e-alongam-o-pescoco-com-elegancia-natural\/","url":"https:\/\/www.em.com.br\/emfoco\/2026\/04\/29\/esses-cortes-de-cabelo-para-mulheres-maduras-afinam-o-rosto-e-alongam-o-pescoco-com-elegancia-natural\/","name":"Esses cortes de cabelo para mulheres maduras afinam o rosto e alongam o pesco\u00e7o com eleg\u00e2ncia natural - Estado de Minas - Em foco","isPartOf":{"@id":"https:\/\/www.em.com.br\/emfoco\/#website"},"primaryImageOfPage":{"@id":"https:\/\/www.em.com.br\/emfoco\/2026\/04\/29\/esses-cortes-de-cabelo-para-mulheres-maduras-afinam-o-rosto-e-alongam-o-pescoco-com-elegancia-natural\/#primaryimage"},"image":{"@id":"https:\/\/www.em.com.br\/emfoco\/2026\/04\/29\/esses-cortes-de-cabelo-para-mulheres-maduras-afinam-o-rosto-e-alongam-o-pescoco-com-elegancia-natural\/#primaryimage"},"thumbnailUrl":"https:\/\/www.em.com.br\/emfoco\/wp-content\/uploads\/2026\/04\/EmFoco_03-11.jpg","datePublished":"2026-04-29T12:35:00+00:00","dateModified":"2026-04-28T16:16:20+00:00","author":{"@id":"https:\/\/www.em.com.br\/emfoco\/#\/schema\/person\/bba594b7eebe9b9885fec3a5c7837089"},"description":"Cortes de cabelo para mulheres maduras podem afinar o rosto, alongar o pesco\u00e7o e trazer leveza ao visual com um resultado elegante e natural.","breadcrumb":{"@id":"https:\/\/www.em.com.br\/emfoco\/2026\/04\/29\/esses-cortes-de-cabelo-para-mulheres-maduras-afinam-o-rosto-e-alongam-o-pescoco-com-elegancia-natural\/#breadcrumb"},"inLanguage":"pt-BR","potentialAction":[{"@type":"ReadAction","target":["https:\/\/www.em.com.br\/emfoco\/2026\/04\/29\/esses-cortes-de-cabelo-para-mulheres-maduras-afinam-o-rosto-e-alongam-o-pescoco-com-elegancia-natural\/"]}]},{"@type":"ImageObject","inLanguage":"pt-BR","@id":"https:\/\/www.em.com.br\/emfoco\/2026\/04\/29\/esses-cortes-de-cabelo-para-mulheres-maduras-afinam-o-rosto-e-alongam-o-pescoco-com-elegancia-natural\/#primaryimage","url":"https:\/\/www.em.com.br\/emfoco\/wp-content\/uploads\/2026\/04\/EmFoco_03-11.jpg","contentUrl":"https:\/\/www.em.com.br\/emfoco\/wp-content\/uploads\/2026\/04\/EmFoco_03-11.jpg","width":1280,"height":720,"caption":"Estilos capilares estrat\u00e9gicos que promovem harmoniza\u00e7\u00e3o facial e eleg\u00e2ncia para mulheres maduras"},{"@type":"BreadcrumbList","@id":"https:\/\/www.em.com.br\/emfoco\/2026\/04\/29\/esses-cortes-de-cabelo-para-mulheres-maduras-afinam-o-rosto-e-alongam-o-pescoco-com-elegancia-natural\/#breadcrumb","itemListElement":[{"@type":"ListItem","position":1,"name":"In\u00edcio","item":"https:\/\/www.em.com.br\/emfoco\/"},{"@type":"ListItem","position":2,"name":"Esses cortes de cabelo para mulheres maduras afinam o rosto e alongam o pesco\u00e7o com eleg\u00e2ncia natural"}]},{"@type":"WebSite","@id":"https:\/\/www.em.com.br\/emfoco\/#website","url":"https:\/\/www.em.com.br\/emfoco\/","name":"Estado de Minas - Em foco","description":"Acompanhe as \u00faltimas not\u00edcias e fique bem informado sobre tudo o que acontece em Minas Gerais, Brasil e no mundo.","potentialAction":[{"@type":"SearchAction","target":{"@type":"EntryPoint","urlTemplate":"https:\/\/www.em.com.br\/emfoco\/?s={search_term_string}"},"query-input":{"@type":"PropertyValueSpecification","valueRequired":true,"valueName":"search_term_string"}}],"inLanguage":"pt-BR"},{"@type":"Person","@id":"https:\/\/www.em.com.br\/emfoco\/#\/schema\/person\/bba594b7eebe9b9885fec3a5c7837089","name":"Douglas Myth","image":{"@type":"ImageObject","inLanguage":"pt-BR","@id":"https:\/\/www.em.com.br\/emfoco\/#\/schema\/person\/image\/","url":"https:\/\/secure.gravatar.com\/avatar\/1ac3cf50d0e68642c697dc0c960c802f?s=96&d=mm&r=g","contentUrl":"https:\/\/secure.gravatar.com\/avatar\/1ac3cf50d0e68642c697dc0c960c802f?s=96&d=mm&r=g","caption":"Douglas Myth"},"url":"https:\/\/www.em.com.br\/emfoco\/author\/douglasmyth\/"}]}},"_links":{"self":[{"href":"https:\/\/www.em.com.br\/emfoco\/wp-json\/wp\/v2\/posts\/198274","targetHints":{"allow":["GET"]}}],"collection":[{"href":"https:\/\/www.em.com.br\/emfoco\/wp-json\/wp\/v2\/posts"}],"about":[{"href":"https:\/\/www.em.com.br\/emfoco\/wp-json\/wp\/v2\/types\/post"}],"author":[{"embeddable":true,"href":"https:\/\/www.em.com.br\/emfoco\/wp-json\/wp\/v2\/users\/15"}],"replies":[{"embeddable":true,"href":"https:\/\/www.em.com.br\/emfoco\/wp-json\/wp\/v2\/comments?post=198274"}],"version-history":[{"count":2,"href":"https:\/\/www.em.com.br\/emfoco\/wp-json\/wp\/v2\/posts\/198274\/revisions"}],"predecessor-version":[{"id":198299,"href":"https:\/\/www.em.com.br\/emfoco\/wp-json\/wp\/v2\/posts\/198274\/revisions\/198299"}],"wp:featuredmedia":[{"embeddable":true,"href":"https:\/\/www.em.com.br\/emfoco\/wp-json\/wp\/v2\/media\/200881"}],"wp:attachment":[{"href":"https:\/\/www.em.com.br\/emfoco\/wp-json\/wp\/v2\/media?parent=198274"}],"wp:term":[{"taxonomy":"category","embeddable":true,"href":"https:\/\/www.em.com.br\/emfoco\/wp-json\/wp\/v2\/categories?post=198274"},{"taxonomy":"post_tag","embeddable":true,"href":"https:\/\/www.em.com.br\/emfoco\/wp-json\/wp\/v2\/tags?post=198274"}],"curies":[{"name":"wp","href":"https:\/\/api.w.org\/{rel}","templated":true}]}}