{"id":198252,"date":"2026-04-27T13:25:00","date_gmt":"2026-04-27T16:25:00","guid":{"rendered":"https:\/\/www.em.com.br\/emfoco\/?p=198252"},"modified":"2026-04-26T06:55:49","modified_gmt":"2026-04-26T09:55:49","slug":"5-plantas-de-interior-que-vivem-na-agua-e-permanecem-bonitas-o-ano-todo-com-pouca-manutencao","status":"publish","type":"post","link":"https:\/\/www.em.com.br\/emfoco\/2026\/04\/27\/5-plantas-de-interior-que-vivem-na-agua-e-permanecem-bonitas-o-ano-todo-com-pouca-manutencao\/","title":{"rendered":"5 plantas de interior que vivem na \u00e1gua e permanecem bonitas o ano todo com pouca manuten\u00e7\u00e3o"},"content":{"rendered":"\n<p>O cultivo de <strong>plantas de interior<\/strong> diretamente em recipientes com \u00e1gua \u00e9 uma solu\u00e7\u00e3o est\u00e9tica e pr\u00e1tica para quem possui pouco tempo. Essa t\u00e9cnica, uma forma simplificada de hidroponia, elimina a sujeira da terra e permite observar o crescimento das ra\u00edzes.<\/p>\n\n\n\n<h2 class=\"wp-block-heading\">Como funciona o cultivo de plantas em meio aqu\u00e1tico?<\/h2>\n\n\n\n<p>A l\u00f3gica desse sistema baseia-se na capacidade de adapta\u00e7\u00e3o de certas esp\u00e9cies a ambientes com baixa oxigena\u00e7\u00e3o radicular. Para come\u00e7ar, a planta deve ser retirada do substrato, ter suas ra\u00edzes lavadas cuidadosamente e ser transferida para um vaso transparente com \u00e1gua filtrada ou em repouso por <strong>24 horas<\/strong>.<\/p>\n\n\n\n<p>Manter o pH da \u00e1gua entre <strong>5,5 e 6,5<\/strong> \u00e9 o segredo para que os nutrientes permane\u00e7am dispon\u00edveis para o vegetal. Segundo o <a href=\"https:\/\/www.gov.br\/agricultura\/pt-br\" target=\"_blank\" rel=\"noreferrer noopener\">Minist\u00e9rio da Agricultura<\/a>, a troca parcial da \u00e1gua a cada <strong>15 dias<\/strong> \u00e9 fundamental para evitar a prolifera\u00e7\u00e3o de bact\u00e9rias e garantir a sa\u00fade das folhas em qualquer cidade brasileira.<\/p>\n\n\n<div class=\"wp-block-image\">\n<figure class=\"aligncenter size-large\"><img loading=\"lazy\" decoding=\"async\" width=\"1024\" height=\"576\" src=\"https:\/\/www.em.com.br\/emfoco\/wp-content\/uploads\/2026\/04\/vaso-planta-1-1024x576.jpg\" alt=\"As esp\u00e9cies que exigem apenas uma troca de \u00e1gua para permanecerem perfeitas\" class=\"wp-image-198270\" srcset=\"https:\/\/www.em.com.br\/emfoco\/wp-content\/uploads\/2026\/04\/vaso-planta-1-1024x576.jpg 1024w, https:\/\/www.em.com.br\/emfoco\/wp-content\/uploads\/2026\/04\/vaso-planta-1-300x169.jpg 300w, https:\/\/www.em.com.br\/emfoco\/wp-content\/uploads\/2026\/04\/vaso-planta-1-768x432.jpg 768w, https:\/\/www.em.com.br\/emfoco\/wp-content\/uploads\/2026\/04\/vaso-planta-1-750x422.jpg 750w, https:\/\/www.em.com.br\/emfoco\/wp-content\/uploads\/2026\/04\/vaso-planta-1-1140x641.jpg 1140w, https:\/\/www.em.com.br\/emfoco\/wp-content\/uploads\/2026\/04\/vaso-planta-1.jpg 1280w\" sizes=\"auto, (max-width: 1024px) 100vw, 1024px\" \/><figcaption class=\"wp-element-caption\">As esp\u00e9cies que exigem apenas uma troca de \u00e1gua para permanecerem perfeitas<\/figcaption><\/figure><\/div>\n\n\n<h2 class=\"wp-block-heading\">Quais s\u00e3o as esp\u00e9cies mais adaptadas a esse sistema?<\/h2>\n\n\n\n<p>Nem todas as <a href=\"https:\/\/www.em.com.br\/emfoco\/2026\/04\/23\/os-4-vegetais-para-plantar-na-varanda-no-outono-que-crescem-rapido-e-ocupam-pouco-espaco\/\" target=\"_blank\" rel=\"noreferrer noopener\">vegeta\u00e7\u00f5es<\/a> toleram a imers\u00e3o constante das ra\u00edzes sem apodrecer. As escolhidas para este m\u00e9todo geralmente possuem tecidos mais resistentes e conseguem extrair o oxig\u00eanio necess\u00e1rio diretamente do meio l\u00edquido, mantendo-se vi\u00e7osas por longos per\u00edodos sem a necessidade de solo f\u00e9rtil.<\/p>\n\n\n\n<p>Confira as cinco esp\u00e9cies ideais para o cultivo aqu\u00e1tico:<\/p>\n\n\n\n<ul class=\"wp-block-list\">\n<li><strong>Jiboia (Pothos)<\/strong>: A mais resistente, desenvolve ra\u00edzes robustas em poucos dias.<\/li>\n\n\n\n<li><strong>Filodendro<\/strong>: Adapta-se facilmente e prefere luz indireta constante.<\/li>\n\n\n\n<li><strong>Sing\u00f4nio<\/strong>: Tolera imers\u00f5es profundas e mant\u00e9m folhagens densas e coloridas.<\/li>\n\n\n\n<li><strong>Beg\u00f4nia<\/strong>: Floresce e enra\u00edza bem, desde que mantida longe de varia\u00e7\u00f5es t\u00e9rmicas.<\/li>\n\n\n\n<li><strong>Maria-sem-vergonha<\/strong>: Uma das mais f\u00e1ceis de cuidar, podendo florescer na \u00e1gua.<\/li>\n<\/ul>\n\n\n\n<h2 class=\"wp-block-heading\">Como realizar a manuten\u00e7\u00e3o e aduba\u00e7\u00e3o l\u00edquida?<\/h2>\n\n\n\n<p>Embora a manuten\u00e7\u00e3o seja baixa, as <strong>plantas de interior<\/strong> na \u00e1gua ainda precisam de nutrientes para crescer. Como n\u00e3o h\u00e1 solo, o uso de fertilizantes l\u00edquidos sol\u00faveis \u00e9 indispens\u00e1vel para repor o que a planta consome durante o seu desenvolvimento natural.<\/p>\n\n\n\n<p>Abaixo, detalhamos o cronograma de cuidados essenciais:<\/p>\n\n\n<div class=\"wp-block-image\">\n<figure class=\"aligncenter size-large is-resized\"><img loading=\"lazy\" decoding=\"async\" width=\"1024\" height=\"549\" src=\"https:\/\/www.em.com.br\/emfoco\/wp-content\/uploads\/2026\/04\/image-139-1024x549.png\" alt=\"\" class=\"wp-image-198278\" style=\"width:870px;height:auto\" srcset=\"https:\/\/www.em.com.br\/emfoco\/wp-content\/uploads\/2026\/04\/image-139-1024x549.png 1024w, https:\/\/www.em.com.br\/emfoco\/wp-content\/uploads\/2026\/04\/image-139-300x161.png 300w, https:\/\/www.em.com.br\/emfoco\/wp-content\/uploads\/2026\/04\/image-139-768x412.png 768w, https:\/\/www.em.com.br\/emfoco\/wp-content\/uploads\/2026\/04\/image-139-750x402.png 750w, https:\/\/www.em.com.br\/emfoco\/wp-content\/uploads\/2026\/04\/image-139-1140x611.png 1140w, https:\/\/www.em.com.br\/emfoco\/wp-content\/uploads\/2026\/04\/image-139.png 1280w\" sizes=\"auto, (max-width: 1024px) 100vw, 1024px\" \/><\/figure><\/div>\n\n\n<h2 class=\"wp-block-heading\">Quais erros devem ser evitados no cultivo?<\/h2>\n\n\n\n<p>O maior risco para as ra\u00edzes \u00e9 o choque t\u00e9rmico causado pelo uso de \u00e1gua gelada diretamente da torneira. Al\u00e9m disso, o excesso de fertilizante pode queimar os tecidos sens\u00edveis que se formam no ambiente aquoso, levando \u00e0 morte prematura da planta em poucas semanas.<\/p>\n\n\n\n<p>De acordo com orienta\u00e7\u00f5es da <a href=\"https:\/\/www.embrapa.br\/tema-clima\" target=\"_blank\" rel=\"noreferrer noopener\">Embrapa<\/a>, a luminosidade \u00e9 outro fator cr\u00edtico, pois o sol direto aquece a \u00e1gua e acelera a decomposi\u00e7\u00e3o org\u00e2nica. O ideal \u00e9 manter os vasos em locais com luz indireta intensa, garantindo que o ciclo de fotoss\u00edntese ocorra sem danificar o sistema radicular exposto.<\/p>\n\n\n<div class=\"wp-block-image\">\n<figure class=\"aligncenter size-large\"><img loading=\"lazy\" decoding=\"async\" width=\"1024\" height=\"576\" src=\"https:\/\/www.em.com.br\/emfoco\/wp-content\/uploads\/2026\/04\/lavando-3-1024x576.jpg\" alt=\"O poder do elemento \u00e1gua unido ao verde para harmonizar os c\u00f4modos do seu lar\" class=\"wp-image-198272\" srcset=\"https:\/\/www.em.com.br\/emfoco\/wp-content\/uploads\/2026\/04\/lavando-3-1024x576.jpg 1024w, https:\/\/www.em.com.br\/emfoco\/wp-content\/uploads\/2026\/04\/lavando-3-300x169.jpg 300w, https:\/\/www.em.com.br\/emfoco\/wp-content\/uploads\/2026\/04\/lavando-3-768x432.jpg 768w, https:\/\/www.em.com.br\/emfoco\/wp-content\/uploads\/2026\/04\/lavando-3-750x422.jpg 750w, https:\/\/www.em.com.br\/emfoco\/wp-content\/uploads\/2026\/04\/lavando-3-1140x641.jpg 1140w, https:\/\/www.em.com.br\/emfoco\/wp-content\/uploads\/2026\/04\/lavando-3.jpg 1280w\" sizes=\"auto, (max-width: 1024px) 100vw, 1024px\" \/><figcaption class=\"wp-element-caption\">O poder do elemento \u00e1gua unido ao verde para harmonizar os c\u00f4modos do seu lar<\/figcaption><\/figure><\/div>\n\n\n<h2 class=\"wp-block-heading\">Como identificar se a planta est\u00e1 saud\u00e1vel na \u00e1gua?<\/h2>\n\n\n\n<p>A <strong>transpar\u00eancia do vidro<\/strong> \u00e9 sua maior aliada para monitorar o vigor das ra\u00edzes, que devem apresentar colora\u00e7\u00e3o branca ou clara. Ra\u00edzes escurecidas, moles ou com odor desagrad\u00e1vel indicam falta de oxig\u00eanio ou contamina\u00e7\u00e3o por micro-organismos, exigindo limpeza imediata e poda das partes afetadas.<\/p>\n\n\n\n<p>Cultivar <strong>plantas de interior<\/strong> na \u00e1gua \u00e9 uma forma terap\u00eautica de trazer o verde para dentro de casa com sofistica\u00e7\u00e3o. Ao respeitar as trocas de \u00e1gua e a nutri\u00e7\u00e3o b\u00e1sica, voc\u00ea ter\u00e1 um elemento decorativo vivo que permanece bonito o ano todo, transformando qualquer prateleira em um ponto de destaque e frescor no seu lar.<\/p>\n","protected":false},"excerpt":{"rendered":"<p>O cultivo de plantas de interior diretamente em recipientes com \u00e1gua \u00e9 uma solu\u00e7\u00e3o est\u00e9tica e pr\u00e1tica para quem possui pouco tempo. Essa t\u00e9cnica, uma forma simplificada de hidroponia, elimina a sujeira da terra e permite observar o crescimento das ra\u00edzes. Como funciona o cultivo de plantas em meio aqu\u00e1tico? A l\u00f3gica desse sistema baseia-se [&hellip;]<\/p>\n","protected":false},"author":30,"featured_media":198268,"comment_status":"open","ping_status":"open","sticky":false,"template":"","format":"standard","meta":{"jnews-multi-image_gallery":[],"jnews_single_post":{"format":"standard"},"jnews_primary_category":[],"jnews_social_meta":[],"jnews_override_counter":[],"footnotes":""},"categories":[8691],"tags":[13389,28645,1915,9315],"class_list":["post-198252","post","type-post","status-publish","format-standard","has-post-thumbnail","hentry","category-bem-estar","tag-agua-2","tag-meio-aquatico","tag-nutrientes","tag-plantas-de-interior"],"yoast_head":"<!-- This site is optimized with the Yoast SEO plugin v23.8 - https:\/\/yoast.com\/wordpress\/plugins\/seo\/ -->\n<title>5 plantas de interior que vivem na \u00e1gua e permanecem bonitas o ano todo com pouca manuten\u00e7\u00e3o - Estado de Minas - Em foco<\/title>\n<meta name=\"description\" content=\"Conhe\u00e7a 5 plantas de interior que vivem na \u00e1gua e ficam bonitas o ano todo. Veja a t\u00e9cnica de hidroponia com pouca manuten\u00e7\u00e3o.\" \/>\n<meta name=\"robots\" content=\"index, follow, max-snippet:-1, max-image-preview:large, max-video-preview:-1\" \/>\n<link rel=\"canonical\" href=\"https:\/\/www.em.com.br\/emfoco\/2026\/04\/27\/5-plantas-de-interior-que-vivem-na-agua-e-permanecem-bonitas-o-ano-todo-com-pouca-manutencao\/\" \/>\n<meta property=\"og:locale\" content=\"pt_BR\" \/>\n<meta property=\"og:type\" content=\"article\" \/>\n<meta property=\"og:title\" content=\"5 plantas de interior que vivem na \u00e1gua e permanecem bonitas o ano todo com pouca manuten\u00e7\u00e3o - Estado de Minas - Em foco\" \/>\n<meta property=\"og:description\" content=\"Conhe\u00e7a 5 plantas de interior que vivem na \u00e1gua e ficam bonitas o ano todo. Veja a t\u00e9cnica de hidroponia com pouca manuten\u00e7\u00e3o.\" \/>\n<meta property=\"og:url\" content=\"https:\/\/www.em.com.br\/emfoco\/2026\/04\/27\/5-plantas-de-interior-que-vivem-na-agua-e-permanecem-bonitas-o-ano-todo-com-pouca-manutencao\/\" \/>\n<meta property=\"og:site_name\" content=\"Estado de Minas - Em foco\" \/>\n<meta property=\"article:published_time\" content=\"2026-04-27T16:25:00+00:00\" \/>\n<meta property=\"article:modified_time\" content=\"2026-04-26T09:55:49+00:00\" \/>\n<meta property=\"og:image\" content=\"https:\/\/www.em.com.br\/emfoco\/wp-content\/uploads\/2026\/04\/plantas-vasos.jpg\" \/>\n\t<meta property=\"og:image:width\" content=\"1280\" \/>\n\t<meta property=\"og:image:height\" content=\"720\" \/>\n\t<meta property=\"og:image:type\" content=\"image\/jpeg\" \/>\n<meta name=\"author\" content=\"Guilherme Ara\u00fajo\" \/>\n<meta name=\"twitter:card\" content=\"summary_large_image\" \/>\n<meta name=\"twitter:label1\" content=\"Escrito por\" \/>\n\t<meta name=\"twitter:data1\" content=\"Guilherme Ara\u00fajo\" \/>\n\t<meta name=\"twitter:label2\" content=\"Est. tempo de leitura\" \/>\n\t<meta name=\"twitter:data2\" content=\"4 minutos\" \/>\n<!-- \/ Yoast SEO plugin. -->","yoast_head_json":{"title":"5 plantas de interior que vivem na \u00e1gua e permanecem bonitas o ano todo com pouca manuten\u00e7\u00e3o - Estado de Minas - Em foco","description":"Conhe\u00e7a 5 plantas de interior que vivem na \u00e1gua e ficam bonitas o ano todo. Veja a t\u00e9cnica de hidroponia com pouca manuten\u00e7\u00e3o.","robots":{"index":"index","follow":"follow","max-snippet":"max-snippet:-1","max-image-preview":"max-image-preview:large","max-video-preview":"max-video-preview:-1"},"canonical":"https:\/\/www.em.com.br\/emfoco\/2026\/04\/27\/5-plantas-de-interior-que-vivem-na-agua-e-permanecem-bonitas-o-ano-todo-com-pouca-manutencao\/","og_locale":"pt_BR","og_type":"article","og_title":"5 plantas de interior que vivem na \u00e1gua e permanecem bonitas o ano todo com pouca manuten\u00e7\u00e3o - Estado de Minas - Em foco","og_description":"Conhe\u00e7a 5 plantas de interior que vivem na \u00e1gua e ficam bonitas o ano todo. Veja a t\u00e9cnica de hidroponia com pouca manuten\u00e7\u00e3o.","og_url":"https:\/\/www.em.com.br\/emfoco\/2026\/04\/27\/5-plantas-de-interior-que-vivem-na-agua-e-permanecem-bonitas-o-ano-todo-com-pouca-manutencao\/","og_site_name":"Estado de Minas - Em foco","article_published_time":"2026-04-27T16:25:00+00:00","article_modified_time":"2026-04-26T09:55:49+00:00","og_image":[{"width":1280,"height":720,"url":"https:\/\/www.em.com.br\/emfoco\/wp-content\/uploads\/2026\/04\/plantas-vasos.jpg","type":"image\/jpeg"}],"author":"Guilherme Ara\u00fajo","twitter_card":"summary_large_image","twitter_misc":{"Escrito por":"Guilherme Ara\u00fajo","Est. tempo de leitura":"4 minutos"},"schema":{"@context":"https:\/\/schema.org","@graph":[{"@type":"WebPage","@id":"https:\/\/www.em.com.br\/emfoco\/2026\/04\/27\/5-plantas-de-interior-que-vivem-na-agua-e-permanecem-bonitas-o-ano-todo-com-pouca-manutencao\/","url":"https:\/\/www.em.com.br\/emfoco\/2026\/04\/27\/5-plantas-de-interior-que-vivem-na-agua-e-permanecem-bonitas-o-ano-todo-com-pouca-manutencao\/","name":"5 plantas de interior que vivem na \u00e1gua e permanecem bonitas o ano todo com pouca manuten\u00e7\u00e3o - Estado de Minas - Em foco","isPartOf":{"@id":"https:\/\/www.em.com.br\/emfoco\/#website"},"primaryImageOfPage":{"@id":"https:\/\/www.em.com.br\/emfoco\/2026\/04\/27\/5-plantas-de-interior-que-vivem-na-agua-e-permanecem-bonitas-o-ano-todo-com-pouca-manutencao\/#primaryimage"},"image":{"@id":"https:\/\/www.em.com.br\/emfoco\/2026\/04\/27\/5-plantas-de-interior-que-vivem-na-agua-e-permanecem-bonitas-o-ano-todo-com-pouca-manutencao\/#primaryimage"},"thumbnailUrl":"https:\/\/www.em.com.br\/emfoco\/wp-content\/uploads\/2026\/04\/plantas-vasos.jpg","datePublished":"2026-04-27T16:25:00+00:00","dateModified":"2026-04-26T09:55:49+00:00","author":{"@id":"https:\/\/www.em.com.br\/emfoco\/#\/schema\/person\/5379e929a4b966c775d121e23f9bb421"},"description":"Conhe\u00e7a 5 plantas de interior que vivem na \u00e1gua e ficam bonitas o ano todo. Veja a t\u00e9cnica de hidroponia com pouca manuten\u00e7\u00e3o.","breadcrumb":{"@id":"https:\/\/www.em.com.br\/emfoco\/2026\/04\/27\/5-plantas-de-interior-que-vivem-na-agua-e-permanecem-bonitas-o-ano-todo-com-pouca-manutencao\/#breadcrumb"},"inLanguage":"pt-BR","potentialAction":[{"@type":"ReadAction","target":["https:\/\/www.em.com.br\/emfoco\/2026\/04\/27\/5-plantas-de-interior-que-vivem-na-agua-e-permanecem-bonitas-o-ano-todo-com-pouca-manutencao\/"]}]},{"@type":"ImageObject","inLanguage":"pt-BR","@id":"https:\/\/www.em.com.br\/emfoco\/2026\/04\/27\/5-plantas-de-interior-que-vivem-na-agua-e-permanecem-bonitas-o-ano-todo-com-pouca-manutencao\/#primaryimage","url":"https:\/\/www.em.com.br\/emfoco\/wp-content\/uploads\/2026\/04\/plantas-vasos.jpg","contentUrl":"https:\/\/www.em.com.br\/emfoco\/wp-content\/uploads\/2026\/04\/plantas-vasos.jpg","width":1280,"height":720,"caption":"As plantas que n\u00e3o precisam de vaso com terra para brilhar o ano todo"},{"@type":"BreadcrumbList","@id":"https:\/\/www.em.com.br\/emfoco\/2026\/04\/27\/5-plantas-de-interior-que-vivem-na-agua-e-permanecem-bonitas-o-ano-todo-com-pouca-manutencao\/#breadcrumb","itemListElement":[{"@type":"ListItem","position":1,"name":"In\u00edcio","item":"https:\/\/www.em.com.br\/emfoco\/"},{"@type":"ListItem","position":2,"name":"5 plantas de interior que vivem na \u00e1gua e permanecem bonitas o ano todo com pouca manuten\u00e7\u00e3o"}]},{"@type":"WebSite","@id":"https:\/\/www.em.com.br\/emfoco\/#website","url":"https:\/\/www.em.com.br\/emfoco\/","name":"Estado de Minas - Em foco","description":"Acompanhe as \u00faltimas not\u00edcias e fique bem informado sobre tudo o que acontece em Minas Gerais, Brasil e no mundo.","potentialAction":[{"@type":"SearchAction","target":{"@type":"EntryPoint","urlTemplate":"https:\/\/www.em.com.br\/emfoco\/?s={search_term_string}"},"query-input":{"@type":"PropertyValueSpecification","valueRequired":true,"valueName":"search_term_string"}}],"inLanguage":"pt-BR"},{"@type":"Person","@id":"https:\/\/www.em.com.br\/emfoco\/#\/schema\/person\/5379e929a4b966c775d121e23f9bb421","name":"Guilherme Ara\u00fajo","image":{"@type":"ImageObject","inLanguage":"pt-BR","@id":"https:\/\/www.em.com.br\/emfoco\/#\/schema\/person\/image\/","url":"https:\/\/secure.gravatar.com\/avatar\/b8bf1fd0130e170bd8f5d7298dbafa25?s=96&d=mm&r=g","contentUrl":"https:\/\/secure.gravatar.com\/avatar\/b8bf1fd0130e170bd8f5d7298dbafa25?s=96&d=mm&r=g","caption":"Guilherme Ara\u00fajo"},"sameAs":["https:\/\/www.em.com.br\/emfoco"],"url":"https:\/\/www.em.com.br\/emfoco\/author\/guilhermeamyth\/"}]}},"_links":{"self":[{"href":"https:\/\/www.em.com.br\/emfoco\/wp-json\/wp\/v2\/posts\/198252","targetHints":{"allow":["GET"]}}],"collection":[{"href":"https:\/\/www.em.com.br\/emfoco\/wp-json\/wp\/v2\/posts"}],"about":[{"href":"https:\/\/www.em.com.br\/emfoco\/wp-json\/wp\/v2\/types\/post"}],"author":[{"embeddable":true,"href":"https:\/\/www.em.com.br\/emfoco\/wp-json\/wp\/v2\/users\/30"}],"replies":[{"embeddable":true,"href":"https:\/\/www.em.com.br\/emfoco\/wp-json\/wp\/v2\/comments?post=198252"}],"version-history":[{"count":5,"href":"https:\/\/www.em.com.br\/emfoco\/wp-json\/wp\/v2\/posts\/198252\/revisions"}],"predecessor-version":[{"id":198290,"href":"https:\/\/www.em.com.br\/emfoco\/wp-json\/wp\/v2\/posts\/198252\/revisions\/198290"}],"wp:featuredmedia":[{"embeddable":true,"href":"https:\/\/www.em.com.br\/emfoco\/wp-json\/wp\/v2\/media\/198268"}],"wp:attachment":[{"href":"https:\/\/www.em.com.br\/emfoco\/wp-json\/wp\/v2\/media?parent=198252"}],"wp:term":[{"taxonomy":"category","embeddable":true,"href":"https:\/\/www.em.com.br\/emfoco\/wp-json\/wp\/v2\/categories?post=198252"},{"taxonomy":"post_tag","embeddable":true,"href":"https:\/\/www.em.com.br\/emfoco\/wp-json\/wp\/v2\/tags?post=198252"}],"curies":[{"name":"wp","href":"https:\/\/api.w.org\/{rel}","templated":true}]}}