{"id":198248,"date":"2026-04-29T07:15:00","date_gmt":"2026-04-29T10:15:00","guid":{"rendered":"https:\/\/www.em.com.br\/emfoco\/?p=198248"},"modified":"2026-04-28T13:16:11","modified_gmt":"2026-04-28T16:16:11","slug":"a-turbina-de-arquimedes-funciona-mesmo-e-promete-energia-urbana-com-menos-ruido-no-telhado-hoje","status":"publish","type":"post","link":"https:\/\/www.em.com.br\/emfoco\/2026\/04\/29\/a-turbina-de-arquimedes-funciona-mesmo-e-promete-energia-urbana-com-menos-ruido-no-telhado-hoje\/","title":{"rendered":"A turbina de Arquimedes funciona mesmo e promete energia urbana com menos ru\u00eddo no telhado hoje"},"content":{"rendered":"\n<p>A chamada \u201c<strong>turbina<\/strong> de Arquimedes\u201d costuma despertar curiosidade porque promete juntar tecnologia antiga, microgera\u00e7\u00e3o e\u00f3lica urbana e independ\u00eancia energ\u00e9tica em um \u00fanico equipamento compacto. O modelo mais conhecido, a <strong>LIAM F1<\/strong>, foi pensado para telhados de casas e pequenos pr\u00e9dios, em combina\u00e7\u00e3o com pain\u00e9is solares, buscando aproveitar ventos mais fracos e turbulentos das cidades com menos barulho e impacto visual do que as h\u00e9lices tradicionais.<\/p>\n\n\n\n<h2 class=\"wp-block-heading\">O que \u00e9 a turbina de Arquimedes e qual a sua origem?<\/h2>\n\n\n\n<p>A central nesse debate \u00e9 <strong>turbina de Arquimedes<\/strong>, associada \u00e0s espirais e \u00e0 hist\u00f3ria da engenharia. No contexto atual, ela se refere a um tipo espec\u00edfico de microturbina e\u00f3lica em forma de h\u00e9lice espiralada, inspirada em conceitos atribu\u00eddos ao matem\u00e1tico grego e adaptada \u00e0 realidade da <strong>microgera\u00e7\u00e3o<\/strong> urbana.<\/p>\n\n\n\n<p>A LIAM F1, desenvolvida na Europa e licenciada para outros mercados, surgiu por volta de meados da d\u00e9cada de 2010 como alternativa para quem n\u00e3o tinha espa\u00e7o ou condi\u00e7\u00f5es para grandes torres de vento. O <a href=\"https:\/\/www.em.com.br\/emfoco\/2026\/04\/23\/essa-raiz-doce-e-crocante-cresce-com-pouco-cuidado-e-ainda-chama-atencao-pela-produtividade\/\" target=\"_blank\" rel=\"noreferrer noopener\">objetivo <\/a>foi criar um gerador compacto, silencioso e visualmente discreto para uso <strong>residencial<\/strong> e comercial em telhados e fachadas.<\/p>\n\n\n\n<figure class=\"wp-block-image size-large\"><img loading=\"lazy\" decoding=\"async\" width=\"1024\" height=\"576\" src=\"https:\/\/www.em.com.br\/emfoco\/wp-content\/uploads\/2026\/04\/Texto-do-seu-paragrafo-2026-04-24T073107.629-1024x576.jpg\" alt=\"A turbina de Arquimedes funciona mesmo e promete energia urbana com menos ru\u00eddo no telhado hoje\" class=\"wp-image-198266\" srcset=\"https:\/\/www.em.com.br\/emfoco\/wp-content\/uploads\/2026\/04\/Texto-do-seu-paragrafo-2026-04-24T073107.629-1024x576.jpg 1024w, https:\/\/www.em.com.br\/emfoco\/wp-content\/uploads\/2026\/04\/Texto-do-seu-paragrafo-2026-04-24T073107.629-300x169.jpg 300w, https:\/\/www.em.com.br\/emfoco\/wp-content\/uploads\/2026\/04\/Texto-do-seu-paragrafo-2026-04-24T073107.629-768x432.jpg 768w, https:\/\/www.em.com.br\/emfoco\/wp-content\/uploads\/2026\/04\/Texto-do-seu-paragrafo-2026-04-24T073107.629-750x422.jpg 750w, https:\/\/www.em.com.br\/emfoco\/wp-content\/uploads\/2026\/04\/Texto-do-seu-paragrafo-2026-04-24T073107.629-1140x641.jpg 1140w, https:\/\/www.em.com.br\/emfoco\/wp-content\/uploads\/2026\/04\/Texto-do-seu-paragrafo-2026-04-24T073107.629.jpg 1280w\" sizes=\"auto, (max-width: 1024px) 100vw, 1024px\" \/><figcaption class=\"wp-element-caption\">Turbina de Arquimedes ganha interesse por gerar energia com vento fraco, sil\u00eancio e design compacto<\/figcaption><\/figure>\n\n\n\n<h2 class=\"wp-block-heading\">Como funciona a turbina de Arquimedes na pr\u00e1tica?<\/h2>\n\n\n\n<p>A opera\u00e7\u00e3o da turbina de Arquimedes segue o mesmo princ\u00edpio de qualquer gerador e\u00f3lico: transformar energia cin\u00e9tica do vento em eletricidade por meio de um eixo conectado a um <strong>alternador<\/strong>. A diferen\u00e7a est\u00e1 na geometria do rotor em espiral, que direciona o fluxo de ar para dentro da estrutura e tende a estabilizar a rota\u00e7\u00e3o em ventos irregulares.<\/p>\n\n\n\n<p>Em materiais t\u00e9cnicos aparecem com frequ\u00eancia n\u00fameros de produ\u00e7\u00e3o anual na faixa de 1.500 kWh para determinadas velocidades de vento, mas a gera\u00e7\u00e3o efetiva varia bastante. Ela depende da velocidade m\u00e9dia do vento ao longo do ano, da altura de instala\u00e7\u00e3o, da turbul\u00eancia causada por edifica\u00e7\u00f5es e da configura\u00e7\u00e3o el\u00e9trica usada no <strong>sistema<\/strong>.<\/p>\n\n\n\n<h2 class=\"wp-block-heading\">Quais s\u00e3o as principais vantagens da turbina de Arquimedes em \u00e1reas urbanas?<\/h2>\n\n\n\n<p>Nas \u00e1reas urbanas, a turbina de Arquimedes para telhado se destaca principalmente por ru\u00eddo reduzido, melhor comportamento em vento turbulento e integra\u00e7\u00e3o visual mais amig\u00e1vel. A promessa de opera\u00e7\u00e3o abaixo de 45 dB indica um n\u00edvel de som compar\u00e1vel ao de um bairro calmo, algo relevante para conviv\u00eancia em pr\u00e9dios e casas <strong>geminadas<\/strong>.<\/p>\n\n\n\n<p>O formato em espiral lida melhor com ventos que chegam de v\u00e1rias dire\u00e7\u00f5es, com mudan\u00e7as r\u00e1pidas de intensidade, t\u00edpicos entre edif\u00edcios. Pequenas turbinas de p\u00e1s expostas tendem a sofrer mais com vibra\u00e7\u00f5es e perda de desempenho em ambientes assim, enquanto o rotor em espiral busca suavizar varia\u00e7\u00f5es e reduzir \u00e1reas abertas onde <strong>aves<\/strong> poderiam colidir.<\/p>\n\n\n\n<h2 class=\"wp-block-heading\">Quais fatores influenciam a efici\u00eancia e o desempenho real?<\/h2>\n\n\n\n<p>Quando se fala em desempenho, aparecem afirma\u00e7\u00f5es de que seria \u201cuma das turbinas mais eficientes do mundo\u201d ou de que alcan\u00e7aria valores pr\u00f3ximos de 80% de aproveitamento do vento. Do ponto de vista f\u00edsico, o limite de <strong>Betz<\/strong> indica que nenhuma turbina pode extrair mais de 59,3% da energia cin\u00e9tica dispon\u00edvel no fluxo de ar, o que ajuda a relativizar algumas declara\u00e7\u00f5es de marketing.<\/p>\n\n\n\n<p>Na pr\u00e1tica, estudos sobre turbinas em espiral citam efici\u00eancias em torno de 50% em cen\u00e1rios espec\u00edficos, j\u00e1 consideradas relevantes para microgera\u00e7\u00e3o. Para entender melhor o <a href=\"https:\/\/www.em.com.br\/emfoco\/2026\/04\/23\/os-beneficios-do-abacate-vao-alem-da-saciedade-e-podem-favorecer-coracao-e-circulacao\/\" target=\"_blank\" rel=\"noreferrer noopener\">potencial <\/a>da turbina de Arquimedes em um projeto real, \u00e9 importante avaliar alguns fatores que impactam diretamente o <strong>desempenho<\/strong>:<\/p>\n\n\n\n<ul class=\"wp-block-list\">\n<li><strong>Velocidade<\/strong> m\u00e9dia e distribui\u00e7\u00e3o do vento ao longo do ano na regi\u00e3o.<\/li>\n\n\n\n<li>Altura e posicionamento da <strong>instala\u00e7\u00e3o<\/strong> em rela\u00e7\u00e3o a obst\u00e1culos pr\u00f3ximos.<\/li>\n\n\n\n<li>N\u00edvel de turbul\u00eancia gerado por pr\u00e9dios, \u00e1rvores e relevo local.<\/li>\n\n\n\n<li>Qualidade do controlador, inversor e integra\u00e7\u00e3o com a rede ou <strong>baterias<\/strong>.<\/li>\n<\/ul>\n\n\n\n<p>Conte\u00fado do canal <strong>E4 Energias Renov\u00e1veis<\/strong>, com mais de 373 mil de inscritos e cerca de 556 mil de visualiza\u00e7\u00f5es:<\/p>\n\n\n\n<figure class=\"wp-block-embed is-type-video is-provider-youtube wp-block-embed-youtube wp-embed-aspect-16-9 wp-has-aspect-ratio\"><div class=\"wp-block-embed__wrapper\">\n<div class=\"jeg_video_container jeg_video_content\"><iframe loading=\"lazy\" title=\"FIM da ENERGIA SOLAR: Nova TURBINA E\u00d3LICA \u00e9 capaz de MUDAR tudo?\" width=\"500\" height=\"281\" src=\"https:\/\/www.youtube.com\/embed\/3_CrBn3vpuw?feature=oembed\" frameborder=\"0\" allow=\"accelerometer; autoplay; clipboard-write; encrypted-media; gyroscope; picture-in-picture; web-share\" referrerpolicy=\"strict-origin-when-cross-origin\" allowfullscreen><\/iframe><\/div>\n<\/div><\/figure>\n\n\n\n<h2 class=\"wp-block-heading\">Por que a turbina de Arquimedes ainda \u00e9 pouco comum nos telhados?<\/h2>\n\n\n\n<p>Do ponto de vista t\u00e9cnico, h\u00e1 registros de instala\u00e7\u00f5es residenciais e comerciais que mostram gera\u00e7\u00e3o real e funcionamento est\u00e1vel. O que limita a populariza\u00e7\u00e3o \u00e9 menos a prova de conceito e mais um conjunto de fatores econ\u00f4micos, pr\u00e1ticos e regulat\u00f3rios, que variam muito entre cidades e <strong>pa\u00edses<\/strong>.<\/p>\n\n\n\n<p>Os principais freios apontados por especialistas incluem o custo total do sistema (turbina, estrutura, eletr\u00f4nica e m\u00e3o de obra), a disponibilidade de vento em muitas \u00e1reas urbanas abaixo do ideal, exig\u00eancias estruturais e de seguran\u00e7a em telhados, al\u00e9m da falta de padroniza\u00e7\u00e3o comercial e de redes amplas de instaladores, ao contr\u00e1rio do que ocorre com a energia <strong>solar<\/strong>.<\/p>\n\n\n\n<h2 class=\"wp-block-heading\">Como a turbina de Arquimedes se encaixa no futuro da microgera\u00e7\u00e3o?<\/h2>\n\n\n\n<p>No cen\u00e1rio de 2026, em que a microgera\u00e7\u00e3o distribu\u00edda ganha espa\u00e7o em v\u00e1rios pa\u00edses, a turbina de Arquimedes aparece como uma entre v\u00e1rias alternativas para complementar o protagonismo da <a href=\"https:\/\/www.gov.br\/mme\/pt-br\/arquivos\/document-0-45223131972790076.pdf\" target=\"_blank\" rel=\"noreferrer noopener\">energia <\/a>solar. Sua maior contribui\u00e7\u00e3o tende a estar em aplica\u00e7\u00f5es pontuais, com vento adequado e interesse em diversificar fontes de gera\u00e7\u00e3o no mesmo <strong>im\u00f3vel<\/strong>.<\/p>\n\n\n\n<p>Projetos-piloto, estudos acad\u00eamicos e iniciativas de empresas continuam avaliando turbinas em espiral, muitas vezes combinadas com baterias e sistemas inteligentes de gest\u00e3o de energia. A tend\u00eancia \u00e9 que o desempenho real em diferentes climas urbanos seja cada vez mais documentado por medi\u00e7\u00f5es independentes, ajudando a separar exageros de marketing de resultados concretos e orientando melhor quem considera investir nesse tipo de <strong>solu\u00e7\u00e3o<\/strong>.<\/p>\n","protected":false},"excerpt":{"rendered":"<p>A chamada \u201cturbina de Arquimedes\u201d costuma despertar curiosidade porque promete juntar tecnologia antiga, microgera\u00e7\u00e3o e\u00f3lica urbana e independ\u00eancia energ\u00e9tica em um \u00fanico equipamento compacto. O modelo mais conhecido, a LIAM F1, foi pensado para telhados de casas e pequenos pr\u00e9dios, em combina\u00e7\u00e3o com pain\u00e9is solares, buscando aproveitar ventos mais fracos e turbulentos das cidades com [&hellip;]<\/p>\n","protected":false},"author":15,"featured_media":200882,"comment_status":"open","ping_status":"open","sticky":false,"template":"","format":"standard","meta":{"jnews-multi-image_gallery":[],"jnews_single_post":{"format":"standard"},"jnews_primary_category":[],"jnews_social_meta":[],"jnews_override_counter":[],"footnotes":""},"categories":[8819],"tags":[868,1017],"class_list":["post-198248","post","type-post","status-publish","format-standard","has-post-thumbnail","hentry","category-curiosidades","tag-energia","tag-energia-eletrica"],"yoast_head":"<!-- This site is optimized with the Yoast SEO plugin v23.8 - https:\/\/yoast.com\/wordpress\/plugins\/seo\/ -->\n<title>A turbina de Arquimedes funciona mesmo e promete energia urbana com menos ru\u00eddo no telhado hoje - Estado de Minas - Em foco<\/title>\n<meta name=\"description\" content=\"A turbina de Arquimedes chama aten\u00e7\u00e3o pelo design silencioso e urbano, mas seus n\u00fameros pedem cuidado antes de virar promessa f\u00e1cil\" \/>\n<meta name=\"robots\" content=\"index, follow, max-snippet:-1, max-image-preview:large, max-video-preview:-1\" \/>\n<link rel=\"canonical\" href=\"https:\/\/www.em.com.br\/emfoco\/2026\/04\/29\/a-turbina-de-arquimedes-funciona-mesmo-e-promete-energia-urbana-com-menos-ruido-no-telhado-hoje\/\" \/>\n<meta property=\"og:locale\" content=\"pt_BR\" \/>\n<meta property=\"og:type\" content=\"article\" \/>\n<meta property=\"og:title\" content=\"A turbina de Arquimedes funciona mesmo e promete energia urbana com menos ru\u00eddo no telhado hoje - Estado de Minas - Em foco\" \/>\n<meta property=\"og:description\" content=\"A turbina de Arquimedes chama aten\u00e7\u00e3o pelo design silencioso e urbano, mas seus n\u00fameros pedem cuidado antes de virar promessa f\u00e1cil\" \/>\n<meta property=\"og:url\" content=\"https:\/\/www.em.com.br\/emfoco\/2026\/04\/29\/a-turbina-de-arquimedes-funciona-mesmo-e-promete-energia-urbana-com-menos-ruido-no-telhado-hoje\/\" \/>\n<meta property=\"og:site_name\" content=\"Estado de Minas - Em foco\" \/>\n<meta property=\"article:published_time\" content=\"2026-04-29T10:15:00+00:00\" \/>\n<meta property=\"article:modified_time\" content=\"2026-04-28T16:16:11+00:00\" \/>\n<meta property=\"og:image\" content=\"https:\/\/www.em.com.br\/emfoco\/wp-content\/uploads\/2026\/04\/EmFoco_02-11.jpg\" \/>\n\t<meta property=\"og:image:width\" content=\"1280\" \/>\n\t<meta property=\"og:image:height\" content=\"720\" \/>\n\t<meta property=\"og:image:type\" content=\"image\/jpeg\" \/>\n<meta name=\"author\" content=\"Douglas Myth\" \/>\n<meta name=\"twitter:card\" content=\"summary_large_image\" \/>\n<meta name=\"twitter:label1\" content=\"Escrito por\" \/>\n\t<meta name=\"twitter:data1\" content=\"Douglas Myth\" \/>\n\t<meta name=\"twitter:label2\" content=\"Est. tempo de leitura\" \/>\n\t<meta name=\"twitter:data2\" content=\"5 minutos\" \/>\n<!-- \/ Yoast SEO plugin. -->","yoast_head_json":{"title":"A turbina de Arquimedes funciona mesmo e promete energia urbana com menos ru\u00eddo no telhado hoje - Estado de Minas - Em foco","description":"A turbina de Arquimedes chama aten\u00e7\u00e3o pelo design silencioso e urbano, mas seus n\u00fameros pedem cuidado antes de virar promessa f\u00e1cil","robots":{"index":"index","follow":"follow","max-snippet":"max-snippet:-1","max-image-preview":"max-image-preview:large","max-video-preview":"max-video-preview:-1"},"canonical":"https:\/\/www.em.com.br\/emfoco\/2026\/04\/29\/a-turbina-de-arquimedes-funciona-mesmo-e-promete-energia-urbana-com-menos-ruido-no-telhado-hoje\/","og_locale":"pt_BR","og_type":"article","og_title":"A turbina de Arquimedes funciona mesmo e promete energia urbana com menos ru\u00eddo no telhado hoje - Estado de Minas - Em foco","og_description":"A turbina de Arquimedes chama aten\u00e7\u00e3o pelo design silencioso e urbano, mas seus n\u00fameros pedem cuidado antes de virar promessa f\u00e1cil","og_url":"https:\/\/www.em.com.br\/emfoco\/2026\/04\/29\/a-turbina-de-arquimedes-funciona-mesmo-e-promete-energia-urbana-com-menos-ruido-no-telhado-hoje\/","og_site_name":"Estado de Minas - Em foco","article_published_time":"2026-04-29T10:15:00+00:00","article_modified_time":"2026-04-28T16:16:11+00:00","og_image":[{"width":1280,"height":720,"url":"https:\/\/www.em.com.br\/emfoco\/wp-content\/uploads\/2026\/04\/EmFoco_02-11.jpg","type":"image\/jpeg"}],"author":"Douglas Myth","twitter_card":"summary_large_image","twitter_misc":{"Escrito por":"Douglas Myth","Est. tempo de leitura":"5 minutos"},"schema":{"@context":"https:\/\/schema.org","@graph":[{"@type":"WebPage","@id":"https:\/\/www.em.com.br\/emfoco\/2026\/04\/29\/a-turbina-de-arquimedes-funciona-mesmo-e-promete-energia-urbana-com-menos-ruido-no-telhado-hoje\/","url":"https:\/\/www.em.com.br\/emfoco\/2026\/04\/29\/a-turbina-de-arquimedes-funciona-mesmo-e-promete-energia-urbana-com-menos-ruido-no-telhado-hoje\/","name":"A turbina de Arquimedes funciona mesmo e promete energia urbana com menos ru\u00eddo no telhado hoje - Estado de Minas - Em foco","isPartOf":{"@id":"https:\/\/www.em.com.br\/emfoco\/#website"},"primaryImageOfPage":{"@id":"https:\/\/www.em.com.br\/emfoco\/2026\/04\/29\/a-turbina-de-arquimedes-funciona-mesmo-e-promete-energia-urbana-com-menos-ruido-no-telhado-hoje\/#primaryimage"},"image":{"@id":"https:\/\/www.em.com.br\/emfoco\/2026\/04\/29\/a-turbina-de-arquimedes-funciona-mesmo-e-promete-energia-urbana-com-menos-ruido-no-telhado-hoje\/#primaryimage"},"thumbnailUrl":"https:\/\/www.em.com.br\/emfoco\/wp-content\/uploads\/2026\/04\/EmFoco_02-11.jpg","datePublished":"2026-04-29T10:15:00+00:00","dateModified":"2026-04-28T16:16:11+00:00","author":{"@id":"https:\/\/www.em.com.br\/emfoco\/#\/schema\/person\/bba594b7eebe9b9885fec3a5c7837089"},"description":"A turbina de Arquimedes chama aten\u00e7\u00e3o pelo design silencioso e urbano, mas seus n\u00fameros pedem cuidado antes de virar promessa f\u00e1cil","breadcrumb":{"@id":"https:\/\/www.em.com.br\/emfoco\/2026\/04\/29\/a-turbina-de-arquimedes-funciona-mesmo-e-promete-energia-urbana-com-menos-ruido-no-telhado-hoje\/#breadcrumb"},"inLanguage":"pt-BR","potentialAction":[{"@type":"ReadAction","target":["https:\/\/www.em.com.br\/emfoco\/2026\/04\/29\/a-turbina-de-arquimedes-funciona-mesmo-e-promete-energia-urbana-com-menos-ruido-no-telhado-hoje\/"]}]},{"@type":"ImageObject","inLanguage":"pt-BR","@id":"https:\/\/www.em.com.br\/emfoco\/2026\/04\/29\/a-turbina-de-arquimedes-funciona-mesmo-e-promete-energia-urbana-com-menos-ruido-no-telhado-hoje\/#primaryimage","url":"https:\/\/www.em.com.br\/emfoco\/wp-content\/uploads\/2026\/04\/EmFoco_02-11.jpg","contentUrl":"https:\/\/www.em.com.br\/emfoco\/wp-content\/uploads\/2026\/04\/EmFoco_02-11.jpg","width":1280,"height":720,"caption":"Tecnologia e\u00f3lica compacta projetada para gerar energia limpa em ambientes urbanos residenciais"},{"@type":"BreadcrumbList","@id":"https:\/\/www.em.com.br\/emfoco\/2026\/04\/29\/a-turbina-de-arquimedes-funciona-mesmo-e-promete-energia-urbana-com-menos-ruido-no-telhado-hoje\/#breadcrumb","itemListElement":[{"@type":"ListItem","position":1,"name":"In\u00edcio","item":"https:\/\/www.em.com.br\/emfoco\/"},{"@type":"ListItem","position":2,"name":"A turbina de Arquimedes funciona mesmo e promete energia urbana com menos ru\u00eddo no telhado hoje"}]},{"@type":"WebSite","@id":"https:\/\/www.em.com.br\/emfoco\/#website","url":"https:\/\/www.em.com.br\/emfoco\/","name":"Estado de Minas - Em foco","description":"Acompanhe as \u00faltimas not\u00edcias e fique bem informado sobre tudo o que acontece em Minas Gerais, Brasil e no mundo.","potentialAction":[{"@type":"SearchAction","target":{"@type":"EntryPoint","urlTemplate":"https:\/\/www.em.com.br\/emfoco\/?s={search_term_string}"},"query-input":{"@type":"PropertyValueSpecification","valueRequired":true,"valueName":"search_term_string"}}],"inLanguage":"pt-BR"},{"@type":"Person","@id":"https:\/\/www.em.com.br\/emfoco\/#\/schema\/person\/bba594b7eebe9b9885fec3a5c7837089","name":"Douglas Myth","image":{"@type":"ImageObject","inLanguage":"pt-BR","@id":"https:\/\/www.em.com.br\/emfoco\/#\/schema\/person\/image\/","url":"https:\/\/secure.gravatar.com\/avatar\/1ac3cf50d0e68642c697dc0c960c802f?s=96&d=mm&r=g","contentUrl":"https:\/\/secure.gravatar.com\/avatar\/1ac3cf50d0e68642c697dc0c960c802f?s=96&d=mm&r=g","caption":"Douglas Myth"},"url":"https:\/\/www.em.com.br\/emfoco\/author\/douglasmyth\/"}]}},"_links":{"self":[{"href":"https:\/\/www.em.com.br\/emfoco\/wp-json\/wp\/v2\/posts\/198248","targetHints":{"allow":["GET"]}}],"collection":[{"href":"https:\/\/www.em.com.br\/emfoco\/wp-json\/wp\/v2\/posts"}],"about":[{"href":"https:\/\/www.em.com.br\/emfoco\/wp-json\/wp\/v2\/types\/post"}],"author":[{"embeddable":true,"href":"https:\/\/www.em.com.br\/emfoco\/wp-json\/wp\/v2\/users\/15"}],"replies":[{"embeddable":true,"href":"https:\/\/www.em.com.br\/emfoco\/wp-json\/wp\/v2\/comments?post=198248"}],"version-history":[{"count":3,"href":"https:\/\/www.em.com.br\/emfoco\/wp-json\/wp\/v2\/posts\/198248\/revisions"}],"predecessor-version":[{"id":198267,"href":"https:\/\/www.em.com.br\/emfoco\/wp-json\/wp\/v2\/posts\/198248\/revisions\/198267"}],"wp:featuredmedia":[{"embeddable":true,"href":"https:\/\/www.em.com.br\/emfoco\/wp-json\/wp\/v2\/media\/200882"}],"wp:attachment":[{"href":"https:\/\/www.em.com.br\/emfoco\/wp-json\/wp\/v2\/media?parent=198248"}],"wp:term":[{"taxonomy":"category","embeddable":true,"href":"https:\/\/www.em.com.br\/emfoco\/wp-json\/wp\/v2\/categories?post=198248"},{"taxonomy":"post_tag","embeddable":true,"href":"https:\/\/www.em.com.br\/emfoco\/wp-json\/wp\/v2\/tags?post=198248"}],"curies":[{"name":"wp","href":"https:\/\/api.w.org\/{rel}","templated":true}]}}