{"id":198243,"date":"2026-04-27T15:45:00","date_gmt":"2026-04-27T18:45:00","guid":{"rendered":"https:\/\/www.em.com.br\/emfoco\/?p=198243"},"modified":"2026-04-26T06:55:48","modified_gmt":"2026-04-26T09:55:48","slug":"como-cuidar-de-uma-roseira-no-outono-um-guia-para-preparar-a-planta-para-a-primavera","status":"publish","type":"post","link":"https:\/\/www.em.com.br\/emfoco\/2026\/04\/27\/como-cuidar-de-uma-roseira-no-outono-um-guia-para-preparar-a-planta-para-a-primavera\/","title":{"rendered":"Como cuidar de uma roseira no outono: um guia para preparar a planta para a primavera"},"content":{"rendered":"\n<p>No <strong>Brasil<\/strong>, o outono representa a janela de transi\u00e7\u00e3o mais importante para quem cultiva flores. Os cuidados aplicados na <strong>roseira<\/strong> entre mar\u00e7o e junho definem o vigor da brota\u00e7\u00e3o que surgir\u00e1 em setembro.<\/p>\n\n\n\n<h2 class=\"wp-block-heading\">Como realizar a poda de manuten\u00e7\u00e3o corretamente?<\/h2>\n\n\n\n<p>Diferente da poda dr\u00e1stica de inverno, a limpeza de outono deve ser cont\u00ednua e imediata. O objetivo \u00e9 evitar que a <strong>roseira<\/strong> gaste energia desnecess\u00e1ria com partes doentes ou na forma\u00e7\u00e3o de frutos, conhecidos como quadris de rosa.<\/p>\n\n\n\n<p>As roseiras pertencem \u00e0 fam\u00edlia Rosaceae e exigem sol pleno para florescer. Remover galhos secos e flores murchas com uma tesoura higienizada com <strong>\u00e1lcool 70%<\/strong> previne a propaga\u00e7\u00e3o de fungos que poderiam comprometer toda a planta na <strong>cidade<\/strong> ou no campo.<\/p>\n\n\n<div class=\"wp-block-image\">\n<figure class=\"aligncenter size-large\"><img loading=\"lazy\" decoding=\"async\" width=\"1024\" height=\"576\" src=\"https:\/\/www.em.com.br\/emfoco\/wp-content\/uploads\/2026\/04\/plantacao-1-1024x576.jpg\" alt=\"A maioria das pessoas esquece este cuidado simples e acaba perdendo a roseira no inverno\" class=\"wp-image-198255\" srcset=\"https:\/\/www.em.com.br\/emfoco\/wp-content\/uploads\/2026\/04\/plantacao-1-1024x576.jpg 1024w, https:\/\/www.em.com.br\/emfoco\/wp-content\/uploads\/2026\/04\/plantacao-1-300x169.jpg 300w, https:\/\/www.em.com.br\/emfoco\/wp-content\/uploads\/2026\/04\/plantacao-1-768x432.jpg 768w, https:\/\/www.em.com.br\/emfoco\/wp-content\/uploads\/2026\/04\/plantacao-1-750x422.jpg 750w, https:\/\/www.em.com.br\/emfoco\/wp-content\/uploads\/2026\/04\/plantacao-1-1140x641.jpg 1140w, https:\/\/www.em.com.br\/emfoco\/wp-content\/uploads\/2026\/04\/plantacao-1.jpg 1280w\" sizes=\"auto, (max-width: 1024px) 100vw, 1024px\" \/><figcaption class=\"wp-element-caption\">A maioria das pessoas esquece este cuidado simples e acaba perdendo a roseira no inverno<\/figcaption><\/figure><\/div>\n\n\n<h2 class=\"wp-block-heading\">Qual \u00e9 o momento ideal para a poda anual por regi\u00e3o?<\/h2>\n\n\n\n<p>A poda de forma\u00e7\u00e3o, que reduz a planta drasticamente, depende do <a href=\"https:\/\/www.em.com.br\/emfoco\/2026\/04\/23\/os-4-vegetais-para-plantar-na-varanda-no-outono-que-crescem-rapido-e-ocupam-pouco-espaco\/\" target=\"_blank\" rel=\"noreferrer noopener\">clima local<\/a> para n\u00e3o expor brotos novos a geadas. Enquanto em estados como a <strong>Bahia<\/strong> o processo pode ser antecipado, no <strong>Sul<\/strong> do pa\u00eds \u00e9 vital aguardar o fim do frio intenso.<\/p>\n\n\n\n<p>Confira o calend\u00e1rio recomendado para o territ\u00f3rio nacional:<\/p>\n\n\n\n<ul class=\"wp-block-list\">\n<li><strong>Sudeste e Centro-Oeste<\/strong>: Entre o final de junho e o in\u00edcio de julho.<\/li>\n\n\n\n<li><strong>Regi\u00e3o Sul<\/strong>: In\u00edcio de agosto para evitar a queima por geadas severas.<\/li>\n\n\n\n<li><strong>Nordeste<\/strong>: Pode ser realizada em maio ou junho devido ao clima ameno.<\/li>\n<\/ul>\n\n\n\n<h2 class=\"wp-block-heading\">Por que a aduba\u00e7\u00e3o de outono \u00e9 estrat\u00e9gica?<\/h2>\n\n\n\n<p>Este \u00e9 o melhor per\u00edodo para corrigir o solo, permitindo que os nutrientes se incorporem antes da explos\u00e3o primaveril. A aplica\u00e7\u00e3o de <strong>10 a 15 kg\/m\u00b2<\/strong> de esterco bovino curtido fornece a base org\u00e2nica necess\u00e1ria para fortalecer o sistema radicular da planta.<\/p>\n\n\n\n<p>Al\u00e9m da mat\u00e9ria org\u00e2nica, manter o pH do solo entre <strong>6,0 e 6,5<\/strong> \u00e9 essencial para a absor\u00e7\u00e3o de micronutrientes como o ferro. Segundo a <a href=\"https:\/\/www.embrapa.br\/\" target=\"_blank\" rel=\"noreferrer noopener\">Embrapa<\/a>, a corre\u00e7\u00e3o com calc\u00e1rio dolom\u00edtico deve ser feita semestralmente para prevenir folhas amareladas e garantir que a <strong>roseira<\/strong> cres\u00e7a com resist\u00eancia.<\/p>\n\n\n<div class=\"wp-block-image\">\n<figure class=\"aligncenter size-large\"><img loading=\"lazy\" decoding=\"async\" width=\"1024\" height=\"576\" src=\"https:\/\/www.em.com.br\/emfoco\/wp-content\/uploads\/2026\/04\/vaso-1-1024x576.jpg\" alt=\"O cronograma completo para preparar suas roseiras para os meses frios\" class=\"wp-image-198257\" srcset=\"https:\/\/www.em.com.br\/emfoco\/wp-content\/uploads\/2026\/04\/vaso-1-1024x576.jpg 1024w, https:\/\/www.em.com.br\/emfoco\/wp-content\/uploads\/2026\/04\/vaso-1-300x169.jpg 300w, https:\/\/www.em.com.br\/emfoco\/wp-content\/uploads\/2026\/04\/vaso-1-768x432.jpg 768w, https:\/\/www.em.com.br\/emfoco\/wp-content\/uploads\/2026\/04\/vaso-1-750x422.jpg 750w, https:\/\/www.em.com.br\/emfoco\/wp-content\/uploads\/2026\/04\/vaso-1-1140x641.jpg 1140w, https:\/\/www.em.com.br\/emfoco\/wp-content\/uploads\/2026\/04\/vaso-1.jpg 1280w\" sizes=\"auto, (max-width: 1024px) 100vw, 1024px\" \/><figcaption class=\"wp-element-caption\">O cronograma completo para preparar suas roseiras para os meses frios<\/figcaption><\/figure><\/div>\n\n\n<h2 class=\"wp-block-heading\">Como ajustar a irriga\u00e7\u00e3o nas temperaturas amenas?<\/h2>\n\n\n\n<p>Com a menor evapotranspira\u00e7\u00e3o do outono, a frequ\u00eancia das regas deve ser reduzida para evitar o apodrecimento das ra\u00edzes. O excesso de umidade \u00e9 o principal erro nesta esta\u00e7\u00e3o, favorecendo o surgimento de doen\u00e7as como o o\u00eddio e a mancha preta.<\/p>\n\n\n\n<p>Abaixo, detalhamos o manejo h\u00eddrico ideal para cada cen\u00e1rio:<\/p>\n\n\n<div class=\"wp-block-image\">\n<figure class=\"aligncenter size-large is-resized\"><img loading=\"lazy\" decoding=\"async\" width=\"1024\" height=\"532\" src=\"https:\/\/www.em.com.br\/emfoco\/wp-content\/uploads\/2026\/04\/image-137-1024x532.png\" alt=\"\" class=\"wp-image-198261\" style=\"width:892px;height:auto\" srcset=\"https:\/\/www.em.com.br\/emfoco\/wp-content\/uploads\/2026\/04\/image-137-1024x532.png 1024w, https:\/\/www.em.com.br\/emfoco\/wp-content\/uploads\/2026\/04\/image-137-300x156.png 300w, https:\/\/www.em.com.br\/emfoco\/wp-content\/uploads\/2026\/04\/image-137-768x399.png 768w, https:\/\/www.em.com.br\/emfoco\/wp-content\/uploads\/2026\/04\/image-137-750x390.png 750w, https:\/\/www.em.com.br\/emfoco\/wp-content\/uploads\/2026\/04\/image-137-1140x592.png 1140w, https:\/\/www.em.com.br\/emfoco\/wp-content\/uploads\/2026\/04\/image-137.png 1280w\" sizes=\"auto, (max-width: 1024px) 100vw, 1024px\" \/><\/figure><\/div>\n\n\n<h2 class=\"wp-block-heading\">Quais pragas monitorar durante esta esta\u00e7\u00e3o?<\/h2>\n\n\n\n<p>O outono traz mais umidade e temperaturas mais amenas, criando um cen\u00e1rio ideal para o aparecimento de <strong>fungos <\/strong>e <strong>pulg\u00f5es<\/strong>. Por isso, o cuidado precisa ser constante, principalmente nos brotos novos das plantas. Nessa fase, o uso de fungicidas \u00e0 base de cobre ou at\u00e9 solu\u00e7\u00f5es caseiras com bicarbonato de pot\u00e1ssio pode ajudar bastante na preven\u00e7\u00e3o e no controle inicial.<\/p>\n\n\n\n<p>Outro ponto importante \u00e9 investir na cobertura morta ao redor das plantas. Uma camada de <strong>5 a 8 cm de palha<\/strong> ou <strong>casca de arroz <\/strong>ajuda a manter a temperatura das ra\u00edzes mais est\u00e1vel nas noites frias e ainda dificulta o crescimento de ervas daninhas. Assim, a planta aproveita melhor os nutrientes e se prepara com mais for\u00e7a para florescer na primavera.<\/p>\n\n\n\n<p><br><br><\/p>\n","protected":false},"excerpt":{"rendered":"<p>No Brasil, o outono representa a janela de transi\u00e7\u00e3o mais importante para quem cultiva flores. Os cuidados aplicados na roseira entre mar\u00e7o e junho definem o vigor da brota\u00e7\u00e3o que surgir\u00e1 em setembro. Como realizar a poda de manuten\u00e7\u00e3o corretamente? Diferente da poda dr\u00e1stica de inverno, a limpeza de outono deve ser cont\u00ednua e imediata. [&hellip;]<\/p>\n","protected":false},"author":30,"featured_media":198253,"comment_status":"open","ping_status":"open","sticky":false,"template":"","format":"standard","meta":{"jnews-multi-image_gallery":[],"jnews_single_post":{"format":"standard"},"jnews_primary_category":[],"jnews_social_meta":[],"jnews_override_counter":[],"footnotes":""},"categories":[8691,1],"tags":[3357,3358,6074,6036],"class_list":["post-198243","post","type-post","status-publish","format-standard","has-post-thumbnail","hentry","category-bem-estar","category-noticias","tag-flores","tag-jardinagem","tag-outono","tag-poda"],"yoast_head":"<!-- This site is optimized with the Yoast SEO plugin v23.8 - https:\/\/yoast.com\/wordpress\/plugins\/seo\/ -->\n<title>Como cuidar de uma roseira no outono: um guia para preparar a planta para a primavera - Estado de Minas - Em foco<\/title>\n<meta name=\"description\" content=\"Aprenda como cuidar de uma roseira no outono e preparar a planta para a primavera. Veja o guia para vigor na brota\u00e7\u00e3o a partir de setembro.\" \/>\n<meta name=\"robots\" content=\"index, follow, max-snippet:-1, max-image-preview:large, max-video-preview:-1\" \/>\n<link rel=\"canonical\" href=\"https:\/\/www.em.com.br\/emfoco\/2026\/04\/27\/como-cuidar-de-uma-roseira-no-outono-um-guia-para-preparar-a-planta-para-a-primavera\/\" \/>\n<meta property=\"og:locale\" content=\"pt_BR\" \/>\n<meta property=\"og:type\" content=\"article\" \/>\n<meta property=\"og:title\" content=\"Como cuidar de uma roseira no outono: um guia para preparar a planta para a primavera - Estado de Minas - Em foco\" \/>\n<meta property=\"og:description\" content=\"Aprenda como cuidar de uma roseira no outono e preparar a planta para a primavera. Veja o guia para vigor na brota\u00e7\u00e3o a partir de setembro.\" \/>\n<meta property=\"og:url\" content=\"https:\/\/www.em.com.br\/emfoco\/2026\/04\/27\/como-cuidar-de-uma-roseira-no-outono-um-guia-para-preparar-a-planta-para-a-primavera\/\" \/>\n<meta property=\"og:site_name\" content=\"Estado de Minas - Em foco\" \/>\n<meta property=\"article:published_time\" content=\"2026-04-27T18:45:00+00:00\" \/>\n<meta property=\"article:modified_time\" content=\"2026-04-26T09:55:48+00:00\" \/>\n<meta property=\"og:image\" content=\"https:\/\/www.em.com.br\/emfoco\/wp-content\/uploads\/2026\/04\/roseiria.jpg\" \/>\n\t<meta property=\"og:image:width\" content=\"1280\" \/>\n\t<meta property=\"og:image:height\" content=\"720\" \/>\n\t<meta property=\"og:image:type\" content=\"image\/jpeg\" \/>\n<meta name=\"author\" content=\"Guilherme Ara\u00fajo\" \/>\n<meta name=\"twitter:card\" content=\"summary_large_image\" \/>\n<meta name=\"twitter:label1\" content=\"Escrito por\" \/>\n\t<meta name=\"twitter:data1\" content=\"Guilherme Ara\u00fajo\" \/>\n\t<meta name=\"twitter:label2\" content=\"Est. tempo de leitura\" \/>\n\t<meta name=\"twitter:data2\" content=\"4 minutos\" \/>\n<!-- \/ Yoast SEO plugin. -->","yoast_head_json":{"title":"Como cuidar de uma roseira no outono: um guia para preparar a planta para a primavera - Estado de Minas - Em foco","description":"Aprenda como cuidar de uma roseira no outono e preparar a planta para a primavera. Veja o guia para vigor na brota\u00e7\u00e3o a partir de setembro.","robots":{"index":"index","follow":"follow","max-snippet":"max-snippet:-1","max-image-preview":"max-image-preview:large","max-video-preview":"max-video-preview:-1"},"canonical":"https:\/\/www.em.com.br\/emfoco\/2026\/04\/27\/como-cuidar-de-uma-roseira-no-outono-um-guia-para-preparar-a-planta-para-a-primavera\/","og_locale":"pt_BR","og_type":"article","og_title":"Como cuidar de uma roseira no outono: um guia para preparar a planta para a primavera - Estado de Minas - Em foco","og_description":"Aprenda como cuidar de uma roseira no outono e preparar a planta para a primavera. Veja o guia para vigor na brota\u00e7\u00e3o a partir de setembro.","og_url":"https:\/\/www.em.com.br\/emfoco\/2026\/04\/27\/como-cuidar-de-uma-roseira-no-outono-um-guia-para-preparar-a-planta-para-a-primavera\/","og_site_name":"Estado de Minas - Em foco","article_published_time":"2026-04-27T18:45:00+00:00","article_modified_time":"2026-04-26T09:55:48+00:00","og_image":[{"width":1280,"height":720,"url":"https:\/\/www.em.com.br\/emfoco\/wp-content\/uploads\/2026\/04\/roseiria.jpg","type":"image\/jpeg"}],"author":"Guilherme Ara\u00fajo","twitter_card":"summary_large_image","twitter_misc":{"Escrito por":"Guilherme Ara\u00fajo","Est. tempo de leitura":"4 minutos"},"schema":{"@context":"https:\/\/schema.org","@graph":[{"@type":"WebPage","@id":"https:\/\/www.em.com.br\/emfoco\/2026\/04\/27\/como-cuidar-de-uma-roseira-no-outono-um-guia-para-preparar-a-planta-para-a-primavera\/","url":"https:\/\/www.em.com.br\/emfoco\/2026\/04\/27\/como-cuidar-de-uma-roseira-no-outono-um-guia-para-preparar-a-planta-para-a-primavera\/","name":"Como cuidar de uma roseira no outono: um guia para preparar a planta para a primavera - Estado de Minas - Em foco","isPartOf":{"@id":"https:\/\/www.em.com.br\/emfoco\/#website"},"primaryImageOfPage":{"@id":"https:\/\/www.em.com.br\/emfoco\/2026\/04\/27\/como-cuidar-de-uma-roseira-no-outono-um-guia-para-preparar-a-planta-para-a-primavera\/#primaryimage"},"image":{"@id":"https:\/\/www.em.com.br\/emfoco\/2026\/04\/27\/como-cuidar-de-uma-roseira-no-outono-um-guia-para-preparar-a-planta-para-a-primavera\/#primaryimage"},"thumbnailUrl":"https:\/\/www.em.com.br\/emfoco\/wp-content\/uploads\/2026\/04\/roseiria.jpg","datePublished":"2026-04-27T18:45:00+00:00","dateModified":"2026-04-26T09:55:48+00:00","author":{"@id":"https:\/\/www.em.com.br\/emfoco\/#\/schema\/person\/5379e929a4b966c775d121e23f9bb421"},"description":"Aprenda como cuidar de uma roseira no outono e preparar a planta para a primavera. Veja o guia para vigor na brota\u00e7\u00e3o a partir de setembro.","breadcrumb":{"@id":"https:\/\/www.em.com.br\/emfoco\/2026\/04\/27\/como-cuidar-de-uma-roseira-no-outono-um-guia-para-preparar-a-planta-para-a-primavera\/#breadcrumb"},"inLanguage":"pt-BR","potentialAction":[{"@type":"ReadAction","target":["https:\/\/www.em.com.br\/emfoco\/2026\/04\/27\/como-cuidar-de-uma-roseira-no-outono-um-guia-para-preparar-a-planta-para-a-primavera\/"]}]},{"@type":"ImageObject","inLanguage":"pt-BR","@id":"https:\/\/www.em.com.br\/emfoco\/2026\/04\/27\/como-cuidar-de-uma-roseira-no-outono-um-guia-para-preparar-a-planta-para-a-primavera\/#primaryimage","url":"https:\/\/www.em.com.br\/emfoco\/wp-content\/uploads\/2026\/04\/roseiria.jpg","contentUrl":"https:\/\/www.em.com.br\/emfoco\/wp-content\/uploads\/2026\/04\/roseiria.jpg","width":1280,"height":720,"caption":"O que acontece com a planta se voc\u00ea n\u00e3o fizer este preparo agora"},{"@type":"BreadcrumbList","@id":"https:\/\/www.em.com.br\/emfoco\/2026\/04\/27\/como-cuidar-de-uma-roseira-no-outono-um-guia-para-preparar-a-planta-para-a-primavera\/#breadcrumb","itemListElement":[{"@type":"ListItem","position":1,"name":"In\u00edcio","item":"https:\/\/www.em.com.br\/emfoco\/"},{"@type":"ListItem","position":2,"name":"Como cuidar de uma roseira no outono: um guia para preparar a planta para a primavera"}]},{"@type":"WebSite","@id":"https:\/\/www.em.com.br\/emfoco\/#website","url":"https:\/\/www.em.com.br\/emfoco\/","name":"Estado de Minas - Em foco","description":"Acompanhe as \u00faltimas not\u00edcias e fique bem informado sobre tudo o que acontece em Minas Gerais, Brasil e no mundo.","potentialAction":[{"@type":"SearchAction","target":{"@type":"EntryPoint","urlTemplate":"https:\/\/www.em.com.br\/emfoco\/?s={search_term_string}"},"query-input":{"@type":"PropertyValueSpecification","valueRequired":true,"valueName":"search_term_string"}}],"inLanguage":"pt-BR"},{"@type":"Person","@id":"https:\/\/www.em.com.br\/emfoco\/#\/schema\/person\/5379e929a4b966c775d121e23f9bb421","name":"Guilherme Ara\u00fajo","image":{"@type":"ImageObject","inLanguage":"pt-BR","@id":"https:\/\/www.em.com.br\/emfoco\/#\/schema\/person\/image\/","url":"https:\/\/secure.gravatar.com\/avatar\/b8bf1fd0130e170bd8f5d7298dbafa25?s=96&d=mm&r=g","contentUrl":"https:\/\/secure.gravatar.com\/avatar\/b8bf1fd0130e170bd8f5d7298dbafa25?s=96&d=mm&r=g","caption":"Guilherme Ara\u00fajo"},"sameAs":["https:\/\/www.em.com.br\/emfoco"],"url":"https:\/\/www.em.com.br\/emfoco\/author\/guilhermeamyth\/"}]}},"_links":{"self":[{"href":"https:\/\/www.em.com.br\/emfoco\/wp-json\/wp\/v2\/posts\/198243","targetHints":{"allow":["GET"]}}],"collection":[{"href":"https:\/\/www.em.com.br\/emfoco\/wp-json\/wp\/v2\/posts"}],"about":[{"href":"https:\/\/www.em.com.br\/emfoco\/wp-json\/wp\/v2\/types\/post"}],"author":[{"embeddable":true,"href":"https:\/\/www.em.com.br\/emfoco\/wp-json\/wp\/v2\/users\/30"}],"replies":[{"embeddable":true,"href":"https:\/\/www.em.com.br\/emfoco\/wp-json\/wp\/v2\/comments?post=198243"}],"version-history":[{"count":4,"href":"https:\/\/www.em.com.br\/emfoco\/wp-json\/wp\/v2\/posts\/198243\/revisions"}],"predecessor-version":[{"id":198291,"href":"https:\/\/www.em.com.br\/emfoco\/wp-json\/wp\/v2\/posts\/198243\/revisions\/198291"}],"wp:featuredmedia":[{"embeddable":true,"href":"https:\/\/www.em.com.br\/emfoco\/wp-json\/wp\/v2\/media\/198253"}],"wp:attachment":[{"href":"https:\/\/www.em.com.br\/emfoco\/wp-json\/wp\/v2\/media?parent=198243"}],"wp:term":[{"taxonomy":"category","embeddable":true,"href":"https:\/\/www.em.com.br\/emfoco\/wp-json\/wp\/v2\/categories?post=198243"},{"taxonomy":"post_tag","embeddable":true,"href":"https:\/\/www.em.com.br\/emfoco\/wp-json\/wp\/v2\/tags?post=198243"}],"curies":[{"name":"wp","href":"https:\/\/api.w.org\/{rel}","templated":true}]}}