{"id":198234,"date":"2026-04-27T09:25:00","date_gmt":"2026-04-27T12:25:00","guid":{"rendered":"https:\/\/www.em.com.br\/emfoco\/?p=198234"},"modified":"2026-04-26T06:56:30","modified_gmt":"2026-04-26T09:56:30","slug":"mergulhar-as-unhas-em-azeite-e-recomendado-por-especialistas-veja-os-beneficios-e-como-esse-cuidado-pode-fortalece-las","status":"publish","type":"post","link":"https:\/\/www.em.com.br\/emfoco\/2026\/04\/27\/mergulhar-as-unhas-em-azeite-e-recomendado-por-especialistas-veja-os-beneficios-e-como-esse-cuidado-pode-fortalece-las\/","title":{"rendered":"Mergulhar as unhas em azeite \u00e9 recomendado por especialistas: veja os benef\u00edcios e como esse cuidado pode fortalec\u00ea-las"},"content":{"rendered":"\n<p>Manter as m\u00e3os impec\u00e1veis vai al\u00e9m da est\u00e9tica. O uso do <strong>azeite de oliva<\/strong> morno tornou-se uma pr\u00e1tica popular para quem lida com unhas ressecadas e cut\u00edculas endurecidas, oferecendo uma hidrata\u00e7\u00e3o profunda e natural.<\/p>\n\n\n\n<h2 class=\"wp-block-heading\">Como o azeite de oliva age na estrutura da unha?<\/h2>\n\n\n\n<p>A unha \u00e9 composta majoritariamente por <strong>queratina<\/strong>, uma prote\u00edna que necessita de lip\u00eddios para manter sua flexibilidade. O \u00f3leo extra-virgem atua como um selante biol\u00f3gico, preenchendo as microfissuras da l\u00e2mina ungueal e devolvendo a maleabilidade perdida.<\/p>\n\n\n\n<p>Rico em <strong>\u00e1cido oleico<\/strong> e vitamina E, o produto penetra na cut\u00edcula e restaura a <a href=\"https:\/\/www.em.com.br\/emfoco\/2026\/04\/17\/adeus-potinhos-acumulados-a-rotina-de-skincare-simples-que-virou-a-nova-tendencia-das-mulheres\/\" target=\"_blank\" rel=\"noreferrer noopener\">barreira lip\u00eddica<\/a> que \u00e9 removida diariamente por detergentes e acetona. Essa a\u00e7\u00e3o protetora retarda o envelhecimento celular das m\u00e3os gra\u00e7as aos polifen\u00f3is presentes na composi\u00e7\u00e3o.<\/p>\n\n\n\n<h2 class=\"wp-block-heading\">Qual \u00e9 a vers\u00e3o mais eficaz para unhas muito fr\u00e1geis?<\/h2>\n\n\n\n<p>Para casos de fragilidade extrema, a combina\u00e7\u00e3o com o alho potencializa os resultados. O alho \u00e9 rico em <strong>alicina<\/strong>, um composto de enxofre essencial para formar as pontes de dissulfeto que estruturam as fibras de <strong>prote\u00edna<\/strong> da unha.<\/p>\n\n\n\n<p>Enquanto o <strong>azeite de oliva<\/strong> atua como ve\u00edculo de transporte e selante, o alho fornece os nutrientes necess\u00e1rios para reconstruir a resist\u00eancia interna. Essa mistura \u00e9 recomendada para quem sofre com lascamentos constantes e busca uma solu\u00e7\u00e3o caseira com maior suporte t\u00e9cnico.<\/p>\n\n\n<div class=\"wp-block-image\">\n<figure class=\"aligncenter size-large\"><img loading=\"lazy\" decoding=\"async\" width=\"1024\" height=\"576\" src=\"https:\/\/www.em.com.br\/emfoco\/wp-content\/uploads\/2026\/04\/azeite-preparacao-1-1024x576.jpg\" alt=\"Como a vitamina E do azeite de oliva reconstr\u00f3i a queratina das unhas\" class=\"wp-image-198238\" srcset=\"https:\/\/www.em.com.br\/emfoco\/wp-content\/uploads\/2026\/04\/azeite-preparacao-1-1024x576.jpg 1024w, https:\/\/www.em.com.br\/emfoco\/wp-content\/uploads\/2026\/04\/azeite-preparacao-1-300x169.jpg 300w, https:\/\/www.em.com.br\/emfoco\/wp-content\/uploads\/2026\/04\/azeite-preparacao-1-768x432.jpg 768w, https:\/\/www.em.com.br\/emfoco\/wp-content\/uploads\/2026\/04\/azeite-preparacao-1-750x422.jpg 750w, https:\/\/www.em.com.br\/emfoco\/wp-content\/uploads\/2026\/04\/azeite-preparacao-1-1140x641.jpg 1140w, https:\/\/www.em.com.br\/emfoco\/wp-content\/uploads\/2026\/04\/azeite-preparacao-1.jpg 1280w\" sizes=\"auto, (max-width: 1024px) 100vw, 1024px\" \/><figcaption class=\"wp-element-caption\">Como a vitamina E do azeite de oliva reconstr\u00f3i a queratina das unhas<\/figcaption><\/figure><\/div>\n\n\n<h2 class=\"wp-block-heading\">Como fazer o banho de hidrata\u00e7\u00e3o corretamente?<\/h2>\n\n\n\n<p>O segredo para a efic\u00e1cia do tratamento est\u00e1 na temperatura. O calor suave favorece a expans\u00e3o das escamas da unha, permitindo que os \u00e1cidos graxos penetrem de forma mais eficiente nas camadas superficiais da <strong>queratina<\/strong>.<\/p>\n\n\n\n<p>Para uma rotina de manuten\u00e7\u00e3o simples, siga estas etapas:<\/p>\n\n\n\n<ul class=\"wp-block-list\">\n<li><strong>Aquecimento<\/strong>: Aque\u00e7a 3 colheres de sopa de \u00f3leo at\u00e9 ficar morno, nunca quente.<\/li>\n\n\n\n<li><strong>Imers\u00e3o<\/strong>: Mergulhe as pontas dos dedos por um per\u00edodo de <strong>10 a 15 minutos<\/strong>.<\/li>\n\n\n\n<li><strong>Massagem<\/strong>: Fa\u00e7a movimentos circulares em cada cut\u00edcula para estimular a circula\u00e7\u00e3o local.<\/li>\n\n\n\n<li><strong>Finaliza\u00e7\u00e3o<\/strong>: Retire apenas o excesso com um len\u00e7o, sem lavar as m\u00e3os imediatamente.<\/li>\n<\/ul>\n\n\n\n<p>Quem busca fortalecer as unhas, vai curtir esse v\u00eddeo especialmente selecionado do canal <strong>Bernadete Terracciano<\/strong>, que conta com mais de <strong>5,2 mil<\/strong> visualiza\u00e7\u00f5es, onde <strong>Bernadete Terracciano<\/strong> mostra como usar o azeite de oliva para tornar as unhas resistentes:<\/p>\n\n\n\n<figure class=\"wp-block-embed is-type-video is-provider-youtube wp-block-embed-youtube wp-embed-aspect-16-9 wp-has-aspect-ratio\"><div class=\"wp-block-embed__wrapper\">\n<div class=\"jeg_video_container jeg_video_content\"><iframe loading=\"lazy\" title=\"Fortalecer unhas com azeite: funciona?\" width=\"500\" height=\"281\" src=\"https:\/\/www.youtube.com\/embed\/O8Ue8nhubq4?feature=oembed\" frameborder=\"0\" allow=\"accelerometer; autoplay; clipboard-write; encrypted-media; gyroscope; picture-in-picture; web-share\" referrerpolicy=\"strict-origin-when-cross-origin\" allowfullscreen><\/iframe><\/div>\n<\/div><\/figure>\n\n\n\n<h2 class=\"wp-block-heading\">Como potencializar os resultados no dia a dia?<\/h2>\n\n\n\n<p>Associar o cuidado externo com h\u00e1bitos de prote\u00e7\u00e3o ajuda a manter a barreira lip\u00eddica reconstru\u00edda pelo \u00f3leo. O uso de luvas ao manipular produtos de limpeza \u00e9 o fator mais importante para preservar a sa\u00fade das m\u00e3os tratadas.<\/p>\n\n\n\n<p>Abaixo, veja os elementos que ajudam na resist\u00eancia das unhas:<\/p>\n\n\n<div class=\"wp-block-image\">\n<figure class=\"aligncenter size-large is-resized\"><img loading=\"lazy\" decoding=\"async\" width=\"1024\" height=\"549\" src=\"https:\/\/www.em.com.br\/emfoco\/wp-content\/uploads\/2026\/04\/image-135-1024x549.png\" alt=\"\" class=\"wp-image-198240\" style=\"width:810px;height:auto\" srcset=\"https:\/\/www.em.com.br\/emfoco\/wp-content\/uploads\/2026\/04\/image-135-1024x549.png 1024w, https:\/\/www.em.com.br\/emfoco\/wp-content\/uploads\/2026\/04\/image-135-300x161.png 300w, https:\/\/www.em.com.br\/emfoco\/wp-content\/uploads\/2026\/04\/image-135-768x412.png 768w, https:\/\/www.em.com.br\/emfoco\/wp-content\/uploads\/2026\/04\/image-135-750x402.png 750w, https:\/\/www.em.com.br\/emfoco\/wp-content\/uploads\/2026\/04\/image-135-1140x611.png 1140w, https:\/\/www.em.com.br\/emfoco\/wp-content\/uploads\/2026\/04\/image-135.png 1280w\" sizes=\"auto, (max-width: 1024px) 100vw, 1024px\" \/><\/figure><\/div>\n\n\n<p>Integrar o <strong>azeite de oliva<\/strong> na sua rotina semanal, realizando o banho de <strong>2 a 3 vezes<\/strong>, transformar\u00e1 a textura das suas m\u00e3os. Lembre-se que a beleza das unhas reflete o cuidado cont\u00ednuo e a hidrata\u00e7\u00e3o, tanto interna quanto externa, garantindo m\u00e3os saud\u00e1veis e resistentes por muito mais tempo.<\/p>\n\n\n\n<h2 class=\"wp-block-heading\">O que este tratamento n\u00e3o consegue resolver?<\/h2>\n\n\n\n<p>Embora seja excelente para a hidrata\u00e7\u00e3o, \u00e9 preciso alinhar as expectativas. O uso t\u00f3pico de <strong>azeite de oliva<\/strong> n\u00e3o possui a capacidade de acelerar o crescimento das unhas, pois esse processo ocorre na matriz ungueal, onde o \u00f3leo n\u00e3o alcan\u00e7a.<\/p>\n\n\n\n<p>De acordo com especialistas da <a href=\"https:\/\/www.sbd.org.br\/\" target=\"_blank\" rel=\"noreferrer noopener\">Sociedade Brasileira de Dermatologia<\/a>, infec\u00e7\u00f5es f\u00fangicas tamb\u00e9m exigem tratamentos m\u00e9dicos espec\u00edficos. Al\u00e9m disso, unhas quebradi\u00e7as podem indicar defici\u00eancia de ferro ou zinco, fatores que devem ser corrigidos atrav\u00e9s da alimenta\u00e7\u00e3o adequada ou suplementa\u00e7\u00e3o profissional na sua <strong>cidade<\/strong>.<\/p>\n","protected":false},"excerpt":{"rendered":"<p>Manter as m\u00e3os impec\u00e1veis vai al\u00e9m da est\u00e9tica. O uso do azeite de oliva morno tornou-se uma pr\u00e1tica popular para quem lida com unhas ressecadas e cut\u00edculas endurecidas, oferecendo uma hidrata\u00e7\u00e3o profunda e natural. Como o azeite de oliva age na estrutura da unha? A unha \u00e9 composta majoritariamente por queratina, uma prote\u00edna que necessita [&hellip;]<\/p>\n","protected":false},"author":30,"featured_media":198236,"comment_status":"open","ping_status":"open","sticky":false,"template":"","format":"standard","meta":{"jnews-multi-image_gallery":[],"jnews_single_post":{"format":"standard"},"jnews_primary_category":[],"jnews_social_meta":[],"jnews_override_counter":[],"footnotes":""},"categories":[28],"tags":[712,6862,1275,415],"class_list":["post-198234","post","type-post","status-publish","format-standard","has-post-thumbnail","hentry","category-economia","tag-autocuidado","tag-dermatologia","tag-riscos","tag-saude"],"yoast_head":"<!-- This site is optimized with the Yoast SEO plugin v23.8 - https:\/\/yoast.com\/wordpress\/plugins\/seo\/ -->\n<title>Mergulhar as unhas em azeite \u00e9 recomendado por especialistas: veja os benef\u00edcios e como esse cuidado pode fortalec\u00ea-las - Estado de Minas - Em foco<\/title>\n<meta name=\"description\" content=\"Entenda por que o truque caseiro com azeite de oliva virou queridinho para unhas fracas. Veja como aplicar a hidrata\u00e7\u00e3o profunda e natural.\" \/>\n<meta name=\"robots\" content=\"index, follow, max-snippet:-1, max-image-preview:large, max-video-preview:-1\" \/>\n<link rel=\"canonical\" href=\"https:\/\/www.em.com.br\/emfoco\/2026\/04\/27\/mergulhar-as-unhas-em-azeite-e-recomendado-por-especialistas-veja-os-beneficios-e-como-esse-cuidado-pode-fortalece-las\/\" \/>\n<meta property=\"og:locale\" content=\"pt_BR\" \/>\n<meta property=\"og:type\" content=\"article\" \/>\n<meta property=\"og:title\" content=\"Mergulhar as unhas em azeite \u00e9 recomendado por especialistas: veja os benef\u00edcios e como esse cuidado pode fortalec\u00ea-las - Estado de Minas - Em foco\" \/>\n<meta property=\"og:description\" content=\"Entenda por que o truque caseiro com azeite de oliva virou queridinho para unhas fracas. Veja como aplicar a hidrata\u00e7\u00e3o profunda e natural.\" \/>\n<meta property=\"og:url\" content=\"https:\/\/www.em.com.br\/emfoco\/2026\/04\/27\/mergulhar-as-unhas-em-azeite-e-recomendado-por-especialistas-veja-os-beneficios-e-como-esse-cuidado-pode-fortalece-las\/\" \/>\n<meta property=\"og:site_name\" content=\"Estado de Minas - Em foco\" \/>\n<meta property=\"article:published_time\" content=\"2026-04-27T12:25:00+00:00\" \/>\n<meta property=\"article:modified_time\" content=\"2026-04-26T09:56:30+00:00\" \/>\n<meta property=\"og:image\" content=\"https:\/\/www.em.com.br\/emfoco\/wp-content\/uploads\/2026\/04\/azeite-de-oliva.jpg\" \/>\n\t<meta property=\"og:image:width\" content=\"1280\" \/>\n\t<meta property=\"og:image:height\" content=\"720\" \/>\n\t<meta property=\"og:image:type\" content=\"image\/jpeg\" \/>\n<meta name=\"author\" content=\"Guilherme Ara\u00fajo\" \/>\n<meta name=\"twitter:card\" content=\"summary_large_image\" \/>\n<meta name=\"twitter:label1\" content=\"Escrito por\" \/>\n\t<meta name=\"twitter:data1\" content=\"Guilherme Ara\u00fajo\" \/>\n\t<meta name=\"twitter:label2\" content=\"Est. tempo de leitura\" \/>\n\t<meta name=\"twitter:data2\" content=\"4 minutos\" \/>\n<!-- \/ Yoast SEO plugin. -->","yoast_head_json":{"title":"Mergulhar as unhas em azeite \u00e9 recomendado por especialistas: veja os benef\u00edcios e como esse cuidado pode fortalec\u00ea-las - Estado de Minas - Em foco","description":"Entenda por que o truque caseiro com azeite de oliva virou queridinho para unhas fracas. Veja como aplicar a hidrata\u00e7\u00e3o profunda e natural.","robots":{"index":"index","follow":"follow","max-snippet":"max-snippet:-1","max-image-preview":"max-image-preview:large","max-video-preview":"max-video-preview:-1"},"canonical":"https:\/\/www.em.com.br\/emfoco\/2026\/04\/27\/mergulhar-as-unhas-em-azeite-e-recomendado-por-especialistas-veja-os-beneficios-e-como-esse-cuidado-pode-fortalece-las\/","og_locale":"pt_BR","og_type":"article","og_title":"Mergulhar as unhas em azeite \u00e9 recomendado por especialistas: veja os benef\u00edcios e como esse cuidado pode fortalec\u00ea-las - Estado de Minas - Em foco","og_description":"Entenda por que o truque caseiro com azeite de oliva virou queridinho para unhas fracas. Veja como aplicar a hidrata\u00e7\u00e3o profunda e natural.","og_url":"https:\/\/www.em.com.br\/emfoco\/2026\/04\/27\/mergulhar-as-unhas-em-azeite-e-recomendado-por-especialistas-veja-os-beneficios-e-como-esse-cuidado-pode-fortalece-las\/","og_site_name":"Estado de Minas - Em foco","article_published_time":"2026-04-27T12:25:00+00:00","article_modified_time":"2026-04-26T09:56:30+00:00","og_image":[{"width":1280,"height":720,"url":"https:\/\/www.em.com.br\/emfoco\/wp-content\/uploads\/2026\/04\/azeite-de-oliva.jpg","type":"image\/jpeg"}],"author":"Guilherme Ara\u00fajo","twitter_card":"summary_large_image","twitter_misc":{"Escrito por":"Guilherme Ara\u00fajo","Est. tempo de leitura":"4 minutos"},"schema":{"@context":"https:\/\/schema.org","@graph":[{"@type":"WebPage","@id":"https:\/\/www.em.com.br\/emfoco\/2026\/04\/27\/mergulhar-as-unhas-em-azeite-e-recomendado-por-especialistas-veja-os-beneficios-e-como-esse-cuidado-pode-fortalece-las\/","url":"https:\/\/www.em.com.br\/emfoco\/2026\/04\/27\/mergulhar-as-unhas-em-azeite-e-recomendado-por-especialistas-veja-os-beneficios-e-como-esse-cuidado-pode-fortalece-las\/","name":"Mergulhar as unhas em azeite \u00e9 recomendado por especialistas: veja os benef\u00edcios e como esse cuidado pode fortalec\u00ea-las - Estado de Minas - Em foco","isPartOf":{"@id":"https:\/\/www.em.com.br\/emfoco\/#website"},"primaryImageOfPage":{"@id":"https:\/\/www.em.com.br\/emfoco\/2026\/04\/27\/mergulhar-as-unhas-em-azeite-e-recomendado-por-especialistas-veja-os-beneficios-e-como-esse-cuidado-pode-fortalece-las\/#primaryimage"},"image":{"@id":"https:\/\/www.em.com.br\/emfoco\/2026\/04\/27\/mergulhar-as-unhas-em-azeite-e-recomendado-por-especialistas-veja-os-beneficios-e-como-esse-cuidado-pode-fortalece-las\/#primaryimage"},"thumbnailUrl":"https:\/\/www.em.com.br\/emfoco\/wp-content\/uploads\/2026\/04\/azeite-de-oliva.jpg","datePublished":"2026-04-27T12:25:00+00:00","dateModified":"2026-04-26T09:56:30+00:00","author":{"@id":"https:\/\/www.em.com.br\/emfoco\/#\/schema\/person\/5379e929a4b966c775d121e23f9bb421"},"description":"Entenda por que o truque caseiro com azeite de oliva virou queridinho para unhas fracas. Veja como aplicar a hidrata\u00e7\u00e3o profunda e natural.","breadcrumb":{"@id":"https:\/\/www.em.com.br\/emfoco\/2026\/04\/27\/mergulhar-as-unhas-em-azeite-e-recomendado-por-especialistas-veja-os-beneficios-e-como-esse-cuidado-pode-fortalece-las\/#breadcrumb"},"inLanguage":"pt-BR","potentialAction":[{"@type":"ReadAction","target":["https:\/\/www.em.com.br\/emfoco\/2026\/04\/27\/mergulhar-as-unhas-em-azeite-e-recomendado-por-especialistas-veja-os-beneficios-e-como-esse-cuidado-pode-fortalece-las\/"]}]},{"@type":"ImageObject","inLanguage":"pt-BR","@id":"https:\/\/www.em.com.br\/emfoco\/2026\/04\/27\/mergulhar-as-unhas-em-azeite-e-recomendado-por-especialistas-veja-os-beneficios-e-como-esse-cuidado-pode-fortalece-las\/#primaryimage","url":"https:\/\/www.em.com.br\/emfoco\/wp-content\/uploads\/2026\/04\/azeite-de-oliva.jpg","contentUrl":"https:\/\/www.em.com.br\/emfoco\/wp-content\/uploads\/2026\/04\/azeite-de-oliva.jpg","width":1280,"height":720,"caption":"O que acontece se voc\u00ea passar azeite de oliva nas unhas todas as noites"},{"@type":"BreadcrumbList","@id":"https:\/\/www.em.com.br\/emfoco\/2026\/04\/27\/mergulhar-as-unhas-em-azeite-e-recomendado-por-especialistas-veja-os-beneficios-e-como-esse-cuidado-pode-fortalece-las\/#breadcrumb","itemListElement":[{"@type":"ListItem","position":1,"name":"In\u00edcio","item":"https:\/\/www.em.com.br\/emfoco\/"},{"@type":"ListItem","position":2,"name":"Mergulhar as unhas em azeite \u00e9 recomendado por especialistas: veja os benef\u00edcios e como esse cuidado pode fortalec\u00ea-las"}]},{"@type":"WebSite","@id":"https:\/\/www.em.com.br\/emfoco\/#website","url":"https:\/\/www.em.com.br\/emfoco\/","name":"Estado de Minas - Em foco","description":"Acompanhe as \u00faltimas not\u00edcias e fique bem informado sobre tudo o que acontece em Minas Gerais, Brasil e no mundo.","potentialAction":[{"@type":"SearchAction","target":{"@type":"EntryPoint","urlTemplate":"https:\/\/www.em.com.br\/emfoco\/?s={search_term_string}"},"query-input":{"@type":"PropertyValueSpecification","valueRequired":true,"valueName":"search_term_string"}}],"inLanguage":"pt-BR"},{"@type":"Person","@id":"https:\/\/www.em.com.br\/emfoco\/#\/schema\/person\/5379e929a4b966c775d121e23f9bb421","name":"Guilherme Ara\u00fajo","image":{"@type":"ImageObject","inLanguage":"pt-BR","@id":"https:\/\/www.em.com.br\/emfoco\/#\/schema\/person\/image\/","url":"https:\/\/secure.gravatar.com\/avatar\/b8bf1fd0130e170bd8f5d7298dbafa25?s=96&d=mm&r=g","contentUrl":"https:\/\/secure.gravatar.com\/avatar\/b8bf1fd0130e170bd8f5d7298dbafa25?s=96&d=mm&r=g","caption":"Guilherme Ara\u00fajo"},"sameAs":["https:\/\/www.em.com.br\/emfoco"],"url":"https:\/\/www.em.com.br\/emfoco\/author\/guilhermeamyth\/"}]}},"_links":{"self":[{"href":"https:\/\/www.em.com.br\/emfoco\/wp-json\/wp\/v2\/posts\/198234","targetHints":{"allow":["GET"]}}],"collection":[{"href":"https:\/\/www.em.com.br\/emfoco\/wp-json\/wp\/v2\/posts"}],"about":[{"href":"https:\/\/www.em.com.br\/emfoco\/wp-json\/wp\/v2\/types\/post"}],"author":[{"embeddable":true,"href":"https:\/\/www.em.com.br\/emfoco\/wp-json\/wp\/v2\/users\/30"}],"replies":[{"embeddable":true,"href":"https:\/\/www.em.com.br\/emfoco\/wp-json\/wp\/v2\/comments?post=198234"}],"version-history":[{"count":5,"href":"https:\/\/www.em.com.br\/emfoco\/wp-json\/wp\/v2\/posts\/198234\/revisions"}],"predecessor-version":[{"id":198392,"href":"https:\/\/www.em.com.br\/emfoco\/wp-json\/wp\/v2\/posts\/198234\/revisions\/198392"}],"wp:featuredmedia":[{"embeddable":true,"href":"https:\/\/www.em.com.br\/emfoco\/wp-json\/wp\/v2\/media\/198236"}],"wp:attachment":[{"href":"https:\/\/www.em.com.br\/emfoco\/wp-json\/wp\/v2\/media?parent=198234"}],"wp:term":[{"taxonomy":"category","embeddable":true,"href":"https:\/\/www.em.com.br\/emfoco\/wp-json\/wp\/v2\/categories?post=198234"},{"taxonomy":"post_tag","embeddable":true,"href":"https:\/\/www.em.com.br\/emfoco\/wp-json\/wp\/v2\/tags?post=198234"}],"curies":[{"name":"wp","href":"https:\/\/api.w.org\/{rel}","templated":true}]}}