{"id":198223,"date":"2026-04-29T05:35:00","date_gmt":"2026-04-29T08:35:00","guid":{"rendered":"https:\/\/www.em.com.br\/emfoco\/?p=198223"},"modified":"2026-04-28T13:16:03","modified_gmt":"2026-04-28T16:16:03","slug":"como-e-viver-em-piracaia-sp-cidade-com-represa-truta-e-uma-paz-que-virou-desejo-no-interior","status":"publish","type":"post","link":"https:\/\/www.em.com.br\/emfoco\/2026\/04\/29\/como-e-viver-em-piracaia-sp-cidade-com-represa-truta-e-uma-paz-que-virou-desejo-no-interior\/","title":{"rendered":"Como \u00e9 viver em Piracaia SP, cidade com represa, truta e uma paz que virou desejo no interior"},"content":{"rendered":"\n<p>Quem observa o mapa do interior paulista percebe que, nos \u00faltimos anos, <strong>Piracaia<\/strong> deixou de ser apenas um ponto discreto entre montanhas e represas. Localizada a cerca de 90 quil\u00f4metros da capital, a cidade passou a ganhar espa\u00e7o em conversas de quem busca um cotidiano mais tranquilo sem abrir m\u00e3o da proximidade com S\u00e3o Paulo. Com popula\u00e7\u00e3o em torno de 27 mil habitantes em 2026, o munic\u00edpio mant\u00e9m porte de cidade pequena, mas com din\u00e2mica cada vez mais conectada ao turismo, \u00e0 moradia permanente e \u00e0 preserva\u00e7\u00e3o ambiental.<\/p>\n\n\n\n<h2 class=\"wp-block-heading\">Como a hist\u00f3ria de Piracaia SP ajuda a entender a cidade atual?<\/h2>\n\n\n\n<p>A <strong>hist\u00f3ria<\/strong> local ajuda a entender o movimento recente de valoriza\u00e7\u00e3o do munic\u00edpio. Fundada em 1817 com o nome de Santo Ant\u00f4nio da Cachoeira, a cidade adotou a denomina\u00e7\u00e3o Piracaia em 1906, express\u00e3o de origem ind\u00edgena ligada \u00e0 presen\u00e7a da \u00e1gua e dos peixes, o que j\u00e1 indica a rela\u00e7\u00e3o antiga com rios e represas.<\/p>\n\n\n\n<p>Ao longo de mais de dois s\u00e9culos, o munic\u00edpio se reorganizou em torno de estradas, lavouras, atividades industriais e, mais recentemente, da fun\u00e7\u00e3o estrat\u00e9gica que exerce para o <a href=\"https:\/\/www.em.com.br\/emfoco\/2026\/04\/23\/essa-raiz-doce-e-crocante-cresce-com-pouco-cuidado-e-ainda-chama-atencao-pela-produtividade\/\" target=\"_blank\" rel=\"noreferrer noopener\">abastecimento <\/a>h\u00eddrico da Regi\u00e3o Metropolitana de S\u00e3o Paulo. Esse percurso hist\u00f3rico construiu um lugar de refer\u00eancias m\u00faltiplas, que v\u00e3o do campo \u00e0 represa, da f\u00e1brica \u00e0 mesa de restaurante.<\/p>\n\n\n\n<figure class=\"wp-block-image size-large\"><img loading=\"lazy\" decoding=\"async\" width=\"1024\" height=\"576\" src=\"https:\/\/www.em.com.br\/emfoco\/wp-content\/uploads\/2026\/04\/Texto-do-seu-paragrafo-2026-04-24T072025.359-1024x576.jpg\" alt=\"Como \u00e9 viver em Piracaia SP, cidade com represa, truta e uma paz que virou desejo no interior\" class=\"wp-image-198246\" srcset=\"https:\/\/www.em.com.br\/emfoco\/wp-content\/uploads\/2026\/04\/Texto-do-seu-paragrafo-2026-04-24T072025.359-1024x576.jpg 1024w, https:\/\/www.em.com.br\/emfoco\/wp-content\/uploads\/2026\/04\/Texto-do-seu-paragrafo-2026-04-24T072025.359-300x169.jpg 300w, https:\/\/www.em.com.br\/emfoco\/wp-content\/uploads\/2026\/04\/Texto-do-seu-paragrafo-2026-04-24T072025.359-768x432.jpg 768w, https:\/\/www.em.com.br\/emfoco\/wp-content\/uploads\/2026\/04\/Texto-do-seu-paragrafo-2026-04-24T072025.359-750x422.jpg 750w, https:\/\/www.em.com.br\/emfoco\/wp-content\/uploads\/2026\/04\/Texto-do-seu-paragrafo-2026-04-24T072025.359-1140x641.jpg 1140w, https:\/\/www.em.com.br\/emfoco\/wp-content\/uploads\/2026\/04\/Texto-do-seu-paragrafo-2026-04-24T072025.359.jpg 1280w\" sizes=\"auto, (max-width: 1024px) 100vw, 1024px\" \/><figcaption class=\"wp-element-caption\">A cidade do interior paulista que une represa, truta, mem\u00f3ria e uma paz dif\u00edcil de ignorar hoje<\/figcaption><\/figure>\n\n\n\n<h2 class=\"wp-block-heading\">Como \u00e9 viver em Piracaia SP no dia a dia?<\/h2>\n\n\n\n<p>O cotidiano em Piracaia \u00e9 marcado por um ritmo que combina caracter\u00edsticas de cidade pequena com influ\u00eancias metropolitanas. O com\u00e9rcio se concentra na regi\u00e3o central, onde servi\u00e7os b\u00e1sicos, escolas, bancos e unidades de sa\u00fade est\u00e3o a poucos quarteir\u00f5es uns dos outros, favorecendo deslocamentos curtos e, muitas vezes, feitos a p\u00e9.<\/p>\n\n\n\n<p>Ao mesmo tempo, a cidade mant\u00e9m fluxo constante de quem se desloca para Bragan\u00e7a Paulista, Atibaia e para a capital, seja para trabalhar, estudar ou acessar servi\u00e7os especializados. Esse vai e vem de moradores e visitantes cria uma rotina em que o tr\u00e2nsito interno \u00e9 leve, mas as rodovias pr\u00f3ximas podem ter movimento intenso em hor\u00e1rios de pico.<\/p>\n\n\n\n<h2 class=\"wp-block-heading\">Como a natureza e a \u00e1gua influenciam a experi\u00eancia em Piracaia SP?<\/h2>\n\n\n\n<p>A presen\u00e7a de \u00e1reas verdes e de <strong>represas<\/strong> impacta diretamente a rotina dos moradores. Em bairros pr\u00f3ximos \u00e0s margens dos reservat\u00f3rios, a paisagem de morros e espelhos d\u2019\u00e1gua aparece como parte do cen\u00e1rio di\u00e1rio, influenciando h\u00e1bitos como caminhadas, esportes ao ar livre e encontros em \u00e1reas de lazer, al\u00e9m de um clima mais ameno.<\/p>\n\n\n\n<p>A liga\u00e7\u00e3o com o Sistema Cantareira \u00e9 um dos fatores que mais definem como \u00e9 viver em Piracaia SP. Represas e \u00e1reas de <strong>manancial<\/strong> exigem regras espec\u00edficas de ocupa\u00e7\u00e3o do solo, o que restringe certos tipos de constru\u00e7\u00f5es e atividades <a href=\"https:\/\/www.em.com.br\/emfoco\/2026\/04\/23\/os-beneficios-do-abacate-vao-alem-da-saciedade-e-podem-favorecer-coracao-e-circulacao\/\" target=\"_blank\" rel=\"noreferrer noopener\">econ\u00f4micas<\/a>, mas contribui para preservar trechos de mata, rios e nascentes, mantendo baixa densidade em parte do territ\u00f3rio.<\/p>\n\n\n\n<h2 class=\"wp-block-heading\">Como \u00e9 a gastronomia, a mem\u00f3ria e a rotina cultural em Piracaia SP?<\/h2>\n\n\n\n<p>A <strong>gastronomia<\/strong> se tornou um dos pilares da identidade local e ajuda a movimentar a economia da cidade. A autodeclara\u00e7\u00e3o do munic\u00edpio como Capital da Truta e Til\u00e1pia se reflete em restaurantes, pousadas e quiosques \u00e0s margens das estradas regionais, que costumam incluir esses peixes em card\u00e1pios variados ao longo do ano.<\/p>\n\n\n\n<p>O Festival da Truta, realizado com apoio do poder p\u00fablico e da iniciativa privada, movimenta a cidade, traz visitantes e refor\u00e7a o papel da culin\u00e1ria como elemento econ\u00f4mico e cultural. Al\u00e9m disso, eventos com produtos regionais, cervejas artesanais e pratos caipiras ajudam a consolidar Piracaia no roteiro gastron\u00f4mico do interior paulista.<\/p>\n\n\n\n<ul class=\"wp-block-list\">\n<li>Restaurantes especializados em <strong>truta<\/strong> e til\u00e1pia em diferentes estilos culin\u00e1rios.<\/li>\n\n\n\n<li>Festivais sazonais que valorizam ingredientes locais e <strong>produtores<\/strong> rurais.<\/li>\n\n\n\n<li>Pousadas que integram hospedagem, lazer e experi\u00eancias gastron\u00f4micas.<\/li>\n<\/ul>\n\n\n\n<p>Conte\u00fado do canal <strong>Boa Sorte Viajante &#8211; Matheus Boa Sorte<\/strong>, com mais de 887 mil de inscritos e cerca de 111 mil de visualiza\u00e7\u00f5es:<\/p>\n\n\n\n<figure class=\"wp-block-embed is-type-video is-provider-youtube wp-block-embed-youtube wp-embed-aspect-16-9 wp-has-aspect-ratio\"><div class=\"wp-block-embed__wrapper\">\n<div class=\"jeg_video_container jeg_video_content\"><iframe loading=\"lazy\" title=\"Por que tanta gente tem se mudado para essa cidade em SP?\" width=\"500\" height=\"281\" src=\"https:\/\/www.youtube.com\/embed\/xxRg4l2Uomo?feature=oembed\" frameborder=\"0\" allow=\"accelerometer; autoplay; clipboard-write; encrypted-media; gyroscope; picture-in-picture; web-share\" referrerpolicy=\"strict-origin-when-cross-origin\" allowfullscreen><\/iframe><\/div>\n<\/div><\/figure>\n\n\n\n<h2 class=\"wp-block-heading\">Como a mem\u00f3ria industrial de Batatuba se conecta ao presente de Piracaia SP?<\/h2>\n\n\n\n<p>Outro componente importante na experi\u00eancia de morar em Piracaia \u00e9 a mem\u00f3ria industrial de <strong>Batatuba<\/strong>, distrito marcado pelo projeto do empres\u00e1rio tcheco Jan Anton\u00edn Ba\u0165a, que implantou, nos anos 1940, uma vila oper\u00e1ria ligada a f\u00e1brica e servi\u00e7os. As edifica\u00e7\u00f5es t\u00edpicas de vilas planejadas e antigos galp\u00f5es criam um cen\u00e1rio que contrasta com as \u00e1reas rurais.<\/p>\n\n\n\n<p>Essa combina\u00e7\u00e3o de passado industrial e ambiente de interior aparece em festas, encontros de carros antigos e iniciativas de preserva\u00e7\u00e3o de acervos particulares. Nos \u00faltimos anos, grupos locais t\u00eam articulado visitas guiadas, registros fotogr\u00e1ficos e projetos de educa\u00e7\u00e3o patrimonial para valorizar essa hist\u00f3ria junto a moradores e turistas.<\/p>\n\n\n\n<h2 class=\"wp-block-heading\">Quais s\u00e3o os principais atrativos para quem pensa em morar em Piracaia SP?<\/h2>\n\n\n\n<p>Ao avaliar como \u00e9 morar em Piracaia, muitos interessados levam em conta fatores pr\u00e1ticos e de <a href=\"https:\/\/www.piracaia.sp.gov.br\/\" target=\"_blank\" rel=\"noreferrer noopener\">qualidade <\/a>de vida. A proximidade com S\u00e3o Paulo, a possibilidade de trabalho remoto ou h\u00edbrido e a oferta de lazer ao ar livre costumam pesar na decis\u00e3o de escolher a cidade como moradia fixa ou endere\u00e7o de fim de semana.<\/p>\n\n\n\n<p>Entre os pontos que mais atraem novos moradores, destacam-se:<\/p>\n\n\n\n<ul class=\"wp-block-list\">\n<li><strong>Proximidade<\/strong> com S\u00e3o Paulo: deslocamento de carro at\u00e9 a capital entre 1h30 e 2h, em condi\u00e7\u00f5es normais de tr\u00e2nsito.<\/li>\n\n\n\n<li>Ambiente menos adensado: predomin\u00e2ncia de casas, ch\u00e1caras e s\u00edtios sobre edif\u00edcios altos, especialmente nos arredores.<\/li>\n\n\n\n<li>Oferta de <strong>lazer<\/strong> ao ar livre: represas, cachoeiras e trilhas como op\u00e7\u00f5es frequentes de passeio.<\/li>\n\n\n\n<li>Identidade comunit\u00e1ria: festas locais, eventos religiosos, festivais gastron\u00f4micos e encontros tem\u00e1ticos.<\/li>\n<\/ul>\n\n\n\n<p>Para quem pensa em transformar Piracaia em moradia fixa ou em ref\u00fagio de fim de semana, alguns aspectos costumam ser avaliados de forma pr\u00e1tica. \u00c9 importante considerar acessos e tempo de trajeto di\u00e1rio, checar a infraestrutura do bairro e entender as regras ambientais em \u00e1reas de manancial, que podem impactar reformas, amplia\u00e7\u00f5es e novos projetos.<\/p>\n\n\n\n<p>No conjunto, a experi\u00eancia de vida em Piracaia SP se organiza em torno de tr\u00eas eixos principais: a natureza marcada pela \u00e1gua, a mem\u00f3ria hist\u00f3rica que vai da antiga Santo Ant\u00f4nio da Cachoeira ao projeto de Batatuba e a gastronomia que transformou a truta e a til\u00e1pia em s\u00edmbolos locais. Para quem procura um lugar com ritmo mais contido, mas ainda conectado aos grandes centros, o munic\u00edpio se apresenta como alternativa em constante transforma\u00e7\u00e3o, com espa\u00e7o para diferentes perfis de <strong>moradores<\/strong>.<\/p>\n","protected":false},"excerpt":{"rendered":"<p>Quem observa o mapa do interior paulista percebe que, nos \u00faltimos anos, Piracaia deixou de ser apenas um ponto discreto entre montanhas e represas. Localizada a cerca de 90 quil\u00f4metros da capital, a cidade passou a ganhar espa\u00e7o em conversas de quem busca um cotidiano mais tranquilo sem abrir m\u00e3o da proximidade com S\u00e3o Paulo. [&hellip;]<\/p>\n","protected":false},"author":15,"featured_media":200883,"comment_status":"open","ping_status":"open","sticky":false,"template":"","format":"standard","meta":{"jnews-multi-image_gallery":[],"jnews_single_post":{"format":"standard"},"jnews_primary_category":[],"jnews_social_meta":[],"jnews_override_counter":[],"footnotes":""},"categories":[8819],"tags":[158,183,157],"class_list":["post-198223","post","type-post","status-publish","format-standard","has-post-thumbnail","hentry","category-curiosidades","tag-brasil","tag-cidades","tag-turismo"],"yoast_head":"<!-- This site is optimized with the Yoast SEO plugin v23.8 - https:\/\/yoast.com\/wordpress\/plugins\/seo\/ -->\n<title>Como \u00e9 viver em Piracaia SP, cidade com represa, truta e uma paz que virou desejo no interior - Estado de Minas - Em foco<\/title>\n<meta name=\"description\" content=\"Piracaia une represas, truta, mem\u00f3ria e um ritmo mais leve no interior de SP, atraindo quem busca natureza, descanso, calma e pertencimento.\" \/>\n<meta name=\"robots\" content=\"index, follow, max-snippet:-1, max-image-preview:large, max-video-preview:-1\" \/>\n<link rel=\"canonical\" href=\"https:\/\/www.em.com.br\/emfoco\/2026\/04\/29\/como-e-viver-em-piracaia-sp-cidade-com-represa-truta-e-uma-paz-que-virou-desejo-no-interior\/\" \/>\n<meta property=\"og:locale\" content=\"pt_BR\" \/>\n<meta property=\"og:type\" content=\"article\" \/>\n<meta property=\"og:title\" content=\"Como \u00e9 viver em Piracaia SP, cidade com represa, truta e uma paz que virou desejo no interior - Estado de Minas - Em foco\" \/>\n<meta property=\"og:description\" content=\"Piracaia une represas, truta, mem\u00f3ria e um ritmo mais leve no interior de SP, atraindo quem busca natureza, descanso, calma e pertencimento.\" \/>\n<meta property=\"og:url\" content=\"https:\/\/www.em.com.br\/emfoco\/2026\/04\/29\/como-e-viver-em-piracaia-sp-cidade-com-represa-truta-e-uma-paz-que-virou-desejo-no-interior\/\" \/>\n<meta property=\"og:site_name\" content=\"Estado de Minas - Em foco\" \/>\n<meta property=\"article:published_time\" content=\"2026-04-29T08:35:00+00:00\" \/>\n<meta property=\"article:modified_time\" content=\"2026-04-28T16:16:03+00:00\" \/>\n<meta property=\"og:image\" content=\"https:\/\/www.em.com.br\/emfoco\/wp-content\/uploads\/2026\/04\/EmFoco_01-12.jpg\" \/>\n\t<meta property=\"og:image:width\" content=\"1280\" \/>\n\t<meta property=\"og:image:height\" content=\"720\" \/>\n\t<meta property=\"og:image:type\" content=\"image\/jpeg\" \/>\n<meta name=\"author\" content=\"Douglas Myth\" \/>\n<meta name=\"twitter:card\" content=\"summary_large_image\" \/>\n<meta name=\"twitter:label1\" content=\"Escrito por\" \/>\n\t<meta name=\"twitter:data1\" content=\"Douglas Myth\" \/>\n\t<meta name=\"twitter:label2\" content=\"Est. tempo de leitura\" \/>\n\t<meta name=\"twitter:data2\" content=\"7 minutos\" \/>\n<!-- \/ Yoast SEO plugin. -->","yoast_head_json":{"title":"Como \u00e9 viver em Piracaia SP, cidade com represa, truta e uma paz que virou desejo no interior - Estado de Minas - Em foco","description":"Piracaia une represas, truta, mem\u00f3ria e um ritmo mais leve no interior de SP, atraindo quem busca natureza, descanso, calma e pertencimento.","robots":{"index":"index","follow":"follow","max-snippet":"max-snippet:-1","max-image-preview":"max-image-preview:large","max-video-preview":"max-video-preview:-1"},"canonical":"https:\/\/www.em.com.br\/emfoco\/2026\/04\/29\/como-e-viver-em-piracaia-sp-cidade-com-represa-truta-e-uma-paz-que-virou-desejo-no-interior\/","og_locale":"pt_BR","og_type":"article","og_title":"Como \u00e9 viver em Piracaia SP, cidade com represa, truta e uma paz que virou desejo no interior - Estado de Minas - Em foco","og_description":"Piracaia une represas, truta, mem\u00f3ria e um ritmo mais leve no interior de SP, atraindo quem busca natureza, descanso, calma e pertencimento.","og_url":"https:\/\/www.em.com.br\/emfoco\/2026\/04\/29\/como-e-viver-em-piracaia-sp-cidade-com-represa-truta-e-uma-paz-que-virou-desejo-no-interior\/","og_site_name":"Estado de Minas - Em foco","article_published_time":"2026-04-29T08:35:00+00:00","article_modified_time":"2026-04-28T16:16:03+00:00","og_image":[{"width":1280,"height":720,"url":"https:\/\/www.em.com.br\/emfoco\/wp-content\/uploads\/2026\/04\/EmFoco_01-12.jpg","type":"image\/jpeg"}],"author":"Douglas Myth","twitter_card":"summary_large_image","twitter_misc":{"Escrito por":"Douglas Myth","Est. tempo de leitura":"7 minutos"},"schema":{"@context":"https:\/\/schema.org","@graph":[{"@type":"WebPage","@id":"https:\/\/www.em.com.br\/emfoco\/2026\/04\/29\/como-e-viver-em-piracaia-sp-cidade-com-represa-truta-e-uma-paz-que-virou-desejo-no-interior\/","url":"https:\/\/www.em.com.br\/emfoco\/2026\/04\/29\/como-e-viver-em-piracaia-sp-cidade-com-represa-truta-e-uma-paz-que-virou-desejo-no-interior\/","name":"Como \u00e9 viver em Piracaia SP, cidade com represa, truta e uma paz que virou desejo no interior - Estado de Minas - Em foco","isPartOf":{"@id":"https:\/\/www.em.com.br\/emfoco\/#website"},"primaryImageOfPage":{"@id":"https:\/\/www.em.com.br\/emfoco\/2026\/04\/29\/como-e-viver-em-piracaia-sp-cidade-com-represa-truta-e-uma-paz-que-virou-desejo-no-interior\/#primaryimage"},"image":{"@id":"https:\/\/www.em.com.br\/emfoco\/2026\/04\/29\/como-e-viver-em-piracaia-sp-cidade-com-represa-truta-e-uma-paz-que-virou-desejo-no-interior\/#primaryimage"},"thumbnailUrl":"https:\/\/www.em.com.br\/emfoco\/wp-content\/uploads\/2026\/04\/EmFoco_01-12.jpg","datePublished":"2026-04-29T08:35:00+00:00","dateModified":"2026-04-28T16:16:03+00:00","author":{"@id":"https:\/\/www.em.com.br\/emfoco\/#\/schema\/person\/bba594b7eebe9b9885fec3a5c7837089"},"description":"Piracaia une represas, truta, mem\u00f3ria e um ritmo mais leve no interior de SP, atraindo quem busca natureza, descanso, calma e pertencimento.","breadcrumb":{"@id":"https:\/\/www.em.com.br\/emfoco\/2026\/04\/29\/como-e-viver-em-piracaia-sp-cidade-com-represa-truta-e-uma-paz-que-virou-desejo-no-interior\/#breadcrumb"},"inLanguage":"pt-BR","potentialAction":[{"@type":"ReadAction","target":["https:\/\/www.em.com.br\/emfoco\/2026\/04\/29\/como-e-viver-em-piracaia-sp-cidade-com-represa-truta-e-uma-paz-que-virou-desejo-no-interior\/"]}]},{"@type":"ImageObject","inLanguage":"pt-BR","@id":"https:\/\/www.em.com.br\/emfoco\/2026\/04\/29\/como-e-viver-em-piracaia-sp-cidade-com-represa-truta-e-uma-paz-que-virou-desejo-no-interior\/#primaryimage","url":"https:\/\/www.em.com.br\/emfoco\/wp-content\/uploads\/2026\/04\/EmFoco_01-12.jpg","contentUrl":"https:\/\/www.em.com.br\/emfoco\/wp-content\/uploads\/2026\/04\/EmFoco_01-12.jpg","width":1280,"height":720,"caption":"Munic\u00edpio que preserva ra\u00edzes hist\u00f3ricas e ambientais integradas ao desenvolvimento tur\u00edstico regional"},{"@type":"BreadcrumbList","@id":"https:\/\/www.em.com.br\/emfoco\/2026\/04\/29\/como-e-viver-em-piracaia-sp-cidade-com-represa-truta-e-uma-paz-que-virou-desejo-no-interior\/#breadcrumb","itemListElement":[{"@type":"ListItem","position":1,"name":"In\u00edcio","item":"https:\/\/www.em.com.br\/emfoco\/"},{"@type":"ListItem","position":2,"name":"Como \u00e9 viver em Piracaia SP, cidade com represa, truta e uma paz que virou desejo no interior"}]},{"@type":"WebSite","@id":"https:\/\/www.em.com.br\/emfoco\/#website","url":"https:\/\/www.em.com.br\/emfoco\/","name":"Estado de Minas - Em foco","description":"Acompanhe as \u00faltimas not\u00edcias e fique bem informado sobre tudo o que acontece em Minas Gerais, Brasil e no mundo.","potentialAction":[{"@type":"SearchAction","target":{"@type":"EntryPoint","urlTemplate":"https:\/\/www.em.com.br\/emfoco\/?s={search_term_string}"},"query-input":{"@type":"PropertyValueSpecification","valueRequired":true,"valueName":"search_term_string"}}],"inLanguage":"pt-BR"},{"@type":"Person","@id":"https:\/\/www.em.com.br\/emfoco\/#\/schema\/person\/bba594b7eebe9b9885fec3a5c7837089","name":"Douglas Myth","image":{"@type":"ImageObject","inLanguage":"pt-BR","@id":"https:\/\/www.em.com.br\/emfoco\/#\/schema\/person\/image\/","url":"https:\/\/secure.gravatar.com\/avatar\/1ac3cf50d0e68642c697dc0c960c802f?s=96&d=mm&r=g","contentUrl":"https:\/\/secure.gravatar.com\/avatar\/1ac3cf50d0e68642c697dc0c960c802f?s=96&d=mm&r=g","caption":"Douglas Myth"},"url":"https:\/\/www.em.com.br\/emfoco\/author\/douglasmyth\/"}]}},"_links":{"self":[{"href":"https:\/\/www.em.com.br\/emfoco\/wp-json\/wp\/v2\/posts\/198223","targetHints":{"allow":["GET"]}}],"collection":[{"href":"https:\/\/www.em.com.br\/emfoco\/wp-json\/wp\/v2\/posts"}],"about":[{"href":"https:\/\/www.em.com.br\/emfoco\/wp-json\/wp\/v2\/types\/post"}],"author":[{"embeddable":true,"href":"https:\/\/www.em.com.br\/emfoco\/wp-json\/wp\/v2\/users\/15"}],"replies":[{"embeddable":true,"href":"https:\/\/www.em.com.br\/emfoco\/wp-json\/wp\/v2\/comments?post=198223"}],"version-history":[{"count":2,"href":"https:\/\/www.em.com.br\/emfoco\/wp-json\/wp\/v2\/posts\/198223\/revisions"}],"predecessor-version":[{"id":198247,"href":"https:\/\/www.em.com.br\/emfoco\/wp-json\/wp\/v2\/posts\/198223\/revisions\/198247"}],"wp:featuredmedia":[{"embeddable":true,"href":"https:\/\/www.em.com.br\/emfoco\/wp-json\/wp\/v2\/media\/200883"}],"wp:attachment":[{"href":"https:\/\/www.em.com.br\/emfoco\/wp-json\/wp\/v2\/media?parent=198223"}],"wp:term":[{"taxonomy":"category","embeddable":true,"href":"https:\/\/www.em.com.br\/emfoco\/wp-json\/wp\/v2\/categories?post=198223"},{"taxonomy":"post_tag","embeddable":true,"href":"https:\/\/www.em.com.br\/emfoco\/wp-json\/wp\/v2\/tags?post=198223"}],"curies":[{"name":"wp","href":"https:\/\/api.w.org\/{rel}","templated":true}]}}