{"id":198180,"date":"2026-04-27T20:55:00","date_gmt":"2026-04-27T23:55:00","guid":{"rendered":"https:\/\/www.em.com.br\/emfoco\/?p=198180"},"modified":"2026-04-26T06:41:07","modified_gmt":"2026-04-26T09:41:07","slug":"o-eclipse-solar-mais-longo-do-seculo-esta-chegando-o-dia-se-transformara-em-noite-e-nao-acontecera-novamente-por-outros-157-anos","status":"publish","type":"post","link":"https:\/\/www.em.com.br\/emfoco\/2026\/04\/27\/o-eclipse-solar-mais-longo-do-seculo-esta-chegando-o-dia-se-transformara-em-noite-e-nao-acontecera-novamente-por-outros-157-anos\/","title":{"rendered":"O eclipse solar mais longo do s\u00e9culo est\u00e1 chegando: o dia se transformar\u00e1 em noite e n\u00e3o acontecer\u00e1 novamente por outros 157 anos"},"content":{"rendered":"\n<p>A astronomia mundial se prepara para um evento sem precedentes nas pr\u00f3ximas d\u00e9cadas. O pr\u00f3ximo <strong>eclipse solar<\/strong> total, previsto para agosto de <strong>2027<\/strong>, ter\u00e1 uma dura\u00e7\u00e3o de escurid\u00e3o que n\u00e3o se repetir\u00e1 pelos pr\u00f3ximos <strong>157 anos<\/strong>.<\/p>\n\n\n\n<h2 class=\"wp-block-heading\">Quando ocorrer\u00e3o os pr\u00f3ximos grandes eventos astron\u00f4micos?<\/h2>\n\n\n\n<p>Nos pr\u00f3ximos dois anos, a Terra ser\u00e1 palco de dois fen\u00f4menos distintos. O primeiro <strong>eclipse solar<\/strong> total acontecer\u00e1 em <strong>12 de agosto de 2026<\/strong>, sendo vis\u00edvel principalmente em partes da <strong>Europa<\/strong>, como o norte da <strong>Espanha<\/strong> e a <strong>Isl\u00e2ndia<\/strong>.<\/p>\n\n\n\n<p>Contudo, \u00e9 o evento de <strong>2 de agosto de 2027<\/strong> que det\u00e9m o t\u00edtulo de mais importante do s\u00e9culo <strong>XXI<\/strong>. A fase de totalidade atingir\u00e1 impressionantes <strong>6 minutos e 23 segundos<\/strong> em regi\u00f5es espec\u00edficas do norte da <strong>\u00c1frica<\/strong>.<\/p>\n\n\n\n<h2 class=\"wp-block-heading\">Por que o fen\u00f4meno de 2027 ser\u00e1 t\u00e3o longo?<\/h2>\n\n\n\n<p>A dura\u00e7\u00e3o excepcional desse evento ocorre devido a uma combina\u00e7\u00e3o rara de mec\u00e2nica celeste. A <strong>Lua<\/strong> estar\u00e1 em seu perigeu, ponto mais pr\u00f3ximo da <strong>Terra<\/strong>, enquanto o nosso planeta estar\u00e1 pr\u00f3ximo ao af\u00e9lio, o ponto mais distante do <strong>Sol<\/strong> na \u00f3rbita.<\/p>\n\n\n\n<p>Essa configura\u00e7\u00e3o faz com que o disco lunar pare\u00e7a muito maior do que o solar, prolongando o tempo de oculta\u00e7\u00e3o total. De acordo com a <a href=\"https:\/\/www.nasa.gov\/\" target=\"_blank\" rel=\"noreferrer noopener\">NASA<\/a>, este ser\u00e1 o maior tempo de escurid\u00e3o em terra firme registrado em cem anos, superando a m\u00e9dia comum de apenas <strong>3 minutos<\/strong>.<\/p>\n\n\n<div class=\"wp-block-image\">\n<figure class=\"aligncenter size-large\"><img loading=\"lazy\" decoding=\"async\" width=\"1024\" height=\"576\" src=\"https:\/\/www.em.com.br\/emfoco\/wp-content\/uploads\/2026\/04\/eclipse2-1-1024x576.jpg\" alt=\"Como assistir ao eclipse solar hist\u00f3rico e quais cidades ter\u00e3o 100% de escurid\u00e3o\" class=\"wp-image-198189\" srcset=\"https:\/\/www.em.com.br\/emfoco\/wp-content\/uploads\/2026\/04\/eclipse2-1-1024x576.jpg 1024w, https:\/\/www.em.com.br\/emfoco\/wp-content\/uploads\/2026\/04\/eclipse2-1-300x169.jpg 300w, https:\/\/www.em.com.br\/emfoco\/wp-content\/uploads\/2026\/04\/eclipse2-1-768x432.jpg 768w, https:\/\/www.em.com.br\/emfoco\/wp-content\/uploads\/2026\/04\/eclipse2-1-750x422.jpg 750w, https:\/\/www.em.com.br\/emfoco\/wp-content\/uploads\/2026\/04\/eclipse2-1-1140x641.jpg 1140w, https:\/\/www.em.com.br\/emfoco\/wp-content\/uploads\/2026\/04\/eclipse2-1.jpg 1280w\" sizes=\"auto, (max-width: 1024px) 100vw, 1024px\" \/><figcaption class=\"wp-element-caption\">Como assistir ao eclipse solar hist\u00f3rico e quais cidades ter\u00e3o 100% de escurid\u00e3o<\/figcaption><\/figure><\/div>\n\n\n<h2 class=\"wp-block-heading\">Quais pa\u00edses estar\u00e3o na faixa de totalidade?<\/h2>\n\n\n\n<p>O rastro da sombra da <strong>Lua<\/strong> cruzar\u00e1 uma extens\u00e3o de <strong>15 mil quil\u00f4metros<\/strong>, come\u00e7ando pelo <strong>Oceano Atl\u00e2ntico<\/strong> e atravessando diversos continentes. A faixa de visibilidade total ter\u00e1 aproximadamente <strong>258 km<\/strong> de largura, permitindo que milh\u00f5es de pessoas observem o fen\u00f4meno.<\/p>\n\n\n\n<p>Os pa\u00edses que ter\u00e3o a vis\u00e3o do dia se transformando em noite s\u00e3o:<\/p>\n\n\n\n<ul class=\"wp-block-list\">\n<li><strong>Egito<\/strong>: Onde ocorrer\u00e1 o pico de dura\u00e7\u00e3o pr\u00f3ximo \u00e0 <strong>Luxor<\/strong>.<\/li>\n\n\n\n<li><strong>Espanha<\/strong>: Cruzando a regi\u00e3o sul da <strong>Pen\u00ednsula Ib\u00e9rica<\/strong>.<\/li>\n\n\n\n<li><strong>Marrocos<\/strong> e <strong>Arg\u00e9lia<\/strong>: Com excelente visibilidade no deserto.<\/li>\n\n\n\n<li><strong>Ar\u00e1bia Saudita<\/strong> e <strong>I\u00eamen<\/strong>: No final da trajet\u00f3ria do eclipse.<\/li>\n<\/ul>\n\n\n\n<h2 class=\"wp-block-heading\">O que acontece com a natureza durante a escurid\u00e3o?<\/h2>\n\n\n\n<p>Durante os minutos de totalidade, o ambiente sofre <a href=\"https:\/\/www.em.com.br\/emfoco\/2026\/04\/12\/o-planeta-distante-onde-o-ceu-derrama-pedras-preciosas-em-vez-de-gotas-de-chuva\/\" target=\"_blank\" rel=\"noreferrer noopener\">mudan\u00e7as dr\u00e1sticas e imediatas<\/a> que surpreendem observadores e cientistas. A queda de temperatura pode chegar a <strong>5 \u00b0C<\/strong> em poucos instantes, alterando o comportamento de animais e plantas em toda a <strong>cidade<\/strong> atingida pela sombra.<\/p>\n\n\n\n<p>Abaixo, listamos os principais fen\u00f4menos vis\u00edveis no momento cr\u00edtico:<\/p>\n\n\n<div class=\"wp-block-image\">\n<figure class=\"aligncenter size-large is-resized\"><img loading=\"lazy\" decoding=\"async\" width=\"1024\" height=\"741\" src=\"https:\/\/www.em.com.br\/emfoco\/wp-content\/uploads\/2026\/04\/image-129-1024x741.png\" alt=\"\" class=\"wp-image-198190\" style=\"width:784px;height:auto\" srcset=\"https:\/\/www.em.com.br\/emfoco\/wp-content\/uploads\/2026\/04\/image-129-1024x741.png 1024w, https:\/\/www.em.com.br\/emfoco\/wp-content\/uploads\/2026\/04\/image-129-300x217.png 300w, https:\/\/www.em.com.br\/emfoco\/wp-content\/uploads\/2026\/04\/image-129-768x556.png 768w, https:\/\/www.em.com.br\/emfoco\/wp-content\/uploads\/2026\/04\/image-129-120x86.png 120w, https:\/\/www.em.com.br\/emfoco\/wp-content\/uploads\/2026\/04\/image-129-750x543.png 750w, https:\/\/www.em.com.br\/emfoco\/wp-content\/uploads\/2026\/04\/image-129-1140x825.png 1140w, https:\/\/www.em.com.br\/emfoco\/wp-content\/uploads\/2026\/04\/image-129.png 1280w\" sizes=\"auto, (max-width: 1024px) 100vw, 1024px\" \/><\/figure><\/div>\n\n\n<h2 class=\"wp-block-heading\">O eclipse solar de 2027 ser\u00e1 vis\u00edvel no Brasil?<\/h2>\n\n\n\n<p>Infelizmente, o territ\u00f3rio brasileiro n\u00e3o est\u00e1 na rota de visibilidade deste <strong>eclipse solar<\/strong> espec\u00edfico. Para os entusiastas da <strong>Am\u00e9rica do Sul<\/strong>, a \u00fanica forma de acompanhar o evento de <strong>2027<\/strong> ser\u00e1 por meio de transmiss\u00f5es ao vivo realizadas por observat\u00f3rios internacionais e ag\u00eancias espaciais.<\/p>\n\n\n\n<p>A pr\u00f3xima oportunidade de um evento com dura\u00e7\u00e3o similar s\u00f3 deve ocorrer no ano de <strong>2114<\/strong>. Por isso, expedi\u00e7\u00f5es cient\u00edficas e grupos de turismo astron\u00f4mico j\u00e1 est\u00e3o reservando acomoda\u00e7\u00f5es no <strong>Egito<\/strong> e na <strong>Tun\u00edsia<\/strong> para garantir um lugar sob a sombra da <strong>Lua<\/strong> naquele que ser\u00e1 o maior espet\u00e1culo do c\u00e9u contempor\u00e2neo.<\/p>\n","protected":false},"excerpt":{"rendered":"<p>A astronomia mundial se prepara para um evento sem precedentes nas pr\u00f3ximas d\u00e9cadas. O pr\u00f3ximo eclipse solar total, previsto para agosto de 2027, ter\u00e1 uma dura\u00e7\u00e3o de escurid\u00e3o que n\u00e3o se repetir\u00e1 pelos pr\u00f3ximos 157 anos. Quando ocorrer\u00e3o os pr\u00f3ximos grandes eventos astron\u00f4micos? Nos pr\u00f3ximos dois anos, a Terra ser\u00e1 palco de dois fen\u00f4menos distintos. [&hellip;]<\/p>\n","protected":false},"author":30,"featured_media":198187,"comment_status":"open","ping_status":"open","sticky":false,"template":"","format":"standard","meta":{"jnews-multi-image_gallery":[],"jnews_single_post":{"format":"standard"},"jnews_primary_category":[],"jnews_social_meta":[],"jnews_override_counter":[],"footnotes":""},"categories":[8819],"tags":[28451,1708,288,4281],"class_list":["post-198180","post","type-post","status-publish","format-standard","has-post-thumbnail","hentry","category-curiosidades","tag-28451","tag-astronomia","tag-fenomeno","tag-nasa"],"yoast_head":"<!-- This site is optimized with the Yoast SEO plugin v23.8 - https:\/\/yoast.com\/wordpress\/plugins\/seo\/ -->\n<title>O eclipse solar mais longo do s\u00e9culo est\u00e1 chegando: o dia se transformar\u00e1 em noite e n\u00e3o acontecer\u00e1 novamente por outros 157 anos - Estado de Minas - Em foco<\/title>\n<meta name=\"description\" content=\"O dia vai virar noite por mais de 6 minutos! Entenda por que o eclipse solar de 2027 ser\u00e1 o mais longo do s\u00e9culo e onde ele poder\u00e1 ser visto.\" \/>\n<meta name=\"robots\" content=\"index, follow, max-snippet:-1, max-image-preview:large, max-video-preview:-1\" \/>\n<link rel=\"canonical\" href=\"https:\/\/www.em.com.br\/emfoco\/2026\/04\/27\/o-eclipse-solar-mais-longo-do-seculo-esta-chegando-o-dia-se-transformara-em-noite-e-nao-acontecera-novamente-por-outros-157-anos\/\" \/>\n<meta property=\"og:locale\" content=\"pt_BR\" \/>\n<meta property=\"og:type\" content=\"article\" \/>\n<meta property=\"og:title\" content=\"O eclipse solar mais longo do s\u00e9culo est\u00e1 chegando: o dia se transformar\u00e1 em noite e n\u00e3o acontecer\u00e1 novamente por outros 157 anos - Estado de Minas - Em foco\" \/>\n<meta property=\"og:description\" content=\"O dia vai virar noite por mais de 6 minutos! Entenda por que o eclipse solar de 2027 ser\u00e1 o mais longo do s\u00e9culo e onde ele poder\u00e1 ser visto.\" \/>\n<meta property=\"og:url\" content=\"https:\/\/www.em.com.br\/emfoco\/2026\/04\/27\/o-eclipse-solar-mais-longo-do-seculo-esta-chegando-o-dia-se-transformara-em-noite-e-nao-acontecera-novamente-por-outros-157-anos\/\" \/>\n<meta property=\"og:site_name\" content=\"Estado de Minas - Em foco\" \/>\n<meta property=\"article:published_time\" content=\"2026-04-27T23:55:00+00:00\" \/>\n<meta property=\"article:modified_time\" content=\"2026-04-26T09:41:07+00:00\" \/>\n<meta property=\"og:image\" content=\"https:\/\/www.em.com.br\/emfoco\/wp-content\/uploads\/2026\/04\/eclipse1.jpg\" \/>\n\t<meta property=\"og:image:width\" content=\"1280\" \/>\n\t<meta property=\"og:image:height\" content=\"720\" \/>\n\t<meta property=\"og:image:type\" content=\"image\/jpeg\" \/>\n<meta name=\"author\" content=\"Guilherme Ara\u00fajo\" \/>\n<meta name=\"twitter:card\" content=\"summary_large_image\" \/>\n<meta name=\"twitter:label1\" content=\"Escrito por\" \/>\n\t<meta name=\"twitter:data1\" content=\"Guilherme Ara\u00fajo\" \/>\n\t<meta name=\"twitter:label2\" content=\"Est. tempo de leitura\" \/>\n\t<meta name=\"twitter:data2\" content=\"4 minutos\" \/>\n<!-- \/ Yoast SEO plugin. -->","yoast_head_json":{"title":"O eclipse solar mais longo do s\u00e9culo est\u00e1 chegando: o dia se transformar\u00e1 em noite e n\u00e3o acontecer\u00e1 novamente por outros 157 anos - Estado de Minas - Em foco","description":"O dia vai virar noite por mais de 6 minutos! Entenda por que o eclipse solar de 2027 ser\u00e1 o mais longo do s\u00e9culo e onde ele poder\u00e1 ser visto.","robots":{"index":"index","follow":"follow","max-snippet":"max-snippet:-1","max-image-preview":"max-image-preview:large","max-video-preview":"max-video-preview:-1"},"canonical":"https:\/\/www.em.com.br\/emfoco\/2026\/04\/27\/o-eclipse-solar-mais-longo-do-seculo-esta-chegando-o-dia-se-transformara-em-noite-e-nao-acontecera-novamente-por-outros-157-anos\/","og_locale":"pt_BR","og_type":"article","og_title":"O eclipse solar mais longo do s\u00e9culo est\u00e1 chegando: o dia se transformar\u00e1 em noite e n\u00e3o acontecer\u00e1 novamente por outros 157 anos - Estado de Minas - Em foco","og_description":"O dia vai virar noite por mais de 6 minutos! Entenda por que o eclipse solar de 2027 ser\u00e1 o mais longo do s\u00e9culo e onde ele poder\u00e1 ser visto.","og_url":"https:\/\/www.em.com.br\/emfoco\/2026\/04\/27\/o-eclipse-solar-mais-longo-do-seculo-esta-chegando-o-dia-se-transformara-em-noite-e-nao-acontecera-novamente-por-outros-157-anos\/","og_site_name":"Estado de Minas - Em foco","article_published_time":"2026-04-27T23:55:00+00:00","article_modified_time":"2026-04-26T09:41:07+00:00","og_image":[{"width":1280,"height":720,"url":"https:\/\/www.em.com.br\/emfoco\/wp-content\/uploads\/2026\/04\/eclipse1.jpg","type":"image\/jpeg"}],"author":"Guilherme Ara\u00fajo","twitter_card":"summary_large_image","twitter_misc":{"Escrito por":"Guilherme Ara\u00fajo","Est. tempo de leitura":"4 minutos"},"schema":{"@context":"https:\/\/schema.org","@graph":[{"@type":"WebPage","@id":"https:\/\/www.em.com.br\/emfoco\/2026\/04\/27\/o-eclipse-solar-mais-longo-do-seculo-esta-chegando-o-dia-se-transformara-em-noite-e-nao-acontecera-novamente-por-outros-157-anos\/","url":"https:\/\/www.em.com.br\/emfoco\/2026\/04\/27\/o-eclipse-solar-mais-longo-do-seculo-esta-chegando-o-dia-se-transformara-em-noite-e-nao-acontecera-novamente-por-outros-157-anos\/","name":"O eclipse solar mais longo do s\u00e9culo est\u00e1 chegando: o dia se transformar\u00e1 em noite e n\u00e3o acontecer\u00e1 novamente por outros 157 anos - Estado de Minas - Em foco","isPartOf":{"@id":"https:\/\/www.em.com.br\/emfoco\/#website"},"primaryImageOfPage":{"@id":"https:\/\/www.em.com.br\/emfoco\/2026\/04\/27\/o-eclipse-solar-mais-longo-do-seculo-esta-chegando-o-dia-se-transformara-em-noite-e-nao-acontecera-novamente-por-outros-157-anos\/#primaryimage"},"image":{"@id":"https:\/\/www.em.com.br\/emfoco\/2026\/04\/27\/o-eclipse-solar-mais-longo-do-seculo-esta-chegando-o-dia-se-transformara-em-noite-e-nao-acontecera-novamente-por-outros-157-anos\/#primaryimage"},"thumbnailUrl":"https:\/\/www.em.com.br\/emfoco\/wp-content\/uploads\/2026\/04\/eclipse1.jpg","datePublished":"2026-04-27T23:55:00+00:00","dateModified":"2026-04-26T09:41:07+00:00","author":{"@id":"https:\/\/www.em.com.br\/emfoco\/#\/schema\/person\/5379e929a4b966c775d121e23f9bb421"},"description":"O dia vai virar noite por mais de 6 minutos! Entenda por que o eclipse solar de 2027 ser\u00e1 o mais longo do s\u00e9culo e onde ele poder\u00e1 ser visto.","breadcrumb":{"@id":"https:\/\/www.em.com.br\/emfoco\/2026\/04\/27\/o-eclipse-solar-mais-longo-do-seculo-esta-chegando-o-dia-se-transformara-em-noite-e-nao-acontecera-novamente-por-outros-157-anos\/#breadcrumb"},"inLanguage":"pt-BR","potentialAction":[{"@type":"ReadAction","target":["https:\/\/www.em.com.br\/emfoco\/2026\/04\/27\/o-eclipse-solar-mais-longo-do-seculo-esta-chegando-o-dia-se-transformara-em-noite-e-nao-acontecera-novamente-por-outros-157-anos\/"]}]},{"@type":"ImageObject","inLanguage":"pt-BR","@id":"https:\/\/www.em.com.br\/emfoco\/2026\/04\/27\/o-eclipse-solar-mais-longo-do-seculo-esta-chegando-o-dia-se-transformara-em-noite-e-nao-acontecera-novamente-por-outros-157-anos\/#primaryimage","url":"https:\/\/www.em.com.br\/emfoco\/wp-content\/uploads\/2026\/04\/eclipse1.jpg","contentUrl":"https:\/\/www.em.com.br\/emfoco\/wp-content\/uploads\/2026\/04\/eclipse1.jpg","width":1280,"height":720,"caption":"Saiba quando e onde ver o eclipse solar que ter\u00e1 dura\u00e7\u00e3o recorde"},{"@type":"BreadcrumbList","@id":"https:\/\/www.em.com.br\/emfoco\/2026\/04\/27\/o-eclipse-solar-mais-longo-do-seculo-esta-chegando-o-dia-se-transformara-em-noite-e-nao-acontecera-novamente-por-outros-157-anos\/#breadcrumb","itemListElement":[{"@type":"ListItem","position":1,"name":"In\u00edcio","item":"https:\/\/www.em.com.br\/emfoco\/"},{"@type":"ListItem","position":2,"name":"O eclipse solar mais longo do s\u00e9culo est\u00e1 chegando: o dia se transformar\u00e1 em noite e n\u00e3o acontecer\u00e1 novamente por outros 157 anos"}]},{"@type":"WebSite","@id":"https:\/\/www.em.com.br\/emfoco\/#website","url":"https:\/\/www.em.com.br\/emfoco\/","name":"Estado de Minas - Em foco","description":"Acompanhe as \u00faltimas not\u00edcias e fique bem informado sobre tudo o que acontece em Minas Gerais, Brasil e no mundo.","potentialAction":[{"@type":"SearchAction","target":{"@type":"EntryPoint","urlTemplate":"https:\/\/www.em.com.br\/emfoco\/?s={search_term_string}"},"query-input":{"@type":"PropertyValueSpecification","valueRequired":true,"valueName":"search_term_string"}}],"inLanguage":"pt-BR"},{"@type":"Person","@id":"https:\/\/www.em.com.br\/emfoco\/#\/schema\/person\/5379e929a4b966c775d121e23f9bb421","name":"Guilherme Ara\u00fajo","image":{"@type":"ImageObject","inLanguage":"pt-BR","@id":"https:\/\/www.em.com.br\/emfoco\/#\/schema\/person\/image\/","url":"https:\/\/secure.gravatar.com\/avatar\/b8bf1fd0130e170bd8f5d7298dbafa25?s=96&d=mm&r=g","contentUrl":"https:\/\/secure.gravatar.com\/avatar\/b8bf1fd0130e170bd8f5d7298dbafa25?s=96&d=mm&r=g","caption":"Guilherme Ara\u00fajo"},"sameAs":["https:\/\/www.em.com.br\/emfoco"],"url":"https:\/\/www.em.com.br\/emfoco\/author\/guilhermeamyth\/"}]}},"_links":{"self":[{"href":"https:\/\/www.em.com.br\/emfoco\/wp-json\/wp\/v2\/posts\/198180","targetHints":{"allow":["GET"]}}],"collection":[{"href":"https:\/\/www.em.com.br\/emfoco\/wp-json\/wp\/v2\/posts"}],"about":[{"href":"https:\/\/www.em.com.br\/emfoco\/wp-json\/wp\/v2\/types\/post"}],"author":[{"embeddable":true,"href":"https:\/\/www.em.com.br\/emfoco\/wp-json\/wp\/v2\/users\/30"}],"replies":[{"embeddable":true,"href":"https:\/\/www.em.com.br\/emfoco\/wp-json\/wp\/v2\/comments?post=198180"}],"version-history":[{"count":2,"href":"https:\/\/www.em.com.br\/emfoco\/wp-json\/wp\/v2\/posts\/198180\/revisions"}],"predecessor-version":[{"id":198200,"href":"https:\/\/www.em.com.br\/emfoco\/wp-json\/wp\/v2\/posts\/198180\/revisions\/198200"}],"wp:featuredmedia":[{"embeddable":true,"href":"https:\/\/www.em.com.br\/emfoco\/wp-json\/wp\/v2\/media\/198187"}],"wp:attachment":[{"href":"https:\/\/www.em.com.br\/emfoco\/wp-json\/wp\/v2\/media?parent=198180"}],"wp:term":[{"taxonomy":"category","embeddable":true,"href":"https:\/\/www.em.com.br\/emfoco\/wp-json\/wp\/v2\/categories?post=198180"},{"taxonomy":"post_tag","embeddable":true,"href":"https:\/\/www.em.com.br\/emfoco\/wp-json\/wp\/v2\/tags?post=198180"}],"curies":[{"name":"wp","href":"https:\/\/api.w.org\/{rel}","templated":true}]}}