{"id":198178,"date":"2026-04-27T13:05:00","date_gmt":"2026-04-27T16:05:00","guid":{"rendered":"https:\/\/www.em.com.br\/emfoco\/?p=198178"},"modified":"2026-04-26T06:46:10","modified_gmt":"2026-04-26T09:46:10","slug":"para-que-servem-as-linhas-em-relevo-sob-as-teclas-f-e-j-nos-teclados","status":"publish","type":"post","link":"https:\/\/www.em.com.br\/emfoco\/2026\/04\/27\/para-que-servem-as-linhas-em-relevo-sob-as-teclas-f-e-j-nos-teclados\/","title":{"rendered":"Para que servem as linhas em relevo sob as teclas &#8220;F&#8221; e &#8220;J&#8221; nos teclados"},"content":{"rendered":"\n<p>A pequena sali\u00eancia presente nas <strong>teclas<\/strong> <strong>F<\/strong> e <strong>J<\/strong> de praticamente todos os modelos f\u00edsicos tem uma fun\u00e7\u00e3o t\u00e9cnica vital. Esse detalhe permite que o usu\u00e1rio identifique a posi\u00e7\u00e3o correta das m\u00e3os sem precisar desviar o olhar da tela.<\/p>\n\n\n\n<h2 class=\"wp-block-heading\">O que \u00e9 a linha de base da digita\u00e7\u00e3o?<\/h2>\n\n\n\n<p>No m\u00e9todo profissional de digita\u00e7\u00e3o por toque, os dedos devem repousar sobre uma fileira espec\u00edfica chamada de <strong>home row<\/strong>. As <strong>teclas<\/strong> <strong>F<\/strong> e <strong>J<\/strong> servem como \u00e2ncoras para os dedos indicadores da m\u00e3o esquerda e direita, respectivamente.<\/p>\n\n\n\n<p>A partir dessa posi\u00e7\u00e3o neutra, os dez dedos conseguem alcan\u00e7ar qualquer outra letra com o m\u00ednimo de deslocamento. Essa t\u00e9cnica, herdada da datilografia, \u00e9 o que permite que digitadores experientes alcancem altas velocidades mantendo a precis\u00e3o e a sa\u00fade dos pulsos durante o trabalho na <strong>cidade<\/strong> ou no escrit\u00f3rio.<\/p>\n\n\n\n<h2 class=\"wp-block-heading\">Qual \u00e9 a origem hist\u00f3rica dessa sali\u00eancia?<\/h2>\n\n\n\n<p>A ideia de utilizar marcas t\u00e1teis para guiar as m\u00e3os foi patenteada oficialmente em <strong>1984<\/strong> pela inventora <strong>June E. Botich<\/strong>. O objetivo do projeto era reduzir os erros de posicionamento e aumentar a produtividade de quem operava m\u00e1quinas de escrever e computadores antigos.<\/p>\n\n\n\n<p>Gigantes da tecnologia, como a <a href=\"https:\/\/pt.wikipedia.org\/wiki\/IBM\" target=\"_blank\" rel=\"noreferrer noopener\">IBM<\/a>, foram <a href=\"https:\/\/www.em.com.br\/emfoco\/2026\/04\/24\/a-partir-de-2027-as-operadoras-serao-obrigadas-a-aumentar-a-velocidade-da-internet-e-reduzir-os-precos\/\" target=\"_blank\" rel=\"noreferrer noopener\">pioneiras na implementa\u00e7\u00e3o industrial<\/a> desse recurso nos anos <strong>1970<\/strong>. Modelos ic\u00f4nicos como o <strong>Model M<\/strong> consolidaram essa caracter\u00edstica, que mais tarde foi integrada \u00e0 norma internacional <strong>ISO\/IEC 9995<\/strong> para garantir a acessibilidade global de hardware.<\/p>\n\n\n<div class=\"wp-block-image\">\n<figure class=\"aligncenter size-large\"><img loading=\"lazy\" decoding=\"async\" width=\"1024\" height=\"576\" src=\"https:\/\/www.em.com.br\/emfoco\/wp-content\/uploads\/2026\/04\/teclado2-1-1024x576.jpg\" alt=\"Aprenda a usar a &quot;posi\u00e7\u00e3o de descanso&quot; para digitar sem olhar para o teclado\" class=\"wp-image-198183\" srcset=\"https:\/\/www.em.com.br\/emfoco\/wp-content\/uploads\/2026\/04\/teclado2-1-1024x576.jpg 1024w, https:\/\/www.em.com.br\/emfoco\/wp-content\/uploads\/2026\/04\/teclado2-1-300x169.jpg 300w, https:\/\/www.em.com.br\/emfoco\/wp-content\/uploads\/2026\/04\/teclado2-1-768x432.jpg 768w, https:\/\/www.em.com.br\/emfoco\/wp-content\/uploads\/2026\/04\/teclado2-1-750x422.jpg 750w, https:\/\/www.em.com.br\/emfoco\/wp-content\/uploads\/2026\/04\/teclado2-1-1140x641.jpg 1140w, https:\/\/www.em.com.br\/emfoco\/wp-content\/uploads\/2026\/04\/teclado2-1.jpg 1280w\" sizes=\"auto, (max-width: 1024px) 100vw, 1024px\" \/><figcaption class=\"wp-element-caption\">Aprenda a usar a &#8220;posi\u00e7\u00e3o de descanso&#8221; para digitar sem olhar para o teclado<\/figcaption><\/figure><\/div>\n\n\n<h2 class=\"wp-block-heading\">Por que o relevo est\u00e1 justamente nestas letras?<\/h2>\n\n\n\n<p>A escolha n\u00e3o foi aleat\u00f3ria e est\u00e1 ligada \u00e0 arquitetura do layout <strong>QWERTY<\/strong>, criado por <strong>Christopher Latham Sholes<\/strong> em <strong>1868<\/strong>. Como o <strong>F<\/strong> e o <strong>J<\/strong> ocupam o centro geogr\u00e1fico da \u00e1rea de digita\u00e7\u00e3o, eles permitem um acesso sim\u00e9trico a quase <strong>50%<\/strong> das letras do alfabeto.<\/p>\n\n\n\n<p>Confira como os indicadores se distribuem a partir dessas bases:<\/p>\n\n\n\n<ul class=\"wp-block-list\">\n<li><strong>Indicador Esquerdo (F)<\/strong>: Alcan\u00e7a as letras <strong>R<\/strong>, <strong>T<\/strong>, <strong>G<\/strong>, <strong>V<\/strong>, <strong>C<\/strong> e <strong>B<\/strong>.<\/li>\n\n\n\n<li><strong>Indicador Direito (J)<\/strong>: Respons\u00e1vel pelas letras <strong>U<\/strong>, <strong>Y<\/strong>, <strong>H<\/strong>, <strong>N<\/strong> e <strong>M<\/strong>.<\/li>\n\n\n\n<li><strong>Polegares<\/strong>: Ficam posicionados exclusivamente para acionar a barra de espa\u00e7o.<\/li>\n<\/ul>\n\n\n\n<h2 class=\"wp-block-heading\">Qual a posi\u00e7\u00e3o correta dos dedos para evitar les\u00f5es?<\/h2>\n\n\n\n<p>Ergonomistas alertam que o uso correto das marcas t\u00e1teis ajuda a prevenir doen\u00e7as ocupacionais, como a s\u00edndrome do t\u00fanel do carpo. Ao manter as m\u00e3os centradas no <strong>F<\/strong> e no <strong>J<\/strong>, o usu\u00e1rio evita tor\u00e7\u00f5es desnecess\u00e1rias e mant\u00e9m os pulsos em uma posi\u00e7\u00e3o neutra e relaxada.<\/p>\n\n\n\n<p>Abaixo, detalhamos o posicionamento padr\u00e3o recomendado pelos instrutores:<\/p>\n\n\n<div class=\"wp-block-image\">\n<figure class=\"aligncenter size-large is-resized\"><img loading=\"lazy\" decoding=\"async\" width=\"1024\" height=\"530\" src=\"https:\/\/www.em.com.br\/emfoco\/wp-content\/uploads\/2026\/04\/image-128-1024x530.png\" alt=\"\" class=\"wp-image-198185\" style=\"width:796px;height:auto\" srcset=\"https:\/\/www.em.com.br\/emfoco\/wp-content\/uploads\/2026\/04\/image-128-1024x530.png 1024w, https:\/\/www.em.com.br\/emfoco\/wp-content\/uploads\/2026\/04\/image-128-300x155.png 300w, https:\/\/www.em.com.br\/emfoco\/wp-content\/uploads\/2026\/04\/image-128-768x397.png 768w, https:\/\/www.em.com.br\/emfoco\/wp-content\/uploads\/2026\/04\/image-128-750x388.png 750w, https:\/\/www.em.com.br\/emfoco\/wp-content\/uploads\/2026\/04\/image-128-1140x590.png 1140w, https:\/\/www.em.com.br\/emfoco\/wp-content\/uploads\/2026\/04\/image-128.png 1280w\" sizes=\"auto, (max-width: 1024px) 100vw, 1024px\" \/><\/figure><\/div>\n\n\n<h2 class=\"wp-block-heading\">Como esse recurso auxilia na acessibilidade?<\/h2>\n\n\n\n<p>Al\u00e9m de beneficiar digitadores r\u00e1pidos, o relevo nas <strong>teclas<\/strong> cumpre um papel social fundamental para pessoas com defici\u00eancia visual. Essas marcas funcionam como pontos de refer\u00eancia t\u00e1ctil que permitem a localiza\u00e7\u00e3o de todo o alfabeto sem a necessidade de vis\u00e3o.<\/p>\n\n\n\n<p>Institui\u00e7\u00f5es de tecnologia assistiva recomendam que o relevo seja n\u00edtido o suficiente para ser sentido com um toque leve. Por esse motivo, fabricantes de perif\u00e9ricos de alta performance mant\u00eam o padr\u00e3o rigoroso para atender \u00e0s diretrizes de usabilidade universal estabelecidas por \u00f3rg\u00e3os como a <a href=\"https:\/\/www.iso.org\/home.html\" target=\"_blank\" rel=\"noreferrer noopener\">ISO<\/a>.<\/p>\n","protected":false},"excerpt":{"rendered":"<p>A pequena sali\u00eancia presente nas teclas F e J de praticamente todos os modelos f\u00edsicos tem uma fun\u00e7\u00e3o t\u00e9cnica vital. Esse detalhe permite que o usu\u00e1rio identifique a posi\u00e7\u00e3o correta das m\u00e3os sem precisar desviar o olhar da tela. O que \u00e9 a linha de base da digita\u00e7\u00e3o? No m\u00e9todo profissional de digita\u00e7\u00e3o por toque, [&hellip;]<\/p>\n","protected":false},"author":30,"featured_media":198181,"comment_status":"open","ping_status":"open","sticky":false,"template":"","format":"standard","meta":{"jnews-multi-image_gallery":[],"jnews_single_post":{"format":"standard"},"jnews_primary_category":[],"jnews_social_meta":[],"jnews_override_counter":[],"footnotes":""},"categories":[8819],"tags":[28644,14360,11465,4227],"class_list":["post-198178","post","type-post","status-publish","format-standard","has-post-thumbnail","hentry","category-curiosidades","tag-digitacao","tag-ergonomia","tag-qwerty","tag-teclado"],"yoast_head":"<!-- This site is optimized with the Yoast SEO plugin v23.8 - https:\/\/yoast.com\/wordpress\/plugins\/seo\/ -->\n<title>Para que servem as linhas em relevo sob as teclas &quot;F&quot; e &quot;J&quot; nos teclados - Estado de Minas - Em foco<\/title>\n<meta name=\"description\" content=\"Entenda para que servem as linhas em relevo sob as teclas &quot;F&quot; e &quot;J&quot; nos teclados. Veja a fun\u00e7\u00e3o t\u00e9cnica vital deste detalhe de design agora.\" \/>\n<meta name=\"robots\" content=\"index, follow, max-snippet:-1, max-image-preview:large, max-video-preview:-1\" \/>\n<link rel=\"canonical\" href=\"https:\/\/www.em.com.br\/emfoco\/2026\/04\/27\/para-que-servem-as-linhas-em-relevo-sob-as-teclas-f-e-j-nos-teclados\/\" \/>\n<meta property=\"og:locale\" content=\"pt_BR\" \/>\n<meta property=\"og:type\" content=\"article\" \/>\n<meta property=\"og:title\" content=\"Para que servem as linhas em relevo sob as teclas &quot;F&quot; e &quot;J&quot; nos teclados - Estado de Minas - Em foco\" \/>\n<meta property=\"og:description\" content=\"Entenda para que servem as linhas em relevo sob as teclas &quot;F&quot; e &quot;J&quot; nos teclados. Veja a fun\u00e7\u00e3o t\u00e9cnica vital deste detalhe de design agora.\" \/>\n<meta property=\"og:url\" content=\"https:\/\/www.em.com.br\/emfoco\/2026\/04\/27\/para-que-servem-as-linhas-em-relevo-sob-as-teclas-f-e-j-nos-teclados\/\" \/>\n<meta property=\"og:site_name\" content=\"Estado de Minas - Em foco\" \/>\n<meta property=\"article:published_time\" content=\"2026-04-27T16:05:00+00:00\" \/>\n<meta property=\"article:modified_time\" content=\"2026-04-26T09:46:10+00:00\" \/>\n<meta property=\"og:image\" content=\"https:\/\/www.em.com.br\/emfoco\/wp-content\/uploads\/2026\/04\/teclas.jpg\" \/>\n\t<meta property=\"og:image:width\" content=\"1280\" \/>\n\t<meta property=\"og:image:height\" content=\"720\" \/>\n\t<meta property=\"og:image:type\" content=\"image\/jpeg\" \/>\n<meta name=\"author\" content=\"Guilherme Ara\u00fajo\" \/>\n<meta name=\"twitter:card\" content=\"summary_large_image\" \/>\n<meta name=\"twitter:label1\" content=\"Escrito por\" \/>\n\t<meta name=\"twitter:data1\" content=\"Guilherme Ara\u00fajo\" \/>\n\t<meta name=\"twitter:label2\" content=\"Est. tempo de leitura\" \/>\n\t<meta name=\"twitter:data2\" content=\"4 minutos\" \/>\n<!-- \/ Yoast SEO plugin. -->","yoast_head_json":{"title":"Para que servem as linhas em relevo sob as teclas \"F\" e \"J\" nos teclados - Estado de Minas - Em foco","description":"Entenda para que servem as linhas em relevo sob as teclas \"F\" e \"J\" nos teclados. Veja a fun\u00e7\u00e3o t\u00e9cnica vital deste detalhe de design agora.","robots":{"index":"index","follow":"follow","max-snippet":"max-snippet:-1","max-image-preview":"max-image-preview:large","max-video-preview":"max-video-preview:-1"},"canonical":"https:\/\/www.em.com.br\/emfoco\/2026\/04\/27\/para-que-servem-as-linhas-em-relevo-sob-as-teclas-f-e-j-nos-teclados\/","og_locale":"pt_BR","og_type":"article","og_title":"Para que servem as linhas em relevo sob as teclas \"F\" e \"J\" nos teclados - Estado de Minas - Em foco","og_description":"Entenda para que servem as linhas em relevo sob as teclas \"F\" e \"J\" nos teclados. Veja a fun\u00e7\u00e3o t\u00e9cnica vital deste detalhe de design agora.","og_url":"https:\/\/www.em.com.br\/emfoco\/2026\/04\/27\/para-que-servem-as-linhas-em-relevo-sob-as-teclas-f-e-j-nos-teclados\/","og_site_name":"Estado de Minas - Em foco","article_published_time":"2026-04-27T16:05:00+00:00","article_modified_time":"2026-04-26T09:46:10+00:00","og_image":[{"width":1280,"height":720,"url":"https:\/\/www.em.com.br\/emfoco\/wp-content\/uploads\/2026\/04\/teclas.jpg","type":"image\/jpeg"}],"author":"Guilherme Ara\u00fajo","twitter_card":"summary_large_image","twitter_misc":{"Escrito por":"Guilherme Ara\u00fajo","Est. tempo de leitura":"4 minutos"},"schema":{"@context":"https:\/\/schema.org","@graph":[{"@type":"WebPage","@id":"https:\/\/www.em.com.br\/emfoco\/2026\/04\/27\/para-que-servem-as-linhas-em-relevo-sob-as-teclas-f-e-j-nos-teclados\/","url":"https:\/\/www.em.com.br\/emfoco\/2026\/04\/27\/para-que-servem-as-linhas-em-relevo-sob-as-teclas-f-e-j-nos-teclados\/","name":"Para que servem as linhas em relevo sob as teclas \"F\" e \"J\" nos teclados - Estado de Minas - Em foco","isPartOf":{"@id":"https:\/\/www.em.com.br\/emfoco\/#website"},"primaryImageOfPage":{"@id":"https:\/\/www.em.com.br\/emfoco\/2026\/04\/27\/para-que-servem-as-linhas-em-relevo-sob-as-teclas-f-e-j-nos-teclados\/#primaryimage"},"image":{"@id":"https:\/\/www.em.com.br\/emfoco\/2026\/04\/27\/para-que-servem-as-linhas-em-relevo-sob-as-teclas-f-e-j-nos-teclados\/#primaryimage"},"thumbnailUrl":"https:\/\/www.em.com.br\/emfoco\/wp-content\/uploads\/2026\/04\/teclas.jpg","datePublished":"2026-04-27T16:05:00+00:00","dateModified":"2026-04-26T09:46:10+00:00","author":{"@id":"https:\/\/www.em.com.br\/emfoco\/#\/schema\/person\/5379e929a4b966c775d121e23f9bb421"},"description":"Entenda para que servem as linhas em relevo sob as teclas \"F\" e \"J\" nos teclados. Veja a fun\u00e7\u00e3o t\u00e9cnica vital deste detalhe de design agora.","breadcrumb":{"@id":"https:\/\/www.em.com.br\/emfoco\/2026\/04\/27\/para-que-servem-as-linhas-em-relevo-sob-as-teclas-f-e-j-nos-teclados\/#breadcrumb"},"inLanguage":"pt-BR","potentialAction":[{"@type":"ReadAction","target":["https:\/\/www.em.com.br\/emfoco\/2026\/04\/27\/para-que-servem-as-linhas-em-relevo-sob-as-teclas-f-e-j-nos-teclados\/"]}]},{"@type":"ImageObject","inLanguage":"pt-BR","@id":"https:\/\/www.em.com.br\/emfoco\/2026\/04\/27\/para-que-servem-as-linhas-em-relevo-sob-as-teclas-f-e-j-nos-teclados\/#primaryimage","url":"https:\/\/www.em.com.br\/emfoco\/wp-content\/uploads\/2026\/04\/teclas.jpg","contentUrl":"https:\/\/www.em.com.br\/emfoco\/wp-content\/uploads\/2026\/04\/teclas.jpg","width":1280,"height":720,"caption":"Mist\u00e9rio revelado: Para que servem os relevos nas teclas \"F\" e \"J\" do seu computador?"},{"@type":"BreadcrumbList","@id":"https:\/\/www.em.com.br\/emfoco\/2026\/04\/27\/para-que-servem-as-linhas-em-relevo-sob-as-teclas-f-e-j-nos-teclados\/#breadcrumb","itemListElement":[{"@type":"ListItem","position":1,"name":"In\u00edcio","item":"https:\/\/www.em.com.br\/emfoco\/"},{"@type":"ListItem","position":2,"name":"Para que servem as linhas em relevo sob as teclas &#8220;F&#8221; e &#8220;J&#8221; nos teclados"}]},{"@type":"WebSite","@id":"https:\/\/www.em.com.br\/emfoco\/#website","url":"https:\/\/www.em.com.br\/emfoco\/","name":"Estado de Minas - Em foco","description":"Acompanhe as \u00faltimas not\u00edcias e fique bem informado sobre tudo o que acontece em Minas Gerais, Brasil e no mundo.","potentialAction":[{"@type":"SearchAction","target":{"@type":"EntryPoint","urlTemplate":"https:\/\/www.em.com.br\/emfoco\/?s={search_term_string}"},"query-input":{"@type":"PropertyValueSpecification","valueRequired":true,"valueName":"search_term_string"}}],"inLanguage":"pt-BR"},{"@type":"Person","@id":"https:\/\/www.em.com.br\/emfoco\/#\/schema\/person\/5379e929a4b966c775d121e23f9bb421","name":"Guilherme Ara\u00fajo","image":{"@type":"ImageObject","inLanguage":"pt-BR","@id":"https:\/\/www.em.com.br\/emfoco\/#\/schema\/person\/image\/","url":"https:\/\/secure.gravatar.com\/avatar\/b8bf1fd0130e170bd8f5d7298dbafa25?s=96&d=mm&r=g","contentUrl":"https:\/\/secure.gravatar.com\/avatar\/b8bf1fd0130e170bd8f5d7298dbafa25?s=96&d=mm&r=g","caption":"Guilherme Ara\u00fajo"},"sameAs":["https:\/\/www.em.com.br\/emfoco"],"url":"https:\/\/www.em.com.br\/emfoco\/author\/guilhermeamyth\/"}]}},"_links":{"self":[{"href":"https:\/\/www.em.com.br\/emfoco\/wp-json\/wp\/v2\/posts\/198178","targetHints":{"allow":["GET"]}}],"collection":[{"href":"https:\/\/www.em.com.br\/emfoco\/wp-json\/wp\/v2\/posts"}],"about":[{"href":"https:\/\/www.em.com.br\/emfoco\/wp-json\/wp\/v2\/types\/post"}],"author":[{"embeddable":true,"href":"https:\/\/www.em.com.br\/emfoco\/wp-json\/wp\/v2\/users\/30"}],"replies":[{"embeddable":true,"href":"https:\/\/www.em.com.br\/emfoco\/wp-json\/wp\/v2\/comments?post=198178"}],"version-history":[{"count":1,"href":"https:\/\/www.em.com.br\/emfoco\/wp-json\/wp\/v2\/posts\/198178\/revisions"}],"predecessor-version":[{"id":198186,"href":"https:\/\/www.em.com.br\/emfoco\/wp-json\/wp\/v2\/posts\/198178\/revisions\/198186"}],"wp:featuredmedia":[{"embeddable":true,"href":"https:\/\/www.em.com.br\/emfoco\/wp-json\/wp\/v2\/media\/198181"}],"wp:attachment":[{"href":"https:\/\/www.em.com.br\/emfoco\/wp-json\/wp\/v2\/media?parent=198178"}],"wp:term":[{"taxonomy":"category","embeddable":true,"href":"https:\/\/www.em.com.br\/emfoco\/wp-json\/wp\/v2\/categories?post=198178"},{"taxonomy":"post_tag","embeddable":true,"href":"https:\/\/www.em.com.br\/emfoco\/wp-json\/wp\/v2\/tags?post=198178"}],"curies":[{"name":"wp","href":"https:\/\/api.w.org\/{rel}","templated":true}]}}