{"id":198169,"date":"2026-04-27T19:55:00","date_gmt":"2026-04-27T22:55:00","guid":{"rendered":"https:\/\/www.em.com.br\/emfoco\/?p=198169"},"modified":"2026-04-25T21:01:43","modified_gmt":"2026-04-26T00:01:43","slug":"a-25-km-de-belo-horizonte-a-cidade-colonial-com-igreja-barroca-de-talha-dourada-e-a-maior-festa-do-ora-pro-nobis-do-brasil-em-28-anos-de-tradicao","status":"publish","type":"post","link":"https:\/\/www.em.com.br\/emfoco\/2026\/04\/27\/a-25-km-de-belo-horizonte-a-cidade-colonial-com-igreja-barroca-de-talha-dourada-e-a-maior-festa-do-ora-pro-nobis-do-brasil-em-28-anos-de-tradicao\/","title":{"rendered":"A 25 km de Belo Horizonte: a cidade colonial com igreja barroca de talha dourada e a maior festa do ora-pro-n\u00f3bis do Brasil em 28 anos de tradi\u00e7\u00e3o"},"content":{"rendered":"\n<p>A poucos minutos da capital mineira, <strong>Sabar\u00e1<\/strong> guarda um dos centros hist\u00f3ricos mais antigos do <strong>Brasil<\/strong>, com igrejas barrocas tombadas em 1938 pelo <strong>Instituto do Patrim\u00f4nio Hist\u00f3rico e Art\u00edstico Nacional (IPHAN)<\/strong>. A cidade do Ciclo do Ouro tamb\u00e9m sedia h\u00e1 28 anos o maior <strong>Festival de Ora-Pro-N\u00f3bis<\/strong> do pa\u00eds, que re\u00fane cerca de 15 mil pessoas no bairro Pomp\u00e9u.<\/p>\n\n\n\n<h2 class=\"wp-block-heading\">Como uma cidade do ouro virou guardi\u00e3 do barroco mineiro?<\/h2>\n\n\n\n<p>Tudo come\u00e7ou pela bandeira de <strong>Fern\u00e3o Dias<\/strong>. A expedi\u00e7\u00e3o saiu de <strong>S\u00e3o Paulo<\/strong> em 1674 com o objetivo de alcan\u00e7ar Sabarabu\u00e7u, termo tupi que significa pedra grande brilhante. O bandeirante morreu em 1681, mas seu genro, <strong>Borba Gato<\/strong>, deu sequ\u00eancia ao projeto e tornou-se uma das figuras centrais da descoberta do ouro em <strong>Minas Gerais<\/strong>, segundo o <a href=\"https:\/\/www.minas300anos.mg.gov.br\/noticias-e-artigos\/riquezas-do-ciclo-do-ouro-e-gastronomia-tipica-sao-atracao-de-sabara\/\" target=\"_blank\" rel=\"noreferrer noopener\"><strong>Governo de Minas Gerais<\/strong><\/a>.<\/p>\n\n\n\n<p>Em 1702, o arraial j\u00e1 era o mais populoso da capitania, ponto de com\u00e9rcio de gado, cavalos e mantimentos. Sabar\u00e1 foi elevada a Vila Real e absorveu v\u00e1rios arraiais vizinhos. O reconhecimento como munic\u00edpio veio em 1838, mas a cidade j\u00e1 era a maior refer\u00eancia de ourivesaria do <strong>Brasil<\/strong> colonial. Hoje vivem cerca de 136 mil pessoas e o centro hist\u00f3rico continua tombado pelo IPHAN desde 1938.<\/p>\n\n\n<div class=\"wp-block-image\">\n<figure class=\"aligncenter size-large\"><img loading=\"lazy\" decoding=\"async\" width=\"1024\" height=\"576\" src=\"https:\/\/www.em.com.br\/emfoco\/wp-content\/uploads\/2026\/01\/Sabara-1-1024x576.jpg\" alt=\"A 23 km de Belo Horizonte est\u00e1 a cidade que conquista quem busca viver com qualidade de vida, tranquilidade e jabuticaba com certifica\u00e7\u00e3o nacional\" class=\"wp-image-152867\" srcset=\"https:\/\/www.em.com.br\/emfoco\/wp-content\/uploads\/2026\/01\/Sabara-1-1024x576.jpg 1024w, https:\/\/www.em.com.br\/emfoco\/wp-content\/uploads\/2026\/01\/Sabara-1-300x169.jpg 300w, https:\/\/www.em.com.br\/emfoco\/wp-content\/uploads\/2026\/01\/Sabara-1-768x432.jpg 768w, https:\/\/www.em.com.br\/emfoco\/wp-content\/uploads\/2026\/01\/Sabara-1-750x422.jpg 750w, https:\/\/www.em.com.br\/emfoco\/wp-content\/uploads\/2026\/01\/Sabara-1-1140x641.jpg 1140w, https:\/\/www.em.com.br\/emfoco\/wp-content\/uploads\/2026\/01\/Sabara-1.jpg 1280w\" sizes=\"auto, (max-width: 1024px) 100vw, 1024px\" \/><figcaption class=\"wp-element-caption\">Sabar\u00e1 preserva o segundo teatro mais antigo do Brasil e det\u00e9m o t\u00edtulo de capital da jabuticaba \/\/ Cr\u00e9ditos: Wikipedia<\/figcaption><\/figure><\/div>\n\n\n<h2 class=\"wp-block-heading\">A capela barroca que parece um joalheiro por dentro<\/h2>\n\n\n\n<p>A joia escondida \u00e9 a <strong>Igreja de Nossa Senhora do \u00d3<\/strong>. Inaugurada em 1717 e tombada ao n\u00edvel nacional pelo <a href=\"http:\/\/portal.iphan.gov.br\/pagina\/detalhes\/1817\/\" target=\"_blank\" rel=\"noreferrer noopener\"><strong>IPHAN<\/strong><\/a>, a capela tem fachada simples de paredes de adobe, mas o interior re\u00fane talha dourada com motivos de folha de parreira, cachos de uva, f\u00eanix e pintura policroma em ouro, vermelho e azul. A decora\u00e7\u00e3o mistura barroco portugu\u00eas e influ\u00eancia oriental.<\/p>\n\n\n\n<p>O cr\u00edtico franc\u00eas Germain Bazin chamou a capela de uma das cria\u00e7\u00f5es mais requintadas da arte barroca. O estudioso Sylvio de Vasconcellos escreveu que a igreja \u00e9 o pr\u00f3prio ouro das Minas, modesta por fora e esplendente por dentro. A pequena capela faz parte do mesmo conjunto tombado que inclui o centro hist\u00f3rico e os casar\u00f5es da Rua Direita, atual Rua Dom Pedro II. A cidade ainda guarda a <strong>Igreja Matriz de Nossa Senhora da Concei\u00e7\u00e3o<\/strong>, a <strong>Igreja de Nossa Senhora do Carmo<\/strong> com obras do <strong>Aleijadinho<\/strong>, e a inacabada <strong>Igreja de Nossa Senhora do Ros\u00e1rio dos Pretos<\/strong>, cujas paredes seguem de p\u00e9 desde 1768.<\/p>\n\n\n<div class=\"wp-block-image\">\n<figure class=\"aligncenter size-large\"><img loading=\"lazy\" decoding=\"async\" width=\"1024\" height=\"576\" src=\"https:\/\/www.em.com.br\/emfoco\/wp-content\/uploads\/2026\/01\/Sabara2-1024x576.jpg\" alt=\"A 23 km de Belo Horizonte est\u00e1 a cidade que conquista quem busca viver com qualidade de vida, tranquilidade e jabuticaba com certifica\u00e7\u00e3o nacional\" class=\"wp-image-152866\" srcset=\"https:\/\/www.em.com.br\/emfoco\/wp-content\/uploads\/2026\/01\/Sabara2-1024x576.jpg 1024w, https:\/\/www.em.com.br\/emfoco\/wp-content\/uploads\/2026\/01\/Sabara2-300x169.jpg 300w, https:\/\/www.em.com.br\/emfoco\/wp-content\/uploads\/2026\/01\/Sabara2-768x432.jpg 768w, https:\/\/www.em.com.br\/emfoco\/wp-content\/uploads\/2026\/01\/Sabara2-750x422.jpg 750w, https:\/\/www.em.com.br\/emfoco\/wp-content\/uploads\/2026\/01\/Sabara2-1140x641.jpg 1140w, https:\/\/www.em.com.br\/emfoco\/wp-content\/uploads\/2026\/01\/Sabara2.jpg 1280w\" sizes=\"auto, (max-width: 1024px) 100vw, 1024px\" \/><figcaption class=\"wp-element-caption\">Sabar\u00e1 preserva barroco hist\u00f3rico e qualidade de vida perto de Belo Horizonte \/\/ Cr\u00e9ditos: Wikipedia<\/figcaption><\/figure><\/div>\n\n\n<h2 class=\"wp-block-heading\">Por que essa cidade virou capital nacional do ora-pro-n\u00f3bis?<\/h2>\n\n\n\n<p>O t\u00edtulo tem nome e endere\u00e7o. O cultivo do ora-pro-n\u00f3bis \u00e9 tradi\u00e7\u00e3o centen\u00e1ria no bairro Pomp\u00e9u, mantida principalmente por mulheres da comunidade, segundo a <a href=\"https:\/\/www.emater.mg.gov.br\/portal.do\/site-noticias\/ora-pro-nobis-ganha-festival-neste-final-de-semana-em-sabara-\/?flagweb=novosite_pagina_interna_noticia&amp;id=29279\" target=\"_blank\" rel=\"noreferrer noopener\"><strong>Empresa de Assist\u00eancia T\u00e9cnica e Extens\u00e3o Rural do Estado de Minas Gerais (Emater-MG)<\/strong><\/a>. A planta cresce com facilidade nos quintais e virou ingrediente-s\u00edmbolo da culin\u00e1ria local.<\/p>\n\n\n\n<p>O <a href=\"https:\/\/orapronobis.sabara.mg.gov.br\/\" target=\"_blank\" rel=\"noreferrer noopener\"><strong>Festival de Ora-Pro-N\u00f3bis<\/strong><\/a>, organizado pela <strong>Prefeitura<\/strong> em parceria com a <strong>Associa\u00e7\u00e3o dos Moradores do Pomp\u00e9u (AMAP)<\/strong>, chega \u00e0 28\u00aa edi\u00e7\u00e3o em 2026, entre 1\u00ba e 3 de maio. A expectativa oficial \u00e9 receber cerca de 15 mil pessoas em tr\u00eas dias de festa, com concurso gastron\u00f4mico, cozinhas show com chefs convidados, oficinas culin\u00e1rias, feira de artesanato e shows musicais. A entrada \u00e9 gratuita.<\/p>\n\n\n\n<p><strong>Leia tamb\u00e9m: <a href=\"https:\/\/www.em.com.br\/emfoco\/2026\/04\/11\/capital-nacional-do-morango-cidade-a-poucos-minutos-da-capital-esta-conquistando-os-brasileiros-com-qualidade-de-vida-e-tranquilidade\/\" target=\"_blank\" rel=\"noreferrer noopener\">Capital Nacional do Morango: uma cidade a poucos minutos da capital est\u00e1 conquistando os brasileiros com qualidade de vida e tranquilidade<\/a><\/strong><\/p>\n\n\n\n<h2 class=\"wp-block-heading\">O que ver e onde comer na cidade do ouro?<\/h2>\n\n\n\n<p>O roteiro mistura barroco, museu de minera\u00e7\u00e3o e gastronomia mineira pesada. Os principais pontos ficam num raio curto no centro hist\u00f3rico.<\/p>\n\n\n\n<ul class=\"wp-block-list has-medium-font-size\">\n<li><strong>Igreja de Nossa Senhora do \u00d3<\/strong>: capela barroca de 1717 com talha dourada e ornamenta\u00e7\u00e3o oriental, tombada pelo IPHAN.<\/li>\n\n\n\n<li><strong>Museu do Ouro<\/strong>: instalado na antiga <strong>Casa de Intend\u00eancia e Fundi\u00e7\u00e3o<\/strong>, conta a hist\u00f3ria da minera\u00e7\u00e3o e do ciclo do ouro no Brasil colonial.<\/li>\n\n\n\n<li><strong>Igreja de Nossa Senhora do Carmo<\/strong>: tem trabalhos em pedra-sab\u00e3o atribu\u00eddos ao <strong>Aleijadinho<\/strong>, executados entre 1771 e 1781.<\/li>\n\n\n\n<li><strong>Igreja Matriz de Nossa Senhora da Concei\u00e7\u00e3o<\/strong>: oito altares laterais com colunas salom\u00f4nicas e talha dourada do barroco mineiro.<\/li>\n\n\n\n<li><strong>Igreja de Nossa Senhora do Ros\u00e1rio dos Pretos<\/strong>: monumento inacabado iniciado em 1768 pela irmandade dos negros.<\/li>\n\n\n\n<li><strong>Teatro Imperial (Casa da \u00d3pera)<\/strong>: segundo teatro mais antigo em funcionamento no <strong>Brasil<\/strong>, em formato de ferradura.<\/li>\n<\/ul>\n\n\n\n<p>Na mesa, o protagonismo \u00e9 do ora-pro-n\u00f3bis e da jabuticaba. Sabar\u00e1 tem outro festival famoso, o da jabuticaba, e produtoras locais transformaram as plantas em receitas, geleias e licores artesanais.<\/p>\n\n\n\n<ul class=\"wp-block-list has-medium-font-size\">\n<li><strong>Frango com ora-pro-n\u00f3bis<\/strong>: receita-m\u00e3e da culin\u00e1ria sabarense, presente em quase todos os restaurantes do bairro Pomp\u00e9u.<\/li>\n\n\n\n<li><strong>Empada de ora-pro-n\u00f3bis com calabresa e catupiry<\/strong>: cria\u00e7\u00e3o local servida durante o festival.<\/li>\n\n\n\n<li><strong>Tutu de feij\u00e3o com ora-pro-n\u00f3bis<\/strong>: combina\u00e7\u00e3o que une dois s\u00edmbolos da cozinha mineira.<\/li>\n\n\n\n<li><strong>Geleias e licores de jabuticaba<\/strong>: produzidos pelas mesmas artes\u00e3s do ora-pro-n\u00f3bis, vendidos nos festivais e quintais.<\/li>\n\n\n\n<li><strong>Doce de leite com ora-pro-n\u00f3bis<\/strong>: receita inovadora premiada nas \u00faltimas edi\u00e7\u00f5es do concurso gastron\u00f4mico.<\/li>\n<\/ul>\n\n\n\n<p>Quem sonha em conhecer as cidades hist\u00f3ricas de <strong>Minas Gerais<\/strong>, vai curtir esse v\u00eddeo especialmente selecionado do canal <strong>De fora em Juiz de Fora<\/strong>, que conta com mais de <strong>85 mil<\/strong> visualiza\u00e7\u00f5es, onde <strong>Tati Marmon<\/strong> mostra o centro hist\u00f3rico de <strong>Sabar\u00e1<\/strong>, uma joia do ciclo do ouro ao lado de <strong>Belo Horizonte<\/strong>:<\/p>\n\n\n\n<figure class=\"wp-block-embed is-type-video is-provider-youtube wp-block-embed-youtube wp-embed-aspect-16-9 wp-has-aspect-ratio\"><div class=\"wp-block-embed__wrapper\">\n<div class=\"jeg_video_container jeg_video_content\"><iframe loading=\"lazy\" title=\"CONHE\u00c7A SABAR\u00c1 MG: Cidade hist\u00f3rica ao lado de Belo Horizonte - Minas Gerais\" width=\"500\" height=\"281\" src=\"https:\/\/www.youtube.com\/embed\/a2GWW0rRiL8?feature=oembed\" frameborder=\"0\" allow=\"accelerometer; autoplay; clipboard-write; encrypted-media; gyroscope; picture-in-picture; web-share\" referrerpolicy=\"strict-origin-when-cross-origin\" allowfullscreen><\/iframe><\/div>\n<\/div><\/figure>\n\n\n\n<h2 class=\"wp-block-heading\">Quando o clima da serra favorece a visita ao centro hist\u00f3rico?<\/h2>\n\n\n\n<p>Sabar\u00e1 tem clima tropical de altitude, com ver\u00e3o chuvoso e inverno seco. A escolha da esta\u00e7\u00e3o muda a forma de aproveitar as ladeiras de pedra:<\/p>\n\n\n\n<style>\n    .clima-grid-em127 { \n        --cor-primaria: #1a2a57; --cor-secundaria: #1a2a57; --cor-txt-secundaria: #ffffff;\n        display: grid; grid-template-columns: repeat(auto-fit, minmax(190px, 1fr)); gap: 15px; justify-content: center; padding: 10px;\n    }\n    .clima-card-em127 { border: 5px solid var(--cor-primaria); border-top: 5px solid var(--cor-secundaria); border-radius: 12px; background-color: var(--cor-primaria); background-clip: padding-box; display: flex; flex-direction: column; overflow: hidden; cursor: pointer; box-shadow: 0 6px 12px rgba(0,0,0, 0.2); transition: transform 0.2s ease, box-shadow 0.2s ease; -webkit-tap-highlight-color: transparent; user-select: none; transform: translateZ(0); animation: wmFadeIn 0.6s cubic-bezier(0.2, 0.8, 0.2, 1) backwards; }\n    .clima-card-em127:focus-visible { outline: 3px dashed var(--cor-secundaria); outline-offset: 4px; }\n    .clima-card-em127:nth-child(1) { animation-delay: 0.1s; } .clima-card-em127:nth-child(2) { animation-delay: 0.2s; } .clima-card-em127:nth-child(3) { animation-delay: 0.3s; } .clima-card-em127:nth-child(4) { animation-delay: 0.4s; }\n    @keyframes wmFadeIn { from { opacity: 0; transform: translateY(30px); } to { opacity: 1; transform: translateY(0); } }\n    .clima-card-em127:hover { transform: translateY(-5px); box-shadow: 0 15px 30px rgba(0,0,0, 0.3); }\n    .clima-card-em127:active { transform: translateY(-1px) scale(0.97); box-shadow: 0 3px 6px rgba(0,0,0, 0.2); transition: transform 0.05s ease, box-shadow 0.05s ease; }\n    .clima-header-em127 { background: #fdfbf5; padding: 15px 10px; text-align: center; display: flex; flex-direction: column; align-items: center; justify-content: center; }\n    .clima-body-em127 { background: #ffffff; padding: 15px; display: flex; flex-direction: column; flex-grow: 1; align-items: center; }\n    .clima-destaque-em127 { box-shadow: 0 8px 16px rgba(0,0,0, 0.25); }\n    .clima-destaque-em127:hover { box-shadow: 0 18px 36px rgba(0,0,0, 0.35); }\n    .clima-destaque-em127 .clima-header-em127 { background: var(--cor-secundaria); }\n    .clima-destaque-em127 .clima-header-em127 .clima-titulo-em127 { color: var(--cor-txt-secundaria) !important; } \n    .clima-pill-em127 { display: flex; white-space: normal; max-width: 100%; box-sizing: border-box; justify-content: center; align-items: center; text-align: center; background: #e8ebf2; color: var(--cor-primaria); font-size: 11px; font-weight: 900 !important; letter-spacing: 0.5px; padding: 8px 16px; border-radius: 16px; text-transform: uppercase; line-height: 1.4; box-shadow: 0 4px 8px rgba(0,0,0, 0.15); margin-top: auto; transition: transform 0.2s ease; }\n    .clima-destaque-em127 .clima-pill-em127 { background: var(--cor-primaria); color: #ffffff; border: 1px solid #ffffff; } \n    .clima-card-em127:hover .clima-pill-em127 { transform: scale(1.06); }\n    .clima-pill-em127 span { font-weight: 900 !important; color: inherit; } \n    .clima-emoji-em127 { font-size: 24px; line-height: 1; margin-bottom: 5px; }\n    .clima-titulo-em127 { color: var(--cor-primaria); font-size: 16px; text-transform: uppercase; margin-top: 5px; font-weight: bold; }\n    .clima-mes-em127 { font-size: 11px; font-weight: 800; color: var(--cor-primaria); text-transform: uppercase; margin-bottom: 5px; display: block; }\n    .clima-temp-em127 { font-size: 26px; font-weight: 900; color: var(--cor-primaria); margin-bottom: 10px; }\n    .clima-desc-em127 { font-size: 13px; color: #444; text-align: center; line-height: 1.5; margin-bottom: 15px; flex-grow: 1;}\n    .clima-desc-em127 strong { color: #111; }\n    @media (prefers-color-scheme: dark) {\n        .clima-card-em127 { border-color: #2b4182; background-color: #2b4182; box-shadow: 0 6px 12px rgba(0,0,0, 0.5); }\n        .clima-header-em127 { background: #1a1a1a; } .clima-body-em127 { background: #121212; }\n        .clima-destaque-em127 .clima-header-em127 { background: var(--cor-secundaria); }\n        .clima-destaque-em127 .clima-header-em127 .clima-titulo-em127 { color: var(--cor-txt-secundaria) !important; }\n        .clima-titulo-em127 { color: #8da5e8; } .clima-mes-em127 { color: #8da5e8; } .clima-temp-em127 { color: #8da5e8; } .clima-desc-em127 { color: #cccccc; } .clima-desc-em127 strong { color: #ffffff; }\n        .clima-pill-em127 { background: #2b4182; color: #ffffff; box-shadow: 0 4px 8px rgba(0, 0, 0, 0.5); }\n        .clima-destaque-em127 .clima-pill-em127 { background: #3b55a0; color: #ffffff; border-color: #8da5e8; }\n    }\n<\/style>\n<div class=\"google-auto-ads-ignore clima-grid-em127\" style=\"box-sizing: border-box; width: 100%; max-width: 980px; margin: 30px auto; font-family: 'Segoe UI', Roboto, Helvetica, Arial, sans-serif;\">\n    <div class=\"clima-card-em127\" tabindex=\"0\">\n        <div class=\"clima-header-em127\"><div class=\"clima-emoji-em127\" aria-hidden=\"true\">\ud83c\udf47<\/div><div class=\"clima-titulo-em127\">Ver\u00e3o<\/div><\/div>\n        <div class=\"clima-body-em127\">\n            <time class=\"clima-mes-em127\">Dezembro a fevereiro<\/time><div class=\"clima-temp-em127\">18\u00b0C a 29\u00b0C<\/div>\n            <div class=\"clima-desc-em127\">O clima tropical de altitude traz chuvas intensas. Uma \u00e9poca badalada para se deliciar no famoso <strong>Festival da Jabuticaba e fazer tours pelos museus<\/strong>.<\/div>\n            <div class=\"clima-pill-em127\"><span>\u2614 Chuva Alta<\/span><\/div>\n        <\/div>\n    <\/div>\n    <div class=\"clima-card-em127\" tabindex=\"0\">\n        <div class=\"clima-header-em127\"><div class=\"clima-emoji-em127\" aria-hidden=\"true\">\ud83c\udf72<\/div><div class=\"clima-titulo-em127\">Outono<\/div><\/div>\n        <div class=\"clima-body-em127\">\n            <time class=\"clima-mes-em127\">Mar\u00e7o a maio<\/time><div class=\"clima-temp-em127\">15\u00b0C a 27\u00b0C<\/div>\n            <div class=\"clima-desc-em127\">A temperatura fica agrad\u00e1vel e as chuvas entram na m\u00e9dia. O per\u00edodo convida para o saboroso <strong>Festival do Ora-Pro-N\u00f3bis e visitas \u00e0s igrejas<\/strong>.<\/div>\n            <div class=\"clima-pill-em127\"><span>\u2601\ufe0f Chuva M\u00e9dia \/ Festivais<\/span><\/div>\n        <\/div>\n    <\/div>\n    <div class=\"clima-card-em127 clima-destaque-em127\" tabindex=\"0\">\n        <div class=\"clima-header-em127\"><div class=\"clima-emoji-em127\" aria-hidden=\"true\">\u26ea<\/div><div class=\"clima-titulo-em127\">Inverno<\/div><\/div>\n        <div class=\"clima-body-em127\">\n            <time class=\"clima-mes-em127\">Junho a agosto<\/time><div class=\"clima-temp-em127\">11\u00b0C a 25\u00b0C<\/div>\n            <div class=\"clima-desc-em127\">A melhor \u00e9poca! O clima seco e fresco oferece as condi\u00e7\u00f5es perfeitas e mais seguras para explorar o <strong>centro hist\u00f3rico e suas famosas ladeiras de pedra<\/strong>.<\/div>\n            <div class=\"clima-pill-em127\"><span>\u2b50 Melhor \u00c9poca \/ Seco<\/span><\/div>\n        <\/div>\n    <\/div>\n    <div class=\"clima-card-em127\" tabindex=\"0\">\n        <div class=\"clima-header-em127\"><div class=\"clima-emoji-em127\" aria-hidden=\"true\">\ud83c\udfad<\/div><div class=\"clima-titulo-em127\">Primavera<\/div><\/div>\n        <div class=\"clima-body-em127\">\n            <time class=\"clima-mes-em127\">Setembro a novembro<\/time><div class=\"clima-temp-em127\">14\u00b0C a 28\u00b0C<\/div>\n            <div class=\"clima-desc-em127\">O calor retorna antes da \u00e9poca mais chuvosa. Uma \u00f3tima janela para aproveitar os roteiros cl\u00e1ssicos pelas <strong>capelas e pela charmosa Casa da \u00d3pera<\/strong>.<\/div>\n            <div class=\"clima-pill-em127\"><span>\ud83c\udf24\ufe0f Chuva Baixa a M\u00e9dia<\/span><\/div>\n        <\/div>\n    <\/div>\n<\/div>\n\n\n\n<p><em>Temperaturas aproximadas com base no <a href=\"https:\/\/www.climatempo.com.br\/previsao-do-tempo\/cidade\/186\/sabara-mg\" target=\"_blank\" rel=\"noreferrer noopener\"><strong>Climatempo<\/strong><\/a>. Condi\u00e7\u00f5es podem variar.<\/em><\/p>\n\n\n\n<h2 class=\"wp-block-heading\">Como chegar \u00e0 cidade colonial vizinha de Belo Horizonte?<\/h2>\n\n\n\n<p>O acesso \u00e9 t\u00e3o simples quanto r\u00e1pido. Saindo de <strong>Belo Horizonte<\/strong>, s\u00e3o cerca de 25 km pela <strong>Avenida dos Andradas<\/strong> em dire\u00e7\u00e3o \u00e0 zona leste, com tempo m\u00e9dio de 35 minutos fora dos hor\u00e1rios de pico. A <strong>MG-262\/BR-381<\/strong> tamb\u00e9m leva \u00e0 cidade pelo Anel Rodovi\u00e1rio.<\/p>\n\n\n\n<p>Quem vem de fora pode usar o <strong>Aeroporto Internacional de Confins<\/strong>, a aproximadamente 50 km, com transfers e linhas de \u00f4nibus regulares. <strong>S\u00e3o Paulo<\/strong> fica a 591 km, <strong>Rio de Janeiro<\/strong> a 462 km e <strong>Bras\u00edlia<\/strong> a 716 km, todos com acesso direto pela Fern\u00e3o Dias ou BR-040.<\/p>\n\n\n\n<h2 class=\"wp-block-heading\">Suba a ladeira e descubra o ouro escondido a 25 km de BH<\/h2>\n\n\n\n<p>Sabar\u00e1 re\u00fane capela barroca premiada por cr\u00edtica internacional, esculturas do <strong>Aleijadinho<\/strong> em pedra-sab\u00e3o, museu instalado na antiga casa de fundi\u00e7\u00e3o do ouro e a maior festa do ora-pro-n\u00f3bis do <strong>Brasil<\/strong>. Poucas cidades coloniais ficam t\u00e3o perto de uma capital sem perderem o sotaque do s\u00e9culo XVIII.<\/p>\n\n\n\n<p>Voc\u00ea precisa subir a ladeira e conhecer Sabar\u00e1, a cidade onde o ouro do passado convive com o verde do ora-pro-n\u00f3bis e a hist\u00f3ria mora a 25 minutos de Belo Horizonte.<\/p>\n","protected":false},"excerpt":{"rendered":"<p>A poucos minutos da capital mineira, Sabar\u00e1 guarda um dos centros hist\u00f3ricos mais antigos do Brasil, com igrejas barrocas tombadas em 1938 pelo Instituto do Patrim\u00f4nio Hist\u00f3rico e Art\u00edstico Nacional (IPHAN). A cidade do Ciclo do Ouro tamb\u00e9m sedia h\u00e1 28 anos o maior Festival de Ora-Pro-N\u00f3bis do pa\u00eds, que re\u00fane cerca de 15 mil [&hellip;]<\/p>\n","protected":false},"author":6,"featured_media":199729,"comment_status":"open","ping_status":"open","sticky":false,"template":"","format":"standard","meta":{"jnews-multi-image_gallery":[],"jnews_single_post":{"format":"standard"},"jnews_primary_category":[],"jnews_social_meta":[],"jnews_override_counter":[],"footnotes":""},"categories":[26],"tags":[183,207,981],"class_list":["post-198169","post","type-post","status-publish","format-standard","has-post-thumbnail","hentry","category-cidades","tag-cidades","tag-minas-gerais","tag-sabara"],"yoast_head":"<!-- This site is optimized with the Yoast SEO plugin v23.8 - https:\/\/yoast.com\/wordpress\/plugins\/seo\/ -->\n<title>A 25 km de Belo Horizonte: a cidade colonial com igreja barroca de talha dourada e a maior festa do ora-pro-n\u00f3bis do Brasil em 28 anos de tradi\u00e7\u00e3o - Estado de Minas - Em foco<\/title>\n<meta name=\"description\" content=\"Descubra a riqueza barroca e a tradi\u00e7\u00e3o culin\u00e1ria desta cidade colonial a 25 km de BH, sede da maior festa do ora-pro-n\u00f3bis.\" \/>\n<meta name=\"robots\" content=\"index, follow, max-snippet:-1, max-image-preview:large, max-video-preview:-1\" \/>\n<link rel=\"canonical\" href=\"https:\/\/www.em.com.br\/emfoco\/2026\/04\/27\/a-25-km-de-belo-horizonte-a-cidade-colonial-com-igreja-barroca-de-talha-dourada-e-a-maior-festa-do-ora-pro-nobis-do-brasil-em-28-anos-de-tradicao\/\" \/>\n<meta property=\"og:locale\" content=\"pt_BR\" \/>\n<meta property=\"og:type\" content=\"article\" \/>\n<meta property=\"og:title\" content=\"A 25 km de Belo Horizonte: a cidade colonial com igreja barroca de talha dourada e a maior festa do ora-pro-n\u00f3bis do Brasil em 28 anos de tradi\u00e7\u00e3o - Estado de Minas - Em foco\" \/>\n<meta property=\"og:description\" content=\"Descubra a riqueza barroca e a tradi\u00e7\u00e3o culin\u00e1ria desta cidade colonial a 25 km de BH, sede da maior festa do ora-pro-n\u00f3bis.\" \/>\n<meta property=\"og:url\" content=\"https:\/\/www.em.com.br\/emfoco\/2026\/04\/27\/a-25-km-de-belo-horizonte-a-cidade-colonial-com-igreja-barroca-de-talha-dourada-e-a-maior-festa-do-ora-pro-nobis-do-brasil-em-28-anos-de-tradicao\/\" \/>\n<meta property=\"og:site_name\" content=\"Estado de Minas - Em foco\" \/>\n<meta property=\"article:published_time\" content=\"2026-04-27T22:55:00+00:00\" \/>\n<meta property=\"article:modified_time\" content=\"2026-04-26T00:01:43+00:00\" \/>\n<meta property=\"og:image\" content=\"https:\/\/www.em.com.br\/emfoco\/wp-content\/uploads\/2026\/04\/River_flowing_beside_202604252100.jpg\" \/>\n\t<meta property=\"og:image:width\" content=\"1280\" \/>\n\t<meta property=\"og:image:height\" content=\"720\" \/>\n\t<meta property=\"og:image:type\" content=\"image\/jpeg\" \/>\n<meta name=\"author\" content=\"Vitor Bruno\" \/>\n<meta name=\"twitter:card\" content=\"summary_large_image\" \/>\n<meta name=\"twitter:label1\" content=\"Escrito por\" \/>\n\t<meta name=\"twitter:data1\" content=\"Vitor Bruno\" \/>\n\t<meta name=\"twitter:label2\" content=\"Est. tempo de leitura\" \/>\n\t<meta name=\"twitter:data2\" content=\"8 minutos\" \/>\n<!-- \/ Yoast SEO plugin. -->","yoast_head_json":{"title":"A 25 km de Belo Horizonte: a cidade colonial com igreja barroca de talha dourada e a maior festa do ora-pro-n\u00f3bis do Brasil em 28 anos de tradi\u00e7\u00e3o - Estado de Minas - Em foco","description":"Descubra a riqueza barroca e a tradi\u00e7\u00e3o culin\u00e1ria desta cidade colonial a 25 km de BH, sede da maior festa do ora-pro-n\u00f3bis.","robots":{"index":"index","follow":"follow","max-snippet":"max-snippet:-1","max-image-preview":"max-image-preview:large","max-video-preview":"max-video-preview:-1"},"canonical":"https:\/\/www.em.com.br\/emfoco\/2026\/04\/27\/a-25-km-de-belo-horizonte-a-cidade-colonial-com-igreja-barroca-de-talha-dourada-e-a-maior-festa-do-ora-pro-nobis-do-brasil-em-28-anos-de-tradicao\/","og_locale":"pt_BR","og_type":"article","og_title":"A 25 km de Belo Horizonte: a cidade colonial com igreja barroca de talha dourada e a maior festa do ora-pro-n\u00f3bis do Brasil em 28 anos de tradi\u00e7\u00e3o - Estado de Minas - Em foco","og_description":"Descubra a riqueza barroca e a tradi\u00e7\u00e3o culin\u00e1ria desta cidade colonial a 25 km de BH, sede da maior festa do ora-pro-n\u00f3bis.","og_url":"https:\/\/www.em.com.br\/emfoco\/2026\/04\/27\/a-25-km-de-belo-horizonte-a-cidade-colonial-com-igreja-barroca-de-talha-dourada-e-a-maior-festa-do-ora-pro-nobis-do-brasil-em-28-anos-de-tradicao\/","og_site_name":"Estado de Minas - Em foco","article_published_time":"2026-04-27T22:55:00+00:00","article_modified_time":"2026-04-26T00:01:43+00:00","og_image":[{"width":1280,"height":720,"url":"https:\/\/www.em.com.br\/emfoco\/wp-content\/uploads\/2026\/04\/River_flowing_beside_202604252100.jpg","type":"image\/jpeg"}],"author":"Vitor Bruno","twitter_card":"summary_large_image","twitter_misc":{"Escrito por":"Vitor Bruno","Est. tempo de leitura":"8 minutos"},"schema":{"@context":"https:\/\/schema.org","@graph":[{"@type":"WebPage","@id":"https:\/\/www.em.com.br\/emfoco\/2026\/04\/27\/a-25-km-de-belo-horizonte-a-cidade-colonial-com-igreja-barroca-de-talha-dourada-e-a-maior-festa-do-ora-pro-nobis-do-brasil-em-28-anos-de-tradicao\/","url":"https:\/\/www.em.com.br\/emfoco\/2026\/04\/27\/a-25-km-de-belo-horizonte-a-cidade-colonial-com-igreja-barroca-de-talha-dourada-e-a-maior-festa-do-ora-pro-nobis-do-brasil-em-28-anos-de-tradicao\/","name":"A 25 km de Belo Horizonte: a cidade colonial com igreja barroca de talha dourada e a maior festa do ora-pro-n\u00f3bis do Brasil em 28 anos de tradi\u00e7\u00e3o - Estado de Minas - Em foco","isPartOf":{"@id":"https:\/\/www.em.com.br\/emfoco\/#website"},"primaryImageOfPage":{"@id":"https:\/\/www.em.com.br\/emfoco\/2026\/04\/27\/a-25-km-de-belo-horizonte-a-cidade-colonial-com-igreja-barroca-de-talha-dourada-e-a-maior-festa-do-ora-pro-nobis-do-brasil-em-28-anos-de-tradicao\/#primaryimage"},"image":{"@id":"https:\/\/www.em.com.br\/emfoco\/2026\/04\/27\/a-25-km-de-belo-horizonte-a-cidade-colonial-com-igreja-barroca-de-talha-dourada-e-a-maior-festa-do-ora-pro-nobis-do-brasil-em-28-anos-de-tradicao\/#primaryimage"},"thumbnailUrl":"https:\/\/www.em.com.br\/emfoco\/wp-content\/uploads\/2026\/04\/River_flowing_beside_202604252100.jpg","datePublished":"2026-04-27T22:55:00+00:00","dateModified":"2026-04-26T00:01:43+00:00","author":{"@id":"https:\/\/www.em.com.br\/emfoco\/#\/schema\/person\/364ac1852fafd00f1be20f0b8b237569"},"description":"Descubra a riqueza barroca e a tradi\u00e7\u00e3o culin\u00e1ria desta cidade colonial a 25 km de BH, sede da maior festa do ora-pro-n\u00f3bis.","breadcrumb":{"@id":"https:\/\/www.em.com.br\/emfoco\/2026\/04\/27\/a-25-km-de-belo-horizonte-a-cidade-colonial-com-igreja-barroca-de-talha-dourada-e-a-maior-festa-do-ora-pro-nobis-do-brasil-em-28-anos-de-tradicao\/#breadcrumb"},"inLanguage":"pt-BR","potentialAction":[{"@type":"ReadAction","target":["https:\/\/www.em.com.br\/emfoco\/2026\/04\/27\/a-25-km-de-belo-horizonte-a-cidade-colonial-com-igreja-barroca-de-talha-dourada-e-a-maior-festa-do-ora-pro-nobis-do-brasil-em-28-anos-de-tradicao\/"]}]},{"@type":"ImageObject","inLanguage":"pt-BR","@id":"https:\/\/www.em.com.br\/emfoco\/2026\/04\/27\/a-25-km-de-belo-horizonte-a-cidade-colonial-com-igreja-barroca-de-talha-dourada-e-a-maior-festa-do-ora-pro-nobis-do-brasil-em-28-anos-de-tradicao\/#primaryimage","url":"https:\/\/www.em.com.br\/emfoco\/wp-content\/uploads\/2026\/04\/River_flowing_beside_202604252100.jpg","contentUrl":"https:\/\/www.em.com.br\/emfoco\/wp-content\/uploads\/2026\/04\/River_flowing_beside_202604252100.jpg","width":1280,"height":720,"caption":"Sabar\u00e1 oferece o cen\u00e1rio de ruelas coloniais preservadas, integrando o patrim\u00f4nio hist\u00f3rico \u00e0 identidade gastron\u00f4mica do territ\u00f3rio mineiro \/\/ IMAGEM ILUSTRATIVA"},{"@type":"BreadcrumbList","@id":"https:\/\/www.em.com.br\/emfoco\/2026\/04\/27\/a-25-km-de-belo-horizonte-a-cidade-colonial-com-igreja-barroca-de-talha-dourada-e-a-maior-festa-do-ora-pro-nobis-do-brasil-em-28-anos-de-tradicao\/#breadcrumb","itemListElement":[{"@type":"ListItem","position":1,"name":"In\u00edcio","item":"https:\/\/www.em.com.br\/emfoco\/"},{"@type":"ListItem","position":2,"name":"A 25 km de Belo Horizonte: a cidade colonial com igreja barroca de talha dourada e a maior festa do ora-pro-n\u00f3bis do Brasil em 28 anos de tradi\u00e7\u00e3o"}]},{"@type":"WebSite","@id":"https:\/\/www.em.com.br\/emfoco\/#website","url":"https:\/\/www.em.com.br\/emfoco\/","name":"Estado de Minas - Em foco","description":"Acompanhe as \u00faltimas not\u00edcias e fique bem informado sobre tudo o que acontece em Minas Gerais, Brasil e no mundo.","potentialAction":[{"@type":"SearchAction","target":{"@type":"EntryPoint","urlTemplate":"https:\/\/www.em.com.br\/emfoco\/?s={search_term_string}"},"query-input":{"@type":"PropertyValueSpecification","valueRequired":true,"valueName":"search_term_string"}}],"inLanguage":"pt-BR"},{"@type":"Person","@id":"https:\/\/www.em.com.br\/emfoco\/#\/schema\/person\/364ac1852fafd00f1be20f0b8b237569","name":"Vitor Bruno","image":{"@type":"ImageObject","inLanguage":"pt-BR","@id":"https:\/\/www.em.com.br\/emfoco\/#\/schema\/person\/image\/","url":"https:\/\/secure.gravatar.com\/avatar\/b719e5cdede09f942064960883b5524d?s=96&d=mm&r=g","contentUrl":"https:\/\/secure.gravatar.com\/avatar\/b719e5cdede09f942064960883b5524d?s=96&d=mm&r=g","caption":"Vitor Bruno"},"sameAs":["https:\/\/www.em.com.br\/emfoco\/"],"url":"https:\/\/www.em.com.br\/emfoco\/author\/vitormyth\/"}]}},"_links":{"self":[{"href":"https:\/\/www.em.com.br\/emfoco\/wp-json\/wp\/v2\/posts\/198169","targetHints":{"allow":["GET"]}}],"collection":[{"href":"https:\/\/www.em.com.br\/emfoco\/wp-json\/wp\/v2\/posts"}],"about":[{"href":"https:\/\/www.em.com.br\/emfoco\/wp-json\/wp\/v2\/types\/post"}],"author":[{"embeddable":true,"href":"https:\/\/www.em.com.br\/emfoco\/wp-json\/wp\/v2\/users\/6"}],"replies":[{"embeddable":true,"href":"https:\/\/www.em.com.br\/emfoco\/wp-json\/wp\/v2\/comments?post=198169"}],"version-history":[{"count":2,"href":"https:\/\/www.em.com.br\/emfoco\/wp-json\/wp\/v2\/posts\/198169\/revisions"}],"predecessor-version":[{"id":199728,"href":"https:\/\/www.em.com.br\/emfoco\/wp-json\/wp\/v2\/posts\/198169\/revisions\/199728"}],"wp:featuredmedia":[{"embeddable":true,"href":"https:\/\/www.em.com.br\/emfoco\/wp-json\/wp\/v2\/media\/199729"}],"wp:attachment":[{"href":"https:\/\/www.em.com.br\/emfoco\/wp-json\/wp\/v2\/media?parent=198169"}],"wp:term":[{"taxonomy":"category","embeddable":true,"href":"https:\/\/www.em.com.br\/emfoco\/wp-json\/wp\/v2\/categories?post=198169"},{"taxonomy":"post_tag","embeddable":true,"href":"https:\/\/www.em.com.br\/emfoco\/wp-json\/wp\/v2\/tags?post=198169"}],"curies":[{"name":"wp","href":"https:\/\/api.w.org\/{rel}","templated":true}]}}