{"id":198166,"date":"2026-04-28T11:25:00","date_gmt":"2026-04-28T14:25:00","guid":{"rendered":"https:\/\/www.em.com.br\/emfoco\/?p=198166"},"modified":"2026-04-25T21:12:21","modified_gmt":"2026-04-26T00:12:21","slug":"a-ilha-sem-carros-e-sem-predios-por-perto-que-guarda-aguas-esmeralda-e-trilhas-incriveis","status":"publish","type":"post","link":"https:\/\/www.em.com.br\/emfoco\/2026\/04\/28\/a-ilha-sem-carros-e-sem-predios-por-perto-que-guarda-aguas-esmeralda-e-trilhas-incriveis\/","title":{"rendered":"A ilha sem carros e sem pr\u00e9dios por perto que guarda \u00e1guas esmeralda e trilhas incr\u00edveis"},"content":{"rendered":"\n<p>A 155 km do <strong>Rio de Janeiro<\/strong>, <strong>Ilha Grande<\/strong> guarda \u00e1guas esmeralda, trilhas abertas por ind\u00edgenas tamoios e as ru\u00ednas de uma das pris\u00f5es mais famosas do <strong>Brasil<\/strong>. Nenhum carro circula por seus 193 km\u00b2, e a mata atl\u00e2ntica cobre mais de 90% do territ\u00f3rio.<\/p>\n\n\n\n<h2 class=\"wp-block-heading\">Por que Ilha Grande virou Patrim\u00f4nio Mundial da Humanidade?<\/h2>\n\n\n\n<p>O reconhecimento veio em julho de 2019, quando o Comit\u00ea do Patrim\u00f4nio Mundial da <a href=\"https:\/\/whc.unesco.org\/en\/list\/1308\/\" target=\"_blank\" rel=\"noreferrer noopener\"><strong>UNESCO<\/strong><\/a>, reunido em Baku, inscreveu o s\u00edtio Paraty e Ilha Grande Cultura e Biodiversidade na lista mundial. Foi o primeiro bem brasileiro reconhecido como s\u00edtio misto, ou seja, de valor cultural e natural ao mesmo tempo.<\/p>\n\n\n\n<p>Segundo o <a href=\"http:\/\/portal.iphan.gov.br\/noticias\/detalhes\/5164\/paraty-e-ilha-grande-rj-ganham-titulo-de-patrimonio-mundial-da-unesco\" target=\"_blank\" rel=\"noreferrer noopener\"><strong>Instituto do Patrim\u00f4nio Hist\u00f3rico e Art\u00edstico Nacional (IPHAN)<\/strong><\/a>, a \u00e1rea protegida soma quase 149 mil hectares e forma o segundo maior remanescente florestal do bioma Mata Atl\u00e2ntica, com cerca de 85% da cobertura nativa preservada. Nenhum outro s\u00edtio misto da Am\u00e9rica Latina abriga uma cultura viva integrada ao ambiente natural.<\/p>\n\n\n<div class=\"wp-block-image\">\n<figure class=\"aligncenter size-large\"><img loading=\"lazy\" decoding=\"async\" width=\"1024\" height=\"576\" src=\"https:\/\/www.em.com.br\/emfoco\/wp-content\/uploads\/2025\/12\/Ilha-Grande-brazil_1761891121107-1024x576.jpg\" alt=\"O para\u00edso escondido no Rio de Janeiro, onde o mar \u00e9 cristalino e o tempo desacelera\" class=\"wp-image-134952\" srcset=\"https:\/\/www.em.com.br\/emfoco\/wp-content\/uploads\/2025\/12\/Ilha-Grande-brazil_1761891121107-1024x576.jpg 1024w, https:\/\/www.em.com.br\/emfoco\/wp-content\/uploads\/2025\/12\/Ilha-Grande-brazil_1761891121107-300x169.jpg 300w, https:\/\/www.em.com.br\/emfoco\/wp-content\/uploads\/2025\/12\/Ilha-Grande-brazil_1761891121107-768x432.jpg 768w, https:\/\/www.em.com.br\/emfoco\/wp-content\/uploads\/2025\/12\/Ilha-Grande-brazil_1761891121107-750x422.jpg 750w, https:\/\/www.em.com.br\/emfoco\/wp-content\/uploads\/2025\/12\/Ilha-Grande-brazil_1761891121107-1140x641.jpg 1140w, https:\/\/www.em.com.br\/emfoco\/wp-content\/uploads\/2025\/12\/Ilha-Grande-brazil_1761891121107.jpg 1280w\" sizes=\"auto, (max-width: 1024px) 100vw, 1024px\" \/><figcaption class=\"wp-element-caption\">Ilha Grande, no Rio de Janeiro, \u00e9 o destino dos sonhos para quem ama mar e aventura \/\/ Cr\u00e9ditos: depositphotos.com \/ hello@peterorsel.com<\/figcaption><\/figure><\/div>\n\n\n<h2 class=\"wp-block-heading\">Do ref\u00fagio de piratas ao c\u00e1rcere de Graciliano Ramos<\/h2>\n\n\n\n<p>Antes dos portugueses, os ind\u00edgenas tamoios chamavam o territ\u00f3rio de Ipaum Gua\u00e7u e abriram os caminhos que at\u00e9 hoje cortam a mata. Durante os s\u00e9culos XVI e XVIII, cors\u00e1rios europeus encontraram nas enseadas um ponto discreto para reabastecer seus navios com \u00e1gua doce e frutas.<\/p>\n\n\n\n<p>A virada do s\u00e9culo XIX trouxe um novo uso para a ilha. Em 1886, o governo imperial inaugurou o Lazareto, esta\u00e7\u00e3o de quarentena para imigrantes com doen\u00e7as contagiosas. Em 1903, veio a Col\u00f4nia Correcional de Dois Rios, que depois virou o Instituto Penal <strong>C\u00e2ndido Mendes<\/strong>. O escritor <strong>Graciliano Ramos<\/strong> foi enviado para l\u00e1 em 1936, acusado de comunismo, e imortalizou a experi\u00eancia em <strong>Mem\u00f3rias do C\u00e1rcere<\/strong>. O pres\u00eddio foi parcialmente implodido em abril de 1994, por ordem do governador <strong>Leonel Brizola<\/strong>, segundo o <a href=\"https:\/\/visite.angra.rj.gov.br\/ponto-turistico\/ruinas-do-presidio-candido-mendes\" target=\"_blank\" rel=\"noreferrer noopener\"><strong>portal de turismo de Angra dos Reis<\/strong><\/a>.<\/p>\n\n\n<div class=\"wp-block-image\">\n<figure class=\"aligncenter size-large\"><img loading=\"lazy\" decoding=\"async\" width=\"1024\" height=\"576\" src=\"https:\/\/www.em.com.br\/emfoco\/wp-content\/uploads\/2026\/01\/Ilha-Grande-brazil_1761891132996-1024x576.jpg\" alt=\"\" class=\"wp-image-149923\" srcset=\"https:\/\/www.em.com.br\/emfoco\/wp-content\/uploads\/2026\/01\/Ilha-Grande-brazil_1761891132996-1024x576.jpg 1024w, https:\/\/www.em.com.br\/emfoco\/wp-content\/uploads\/2026\/01\/Ilha-Grande-brazil_1761891132996-300x169.jpg 300w, https:\/\/www.em.com.br\/emfoco\/wp-content\/uploads\/2026\/01\/Ilha-Grande-brazil_1761891132996-768x432.jpg 768w, https:\/\/www.em.com.br\/emfoco\/wp-content\/uploads\/2026\/01\/Ilha-Grande-brazil_1761891132996-750x422.jpg 750w, https:\/\/www.em.com.br\/emfoco\/wp-content\/uploads\/2026\/01\/Ilha-Grande-brazil_1761891132996-1140x641.jpg 1140w, https:\/\/www.em.com.br\/emfoco\/wp-content\/uploads\/2026\/01\/Ilha-Grande-brazil_1761891132996.jpg 1280w\" sizes=\"auto, (max-width: 1024px) 100vw, 1024px\" \/><figcaption class=\"wp-element-caption\">Ilha Grande encanta com \u00e1guas cristalinas e natureza preservada \/\/ Cr\u00e9ditos: depositphotos.com \/ hello@peterorsel.com<\/figcaption><\/figure><\/div>\n\n\n<h2 class=\"wp-block-heading\">Quais praias merecem um dia inteiro na ilha?<\/h2>\n\n\n\n<p>Entre dezenas de enseadas espalhadas pelos dois lados da ilha, cinco se destacam pela combina\u00e7\u00e3o de acesso, beleza e preserva\u00e7\u00e3o. A maioria exige barco ou trilha, o que protege a paisagem de constru\u00e7\u00f5es.<\/p>\n\n\n\n<ul class=\"wp-block-list has-medium-font-size\">\n<li><strong>Lopes Mendes<\/strong>: cerca de 3 km de areia branca e fina, eleita pelos usu\u00e1rios do <strong>TripAdvisor<\/strong> como a 7\u00aa praia mais bonita do mundo em 2013. Acesso por barco at\u00e9 a Praia do Pouso e trilha T11 de 20 minutos.<\/li>\n\n\n\n<li><strong>Lagoa Azul<\/strong>: piscina natural entre ilhotas com \u00e1gua transparente, ponto cl\u00e1ssico de snorkel nos passeios de escuna saindo da <strong>Vila do Abra\u00e3o<\/strong>.<\/li>\n\n\n\n<li><strong>Praia de Dois Rios<\/strong>: vizinha das ru\u00ednas do pres\u00eddio, acessada por trilha de cerca de 8 km a partir do Abra\u00e3o. Abriga o <strong>Museu do C\u00e1rcere<\/strong> da <strong>Universidade do Estado do Rio de Janeiro (UERJ)<\/strong>.<\/li>\n\n\n\n<li><strong>Praia do Aventureiro<\/strong>: conhecida pelo coqueiro torto sobre o mar, fica dentro de uma Reserva de Desenvolvimento Sustent\u00e1vel e tem acesso por barco ou trilha longa.<\/li>\n\n\n\n<li><strong>Cachoeira da Feiticeira<\/strong>: queda-d&#8217;\u00e1gua de cerca de 15 metros em meio \u00e0 mata, conforme o <a href=\"http:\/\/parquesestaduais.inea.rj.gov.br\/inea\/peig_t.php\" target=\"_blank\" rel=\"noreferrer noopener\"><strong>Parque Estadual da Ilha Grande (PEIG)<\/strong><\/a>.<\/li>\n<\/ul>\n\n\n\n<p>Quem deseja conhecer um dos destinos mais seguros do <strong>Rio de Janeiro<\/strong>, vai curtir esse v\u00eddeo especialmente selecionado do canal <strong>Casal Alencar<\/strong>, que conta com mais de <strong>91 mil<\/strong> visualiza\u00e7\u00f5es, onde <strong>Bruna<\/strong> e <strong>Adriano Alencar<\/strong> mostram um roteiro econ\u00f4mico pela <strong>Ilha Grande<\/strong>, incluindo dicas de transporte, hospedagem e as belas praias de <strong>Angra dos Reis<\/strong>:<\/p>\n\n\n\n<figure class=\"wp-block-embed is-type-video is-provider-youtube wp-block-embed-youtube wp-embed-aspect-16-9 wp-has-aspect-ratio\"><div class=\"wp-block-embed__wrapper\">\n<div class=\"jeg_video_container jeg_video_content\"><iframe loading=\"lazy\" title=\"ILHA GRANDE RJ - ROTEIRO COMPLETO ECON\u00d4MICO!!!\" width=\"500\" height=\"281\" src=\"https:\/\/www.youtube.com\/embed\/Ox30KWyesUE?feature=oembed\" frameborder=\"0\" allow=\"accelerometer; autoplay; clipboard-write; encrypted-media; gyroscope; picture-in-picture; web-share\" referrerpolicy=\"strict-origin-when-cross-origin\" allowfullscreen><\/iframe><\/div>\n<\/div><\/figure>\n\n\n\n<h2 class=\"wp-block-heading\">Trilhas centen\u00e1rias no maior parque insular do Rio<\/h2>\n\n\n\n<p>O <strong>Parque Estadual da Ilha Grande<\/strong>, criado em 1971 e ampliado em 2007, ocupa 12.052 hectares e cobre 62,5% da ilha. \u00c9 o segundo maior parque insular do Brasil, administrado pelo <a href=\"http:\/\/www.inea.rj.gov.br\/biodiversidade-territorio\/conheca-as-unidades-de-conservacao\/parque-estadual-da-ilha-grande\/\" target=\"_blank\" rel=\"noreferrer noopener\"><strong>Instituto Estadual do Ambiente (INEA)<\/strong><\/a>, com mais de 80 km de trilhas sinalizadas.<\/p>\n\n\n\n<p>Os caminhos foram abertos originalmente pelos tamoios e preservados por gera\u00e7\u00f5es. A subida ao <strong>Pico do Papagaio<\/strong>, com 982 metros, entrega vista de 360 graus da ba\u00eda de <strong>Angra dos Reis<\/strong> e exige condicionamento f\u00edsico. Em dias claros, d\u00e1 para enxergar a <strong>Pedra da G\u00e1vea<\/strong>, do outro lado da ba\u00eda. A ilha ainda guarda esp\u00e9cies raras: em novembro de 2022, uma on\u00e7a-parda foi flagrada pela primeira vez dentro do parque, segundo a <a href=\"https:\/\/www.rj.gov.br\/seas\/node\/486\" target=\"_blank\" rel=\"noreferrer noopener\"><strong>Secretaria de Ambiente e Sustentabilidade do Rio de Janeiro<\/strong><\/a>.<\/p>\n\n\n\n<p><strong>Leia tamb\u00e9m: <a href=\"https:\/\/www.em.com.br\/emfoco\/2026\/04\/11\/capital-nacional-do-morango-cidade-a-poucos-minutos-da-capital-esta-conquistando-os-brasileiros-com-qualidade-de-vida-e-tranquilidade\/\" target=\"_blank\" rel=\"noreferrer noopener\">Capital Nacional do Morango: uma cidade a poucos minutos da capital est\u00e1 conquistando os brasileiros com qualidade de vida e tranquilidade<\/a><\/strong><\/p>\n\n\n\n<h2 class=\"wp-block-heading\">Quando visitar a maior ilha do Rio de Janeiro?<\/h2>\n\n\n\n<p>A melhor \u00e9poca depende do que se busca: o inverno seco favorece trilhas e mergulhos, enquanto o ver\u00e3o traz praias cheias e chuvas frequentes. O clima \u00e9 tropical \u00famido, sem esta\u00e7\u00e3o seca bem definida.<\/p>\n\n\n\n<style>\n    .clima-grid-em129 { \n        --cor-primaria: #1a2a57; --cor-secundaria: #1a2a57; --cor-txt-secundaria: #ffffff;\n        display: grid; grid-template-columns: repeat(auto-fit, minmax(190px, 1fr)); gap: 15px; justify-content: center; padding: 10px;\n    }\n    .clima-card-em129 { border: 5px solid var(--cor-primaria); border-top: 5px solid var(--cor-secundaria); border-radius: 12px; background-color: var(--cor-primaria); background-clip: padding-box; display: flex; flex-direction: column; overflow: hidden; cursor: pointer; box-shadow: 0 6px 12px rgba(0,0,0, 0.2); transition: transform 0.2s ease, box-shadow 0.2s ease; -webkit-tap-highlight-color: transparent; user-select: none; transform: translateZ(0); animation: wmFadeIn 0.6s cubic-bezier(0.2, 0.8, 0.2, 1) backwards; }\n    .clima-card-em129:focus-visible { outline: 3px dashed var(--cor-secundaria); outline-offset: 4px; }\n    .clima-card-em129:nth-child(1) { animation-delay: 0.1s; } .clima-card-em129:nth-child(2) { animation-delay: 0.2s; } .clima-card-em129:nth-child(3) { animation-delay: 0.3s; } .clima-card-em129:nth-child(4) { animation-delay: 0.4s; }\n    @keyframes wmFadeIn { from { opacity: 0; transform: translateY(30px); } to { opacity: 1; transform: translateY(0); } }\n    .clima-card-em129:hover { transform: translateY(-5px); box-shadow: 0 15px 30px rgba(0,0,0, 0.3); }\n    .clima-card-em129:active { transform: translateY(-1px) scale(0.97); box-shadow: 0 3px 6px rgba(0,0,0, 0.2); transition: transform 0.05s ease, box-shadow 0.05s ease; }\n    .clima-header-em129 { background: #fdfbf5; padding: 15px 10px; text-align: center; display: flex; flex-direction: column; align-items: center; justify-content: center; }\n    .clima-body-em129 { background: #ffffff; padding: 15px; display: flex; flex-direction: column; flex-grow: 1; align-items: center; }\n    .clima-destaque-em129 { box-shadow: 0 8px 16px rgba(0,0,0, 0.25); }\n    .clima-destaque-em129:hover { box-shadow: 0 18px 36px rgba(0,0,0, 0.35); }\n    .clima-destaque-em129 .clima-header-em129 { background: var(--cor-secundaria); }\n    .clima-destaque-em129 .clima-header-em129 .clima-titulo-em129 { color: var(--cor-txt-secundaria) !important; } \n    .clima-pill-em129 { display: flex; white-space: normal; max-width: 100%; box-sizing: border-box; justify-content: center; align-items: center; text-align: center; background: #e8ebf2; color: var(--cor-primaria); font-size: 11px; font-weight: 900 !important; letter-spacing: 0.5px; padding: 8px 16px; border-radius: 16px; text-transform: uppercase; line-height: 1.4; box-shadow: 0 4px 8px rgba(0,0,0, 0.15); margin-top: auto; transition: transform 0.2s ease; }\n    .clima-destaque-em129 .clima-pill-em129 { background: var(--cor-primaria); color: #ffffff; border: 1px solid #ffffff; } \n    .clima-card-em129:hover .clima-pill-em129 { transform: scale(1.06); }\n    .clima-pill-em129 span { font-weight: 900 !important; color: inherit; } \n    .clima-emoji-em129 { font-size: 24px; line-height: 1; margin-bottom: 5px; }\n    .clima-titulo-em129 { color: var(--cor-primaria); font-size: 16px; text-transform: uppercase; margin-top: 5px; font-weight: bold; }\n    .clima-mes-em129 { font-size: 11px; font-weight: 800; color: var(--cor-primaria); text-transform: uppercase; margin-bottom: 5px; display: block; }\n    .clima-temp-em129 { font-size: 26px; font-weight: 900; color: var(--cor-primaria); margin-bottom: 10px; }\n    .clima-desc-em129 { font-size: 13px; color: #444; text-align: center; line-height: 1.5; margin-bottom: 15px; flex-grow: 1;}\n    .clima-desc-em129 strong { color: #111; }\n    @media (prefers-color-scheme: dark) {\n        .clima-card-em129 { border-color: #2b4182; background-color: #2b4182; box-shadow: 0 6px 12px rgba(0,0,0, 0.5); }\n        .clima-header-em129 { background: #1a1a1a; } .clima-body-em129 { background: #121212; }\n        .clima-destaque-em129 .clima-header-em129 { background: var(--cor-secundaria); }\n        .clima-destaque-em129 .clima-header-em129 .clima-titulo-em129 { color: var(--cor-txt-secundaria) !important; }\n        .clima-titulo-em129 { color: #8da5e8; } .clima-mes-em129 { color: #8da5e8; } .clima-temp-em129 { color: #8da5e8; } .clima-desc-em129 { color: #cccccc; } .clima-desc-em129 strong { color: #ffffff; }\n        .clima-pill-em129 { background: #2b4182; color: #ffffff; box-shadow: 0 4px 8px rgba(0, 0, 0, 0.5); }\n        .clima-destaque-em129 .clima-pill-em129 { background: #3b55a0; color: #ffffff; border-color: #8da5e8; }\n    }\n<\/style>\n<div class=\"google-auto-ads-ignore clima-grid-em129\" style=\"box-sizing: border-box; width: 100%; max-width: 980px; margin: 30px auto; font-family: 'Segoe UI', Roboto, Helvetica, Arial, sans-serif;\">\n    <div class=\"clima-card-em129\" tabindex=\"0\">\n        <div class=\"clima-header-em129\"><div class=\"clima-emoji-em129\" aria-hidden=\"true\">\u26f5<\/div><div class=\"clima-titulo-em129\">Ver\u00e3o<\/div><\/div>\n        <div class=\"clima-body-em129\">\n            <time class=\"clima-mes-em129\">Dezembro a fevereiro<\/time><div class=\"clima-temp-em129\">23\u00b0C a 32\u00b0C<\/div>\n            <div class=\"clima-desc-em129\">Alta temporada! As chuvas s\u00e3o mais frequentes no clima tropical \u00famido, mas \u00e9 a fase mais concorrida para as <strong>praias cheias e passeios de barco<\/strong>.<\/div>\n            <div class=\"clima-pill-em129\"><span>\u2614 Chuva Alta<\/span><\/div>\n        <\/div>\n    <\/div>\n    <div class=\"clima-card-em129\" tabindex=\"0\">\n        <div class=\"clima-header-em129\"><div class=\"clima-emoji-em129\" aria-hidden=\"true\">\ud83e\udd7e<\/div><div class=\"clima-titulo-em129\">Outono<\/div><\/div>\n        <div class=\"clima-body-em129\">\n            <time class=\"clima-mes-em129\">Mar\u00e7o a maio<\/time><div class=\"clima-temp-em129\">20\u00b0C a 28\u00b0C<\/div>\n            <div class=\"clima-desc-em129\">A transi\u00e7\u00e3o clim\u00e1tica garante dias mais pac\u00edficos. Excelente para quem busca paz, pois permite explorar as vastas <strong>trilhas com muito menos turistas<\/strong>.<\/div>\n            <div class=\"clima-pill-em129\"><span>\u2601\ufe0f Chuva M\u00e9dia<\/span><\/div>\n        <\/div>\n    <\/div>\n    <div class=\"clima-card-em129 clima-destaque-em129\" tabindex=\"0\">\n        <div class=\"clima-header-em129\"><div class=\"clima-emoji-em129\" aria-hidden=\"true\">\ud83e\udd3f<\/div><div class=\"clima-titulo-em129\">Inverno<\/div><\/div>\n        <div class=\"clima-body-em129\">\n            <time class=\"clima-mes-em129\">Junho a agosto<\/time><div class=\"clima-temp-em129\">17\u00b0C a 25\u00b0C<\/div>\n            <div class=\"clima-desc-em129\">A grande janela do ecoturismo. A baixa precipita\u00e7\u00e3o clareia a \u00e1gua do mar e garante o c\u00e9u aberto perfeito para o <strong>mergulho e para visitar os mirantes<\/strong>.<\/div>\n            <div class=\"clima-pill-em129\"><span>\u2b50 Melhor \u00c9poca \/ Mergulho<\/span><\/div>\n        <\/div>\n    <\/div>\n    <div class=\"clima-card-em129\" tabindex=\"0\">\n        <div class=\"clima-header-em129\"><div class=\"clima-emoji-em129\" aria-hidden=\"true\">\ud83d\udca6<\/div><div class=\"clima-titulo-em129\">Primavera<\/div><\/div>\n        <div class=\"clima-body-em129\">\n            <time class=\"clima-mes-em129\">Setembro a novembro<\/time><div class=\"clima-temp-em129\">20\u00b0C a 29\u00b0C<\/div>\n            <div class=\"clima-desc-em129\">As temperaturas sobem progressivamente, deixando a \u00e1gua mais convidativa. A \u00e9poca ganha f\u00f4lego com as bel\u00edssimas <strong>lagoas e as in\u00fameras enseadas<\/strong>.<\/div>\n            <div class=\"clima-pill-em129\"><span>\u2601\ufe0f Chuva M\u00e9dia<\/span><\/div>\n        <\/div>\n    <\/div>\n<\/div>\n\n\n\n<p><em>Temperaturas aproximadas com base no <a href=\"https:\/\/www.climatempo.com.br\/previsao-do-tempo\/cidade\/769\/angradosreis-rj\" target=\"_blank\" rel=\"noreferrer noopener\"><strong>Climatempo<\/strong><\/a>. Condi\u00e7\u00f5es podem variar.<\/em><\/p>\n\n\n\n<h2 class=\"wp-block-heading\">Como chegar \u00e0 ilha sem estradas nem aeroporto?<\/h2>\n\n\n\n<p>O acesso \u00e9 exclusivamente por barco, porque nenhuma estrada cruza o territ\u00f3rio insular. A partir do continente, tr\u00eas portos fazem a travessia di\u00e1ria at\u00e9 a Vila do Abra\u00e3o: <strong>Mangaratiba<\/strong>, <strong>Concei\u00e7\u00e3o de Jacare\u00ed<\/strong> e o cais de Angra dos Reis.<\/p>\n\n\n\n<p>De carro, Angra fica a 155 km do Rio de Janeiro pela <strong>BR-101<\/strong> (Rio-Santos), cerca de 2h30 de viagem. A travessia de barca at\u00e9 o Abra\u00e3o dura entre 20 minutos e 1h30, a depender do ponto de partida e da embarca\u00e7\u00e3o, segundo o <a href=\"https:\/\/visite.angra.rj.gov.br\/ilha-grande\" target=\"_blank\" rel=\"noreferrer noopener\"><strong>portal de turismo de Angra dos Reis<\/strong><\/a>.<\/p>\n\n\n\n<h2 class=\"wp-block-heading\">Atravesse a ba\u00eda e descubra a ilha que o tempo preservou<\/h2>\n\n\n\n<p>Ilha Grande \u00e9 um dos poucos lugares do litoral brasileiro onde a mata venceu o concreto e a hist\u00f3ria segue escrita em ru\u00ednas cobertas de verde. A combina\u00e7\u00e3o de trilhas ind\u00edgenas, praias oce\u00e2nicas e patrim\u00f4nio mundial faz do lugar um destino raro no <strong>Sudeste<\/strong>.<\/p>\n\n\n\n<p>Voc\u00ea precisa atravessar a ba\u00eda de Angra dos Reis, pisar na areia do Abra\u00e3o e entender por que essa ilha sem carros e sem pressa continua encantando quem chega.<\/p>\n","protected":false},"excerpt":{"rendered":"<p>A 155 km do Rio de Janeiro, Ilha Grande guarda \u00e1guas esmeralda, trilhas abertas por ind\u00edgenas tamoios e as ru\u00ednas de uma das pris\u00f5es mais famosas do Brasil. Nenhum carro circula por seus 193 km\u00b2, e a mata atl\u00e2ntica cobre mais de 90% do territ\u00f3rio. Por que Ilha Grande virou Patrim\u00f4nio Mundial da Humanidade? O [&hellip;]<\/p>\n","protected":false},"author":6,"featured_media":199735,"comment_status":"open","ping_status":"open","sticky":false,"template":"","format":"standard","meta":{"jnews-multi-image_gallery":[],"jnews_single_post":{"format":"standard"},"jnews_primary_category":[],"jnews_social_meta":[],"jnews_override_counter":[],"footnotes":""},"categories":[26],"tags":[183,16053,151],"class_list":["post-198166","post","type-post","status-publish","format-standard","has-post-thumbnail","hentry","category-cidades","tag-cidades","tag-ilha-grande","tag-rio-de-janeiro"],"yoast_head":"<!-- This site is optimized with the Yoast SEO plugin v23.8 - https:\/\/yoast.com\/wordpress\/plugins\/seo\/ -->\n<title>A ilha sem carros e sem pr\u00e9dios por perto que guarda \u00e1guas esmeralda e trilhas incr\u00edveis - Estado de Minas - Em foco<\/title>\n<meta name=\"description\" content=\"Esta ilha paradis\u00edaca pro\u00edbe carros e pr\u00e9dios, preservando \u00e1guas esmeralda e trilhas em meio \u00e0 natureza. Conhe\u00e7a esse ref\u00fagio.\" \/>\n<meta name=\"robots\" content=\"index, follow, max-snippet:-1, max-image-preview:large, max-video-preview:-1\" \/>\n<link rel=\"canonical\" href=\"https:\/\/www.em.com.br\/emfoco\/2026\/04\/28\/a-ilha-sem-carros-e-sem-predios-por-perto-que-guarda-aguas-esmeralda-e-trilhas-incriveis\/\" \/>\n<meta property=\"og:locale\" content=\"pt_BR\" \/>\n<meta property=\"og:type\" content=\"article\" \/>\n<meta property=\"og:title\" content=\"A ilha sem carros e sem pr\u00e9dios por perto que guarda \u00e1guas esmeralda e trilhas incr\u00edveis - Estado de Minas - Em foco\" \/>\n<meta property=\"og:description\" content=\"Esta ilha paradis\u00edaca pro\u00edbe carros e pr\u00e9dios, preservando \u00e1guas esmeralda e trilhas em meio \u00e0 natureza. Conhe\u00e7a esse ref\u00fagio.\" \/>\n<meta property=\"og:url\" content=\"https:\/\/www.em.com.br\/emfoco\/2026\/04\/28\/a-ilha-sem-carros-e-sem-predios-por-perto-que-guarda-aguas-esmeralda-e-trilhas-incriveis\/\" \/>\n<meta property=\"og:site_name\" content=\"Estado de Minas - Em foco\" \/>\n<meta property=\"article:published_time\" content=\"2026-04-28T14:25:00+00:00\" \/>\n<meta property=\"article:modified_time\" content=\"2026-04-26T00:12:21+00:00\" \/>\n<meta property=\"og:image\" content=\"https:\/\/www.em.com.br\/emfoco\/wp-content\/uploads\/2026\/04\/ngz-freepik_a-cinematic-splitlevel-tr_2865537058-90431.webp\" \/>\n\t<meta property=\"og:image:width\" content=\"1280\" \/>\n\t<meta property=\"og:image:height\" content=\"720\" \/>\n\t<meta property=\"og:image:type\" content=\"image\/webp\" \/>\n<meta name=\"author\" content=\"Vitor Bruno\" \/>\n<meta name=\"twitter:card\" content=\"summary_large_image\" \/>\n<meta name=\"twitter:label1\" content=\"Escrito por\" \/>\n\t<meta name=\"twitter:data1\" content=\"Vitor Bruno\" \/>\n\t<meta name=\"twitter:label2\" content=\"Est. tempo de leitura\" \/>\n\t<meta name=\"twitter:data2\" content=\"7 minutos\" \/>\n<!-- \/ Yoast SEO plugin. -->","yoast_head_json":{"title":"A ilha sem carros e sem pr\u00e9dios por perto que guarda \u00e1guas esmeralda e trilhas incr\u00edveis - Estado de Minas - Em foco","description":"Esta ilha paradis\u00edaca pro\u00edbe carros e pr\u00e9dios, preservando \u00e1guas esmeralda e trilhas em meio \u00e0 natureza. Conhe\u00e7a esse ref\u00fagio.","robots":{"index":"index","follow":"follow","max-snippet":"max-snippet:-1","max-image-preview":"max-image-preview:large","max-video-preview":"max-video-preview:-1"},"canonical":"https:\/\/www.em.com.br\/emfoco\/2026\/04\/28\/a-ilha-sem-carros-e-sem-predios-por-perto-que-guarda-aguas-esmeralda-e-trilhas-incriveis\/","og_locale":"pt_BR","og_type":"article","og_title":"A ilha sem carros e sem pr\u00e9dios por perto que guarda \u00e1guas esmeralda e trilhas incr\u00edveis - Estado de Minas - Em foco","og_description":"Esta ilha paradis\u00edaca pro\u00edbe carros e pr\u00e9dios, preservando \u00e1guas esmeralda e trilhas em meio \u00e0 natureza. Conhe\u00e7a esse ref\u00fagio.","og_url":"https:\/\/www.em.com.br\/emfoco\/2026\/04\/28\/a-ilha-sem-carros-e-sem-predios-por-perto-que-guarda-aguas-esmeralda-e-trilhas-incriveis\/","og_site_name":"Estado de Minas - Em foco","article_published_time":"2026-04-28T14:25:00+00:00","article_modified_time":"2026-04-26T00:12:21+00:00","og_image":[{"width":1280,"height":720,"url":"https:\/\/www.em.com.br\/emfoco\/wp-content\/uploads\/2026\/04\/ngz-freepik_a-cinematic-splitlevel-tr_2865537058-90431.webp","type":"image\/webp"}],"author":"Vitor Bruno","twitter_card":"summary_large_image","twitter_misc":{"Escrito por":"Vitor Bruno","Est. tempo de leitura":"7 minutos"},"schema":{"@context":"https:\/\/schema.org","@graph":[{"@type":"WebPage","@id":"https:\/\/www.em.com.br\/emfoco\/2026\/04\/28\/a-ilha-sem-carros-e-sem-predios-por-perto-que-guarda-aguas-esmeralda-e-trilhas-incriveis\/","url":"https:\/\/www.em.com.br\/emfoco\/2026\/04\/28\/a-ilha-sem-carros-e-sem-predios-por-perto-que-guarda-aguas-esmeralda-e-trilhas-incriveis\/","name":"A ilha sem carros e sem pr\u00e9dios por perto que guarda \u00e1guas esmeralda e trilhas incr\u00edveis - Estado de Minas - Em foco","isPartOf":{"@id":"https:\/\/www.em.com.br\/emfoco\/#website"},"primaryImageOfPage":{"@id":"https:\/\/www.em.com.br\/emfoco\/2026\/04\/28\/a-ilha-sem-carros-e-sem-predios-por-perto-que-guarda-aguas-esmeralda-e-trilhas-incriveis\/#primaryimage"},"image":{"@id":"https:\/\/www.em.com.br\/emfoco\/2026\/04\/28\/a-ilha-sem-carros-e-sem-predios-por-perto-que-guarda-aguas-esmeralda-e-trilhas-incriveis\/#primaryimage"},"thumbnailUrl":"https:\/\/www.em.com.br\/emfoco\/wp-content\/uploads\/2026\/04\/ngz-freepik_a-cinematic-splitlevel-tr_2865537058-90431.webp","datePublished":"2026-04-28T14:25:00+00:00","dateModified":"2026-04-26T00:12:21+00:00","author":{"@id":"https:\/\/www.em.com.br\/emfoco\/#\/schema\/person\/364ac1852fafd00f1be20f0b8b237569"},"description":"Esta ilha paradis\u00edaca pro\u00edbe carros e pr\u00e9dios, preservando \u00e1guas esmeralda e trilhas em meio \u00e0 natureza. Conhe\u00e7a esse ref\u00fagio.","breadcrumb":{"@id":"https:\/\/www.em.com.br\/emfoco\/2026\/04\/28\/a-ilha-sem-carros-e-sem-predios-por-perto-que-guarda-aguas-esmeralda-e-trilhas-incriveis\/#breadcrumb"},"inLanguage":"pt-BR","potentialAction":[{"@type":"ReadAction","target":["https:\/\/www.em.com.br\/emfoco\/2026\/04\/28\/a-ilha-sem-carros-e-sem-predios-por-perto-que-guarda-aguas-esmeralda-e-trilhas-incriveis\/"]}]},{"@type":"ImageObject","inLanguage":"pt-BR","@id":"https:\/\/www.em.com.br\/emfoco\/2026\/04\/28\/a-ilha-sem-carros-e-sem-predios-por-perto-que-guarda-aguas-esmeralda-e-trilhas-incriveis\/#primaryimage","url":"https:\/\/www.em.com.br\/emfoco\/wp-content\/uploads\/2026\/04\/ngz-freepik_a-cinematic-splitlevel-tr_2865537058-90431.webp","contentUrl":"https:\/\/www.em.com.br\/emfoco\/wp-content\/uploads\/2026\/04\/ngz-freepik_a-cinematic-splitlevel-tr_2865537058-90431.webp","width":1280,"height":720,"caption":"A ilha sem carros e sem pr\u00e9dios por perto que guarda \u00e1guas esmeralda e trilhas incr\u00edveis \/\/ IMAGEM ILUSTRATIVA"},{"@type":"BreadcrumbList","@id":"https:\/\/www.em.com.br\/emfoco\/2026\/04\/28\/a-ilha-sem-carros-e-sem-predios-por-perto-que-guarda-aguas-esmeralda-e-trilhas-incriveis\/#breadcrumb","itemListElement":[{"@type":"ListItem","position":1,"name":"In\u00edcio","item":"https:\/\/www.em.com.br\/emfoco\/"},{"@type":"ListItem","position":2,"name":"A ilha sem carros e sem pr\u00e9dios por perto que guarda \u00e1guas esmeralda e trilhas incr\u00edveis"}]},{"@type":"WebSite","@id":"https:\/\/www.em.com.br\/emfoco\/#website","url":"https:\/\/www.em.com.br\/emfoco\/","name":"Estado de Minas - Em foco","description":"Acompanhe as \u00faltimas not\u00edcias e fique bem informado sobre tudo o que acontece em Minas Gerais, Brasil e no mundo.","potentialAction":[{"@type":"SearchAction","target":{"@type":"EntryPoint","urlTemplate":"https:\/\/www.em.com.br\/emfoco\/?s={search_term_string}"},"query-input":{"@type":"PropertyValueSpecification","valueRequired":true,"valueName":"search_term_string"}}],"inLanguage":"pt-BR"},{"@type":"Person","@id":"https:\/\/www.em.com.br\/emfoco\/#\/schema\/person\/364ac1852fafd00f1be20f0b8b237569","name":"Vitor Bruno","image":{"@type":"ImageObject","inLanguage":"pt-BR","@id":"https:\/\/www.em.com.br\/emfoco\/#\/schema\/person\/image\/","url":"https:\/\/secure.gravatar.com\/avatar\/b719e5cdede09f942064960883b5524d?s=96&d=mm&r=g","contentUrl":"https:\/\/secure.gravatar.com\/avatar\/b719e5cdede09f942064960883b5524d?s=96&d=mm&r=g","caption":"Vitor Bruno"},"sameAs":["https:\/\/www.em.com.br\/emfoco\/"],"url":"https:\/\/www.em.com.br\/emfoco\/author\/vitormyth\/"}]}},"_links":{"self":[{"href":"https:\/\/www.em.com.br\/emfoco\/wp-json\/wp\/v2\/posts\/198166","targetHints":{"allow":["GET"]}}],"collection":[{"href":"https:\/\/www.em.com.br\/emfoco\/wp-json\/wp\/v2\/posts"}],"about":[{"href":"https:\/\/www.em.com.br\/emfoco\/wp-json\/wp\/v2\/types\/post"}],"author":[{"embeddable":true,"href":"https:\/\/www.em.com.br\/emfoco\/wp-json\/wp\/v2\/users\/6"}],"replies":[{"embeddable":true,"href":"https:\/\/www.em.com.br\/emfoco\/wp-json\/wp\/v2\/comments?post=198166"}],"version-history":[{"count":3,"href":"https:\/\/www.em.com.br\/emfoco\/wp-json\/wp\/v2\/posts\/198166\/revisions"}],"predecessor-version":[{"id":199736,"href":"https:\/\/www.em.com.br\/emfoco\/wp-json\/wp\/v2\/posts\/198166\/revisions\/199736"}],"wp:featuredmedia":[{"embeddable":true,"href":"https:\/\/www.em.com.br\/emfoco\/wp-json\/wp\/v2\/media\/199735"}],"wp:attachment":[{"href":"https:\/\/www.em.com.br\/emfoco\/wp-json\/wp\/v2\/media?parent=198166"}],"wp:term":[{"taxonomy":"category","embeddable":true,"href":"https:\/\/www.em.com.br\/emfoco\/wp-json\/wp\/v2\/categories?post=198166"},{"taxonomy":"post_tag","embeddable":true,"href":"https:\/\/www.em.com.br\/emfoco\/wp-json\/wp\/v2\/tags?post=198166"}],"curies":[{"name":"wp","href":"https:\/\/api.w.org\/{rel}","templated":true}]}}