{"id":198163,"date":"2026-04-24T15:05:00","date_gmt":"2026-04-24T18:05:00","guid":{"rendered":"https:\/\/www.em.com.br\/emfoco\/?p=198163"},"modified":"2026-04-24T16:01:26","modified_gmt":"2026-04-24T19:01:26","slug":"a-210-km-da-capital-o-vilarejo-de-5-mil-moradores-com-100-cachoeiras-onde-o-rio-divide-duas-margens-em-estados-diferentes","status":"publish","type":"post","link":"https:\/\/www.em.com.br\/emfoco\/2026\/04\/24\/a-210-km-da-capital-o-vilarejo-de-5-mil-moradores-com-100-cachoeiras-onde-o-rio-divide-duas-margens-em-estados-diferentes\/","title":{"rendered":"A 210 km da capital, o vilarejo de 5 mil moradores com 100 cachoeiras, onde o rio divide duas margens em estados diferentes"},"content":{"rendered":"\n<p>No alto da <strong>Serra da Mantiqueira<\/strong>, a cerca de 1.400 metros de altitude, <strong>Visconde de Mau\u00e1<\/strong> re\u00fane tr\u00eas vilas em uma regi\u00e3o colada ao <strong>Parque Nacional de Itatiaia<\/strong>, o primeiro do Brasil. O inverno chega a -2\u00b0C em pleno estado do <strong>Rio de Janeiro<\/strong> e a margem esquerda do Rio Preto fica em <strong>Minas Gerais<\/strong>.<\/p>\n\n\n\n<h2 class=\"wp-block-heading\">Por que Visconde de Mau\u00e1 surpreende quem s\u00f3 conhece as praias do Rio?<\/h2>\n\n\n\n<p>A resposta est\u00e1 na geografia e na altitude. A regi\u00e3o n\u00e3o forma um munic\u00edpio, mas sim um distrito rural administrado por tr\u00eas prefeituras diferentes, como explica o portal <a href=\"https:\/\/www.viscondedemaua.com.br\/as-3-vilas-de-visconde-de-maua\/\" target=\"_blank\" rel=\"noreferrer noopener\"><strong>Visconde de Mau\u00e1 Turismo<\/strong><\/a>: <strong>Resende<\/strong> (RJ), <strong>Itatiaia<\/strong> (RJ) e <strong>Bocaina de Minas<\/strong> (MG).<\/p>\n\n\n\n<p>O cen\u00e1rio \u00e9 de montanhas, arauc\u00e1rias e rios gelados. A regi\u00e3o tem cerca de 5 mil habitantes, conforme a <a href=\"https:\/\/pt.wikipedia.org\/wiki\/Visconde_de_Mau%C3%A1_(Resende)\" target=\"_blank\" rel=\"noreferrer noopener\"><strong>Wikip\u00e9dia<\/strong><\/a>, e re\u00fane mais de 100 cachoeiras e 150 op\u00e7\u00f5es de hospedagem, o que torna o turismo a principal atividade econ\u00f4mica local. O clima tropical de altitude produz invernos secos e frios, com temperaturas que chegam a -2\u00b0C, e ver\u00f5es amenos que n\u00e3o passam de 27\u00b0C.<\/p>\n\n\n\n<p>A curiosidade geogr\u00e1fica mais marcante acontece na Vila de Maring\u00e1, onde o <strong>Rio Preto<\/strong> funciona como divisa natural entre <strong>Rio de Janeiro<\/strong> e <strong>Minas Gerais<\/strong>. Uma margem est\u00e1 em territ\u00f3rio fluminense, a outra j\u00e1 pertence ao estado vizinho. A travessia entre os dois estados \u00e9 feita a p\u00e9 pela Ponte Tia Sofia, estrutura de pedestres que liga os dois lados do centrinho comercial.<\/p>\n\n\n<div class=\"wp-block-image\">\n<figure class=\"aligncenter size-large\"><img loading=\"lazy\" decoding=\"async\" width=\"1024\" height=\"576\" src=\"https:\/\/www.em.com.br\/emfoco\/wp-content\/uploads\/2026\/03\/ngz-Centro_comercial_em_Visconde_de_Maua-78941-1024x576.webp\" alt=\"A 210 km da capital, o vilarejo de 5 mil moradores com 100 cachoeiras, onde o rio divide duas margens em estados diferentes\" class=\"wp-image-183151\" srcset=\"https:\/\/www.em.com.br\/emfoco\/wp-content\/uploads\/2026\/03\/ngz-Centro_comercial_em_Visconde_de_Maua-78941-1024x576.webp 1024w, https:\/\/www.em.com.br\/emfoco\/wp-content\/uploads\/2026\/03\/ngz-Centro_comercial_em_Visconde_de_Maua-78941-300x169.webp 300w, https:\/\/www.em.com.br\/emfoco\/wp-content\/uploads\/2026\/03\/ngz-Centro_comercial_em_Visconde_de_Maua-78941-768x432.webp 768w, https:\/\/www.em.com.br\/emfoco\/wp-content\/uploads\/2026\/03\/ngz-Centro_comercial_em_Visconde_de_Maua-78941-750x422.webp 750w, https:\/\/www.em.com.br\/emfoco\/wp-content\/uploads\/2026\/03\/ngz-Centro_comercial_em_Visconde_de_Maua-78941-1140x641.webp 1140w, https:\/\/www.em.com.br\/emfoco\/wp-content\/uploads\/2026\/03\/ngz-Centro_comercial_em_Visconde_de_Maua-78941.webp 1280w\" sizes=\"auto, (max-width: 1024px) 100vw, 1024px\" \/><figcaption class=\"wp-element-caption\">Visconde de Mau\u00e1 desafia tudo o que se espera do estado do Rio de Janeiro \/\/ Cr\u00e9ditos: Wikipedia \/ Wikimedia Commons<\/figcaption><\/figure><\/div>\n\n\n<h2 class=\"wp-block-heading\">Uma \u00e1rea que pertenceu ao pr\u00f3prio Visconde de Mau\u00e1<\/h2>\n\n\n\n<p>O nome do distrito n\u00e3o \u00e9 coincid\u00eancia. As terras da regi\u00e3o pertenceram originalmente ao <strong>Visconde de Mau\u00e1<\/strong>, Irineu Evangelista de Sousa, e foram adquiridas pela Fazenda Federal em 1908 para a cria\u00e7\u00e3o de n\u00facleos coloniais destinados ao cultivo de frutas. Segundo a <a href=\"https:\/\/pt.wikipedia.org\/wiki\/Parque_Nacional_do_Itatiaia\" target=\"_blank\" rel=\"noreferrer noopener\"><strong>Wikip\u00e9dia<\/strong><\/a>, as terras foram incorporadas em 1914 ao patrim\u00f4nio do Jardim Bot\u00e2nico.<\/p>\n\n\n\n<p>O <strong>Parque Nacional de Itatiaia<\/strong> foi criado pelo Decreto 1.713, de 14 de junho de 1937, assinado por Get\u00falio Vargas, tornando-se o primeiro parque nacional do Brasil. A unidade de conserva\u00e7\u00e3o \u00e9 t\u00e3o extensa que sobe a Serra da Mantiqueira e abra\u00e7a as tr\u00eas vilas de Visconde de Mau\u00e1, com 210 km\u00b2 de floresta preservada entre os estados de RJ e MG.<\/p>\n\n\n\n<p>O <strong>Pico das Agulhas Negras<\/strong> e o <strong>Morro do Couto<\/strong>, localizados dentro do parque e acess\u00edveis pela parte alta, est\u00e3o entre os pontos mais altos do Brasil. A administra\u00e7\u00e3o do uso p\u00fablico do parque foi assumida em 2023 pela concession\u00e1ria <strong>Parquetur<\/strong>, em contrato de 25 anos para conserva\u00e7\u00e3o e melhoria da infraestrutura.<\/p>\n\n\n<div class=\"wp-block-image\">\n<figure class=\"aligncenter size-large\"><img loading=\"lazy\" decoding=\"async\" width=\"1024\" height=\"576\" src=\"https:\/\/www.em.com.br\/emfoco\/wp-content\/uploads\/2026\/03\/ngz-Visconde.de_.Maua_.RJ-44965-1024x576.webp\" alt=\"A 210 km da capital, o vilarejo de 5 mil moradores com 100 cachoeiras, onde o rio divide duas margens em estados diferentes\" class=\"wp-image-183152\" srcset=\"https:\/\/www.em.com.br\/emfoco\/wp-content\/uploads\/2026\/03\/ngz-Visconde.de_.Maua_.RJ-44965-1024x576.webp 1024w, https:\/\/www.em.com.br\/emfoco\/wp-content\/uploads\/2026\/03\/ngz-Visconde.de_.Maua_.RJ-44965-300x169.webp 300w, https:\/\/www.em.com.br\/emfoco\/wp-content\/uploads\/2026\/03\/ngz-Visconde.de_.Maua_.RJ-44965-768x432.webp 768w, https:\/\/www.em.com.br\/emfoco\/wp-content\/uploads\/2026\/03\/ngz-Visconde.de_.Maua_.RJ-44965-750x422.webp 750w, https:\/\/www.em.com.br\/emfoco\/wp-content\/uploads\/2026\/03\/ngz-Visconde.de_.Maua_.RJ-44965-1140x641.webp 1140w, https:\/\/www.em.com.br\/emfoco\/wp-content\/uploads\/2026\/03\/ngz-Visconde.de_.Maua_.RJ-44965.webp 1280w\" sizes=\"auto, (max-width: 1024px) 100vw, 1024px\" \/><figcaption class=\"wp-element-caption\">Visconde de Mau\u00e1 desafia tudo o que se espera do estado do Rio de Janeiro \/\/ Cr\u00e9ditos: Wikipedia \/ Wikimedia Commons<\/figcaption><\/figure><\/div>\n\n\n<h2 class=\"wp-block-heading\">O que fazer nas tr\u00eas vilas da Mantiqueira<\/h2>\n\n\n\n<p>O roteiro combina cachoeiras, trilhas e a gastronomia premiada das tr\u00eas vilas. Entre as atra\u00e7\u00f5es principais:<\/p>\n\n\n\n<ul class=\"wp-block-list has-medium-font-size\">\n<li><strong>Cachoeira do Escorrega<\/strong>: cart\u00e3o-postal da regi\u00e3o, fica no fim da Estrada Mau\u00e1-Maromba e tem lajes naturais que funcionam como escorregador aqu\u00e1tico. O entorno re\u00fane bares, lojas de artesanato e o Restaurante do Escorrega.<\/li>\n\n\n\n<li><strong>Cachoeira Santa Clara<\/strong>: no Vale do Pav\u00e3o, forma um pared\u00e3o de pedras com cerca de 40 metros de queda suave, considerada uma das mais belas da regi\u00e3o.<\/li>\n\n\n\n<li><strong>Cachoeira V\u00e9u da Noiva<\/strong>: pr\u00f3xima \u00e0 Vila de Maromba, tem trilha curta e boa infraestrutura para fam\u00edlias com crian\u00e7as.<\/li>\n\n\n\n<li><strong>Po\u00e7\u00e3o da Maromba<\/strong>: queda de 7 metros localizada a curta caminhada da pra\u00e7a da Maromba, tradicional ponto de banho desde a era hippie da regi\u00e3o.<\/li>\n\n\n\n<li><strong>Parque Nacional de Itatiaia (parte alta)<\/strong>: acesso a trilhas como as do Pico das Agulhas Negras, 5\u00ba ponto mais alto do Brasil, e do Morro do Couto, o 8\u00ba mais alto do pa\u00eds.<\/li>\n\n\n\n<li><strong>Ponte Tia Sofia<\/strong>: passarela para pedestres sobre o Rio Preto que liga a Maring\u00e1 fluminense \u00e0 Maring\u00e1 mineira, permitindo mudar de estado em poucos passos.<\/li>\n<\/ul>\n\n\n\n<p>Na mesa, a regi\u00e3o \u00e9 conhecida pelo festival gastron\u00f4mico e pelos restaurantes assinados por chefs renomados. Para provar o melhor do local:<\/p>\n\n\n\n<ul class=\"wp-block-list has-medium-font-size\">\n<li><strong>Truta na pedra<\/strong>: prato s\u00edmbolo de Visconde de Mau\u00e1, preparado com peixe fresco pescado no pr\u00f3prio Rio Preto e servido em pedra aquecida com ervas da regi\u00e3o.<\/li>\n\n\n\n<li><strong>Receitas com pinh\u00e3o<\/strong>: a arauc\u00e1ria \u00e9 a \u00e1rvore s\u00edmbolo da regi\u00e3o e fornece a semente base de risotos, sopas e tortas salgadas servidos em bistr\u00f4s das tr\u00eas vilas.<\/li>\n\n\n\n<li><strong>Fondue e raclette<\/strong>: pratos t\u00edpicos da alta temporada de inverno, aparecem em vers\u00f5es cl\u00e1ssicas e brasileiras, com queijos artesanais produzidos na Serra da Mantiqueira.<\/li>\n\n\n\n<li><strong>Bolo h\u00fangaro<\/strong>: doce tradicional da regi\u00e3o, vendido em padarias e cafeterias especializadas da Alameda Gastron\u00f4mica Tia Sofia, no lado mineiro de Maring\u00e1.<\/li>\n<\/ul>\n\n\n\n<p>Quem sonha com um ref\u00fagio rom\u00e2ntico na <strong>Serra da Mantiqueira<\/strong>, vai curtir esse v\u00eddeo especialmente selecionado do canal <strong>Casal Alencar<\/strong>, que conta com mais de <strong>717 mil<\/strong> visualiza\u00e7\u00f5es, onde <strong>Bruno e Adriana<\/strong> mostram um roteiro de 3 dias por <strong>Visconde de Mau\u00e1<\/strong>, <strong>Maring\u00e1<\/strong> e <strong>Maromba<\/strong>:<\/p>\n\n\n\n<figure class=\"wp-block-embed is-type-video is-provider-youtube wp-block-embed-youtube wp-embed-aspect-16-9 wp-has-aspect-ratio\"><div class=\"wp-block-embed__wrapper\">\n<div class=\"jeg_video_container jeg_video_content\"><iframe loading=\"lazy\" title=\"VISCONDE DE MAU\u00c1 - ROTEIRO COMPLETO DE 3 DIAS e TUDO que voc\u00ea precisa saber!\" width=\"500\" height=\"281\" src=\"https:\/\/www.youtube.com\/embed\/wDg9n4jxwrU?feature=oembed\" frameborder=\"0\" allow=\"accelerometer; autoplay; clipboard-write; encrypted-media; gyroscope; picture-in-picture; web-share\" referrerpolicy=\"strict-origin-when-cross-origin\" allowfullscreen><\/iframe><\/div>\n<\/div><\/figure>\n\n\n\n<h2 class=\"wp-block-heading\">Qual a melhor \u00e9poca para visitar?<\/h2>\n\n\n\n<p>O inverno \u00e9 a esta\u00e7\u00e3o mais procurada, com frio seco, cachoeiras reduzidas e o clima ideal para pousadas com lareira. O ver\u00e3o traz chuvas concentradas e cachoeiras cheias:<\/p>\n\n\n\n<style>\n    .clima-grid-em112 { \n        --cor-primaria: #1a2a57; --cor-secundaria: #1a2a57; --cor-txt-secundaria: #ffffff;\n        display: grid; grid-template-columns: repeat(auto-fit, minmax(190px, 1fr)); gap: 15px; justify-content: center; padding: 10px;\n    }\n    .clima-card-em112 { border: 5px solid var(--cor-primaria); border-top: 5px solid var(--cor-secundaria); border-radius: 12px; background-color: var(--cor-primaria); background-clip: padding-box; display: flex; flex-direction: column; overflow: hidden; cursor: pointer; box-shadow: 0 6px 12px rgba(0,0,0, 0.2); transition: transform 0.2s ease, box-shadow 0.2s ease; -webkit-tap-highlight-color: transparent; user-select: none; transform: translateZ(0); animation: wmFadeIn 0.6s cubic-bezier(0.2, 0.8, 0.2, 1) backwards; }\n    .clima-card-em112:focus-visible { outline: 3px dashed var(--cor-secundaria); outline-offset: 4px; }\n    .clima-card-em112:nth-child(1) { animation-delay: 0.1s; } .clima-card-em112:nth-child(2) { animation-delay: 0.2s; } .clima-card-em112:nth-child(3) { animation-delay: 0.3s; } .clima-card-em112:nth-child(4) { animation-delay: 0.4s; }\n    @keyframes wmFadeIn { from { opacity: 0; transform: translateY(30px); } to { opacity: 1; transform: translateY(0); } }\n    .clima-card-em112:hover { transform: translateY(-5px); box-shadow: 0 15px 30px rgba(0,0,0, 0.3); }\n    .clima-card-em112:active { transform: translateY(-1px) scale(0.97); box-shadow: 0 3px 6px rgba(0,0,0, 0.2); transition: transform 0.05s ease, box-shadow 0.05s ease; }\n    .clima-header-em112 { background: #fdfbf5; padding: 15px 10px; text-align: center; display: flex; flex-direction: column; align-items: center; justify-content: center; }\n    .clima-body-em112 { background: #ffffff; padding: 15px; display: flex; flex-direction: column; flex-grow: 1; align-items: center; }\n    .clima-destaque-em112 { box-shadow: 0 8px 16px rgba(0,0,0, 0.25); }\n    .clima-destaque-em112:hover { box-shadow: 0 18px 36px rgba(0,0,0, 0.35); }\n    .clima-destaque-em112 .clima-header-em112 { background: var(--cor-secundaria); }\n    .clima-destaque-em112 .clima-header-em112 .clima-titulo-em112 { color: var(--cor-txt-secundaria) !important; } \n    .clima-pill-em112 { display: flex; white-space: normal; max-width: 100%; box-sizing: border-box; justify-content: center; align-items: center; text-align: center; background: #e8ebf2; color: var(--cor-primaria); font-size: 11px; font-weight: 900 !important; letter-spacing: 0.5px; padding: 8px 16px; border-radius: 16px; text-transform: uppercase; line-height: 1.4; box-shadow: 0 4px 8px rgba(0,0,0, 0.15); margin-top: auto; transition: transform 0.2s ease; }\n    .clima-destaque-em112 .clima-pill-em112 { background: var(--cor-primaria); color: #ffffff; border: 1px solid #ffffff; } \n    .clima-card-em112:hover .clima-pill-em112 { transform: scale(1.06); }\n    .clima-pill-em112 span { font-weight: 900 !important; color: inherit; } \n    .clima-emoji-em112 { font-size: 24px; line-height: 1; margin-bottom: 5px; }\n    .clima-titulo-em112 { color: var(--cor-primaria); font-size: 16px; text-transform: uppercase; margin-top: 5px; font-weight: bold; }\n    .clima-mes-em112 { font-size: 11px; font-weight: 800; color: var(--cor-primaria); text-transform: uppercase; margin-bottom: 5px; display: block; }\n    .clima-temp-em112 { font-size: 26px; font-weight: 900; color: var(--cor-primaria); margin-bottom: 10px; }\n    .clima-desc-em112 { font-size: 13px; color: #444; text-align: center; line-height: 1.5; margin-bottom: 15px; flex-grow: 1;}\n    .clima-desc-em112 strong { color: #111; }\n    @media (prefers-color-scheme: dark) {\n        .clima-card-em112 { border-color: #2b4182; background-color: #2b4182; box-shadow: 0 6px 12px rgba(0,0,0, 0.5); }\n        .clima-header-em112 { background: #1a1a1a; } .clima-body-em112 { background: #121212; }\n        .clima-destaque-em112 .clima-header-em112 { background: var(--cor-secundaria); }\n        .clima-destaque-em112 .clima-header-em112 .clima-titulo-em112 { color: var(--cor-txt-secundaria) !important; }\n        .clima-titulo-em112 { color: #8da5e8; } .clima-mes-em112 { color: #8da5e8; } .clima-temp-em112 { color: #8da5e8; } .clima-desc-em112 { color: #cccccc; } .clima-desc-em112 strong { color: #ffffff; }\n        .clima-pill-em112 { background: #2b4182; color: #ffffff; box-shadow: 0 4px 8px rgba(0, 0, 0, 0.5); }\n        .clima-destaque-em112 .clima-pill-em112 { background: #3b55a0; color: #ffffff; border-color: #8da5e8; }\n    }\n<\/style>\n<div class=\"google-auto-ads-ignore clima-grid-em112\" style=\"box-sizing: border-box; width: 100%; max-width: 980px; margin: 30px auto; font-family: 'Segoe UI', Roboto, Helvetica, Arial, sans-serif;\">\n    <div class=\"clima-card-em112\" tabindex=\"0\">\n        <div class=\"clima-header-em112\"><div class=\"clima-emoji-em112\" aria-hidden=\"true\">\ud83d\udca6<\/div><div class=\"clima-titulo-em112\">Ver\u00e3o<\/div><\/div>\n        <div class=\"clima-body-em112\">\n            <time class=\"clima-mes-em112\">Dezembro a fevereiro<\/time><div class=\"clima-temp-em112\">15\u00b0C a 27\u00b0C<\/div>\n            <div class=\"clima-desc-em112\">A chuva concentrada da esta\u00e7\u00e3o eleva fortemente o volume das \u00e1guas, sendo a \u00e9poca ideal para curtir o <strong>banho nas cachoeiras<\/strong> da regi\u00e3o.<\/div>\n            <div class=\"clima-pill-em112\"><span>\u2614 Chuva Alta<\/span><\/div>\n        <\/div>\n    <\/div>\n    <div class=\"clima-card-em112\" tabindex=\"0\">\n        <div class=\"clima-header-em112\"><div class=\"clima-emoji-em112\" aria-hidden=\"true\">\ud83e\udd7e<\/div><div class=\"clima-titulo-em112\">Outono<\/div><\/div>\n        <div class=\"clima-body-em112\">\n            <time class=\"clima-mes-em112\">Mar\u00e7o a maio<\/time><div class=\"clima-temp-em112\">12\u00b0C a 25\u00b0C<\/div>\n            <div class=\"clima-desc-em112\">As temperaturas come\u00e7am a cair e as chuvas d\u00e3o uma tr\u00e9gua. O clima fresco convida os turistas para as belas <strong>trilhas pelo Vale do Pav\u00e3o<\/strong>.<\/div>\n            <div class=\"clima-pill-em112\"><span>\u2601\ufe0f Chuva M\u00e9dia<\/span><\/div>\n        <\/div>\n    <\/div>\n    <div class=\"clima-card-em112 clima-destaque-em112\" tabindex=\"0\">\n        <div class=\"clima-header-em112\"><div class=\"clima-emoji-em112\" aria-hidden=\"true\">\ud83c\udf77<\/div><div class=\"clima-titulo-em112\">Inverno<\/div><\/div>\n        <div class=\"clima-body-em112\">\n            <time class=\"clima-mes-em112\">Junho a agosto<\/time><div class=\"clima-temp-em112\">-2\u00b0C a 22\u00b0C<\/div>\n            <div class=\"clima-desc-em112\">A grande alta temporada! Frio intenso e muito seco, criando a atmosfera perfeita para curtir o <strong>fondue e o aconchego das pousadas com lareira<\/strong>.<\/div>\n            <div class=\"clima-pill-em112\"><span>\u2b50 Melhor \u00c9poca \/ Frio<\/span><\/div>\n        <\/div>\n    <\/div>\n    <div class=\"clima-card-em112\" tabindex=\"0\">\n        <div class=\"clima-header-em112\"><div class=\"clima-emoji-em112\" aria-hidden=\"true\">\ud83c\udf7d\ufe0f<\/div><div class=\"clima-titulo-em112\">Primavera<\/div><\/div>\n        <div class=\"clima-body-em112\">\n            <time class=\"clima-mes-em112\">Setembro a novembro<\/time><div class=\"clima-temp-em112\">10\u00b0C a 25\u00b0C<\/div>\n            <div class=\"clima-desc-em112\">O clima esquenta e as chuvas voltam a n\u00edveis moderados. Per\u00edodo excelente para saborear as del\u00edcias da <strong>Alameda Gastron\u00f4mica Tia Sofia<\/strong>.<\/div>\n            <div class=\"clima-pill-em112\"><span>\u2601\ufe0f Chuva M\u00e9dia<\/span><\/div>\n        <\/div>\n    <\/div>\n<\/div>\n\n\n\n<p><em>Temperaturas aproximadas com base no <a href=\"https:\/\/www.climatempo.com.br\/previsao-do-tempo\/cidade\/1614\/viscondedemaua-rj\" target=\"_blank\" rel=\"noreferrer noopener\"><strong>Climatempo<\/strong><\/a>. Condi\u00e7\u00f5es podem variar.<\/em><\/p>\n\n\n\n<h2 class=\"wp-block-heading\">Como chegar a Visconde de Mau\u00e1<\/h2>\n\n\n\n<p>A regi\u00e3o fica a cerca de 210 km do <strong>Rio de Janeiro<\/strong> e 310 km de <strong>S\u00e3o Paulo<\/strong>. O acesso principal \u00e9 pela <strong>Rodovia Presidente Dutra (BR-116)<\/strong>, com sa\u00edda no km 311, entre as cidades de <strong>Itatiaia<\/strong> e <strong>Resende<\/strong>. A partir da sa\u00edda, segue-se pela <strong>RJ-163<\/strong> em subida de serra por cerca de 30 km at\u00e9 a primeira vila, Mau\u00e1.<\/p>\n\n\n\n<p>Quem vem de <strong>Minas Gerais<\/strong> pode usar a <strong>BR-267<\/strong> de <strong>Juiz de Fora<\/strong> at\u00e9 <strong>Liberdade<\/strong>, seguindo depois para <strong>Bocaina de Minas<\/strong>. A 34 km de <strong>Penedo<\/strong>, tamb\u00e9m no sul fluminense, a regi\u00e3o \u00e9 op\u00e7\u00e3o frequente para quem j\u00e1 est\u00e1 hospedado na regi\u00e3o serrana do Rio. O aeroporto mais pr\u00f3ximo \u00e9 o <strong>Aeroporto Internacional do Gale\u00e3o (GIG)<\/strong>, no Rio, a cerca de 200 km.<\/p>\n\n\n\n<h2 class=\"wp-block-heading\">Conhe\u00e7a a Serra que o Rio escondeu<\/h2>\n\n\n\n<p>Visconde de Mau\u00e1 desmente em poucos quil\u00f4metros a ideia de que o estado do Rio \u00e9 s\u00f3 litoral. \u00c9 o raro caso brasileiro em que tr\u00eas vilas partilham o mesmo rio como divisa entre estados e entregam um frio serrano a pouco mais de tr\u00eas horas da capital fluminense.<\/p>\n\n\n\n<p>Voc\u00ea precisa conhecer Visconde de Mau\u00e1 e atravessar de um estado para outro pela Ponte Tia Sofia antes do jantar com vista para o Rio Preto.<\/p>\n","protected":false},"excerpt":{"rendered":"<p>No alto da Serra da Mantiqueira, a cerca de 1.400 metros de altitude, Visconde de Mau\u00e1 re\u00fane tr\u00eas vilas em uma regi\u00e3o colada ao Parque Nacional de Itatiaia, o primeiro do Brasil. O inverno chega a -2\u00b0C em pleno estado do Rio de Janeiro e a margem esquerda do Rio Preto fica em Minas Gerais. [&hellip;]<\/p>\n","protected":false},"author":6,"featured_media":198751,"comment_status":"open","ping_status":"open","sticky":false,"template":"","format":"standard","meta":{"jnews-multi-image_gallery":[],"jnews_single_post":{"format":"standard"},"jnews_primary_category":[],"jnews_social_meta":[],"jnews_override_counter":[],"footnotes":""},"categories":[26],"tags":[183,207,151,19243],"class_list":["post-198163","post","type-post","status-publish","format-standard","has-post-thumbnail","hentry","category-cidades","tag-cidades","tag-minas-gerais","tag-rio-de-janeiro","tag-visconde-de-maua"],"yoast_head":"<!-- This site is optimized with the Yoast SEO plugin v23.8 - https:\/\/yoast.com\/wordpress\/plugins\/seo\/ -->\n<title>A 210 km da capital, o vilarejo de 5 mil moradores com 100 cachoeiras, onde o rio divide duas margens em estados diferentes - Estado de Minas - Em foco<\/title>\n<meta name=\"description\" content=\"Com 100 cachoeiras e 5 mil moradores, este destino fica a 210 km da capital. O rio local separa as margens em estados diferentes.\" \/>\n<meta name=\"robots\" content=\"index, follow, max-snippet:-1, max-image-preview:large, max-video-preview:-1\" \/>\n<link rel=\"canonical\" href=\"https:\/\/www.em.com.br\/emfoco\/2026\/04\/24\/a-210-km-da-capital-o-vilarejo-de-5-mil-moradores-com-100-cachoeiras-onde-o-rio-divide-duas-margens-em-estados-diferentes\/\" \/>\n<meta property=\"og:locale\" content=\"pt_BR\" \/>\n<meta property=\"og:type\" content=\"article\" \/>\n<meta property=\"og:title\" content=\"A 210 km da capital, o vilarejo de 5 mil moradores com 100 cachoeiras, onde o rio divide duas margens em estados diferentes - Estado de Minas - Em foco\" \/>\n<meta property=\"og:description\" content=\"Com 100 cachoeiras e 5 mil moradores, este destino fica a 210 km da capital. O rio local separa as margens em estados diferentes.\" \/>\n<meta property=\"og:url\" content=\"https:\/\/www.em.com.br\/emfoco\/2026\/04\/24\/a-210-km-da-capital-o-vilarejo-de-5-mil-moradores-com-100-cachoeiras-onde-o-rio-divide-duas-margens-em-estados-diferentes\/\" \/>\n<meta property=\"og:site_name\" content=\"Estado de Minas - Em foco\" \/>\n<meta property=\"article:published_time\" content=\"2026-04-24T18:05:00+00:00\" \/>\n<meta property=\"article:modified_time\" content=\"2026-04-24T19:01:26+00:00\" \/>\n<meta property=\"og:image\" content=\"https:\/\/www.em.com.br\/emfoco\/wp-content\/uploads\/2026\/04\/River_flowing_through_202604241558.jpg\" \/>\n\t<meta property=\"og:image:width\" content=\"1280\" \/>\n\t<meta property=\"og:image:height\" content=\"720\" \/>\n\t<meta property=\"og:image:type\" content=\"image\/jpeg\" \/>\n<meta name=\"author\" content=\"Vitor Bruno\" \/>\n<meta name=\"twitter:card\" content=\"summary_large_image\" \/>\n<meta name=\"twitter:label1\" content=\"Escrito por\" \/>\n\t<meta name=\"twitter:data1\" content=\"Vitor Bruno\" \/>\n\t<meta name=\"twitter:label2\" content=\"Est. tempo de leitura\" \/>\n\t<meta name=\"twitter:data2\" content=\"8 minutos\" \/>\n<!-- \/ Yoast SEO plugin. -->","yoast_head_json":{"title":"A 210 km da capital, o vilarejo de 5 mil moradores com 100 cachoeiras, onde o rio divide duas margens em estados diferentes - Estado de Minas - Em foco","description":"Com 100 cachoeiras e 5 mil moradores, este destino fica a 210 km da capital. O rio local separa as margens em estados diferentes.","robots":{"index":"index","follow":"follow","max-snippet":"max-snippet:-1","max-image-preview":"max-image-preview:large","max-video-preview":"max-video-preview:-1"},"canonical":"https:\/\/www.em.com.br\/emfoco\/2026\/04\/24\/a-210-km-da-capital-o-vilarejo-de-5-mil-moradores-com-100-cachoeiras-onde-o-rio-divide-duas-margens-em-estados-diferentes\/","og_locale":"pt_BR","og_type":"article","og_title":"A 210 km da capital, o vilarejo de 5 mil moradores com 100 cachoeiras, onde o rio divide duas margens em estados diferentes - Estado de Minas - Em foco","og_description":"Com 100 cachoeiras e 5 mil moradores, este destino fica a 210 km da capital. O rio local separa as margens em estados diferentes.","og_url":"https:\/\/www.em.com.br\/emfoco\/2026\/04\/24\/a-210-km-da-capital-o-vilarejo-de-5-mil-moradores-com-100-cachoeiras-onde-o-rio-divide-duas-margens-em-estados-diferentes\/","og_site_name":"Estado de Minas - Em foco","article_published_time":"2026-04-24T18:05:00+00:00","article_modified_time":"2026-04-24T19:01:26+00:00","og_image":[{"width":1280,"height":720,"url":"https:\/\/www.em.com.br\/emfoco\/wp-content\/uploads\/2026\/04\/River_flowing_through_202604241558.jpg","type":"image\/jpeg"}],"author":"Vitor Bruno","twitter_card":"summary_large_image","twitter_misc":{"Escrito por":"Vitor Bruno","Est. tempo de leitura":"8 minutos"},"schema":{"@context":"https:\/\/schema.org","@graph":[{"@type":"WebPage","@id":"https:\/\/www.em.com.br\/emfoco\/2026\/04\/24\/a-210-km-da-capital-o-vilarejo-de-5-mil-moradores-com-100-cachoeiras-onde-o-rio-divide-duas-margens-em-estados-diferentes\/","url":"https:\/\/www.em.com.br\/emfoco\/2026\/04\/24\/a-210-km-da-capital-o-vilarejo-de-5-mil-moradores-com-100-cachoeiras-onde-o-rio-divide-duas-margens-em-estados-diferentes\/","name":"A 210 km da capital, o vilarejo de 5 mil moradores com 100 cachoeiras, onde o rio divide duas margens em estados diferentes - Estado de Minas - Em foco","isPartOf":{"@id":"https:\/\/www.em.com.br\/emfoco\/#website"},"primaryImageOfPage":{"@id":"https:\/\/www.em.com.br\/emfoco\/2026\/04\/24\/a-210-km-da-capital-o-vilarejo-de-5-mil-moradores-com-100-cachoeiras-onde-o-rio-divide-duas-margens-em-estados-diferentes\/#primaryimage"},"image":{"@id":"https:\/\/www.em.com.br\/emfoco\/2026\/04\/24\/a-210-km-da-capital-o-vilarejo-de-5-mil-moradores-com-100-cachoeiras-onde-o-rio-divide-duas-margens-em-estados-diferentes\/#primaryimage"},"thumbnailUrl":"https:\/\/www.em.com.br\/emfoco\/wp-content\/uploads\/2026\/04\/River_flowing_through_202604241558.jpg","datePublished":"2026-04-24T18:05:00+00:00","dateModified":"2026-04-24T19:01:26+00:00","author":{"@id":"https:\/\/www.em.com.br\/emfoco\/#\/schema\/person\/364ac1852fafd00f1be20f0b8b237569"},"description":"Com 100 cachoeiras e 5 mil moradores, este destino fica a 210 km da capital. O rio local separa as margens em estados diferentes.","breadcrumb":{"@id":"https:\/\/www.em.com.br\/emfoco\/2026\/04\/24\/a-210-km-da-capital-o-vilarejo-de-5-mil-moradores-com-100-cachoeiras-onde-o-rio-divide-duas-margens-em-estados-diferentes\/#breadcrumb"},"inLanguage":"pt-BR","potentialAction":[{"@type":"ReadAction","target":["https:\/\/www.em.com.br\/emfoco\/2026\/04\/24\/a-210-km-da-capital-o-vilarejo-de-5-mil-moradores-com-100-cachoeiras-onde-o-rio-divide-duas-margens-em-estados-diferentes\/"]}]},{"@type":"ImageObject","inLanguage":"pt-BR","@id":"https:\/\/www.em.com.br\/emfoco\/2026\/04\/24\/a-210-km-da-capital-o-vilarejo-de-5-mil-moradores-com-100-cachoeiras-onde-o-rio-divide-duas-margens-em-estados-diferentes\/#primaryimage","url":"https:\/\/www.em.com.br\/emfoco\/wp-content\/uploads\/2026\/04\/River_flowing_through_202604241558.jpg","contentUrl":"https:\/\/www.em.com.br\/emfoco\/wp-content\/uploads\/2026\/04\/River_flowing_through_202604241558.jpg","width":1280,"height":720,"caption":"Visconde de Mau\u00e1 destaca-se como o ref\u00fagio da Serra da Mantiqueira onde o Rio Preto divide naturalmente o vilarejo entre os estados do Rio e Minas \/\/ IMAGEM ILUSTRATIVA"},{"@type":"BreadcrumbList","@id":"https:\/\/www.em.com.br\/emfoco\/2026\/04\/24\/a-210-km-da-capital-o-vilarejo-de-5-mil-moradores-com-100-cachoeiras-onde-o-rio-divide-duas-margens-em-estados-diferentes\/#breadcrumb","itemListElement":[{"@type":"ListItem","position":1,"name":"In\u00edcio","item":"https:\/\/www.em.com.br\/emfoco\/"},{"@type":"ListItem","position":2,"name":"A 210 km da capital, o vilarejo de 5 mil moradores com 100 cachoeiras, onde o rio divide duas margens em estados diferentes"}]},{"@type":"WebSite","@id":"https:\/\/www.em.com.br\/emfoco\/#website","url":"https:\/\/www.em.com.br\/emfoco\/","name":"Estado de Minas - Em foco","description":"Acompanhe as \u00faltimas not\u00edcias e fique bem informado sobre tudo o que acontece em Minas Gerais, Brasil e no mundo.","potentialAction":[{"@type":"SearchAction","target":{"@type":"EntryPoint","urlTemplate":"https:\/\/www.em.com.br\/emfoco\/?s={search_term_string}"},"query-input":{"@type":"PropertyValueSpecification","valueRequired":true,"valueName":"search_term_string"}}],"inLanguage":"pt-BR"},{"@type":"Person","@id":"https:\/\/www.em.com.br\/emfoco\/#\/schema\/person\/364ac1852fafd00f1be20f0b8b237569","name":"Vitor Bruno","image":{"@type":"ImageObject","inLanguage":"pt-BR","@id":"https:\/\/www.em.com.br\/emfoco\/#\/schema\/person\/image\/","url":"https:\/\/secure.gravatar.com\/avatar\/b719e5cdede09f942064960883b5524d?s=96&d=mm&r=g","contentUrl":"https:\/\/secure.gravatar.com\/avatar\/b719e5cdede09f942064960883b5524d?s=96&d=mm&r=g","caption":"Vitor Bruno"},"sameAs":["https:\/\/www.em.com.br\/emfoco\/"],"url":"https:\/\/www.em.com.br\/emfoco\/author\/vitormyth\/"}]}},"_links":{"self":[{"href":"https:\/\/www.em.com.br\/emfoco\/wp-json\/wp\/v2\/posts\/198163","targetHints":{"allow":["GET"]}}],"collection":[{"href":"https:\/\/www.em.com.br\/emfoco\/wp-json\/wp\/v2\/posts"}],"about":[{"href":"https:\/\/www.em.com.br\/emfoco\/wp-json\/wp\/v2\/types\/post"}],"author":[{"embeddable":true,"href":"https:\/\/www.em.com.br\/emfoco\/wp-json\/wp\/v2\/users\/6"}],"replies":[{"embeddable":true,"href":"https:\/\/www.em.com.br\/emfoco\/wp-json\/wp\/v2\/comments?post=198163"}],"version-history":[{"count":2,"href":"https:\/\/www.em.com.br\/emfoco\/wp-json\/wp\/v2\/posts\/198163\/revisions"}],"predecessor-version":[{"id":198753,"href":"https:\/\/www.em.com.br\/emfoco\/wp-json\/wp\/v2\/posts\/198163\/revisions\/198753"}],"wp:featuredmedia":[{"embeddable":true,"href":"https:\/\/www.em.com.br\/emfoco\/wp-json\/wp\/v2\/media\/198751"}],"wp:attachment":[{"href":"https:\/\/www.em.com.br\/emfoco\/wp-json\/wp\/v2\/media?parent=198163"}],"wp:term":[{"taxonomy":"category","embeddable":true,"href":"https:\/\/www.em.com.br\/emfoco\/wp-json\/wp\/v2\/categories?post=198163"},{"taxonomy":"post_tag","embeddable":true,"href":"https:\/\/www.em.com.br\/emfoco\/wp-json\/wp\/v2\/tags?post=198163"}],"curies":[{"name":"wp","href":"https:\/\/api.w.org\/{rel}","templated":true}]}}