{"id":198159,"date":"2026-04-28T10:35:00","date_gmt":"2026-04-28T13:35:00","guid":{"rendered":"https:\/\/www.em.com.br\/emfoco\/?p=198159"},"modified":"2026-04-25T21:18:23","modified_gmt":"2026-04-26T00:18:23","slug":"a-praia-selvagem-da-capital-acessivel-so-por-trilha-ou-barco-com-lagoa-mar-azul-e-zero-predio-a-vista-no-coracao-da-capital","status":"publish","type":"post","link":"https:\/\/www.em.com.br\/emfoco\/2026\/04\/28\/a-praia-selvagem-da-capital-acessivel-so-por-trilha-ou-barco-com-lagoa-mar-azul-e-zero-predio-a-vista-no-coracao-da-capital\/","title":{"rendered":"A praia selvagem da capital: acess\u00edvel s\u00f3 por trilha ou barco, com lagoa, mar azul e zero pr\u00e9dio \u00e0 vista no cora\u00e7\u00e3o da capital"},"content":{"rendered":"\n<p>A 34 km do centro de <strong>Florian\u00f3polis<\/strong>, a <strong>Lagoinha do Leste<\/strong> s\u00f3 pode ser acessada por trilha ou barco e abriga um dos \u00faltimos redutos preservados de <strong>Mata Atl\u00e2ntica<\/strong> da Ilha de <strong>Santa Catarina<\/strong>. A praia \u00e9 protegida por um parque natural municipal criado em 1992 com \u00e1rea superior a 789 hectares.<\/p>\n\n\n\n<h2 class=\"wp-block-heading\">Por que a Lagoinha do Leste virou s\u00edmbolo de Florian\u00f3polis selvagem?<\/h2>\n\n\n\n<p>A faixa de areia de aproximadamente 1,25 km de extens\u00e3o fica cercada por cost\u00f5es rochosos, mata nativa, cachoeiras e uma lagoa em formato de S que d\u00e1 nome ao local. Segundo a <a href=\"https:\/\/redeplanejamento.pmf.sc.gov.br\/pt-BR\/programas\/uc-lagoinha-do-leste\" target=\"_blank\" rel=\"noreferrer noopener\"><strong>Prefeitura de Florian\u00f3polis<\/strong><\/a>, o parque protege a praia mais isolada e, segundo muitos visitantes, a mais bonita da Ilha de Santa Catarina.<\/p>\n\n\n\n<p>O <strong>Parque Natural Municipal da Lagoinha do Leste<\/strong> foi criado pela Lei Municipal 3.701, de 1992, e readequado pela Lei 10.387, de 2018, aos termos do <strong>Sistema Nacional de Unidades de Conserva\u00e7\u00e3o (SNUC)<\/strong>. A gest\u00e3o \u00e9 da <strong>Funda\u00e7\u00e3o Municipal do Meio Ambiente (Floram)<\/strong>, autarquia que cuida das 11 unidades de conserva\u00e7\u00e3o municipais da capital catarinense.<\/p>\n\n\n\n<p>Em junho de 2024, a Prefeitura publicou oficialmente o Plano de Manejo da UC, junto a outras seis \u00e1reas protegidas. O <a href=\"https:\/\/www.mpsc.mp.br\/noticias\/mpsc-atua-para-publicacao-e-implementacao-dos-planos-de-manejo-das-unidades-de-conservacao-de-florianopolis\" target=\"_blank\" rel=\"noreferrer noopener\"><strong>Minist\u00e9rio P\u00fablico de Santa Catarina (MPSC)<\/strong><\/a> acompanha a implementa\u00e7\u00e3o do plano, que inclui cronograma de fiscaliza\u00e7\u00e3o e prote\u00e7\u00e3o da biodiversidade local. As sete unidades com plano publicado representam 96,8% da \u00e1rea conservada em UCs municipais de Florian\u00f3polis.<\/p>\n\n\n<div class=\"wp-block-image\">\n<figure class=\"aligncenter size-large\"><img loading=\"lazy\" decoding=\"async\" width=\"1024\" height=\"576\" src=\"https:\/\/www.em.com.br\/emfoco\/wp-content\/uploads\/2026\/04\/ngz-Lagoinha-do-Leste-75769-1024x576.jpg\" alt=\"A praia selvagem da capital: acess\u00edvel s\u00f3 por trilha ou barco, com lagoa, mar azul e zero pr\u00e9dio \u00e0 vista no cora\u00e7\u00e3o da capital\" class=\"wp-image-199742\" srcset=\"https:\/\/www.em.com.br\/emfoco\/wp-content\/uploads\/2026\/04\/ngz-Lagoinha-do-Leste-75769-1024x576.jpg 1024w, https:\/\/www.em.com.br\/emfoco\/wp-content\/uploads\/2026\/04\/ngz-Lagoinha-do-Leste-75769-300x169.jpg 300w, https:\/\/www.em.com.br\/emfoco\/wp-content\/uploads\/2026\/04\/ngz-Lagoinha-do-Leste-75769-768x432.jpg 768w, https:\/\/www.em.com.br\/emfoco\/wp-content\/uploads\/2026\/04\/ngz-Lagoinha-do-Leste-75769-750x422.jpg 750w, https:\/\/www.em.com.br\/emfoco\/wp-content\/uploads\/2026\/04\/ngz-Lagoinha-do-Leste-75769-1140x641.jpg 1140w, https:\/\/www.em.com.br\/emfoco\/wp-content\/uploads\/2026\/04\/ngz-Lagoinha-do-Leste-75769.jpg 1280w\" sizes=\"auto, (max-width: 1024px) 100vw, 1024px\" \/><figcaption class=\"wp-element-caption\">Lagoinha do Leste, praia de Florian\u00f3polis \/\/ Cr\u00e9ditos: Wikipedia \/ Wikimedia Commons <\/figcaption><\/figure><\/div>\n\n\n<h2 class=\"wp-block-heading\">Uma praia reconhecida entre as mais bonitas do Brasil<\/h2>\n\n\n\n<p>A Lagoinha do Leste aparece entre as melhores avaliadas do pa\u00eds em plataformas especializadas. No <a href=\"https:\/\/www.alltrails.com\/parks\/brazil\/santa-catarina--2\/parque-natural-municipal-da-lagoinha-do-leste\" target=\"_blank\" rel=\"noreferrer noopener\"><strong>AllTrails<\/strong><\/a>, maior plataforma global de trilhas, a regi\u00e3o re\u00fane 8 roteiros homologados e m\u00e9dia 4,8 de 5 estrelas entre mais de 400 avalia\u00e7\u00f5es da comunidade internacional.<\/p>\n\n\n\n<p>No Tripadvisor, a praia acumula mais de 2,6 mil avalia\u00e7\u00f5es positivas, e viajantes estrangeiros destacam a combina\u00e7\u00e3o de floresta, cost\u00e3o e enseada como um dos principais cen\u00e1rios de aventura da costa sul brasileira. A combina\u00e7\u00e3o de praia, mar aberto, lagoa e cachoeira em um \u00fanico local \u00e9 apontada como rara em invent\u00e1rios de turismo ecol\u00f3gico do <strong>Brasil<\/strong>.<\/p>\n\n\n\n<p>A origem hist\u00f3rica tamb\u00e9m \u00e9 curiosa. A partir do s\u00e9culo 18, pescadores a\u00e7orianos e madeirenses que migraram para o litoral catarinense come\u00e7aram a usar a \u00e1rea de forma espor\u00e1dica, sem ocupa\u00e7\u00e3o permanente. Esse uso m\u00ednimo preservou a vegeta\u00e7\u00e3o prim\u00e1ria e manteve o car\u00e1ter de praia deserta at\u00e9 hoje.<\/p>\n\n\n<div class=\"wp-block-image\">\n<figure class=\"aligncenter size-large\"><img loading=\"lazy\" decoding=\"async\" width=\"1024\" height=\"576\" src=\"https:\/\/www.em.com.br\/emfoco\/wp-content\/uploads\/2026\/04\/ngz-Lagoinha-do-Leste-15232-1024x576.jpg\" alt=\"A praia selvagem da capital: acess\u00edvel s\u00f3 por trilha ou barco, com lagoa, mar azul e zero pr\u00e9dio \u00e0 vista no cora\u00e7\u00e3o da capital\" class=\"wp-image-199741\" srcset=\"https:\/\/www.em.com.br\/emfoco\/wp-content\/uploads\/2026\/04\/ngz-Lagoinha-do-Leste-15232-1024x576.jpg 1024w, https:\/\/www.em.com.br\/emfoco\/wp-content\/uploads\/2026\/04\/ngz-Lagoinha-do-Leste-15232-300x169.jpg 300w, https:\/\/www.em.com.br\/emfoco\/wp-content\/uploads\/2026\/04\/ngz-Lagoinha-do-Leste-15232-768x432.jpg 768w, https:\/\/www.em.com.br\/emfoco\/wp-content\/uploads\/2026\/04\/ngz-Lagoinha-do-Leste-15232-750x422.jpg 750w, https:\/\/www.em.com.br\/emfoco\/wp-content\/uploads\/2026\/04\/ngz-Lagoinha-do-Leste-15232-1140x641.jpg 1140w, https:\/\/www.em.com.br\/emfoco\/wp-content\/uploads\/2026\/04\/ngz-Lagoinha-do-Leste-15232.jpg 1280w\" sizes=\"auto, (max-width: 1024px) 100vw, 1024px\" \/><figcaption class=\"wp-element-caption\">Lagoinha do Leste, praia de Florian\u00f3polis \/\/ Cr\u00e9ditos: Wikipedia \/ Wikimedia Commons <\/figcaption><\/figure><\/div>\n\n\n<p><strong>Leia tamb\u00e9m: <a href=\"https:\/\/www.em.com.br\/emfoco\/2026\/04\/11\/capital-nacional-do-morango-cidade-a-poucos-minutos-da-capital-esta-conquistando-os-brasileiros-com-qualidade-de-vida-e-tranquilidade\/\" target=\"_blank\" rel=\"noreferrer noopener\">Capital Nacional do Morango: uma cidade a poucos minutos da capital est\u00e1 conquistando os brasileiros com qualidade de vida e tranquilidade<\/a><\/strong><\/p>\n\n\n\n<h2 class=\"wp-block-heading\">O que fazer na praia selvagem do sul da Ilha<\/h2>\n\n\n\n<p>O roteiro combina trilhas, banho de mar e contempla\u00e7\u00e3o da natureza preservada. Entre as atra\u00e7\u00f5es principais:<\/p>\n\n\n\n<ul class=\"wp-block-list has-medium-font-size\">\n<li><strong>Praia da Lagoinha do Leste<\/strong>: cerca de 1,25 km de faixa de areia clara e fina, com mar aberto, ondas fortes e \u00e1guas cristalinas, sem qualquer constru\u00e7\u00e3o \u00e0 vista na beira-mar.<\/li>\n\n\n\n<li><strong>Morro da Coroa<\/strong>: mirante natural acessado por trilha \u00edngreme a partir da praia, considerado o cart\u00e3o-postal do parque. A subida revela a famosa <strong>Pedra da Prancha<\/strong>, ponto de fotos com vista de 360 graus.<\/li>\n\n\n\n<li><strong>Lagoa da Lagoinha do Leste<\/strong>: lagoa de estu\u00e1rio em formato de S formada pelo des\u00e1gue de rios do <strong>Morro do Matadeiro<\/strong>, ideal para banho em dias de mar agitado.<\/li>\n\n\n\n<li><strong>Trilha pelo P\u00e2ntano do Sul<\/strong>: 2,2 km de extens\u00e3o e cerca de 1h30 de dura\u00e7\u00e3o, com mata fechada e sombra durante a maior parte do trajeto.<\/li>\n\n\n\n<li><strong>Trilha pelo Matadeiro<\/strong>: aproximadamente 4 km, com dura\u00e7\u00e3o de 2h30 a 3h, passa pela <strong>Praia do Matadeiro<\/strong> e \u00e9 considerada a mais c\u00eanica, com vista permanente do oceano.<\/li>\n\n\n\n<li><strong>Travessia completa<\/strong>: roteiro feito por aventureiros que entram por uma trilha e saem pela outra, conhecendo os dois perfis em um s\u00f3 dia.<\/li>\n<\/ul>\n\n\n\n<p>Quem deseja conhecer um ref\u00fagio de paz em <strong>Florian\u00f3polis<\/strong>, vai curtir esse v\u00eddeo especialmente selecionado do canal <strong>Rol\u00ea Fam\u00edlia<\/strong>, que conta com mais de <strong>18 mil<\/strong> visualiza\u00e7\u00f5es, onde a equipe mostra tudo o que voc\u00ea precisa saber para chegar \u00e0 <strong>Lagoinha do Leste<\/strong>, explorando as trilhas do <strong>Matadeiro<\/strong> e o famoso <strong>Morro da Coroa<\/strong>:<\/p>\n\n\n\n<figure class=\"wp-block-embed is-type-video is-provider-youtube wp-block-embed-youtube wp-embed-aspect-16-9 wp-has-aspect-ratio\"><div class=\"wp-block-embed__wrapper\">\n<div class=\"jeg_video_container jeg_video_content\"><iframe loading=\"lazy\" title=\"LAGOINHA DO LESTE em Floripa (tudo que voc\u00ea precisa saber!)\" width=\"500\" height=\"281\" src=\"https:\/\/www.youtube.com\/embed\/xtXzOpOQMcA?feature=oembed\" frameborder=\"0\" allow=\"accelerometer; autoplay; clipboard-write; encrypted-media; gyroscope; picture-in-picture; web-share\" referrerpolicy=\"strict-origin-when-cross-origin\" allowfullscreen><\/iframe><\/div>\n<\/div><\/figure>\n\n\n\n<h2 class=\"wp-block-heading\">Qual a melhor \u00e9poca para visitar?<\/h2>\n\n\n\n<p>O ver\u00e3o \u00e9 a alta temporada da Ilha, com mar mais cheio e acesso por barco dispon\u00edvel. O inverno oferece dias secos e condi\u00e7\u00f5es ideais para encarar as trilhas:<\/p>\n\n\n\n<style>\n    .clima-grid-em128 { \n        --cor-primaria: #1a2a57; --cor-secundaria: #1a2a57; --cor-txt-secundaria: #ffffff;\n        display: grid; grid-template-columns: repeat(auto-fit, minmax(190px, 1fr)); gap: 15px; justify-content: center; padding: 10px;\n    }\n    .clima-card-em128 { border: 5px solid var(--cor-primaria); border-top: 5px solid var(--cor-secundaria); border-radius: 12px; background-color: var(--cor-primaria); background-clip: padding-box; display: flex; flex-direction: column; overflow: hidden; cursor: pointer; box-shadow: 0 6px 12px rgba(0,0,0, 0.2); transition: transform 0.2s ease, box-shadow 0.2s ease; -webkit-tap-highlight-color: transparent; user-select: none; transform: translateZ(0); animation: wmFadeIn 0.6s cubic-bezier(0.2, 0.8, 0.2, 1) backwards; }\n    .clima-card-em128:focus-visible { outline: 3px dashed var(--cor-secundaria); outline-offset: 4px; }\n    .clima-card-em128:nth-child(1) { animation-delay: 0.1s; } .clima-card-em128:nth-child(2) { animation-delay: 0.2s; } .clima-card-em128:nth-child(3) { animation-delay: 0.3s; } .clima-card-em128:nth-child(4) { animation-delay: 0.4s; }\n    @keyframes wmFadeIn { from { opacity: 0; transform: translateY(30px); } to { opacity: 1; transform: translateY(0); } }\n    .clima-card-em128:hover { transform: translateY(-5px); box-shadow: 0 15px 30px rgba(0,0,0, 0.3); }\n    .clima-card-em128:active { transform: translateY(-1px) scale(0.97); box-shadow: 0 3px 6px rgba(0,0,0, 0.2); transition: transform 0.05s ease, box-shadow 0.05s ease; }\n    .clima-header-em128 { background: #fdfbf5; padding: 15px 10px; text-align: center; display: flex; flex-direction: column; align-items: center; justify-content: center; }\n    .clima-body-em128 { background: #ffffff; padding: 15px; display: flex; flex-direction: column; flex-grow: 1; align-items: center; }\n    .clima-destaque-em128 { box-shadow: 0 8px 16px rgba(0,0,0, 0.25); }\n    .clima-destaque-em128:hover { box-shadow: 0 18px 36px rgba(0,0,0, 0.35); }\n    .clima-destaque-em128 .clima-header-em128 { background: var(--cor-secundaria); }\n    .clima-destaque-em128 .clima-header-em128 .clima-titulo-em128 { color: var(--cor-txt-secundaria) !important; } \n    .clima-pill-em128 { display: flex; white-space: normal; max-width: 100%; box-sizing: border-box; justify-content: center; align-items: center; text-align: center; background: #e8ebf2; color: var(--cor-primaria); font-size: 11px; font-weight: 900 !important; letter-spacing: 0.5px; padding: 8px 16px; border-radius: 16px; text-transform: uppercase; line-height: 1.4; box-shadow: 0 4px 8px rgba(0,0,0, 0.15); margin-top: auto; transition: transform 0.2s ease; }\n    .clima-destaque-em128 .clima-pill-em128 { background: var(--cor-primaria); color: #ffffff; border: 1px solid #ffffff; } \n    .clima-card-em128:hover .clima-pill-em128 { transform: scale(1.06); }\n    .clima-pill-em128 span { font-weight: 900 !important; color: inherit; } \n    .clima-emoji-em128 { font-size: 24px; line-height: 1; margin-bottom: 5px; }\n    .clima-titulo-em128 { color: var(--cor-primaria); font-size: 16px; text-transform: uppercase; margin-top: 5px; font-weight: bold; }\n    .clima-mes-em128 { font-size: 11px; font-weight: 800; color: var(--cor-primaria); text-transform: uppercase; margin-bottom: 5px; display: block; }\n    .clima-temp-em128 { font-size: 26px; font-weight: 900; color: var(--cor-primaria); margin-bottom: 10px; }\n    .clima-desc-em128 { font-size: 13px; color: #444; text-align: center; line-height: 1.5; margin-bottom: 15px; flex-grow: 1;}\n    .clima-desc-em128 strong { color: #111; }\n    @media (prefers-color-scheme: dark) {\n        .clima-card-em128 { border-color: #2b4182; background-color: #2b4182; box-shadow: 0 6px 12px rgba(0,0,0, 0.5); }\n        .clima-header-em128 { background: #1a1a1a; } .clima-body-em128 { background: #121212; }\n        .clima-destaque-em128 .clima-header-em128 { background: var(--cor-secundaria); }\n        .clima-destaque-em128 .clima-header-em128 .clima-titulo-em128 { color: var(--cor-txt-secundaria) !important; }\n        .clima-titulo-em128 { color: #8da5e8; } .clima-mes-em128 { color: #8da5e8; } .clima-temp-em128 { color: #8da5e8; } .clima-desc-em128 { color: #cccccc; } .clima-desc-em128 strong { color: #ffffff; }\n        .clima-pill-em128 { background: #2b4182; color: #ffffff; box-shadow: 0 4px 8px rgba(0, 0, 0, 0.5); }\n        .clima-destaque-em128 .clima-pill-em128 { background: #3b55a0; color: #ffffff; border-color: #8da5e8; }\n    }\n<\/style>\n<div class=\"google-auto-ads-ignore clima-grid-em128\" style=\"box-sizing: border-box; width: 100%; max-width: 980px; margin: 30px auto; font-family: 'Segoe UI', Roboto, Helvetica, Arial, sans-serif;\">\n    <div class=\"clima-card-em128\" tabindex=\"0\">\n        <div class=\"clima-header-em128\"><div class=\"clima-emoji-em128\" aria-hidden=\"true\">\ud83c\udfd6\ufe0f<\/div><div class=\"clima-titulo-em128\">Ver\u00e3o<\/div><\/div>\n        <div class=\"clima-body-em128\">\n            <time class=\"clima-mes-em128\">Dezembro a fevereiro<\/time><div class=\"clima-temp-em128\">21\u00b0C a 30\u00b0C<\/div>\n            <div class=\"clima-desc-em128\">A alta temporada na Ilha! O mar fica convidativo e agitado, sendo o per\u00edodo perfeito para o <strong>banho de mar e a travessia de barco<\/strong> para a Lagoinha.<\/div>\n            <div class=\"clima-pill-em128\"><span>\u2614 Chuva Alta<\/span><\/div>\n        <\/div>\n    <\/div>\n    <div class=\"clima-card-em128\" tabindex=\"0\">\n        <div class=\"clima-header-em128\"><div class=\"clima-emoji-em128\" aria-hidden=\"true\">\ud83e\udd7e<\/div><div class=\"clima-titulo-em128\">Outono<\/div><\/div>\n        <div class=\"clima-body-em128\">\n            <time class=\"clima-mes-em128\">Mar\u00e7o a maio<\/time><div class=\"clima-temp-em128\">17\u00b0C a 27\u00b0C<\/div>\n            <div class=\"clima-desc-em128\">O calor escaldante e as fortes chuvas cedem espa\u00e7o. O clima estabiliza, abrindo \u00f3tima janela para encarar a c\u00eanica <strong>trilha pelo Matadeiro pela manh\u00e3<\/strong>.<\/div>\n            <div class=\"clima-pill-em128\"><span>\u2601\ufe0f Chuva M\u00e9dia<\/span><\/div>\n        <\/div>\n    <\/div>\n    <div class=\"clima-card-em128 clima-destaque-em128\" tabindex=\"0\">\n        <div class=\"clima-header-em128\"><div class=\"clima-emoji-em128\" aria-hidden=\"true\">\u26f0\ufe0f<\/div><div class=\"clima-titulo-em128\">Inverno<\/div><\/div>\n        <div class=\"clima-body-em128\">\n            <time class=\"clima-mes-em128\">Junho a agosto<\/time><div class=\"clima-temp-em128\">12\u00b0C a 22\u00b0C<\/div>\n            <div class=\"clima-desc-em128\">A \u00e9poca mais segura e seca! O frio catarinense favorece a desgastante subida ao <strong>Morro da Coroa e coincide com a tradicional safra da tainha<\/strong>.<\/div>\n            <div class=\"clima-pill-em128\"><span>\u2b50 Melhor \u00c9poca \/ Trilhas<\/span><\/div>\n        <\/div>\n    <\/div>\n    <div class=\"clima-card-em128\" tabindex=\"0\">\n        <div class=\"clima-header-em128\"><div class=\"clima-emoji-em128\" aria-hidden=\"true\">\ud83c\udf3f<\/div><div class=\"clima-titulo-em128\">Primavera<\/div><\/div>\n        <div class=\"clima-body-em128\">\n            <time class=\"clima-mes-em128\">Setembro a novembro<\/time><div class=\"clima-temp-em128\">15\u00b0C a 25\u00b0C<\/div>\n            <div class=\"clima-desc-em128\">As temperaturas sobem aos poucos. A flora ressurge exuberante e o clima dita o momento para aproveitar a <strong>trilha do P\u00e2ntano do Sul e a lagoa<\/strong>.<\/div>\n            <div class=\"clima-pill-em128\"><span>\u2601\ufe0f Chuva M\u00e9dia<\/span><\/div>\n        <\/div>\n    <\/div>\n<\/div>\n\n\n\n<p><em>Temperaturas aproximadas com base no <a href=\"https:\/\/www.climatempo.com.br\/previsao-do-tempo\/cidade\/377\/florianopolis-sc\" target=\"_blank\" rel=\"noreferrer noopener\"><strong>Climatempo<\/strong><\/a>. Condi\u00e7\u00f5es podem variar.<\/em><\/p>\n\n\n\n<h2 class=\"wp-block-heading\">Como chegar \u00e0 Lagoinha do Leste<\/h2>\n\n\n\n<p>A praia n\u00e3o tem estrada de acesso direto. A partir do centro de <strong>Florian\u00f3polis<\/strong>, siga pela <strong>Rodovia SC-406<\/strong> sentido sul da Ilha, at\u00e9 o <strong>P\u00e2ntano do Sul<\/strong> ou a <strong>Praia da Arma\u00e7\u00e3o<\/strong>. Os dois pontos de in\u00edcio de trilha ficam a cerca de 25 km do centro.<\/p>\n\n\n\n<p>O acesso mais curto come\u00e7a no <strong>P\u00e2ntano do Sul<\/strong>, pela Rua Manoel Pedro de Oliveira, com 2,2 km de trilha. A alternativa mais longa parte da <strong>Praia do Matadeiro<\/strong>, acessada pela <strong>Praia da Arma\u00e7\u00e3o<\/strong>, com 4 km e vista constante do oceano. Durante a alta temporada, barqueiros oferecem travessia de barco pelo <strong>P\u00e2ntano do Sul<\/strong>, sujeita \u00e0s condi\u00e7\u00f5es do mar.<\/p>\n\n\n\n<h2 class=\"wp-block-heading\">Conhe\u00e7a a praia mais selvagem da Ilha<\/h2>\n\n\n\n<p>A Lagoinha do Leste prova que o interior preservado de Florian\u00f3polis ainda reserva cen\u00e1rios raros para quem aceita o esfor\u00e7o de chegar a p\u00e9. Areia larga, lagoa, cachoeira e mata atl\u00e2ntica em um mesmo enquadramento, sem qualquer constru\u00e7\u00e3o \u00e0 vista, tornam a praia uma exce\u00e7\u00e3o no litoral urbano brasileiro.<\/p>\n\n\n\n<p>Voc\u00ea precisa conhecer a Lagoinha do Leste e entender por que a praia escondida no sul da Ilha virou o destino mais cobi\u00e7ado de quem busca natureza intacta na capital catarinense.<\/p>\n","protected":false},"excerpt":{"rendered":"<p>A 34 km do centro de Florian\u00f3polis, a Lagoinha do Leste s\u00f3 pode ser acessada por trilha ou barco e abriga um dos \u00faltimos redutos preservados de Mata Atl\u00e2ntica da Ilha de Santa Catarina. A praia \u00e9 protegida por um parque natural municipal criado em 1992 com \u00e1rea superior a 789 hectares. Por que a [&hellip;]<\/p>\n","protected":false},"author":6,"featured_media":199737,"comment_status":"open","ping_status":"open","sticky":false,"template":"","format":"standard","meta":{"jnews-multi-image_gallery":[],"jnews_single_post":{"format":"standard"},"jnews_primary_category":[],"jnews_social_meta":[],"jnews_override_counter":[],"footnotes":""},"categories":[26],"tags":[183,1183,28783,734],"class_list":["post-198159","post","type-post","status-publish","format-standard","has-post-thumbnail","hentry","category-cidades","tag-cidades","tag-florianopolis","tag-lagoinha-do-leste","tag-santa-catarina"],"yoast_head":"<!-- This site is optimized with the Yoast SEO plugin v23.8 - https:\/\/yoast.com\/wordpress\/plugins\/seo\/ -->\n<title>A praia selvagem da capital: acess\u00edvel s\u00f3 por trilha ou barco, com lagoa, mar azul e zero pr\u00e9dio \u00e0 vista no cora\u00e7\u00e3o da capital - Estado de Minas - Em foco<\/title>\n<meta name=\"description\" content=\"Com mar azul e uma lagoa incr\u00edvel, esta praia na capital \u00e9 o destino ideal para quem busca natureza selvagem e isolamento total.\" \/>\n<meta name=\"robots\" content=\"index, follow, max-snippet:-1, max-image-preview:large, max-video-preview:-1\" \/>\n<link rel=\"canonical\" href=\"https:\/\/www.em.com.br\/emfoco\/2026\/04\/28\/a-praia-selvagem-da-capital-acessivel-so-por-trilha-ou-barco-com-lagoa-mar-azul-e-zero-predio-a-vista-no-coracao-da-capital\/\" \/>\n<meta property=\"og:locale\" content=\"pt_BR\" \/>\n<meta property=\"og:type\" content=\"article\" \/>\n<meta property=\"og:title\" content=\"A praia selvagem da capital: acess\u00edvel s\u00f3 por trilha ou barco, com lagoa, mar azul e zero pr\u00e9dio \u00e0 vista no cora\u00e7\u00e3o da capital - Estado de Minas - Em foco\" \/>\n<meta property=\"og:description\" content=\"Com mar azul e uma lagoa incr\u00edvel, esta praia na capital \u00e9 o destino ideal para quem busca natureza selvagem e isolamento total.\" \/>\n<meta property=\"og:url\" content=\"https:\/\/www.em.com.br\/emfoco\/2026\/04\/28\/a-praia-selvagem-da-capital-acessivel-so-por-trilha-ou-barco-com-lagoa-mar-azul-e-zero-predio-a-vista-no-coracao-da-capital\/\" \/>\n<meta property=\"og:site_name\" content=\"Estado de Minas - Em foco\" \/>\n<meta property=\"article:published_time\" content=\"2026-04-28T13:35:00+00:00\" \/>\n<meta property=\"article:modified_time\" content=\"2026-04-26T00:18:23+00:00\" \/>\n<meta property=\"og:image\" content=\"https:\/\/www.em.com.br\/emfoco\/wp-content\/uploads\/2026\/04\/Woman_touching_lagoon_202604252112.jpg\" \/>\n\t<meta property=\"og:image:width\" content=\"1280\" \/>\n\t<meta property=\"og:image:height\" content=\"720\" \/>\n\t<meta property=\"og:image:type\" content=\"image\/jpeg\" \/>\n<meta name=\"author\" content=\"Vitor Bruno\" \/>\n<meta name=\"twitter:card\" content=\"summary_large_image\" \/>\n<meta name=\"twitter:label1\" content=\"Escrito por\" \/>\n\t<meta name=\"twitter:data1\" content=\"Vitor Bruno\" \/>\n\t<meta name=\"twitter:label2\" content=\"Est. tempo de leitura\" \/>\n\t<meta name=\"twitter:data2\" content=\"7 minutos\" \/>\n<!-- \/ Yoast SEO plugin. -->","yoast_head_json":{"title":"A praia selvagem da capital: acess\u00edvel s\u00f3 por trilha ou barco, com lagoa, mar azul e zero pr\u00e9dio \u00e0 vista no cora\u00e7\u00e3o da capital - Estado de Minas - Em foco","description":"Com mar azul e uma lagoa incr\u00edvel, esta praia na capital \u00e9 o destino ideal para quem busca natureza selvagem e isolamento total.","robots":{"index":"index","follow":"follow","max-snippet":"max-snippet:-1","max-image-preview":"max-image-preview:large","max-video-preview":"max-video-preview:-1"},"canonical":"https:\/\/www.em.com.br\/emfoco\/2026\/04\/28\/a-praia-selvagem-da-capital-acessivel-so-por-trilha-ou-barco-com-lagoa-mar-azul-e-zero-predio-a-vista-no-coracao-da-capital\/","og_locale":"pt_BR","og_type":"article","og_title":"A praia selvagem da capital: acess\u00edvel s\u00f3 por trilha ou barco, com lagoa, mar azul e zero pr\u00e9dio \u00e0 vista no cora\u00e7\u00e3o da capital - Estado de Minas - Em foco","og_description":"Com mar azul e uma lagoa incr\u00edvel, esta praia na capital \u00e9 o destino ideal para quem busca natureza selvagem e isolamento total.","og_url":"https:\/\/www.em.com.br\/emfoco\/2026\/04\/28\/a-praia-selvagem-da-capital-acessivel-so-por-trilha-ou-barco-com-lagoa-mar-azul-e-zero-predio-a-vista-no-coracao-da-capital\/","og_site_name":"Estado de Minas - Em foco","article_published_time":"2026-04-28T13:35:00+00:00","article_modified_time":"2026-04-26T00:18:23+00:00","og_image":[{"width":1280,"height":720,"url":"https:\/\/www.em.com.br\/emfoco\/wp-content\/uploads\/2026\/04\/Woman_touching_lagoon_202604252112.jpg","type":"image\/jpeg"}],"author":"Vitor Bruno","twitter_card":"summary_large_image","twitter_misc":{"Escrito por":"Vitor Bruno","Est. tempo de leitura":"7 minutos"},"schema":{"@context":"https:\/\/schema.org","@graph":[{"@type":"WebPage","@id":"https:\/\/www.em.com.br\/emfoco\/2026\/04\/28\/a-praia-selvagem-da-capital-acessivel-so-por-trilha-ou-barco-com-lagoa-mar-azul-e-zero-predio-a-vista-no-coracao-da-capital\/","url":"https:\/\/www.em.com.br\/emfoco\/2026\/04\/28\/a-praia-selvagem-da-capital-acessivel-so-por-trilha-ou-barco-com-lagoa-mar-azul-e-zero-predio-a-vista-no-coracao-da-capital\/","name":"A praia selvagem da capital: acess\u00edvel s\u00f3 por trilha ou barco, com lagoa, mar azul e zero pr\u00e9dio \u00e0 vista no cora\u00e7\u00e3o da capital - Estado de Minas - Em foco","isPartOf":{"@id":"https:\/\/www.em.com.br\/emfoco\/#website"},"primaryImageOfPage":{"@id":"https:\/\/www.em.com.br\/emfoco\/2026\/04\/28\/a-praia-selvagem-da-capital-acessivel-so-por-trilha-ou-barco-com-lagoa-mar-azul-e-zero-predio-a-vista-no-coracao-da-capital\/#primaryimage"},"image":{"@id":"https:\/\/www.em.com.br\/emfoco\/2026\/04\/28\/a-praia-selvagem-da-capital-acessivel-so-por-trilha-ou-barco-com-lagoa-mar-azul-e-zero-predio-a-vista-no-coracao-da-capital\/#primaryimage"},"thumbnailUrl":"https:\/\/www.em.com.br\/emfoco\/wp-content\/uploads\/2026\/04\/Woman_touching_lagoon_202604252112.jpg","datePublished":"2026-04-28T13:35:00+00:00","dateModified":"2026-04-26T00:18:23+00:00","author":{"@id":"https:\/\/www.em.com.br\/emfoco\/#\/schema\/person\/364ac1852fafd00f1be20f0b8b237569"},"description":"Com mar azul e uma lagoa incr\u00edvel, esta praia na capital \u00e9 o destino ideal para quem busca natureza selvagem e isolamento total.","breadcrumb":{"@id":"https:\/\/www.em.com.br\/emfoco\/2026\/04\/28\/a-praia-selvagem-da-capital-acessivel-so-por-trilha-ou-barco-com-lagoa-mar-azul-e-zero-predio-a-vista-no-coracao-da-capital\/#breadcrumb"},"inLanguage":"pt-BR","potentialAction":[{"@type":"ReadAction","target":["https:\/\/www.em.com.br\/emfoco\/2026\/04\/28\/a-praia-selvagem-da-capital-acessivel-so-por-trilha-ou-barco-com-lagoa-mar-azul-e-zero-predio-a-vista-no-coracao-da-capital\/"]}]},{"@type":"ImageObject","inLanguage":"pt-BR","@id":"https:\/\/www.em.com.br\/emfoco\/2026\/04\/28\/a-praia-selvagem-da-capital-acessivel-so-por-trilha-ou-barco-com-lagoa-mar-azul-e-zero-predio-a-vista-no-coracao-da-capital\/#primaryimage","url":"https:\/\/www.em.com.br\/emfoco\/wp-content\/uploads\/2026\/04\/Woman_touching_lagoon_202604252112.jpg","contentUrl":"https:\/\/www.em.com.br\/emfoco\/wp-content\/uploads\/2026\/04\/Woman_touching_lagoon_202604252112.jpg","width":1280,"height":720,"caption":"A praia selvagem da capital: acess\u00edvel s\u00f3 por trilha ou barco, com lagoa, mar azul e zero pr\u00e9dio \u00e0 vista no cora\u00e7\u00e3o da capital \/\/ IMAGEM ILUSTRATIVA"},{"@type":"BreadcrumbList","@id":"https:\/\/www.em.com.br\/emfoco\/2026\/04\/28\/a-praia-selvagem-da-capital-acessivel-so-por-trilha-ou-barco-com-lagoa-mar-azul-e-zero-predio-a-vista-no-coracao-da-capital\/#breadcrumb","itemListElement":[{"@type":"ListItem","position":1,"name":"In\u00edcio","item":"https:\/\/www.em.com.br\/emfoco\/"},{"@type":"ListItem","position":2,"name":"A praia selvagem da capital: acess\u00edvel s\u00f3 por trilha ou barco, com lagoa, mar azul e zero pr\u00e9dio \u00e0 vista no cora\u00e7\u00e3o da capital"}]},{"@type":"WebSite","@id":"https:\/\/www.em.com.br\/emfoco\/#website","url":"https:\/\/www.em.com.br\/emfoco\/","name":"Estado de Minas - Em foco","description":"Acompanhe as \u00faltimas not\u00edcias e fique bem informado sobre tudo o que acontece em Minas Gerais, Brasil e no mundo.","potentialAction":[{"@type":"SearchAction","target":{"@type":"EntryPoint","urlTemplate":"https:\/\/www.em.com.br\/emfoco\/?s={search_term_string}"},"query-input":{"@type":"PropertyValueSpecification","valueRequired":true,"valueName":"search_term_string"}}],"inLanguage":"pt-BR"},{"@type":"Person","@id":"https:\/\/www.em.com.br\/emfoco\/#\/schema\/person\/364ac1852fafd00f1be20f0b8b237569","name":"Vitor Bruno","image":{"@type":"ImageObject","inLanguage":"pt-BR","@id":"https:\/\/www.em.com.br\/emfoco\/#\/schema\/person\/image\/","url":"https:\/\/secure.gravatar.com\/avatar\/b719e5cdede09f942064960883b5524d?s=96&d=mm&r=g","contentUrl":"https:\/\/secure.gravatar.com\/avatar\/b719e5cdede09f942064960883b5524d?s=96&d=mm&r=g","caption":"Vitor Bruno"},"sameAs":["https:\/\/www.em.com.br\/emfoco\/"],"url":"https:\/\/www.em.com.br\/emfoco\/author\/vitormyth\/"}]}},"_links":{"self":[{"href":"https:\/\/www.em.com.br\/emfoco\/wp-json\/wp\/v2\/posts\/198159","targetHints":{"allow":["GET"]}}],"collection":[{"href":"https:\/\/www.em.com.br\/emfoco\/wp-json\/wp\/v2\/posts"}],"about":[{"href":"https:\/\/www.em.com.br\/emfoco\/wp-json\/wp\/v2\/types\/post"}],"author":[{"embeddable":true,"href":"https:\/\/www.em.com.br\/emfoco\/wp-json\/wp\/v2\/users\/6"}],"replies":[{"embeddable":true,"href":"https:\/\/www.em.com.br\/emfoco\/wp-json\/wp\/v2\/comments?post=198159"}],"version-history":[{"count":3,"href":"https:\/\/www.em.com.br\/emfoco\/wp-json\/wp\/v2\/posts\/198159\/revisions"}],"predecessor-version":[{"id":199745,"href":"https:\/\/www.em.com.br\/emfoco\/wp-json\/wp\/v2\/posts\/198159\/revisions\/199745"}],"wp:featuredmedia":[{"embeddable":true,"href":"https:\/\/www.em.com.br\/emfoco\/wp-json\/wp\/v2\/media\/199737"}],"wp:attachment":[{"href":"https:\/\/www.em.com.br\/emfoco\/wp-json\/wp\/v2\/media?parent=198159"}],"wp:term":[{"taxonomy":"category","embeddable":true,"href":"https:\/\/www.em.com.br\/emfoco\/wp-json\/wp\/v2\/categories?post=198159"},{"taxonomy":"post_tag","embeddable":true,"href":"https:\/\/www.em.com.br\/emfoco\/wp-json\/wp\/v2\/tags?post=198159"}],"curies":[{"name":"wp","href":"https:\/\/api.w.org\/{rel}","templated":true}]}}