{"id":198014,"date":"2026-04-24T19:35:00","date_gmt":"2026-04-24T22:35:00","guid":{"rendered":"https:\/\/www.em.com.br\/emfoco\/?p=198014"},"modified":"2026-04-24T01:04:24","modified_gmt":"2026-04-24T04:04:24","slug":"aposentada-de-66-anos-confere-o-extrato-e-leva-um-susto-com-desconto-de-r-3990-todo-mes-beneficio-do-inss","status":"publish","type":"post","link":"https:\/\/www.em.com.br\/emfoco\/2026\/04\/24\/aposentada-de-66-anos-confere-o-extrato-e-leva-um-susto-com-desconto-de-r-3990-todo-mes-beneficio-do-inss\/","title":{"rendered":"Aposentada de 66 anos confere o extrato e leva um susto com desconto de R$ 39,90 todo m\u00eas"},"content":{"rendered":"\n<p>O caso da aposentada <strong>Iranete Cordeiro<\/strong>, em <strong>Feira de Santana<\/strong>, revelou uma ferida profunda no sistema previdenci\u00e1rio brasileiro. Um pequeno desconto no <strong>benef\u00edcio do INSS<\/strong> era, na verdade, a ponta de um esquema que movimentou bilh\u00f5es de reais ilegalmente.<\/p>\n\n\n\n<h2 class=\"wp-block-heading\">Como funcionava a fraude dos descontos associativos?<\/h2>\n\n\n\n<p>A investiga\u00e7\u00e3o conduzida pela <strong>Pol\u00edcia Federal<\/strong> e pela <strong>Controladoria-Geral da Uni\u00e3o<\/strong> detalhou que entidades usavam acordos de coopera\u00e7\u00e3o para morder fatias das aposentadorias. O esquema utilizava call centers e manipula\u00e7\u00e3o de assinaturas para simular que o idoso havia aceitado o servi\u00e7o.<\/p>\n\n\n\n<p>Estima-se que <strong>R$ 6,3 bilh\u00f5es<\/strong> tenham sido retirados de <strong>6 milh\u00f5es de segurados<\/strong> entre os anos de 2019 e 2024. A fraude cresceu exponencialmente, saltando de um preju\u00edzo de centenas de milh\u00f5es para cifras bilion\u00e1rias em um curto intervalo de tempo, afetando quem mais precisava do dinheiro.<\/p>\n\n\n\n<h2 class=\"wp-block-heading\">O que diz a Instru\u00e7\u00e3o Normativa INSS n\u00ba 186\/2025?<\/h2>\n\n\n\n<p>Para corrigir essa injusti\u00e7a, o governo federal publicou uma <a href=\"https:\/\/www.em.com.br\/emfoco\/2026\/01\/05\/recebeu-um-pix-por-engano-guardar-o-dinheiro-pode-virar-crime-com-detencao-multa-e-investigacao-criminal-alerta-a-legislacao-brasileira\/\" target=\"_blank\" rel=\"noreferrer noopener\">norma espec\u00edfica<\/a> que organiza a devolu\u00e7\u00e3o dos valores subtra\u00eddos sem autoriza\u00e7\u00e3o. A <strong><a href=\"https:\/\/www.in.gov.br\/web\/dou\/-\/instrucao-normativa-pres\/inss-n-186-de-12-de-maio-de-2025-628921963\" target=\"_blank\" rel=\"noreferrer noopener\">Instru\u00e7\u00e3o Normativa n\u00ba 186<\/a><\/strong> estabelece o rito de contesta\u00e7\u00e3o que o aposentado deve seguir para reaver o que lhe foi tirado indevidamente.<\/p>\n\n\n\n<p>At\u00e9 fevereiro de 2026, o <strong>INSS<\/strong> j\u00e1 havia devolvido quase <strong>R$ 3 bilh\u00f5es<\/strong> aos segurados que formalizaram a reclama\u00e7\u00e3o. No entanto, centenas de milhares de pessoas ainda n\u00e3o aceitaram o acordo administrativo, o que atrasa o recebimento dos valores corrigidos pelo <strong>IPCA<\/strong> diretamente na conta banc\u00e1ria.<\/p>\n\n\n<div class=\"wp-block-image\">\n<figure class=\"aligncenter size-large\"><img loading=\"lazy\" decoding=\"async\" width=\"1024\" height=\"576\" src=\"https:\/\/www.em.com.br\/emfoco\/wp-content\/uploads\/2026\/04\/contestacao-em-analise-1-1024x576.jpg\" alt=\"Como uma aposentada de 66 anos recuperou o dinheiro descontado sem autoriza\u00e7\u00e3o - benef\u00edcio do INSS\" class=\"wp-image-198140\" srcset=\"https:\/\/www.em.com.br\/emfoco\/wp-content\/uploads\/2026\/04\/contestacao-em-analise-1-1024x576.jpg 1024w, https:\/\/www.em.com.br\/emfoco\/wp-content\/uploads\/2026\/04\/contestacao-em-analise-1-300x169.jpg 300w, https:\/\/www.em.com.br\/emfoco\/wp-content\/uploads\/2026\/04\/contestacao-em-analise-1-768x432.jpg 768w, https:\/\/www.em.com.br\/emfoco\/wp-content\/uploads\/2026\/04\/contestacao-em-analise-1-750x422.jpg 750w, https:\/\/www.em.com.br\/emfoco\/wp-content\/uploads\/2026\/04\/contestacao-em-analise-1-1140x641.jpg 1140w, https:\/\/www.em.com.br\/emfoco\/wp-content\/uploads\/2026\/04\/contestacao-em-analise-1.jpg 1280w\" sizes=\"auto, (max-width: 1024px) 100vw, 1024px\" \/><figcaption class=\"wp-element-caption\">Como uma aposentada de 66 anos recuperou o dinheiro descontado sem autoriza\u00e7\u00e3o<\/figcaption><\/figure><\/div>\n\n\n<h2 class=\"wp-block-heading\">Quais s\u00e3o os passos para conferir e contestar o desconto?<\/h2>\n\n\n\n<p>O monitoramento frequente do demonstrativo de pagamento \u00e9 a \u00fanica forma de garantir que o <strong>benef\u00edcio do INSS<\/strong> chegue integralmente \u00e0s m\u00e3os do titular. O processo de verifica\u00e7\u00e3o \u00e9 gratuito e pode ser feito totalmente pela internet, sem necessidade de intermedi\u00e1rios ou advogados.<\/p>\n\n\n\n<p>Confira as etapas para garantir o seu ressarcimento:<\/p>\n\n\n\n<ul class=\"wp-block-list\">\n<li>Acesse o aplicativo <strong>Meu INSS<\/strong> e emita o extrato de pagamento detalhado.<\/li>\n\n\n\n<li>Procure por rubricas desconhecidas vinculadas a associa\u00e7\u00f5es ou sindicatos.<\/li>\n\n\n\n<li>Registre a <strong>contesta\u00e7\u00e3o de pagamento<\/strong> diretamente na plataforma digital.<\/li>\n\n\n\n<li>Aguarde o prazo de <strong>15 dias \u00fateis<\/strong> para a entidade apresentar uma prova de ades\u00e3o.<\/li>\n\n\n\n<li>Caso a fraude seja confirmada, aceite o acordo para receber o dinheiro em <strong>3 dias \u00fateis<\/strong>.<\/li>\n<\/ul>\n\n\n\n<h2 class=\"wp-block-heading\">Como funciona o acordo de ressarcimento administrativo?<\/h2>\n\n\n\n<p>Ao aceitar o acordo proposto pelo instituto, o aposentado recebe as parcelas atrasadas com corre\u00e7\u00e3o monet\u00e1ria de forma r\u00e1pida. \u00c9 importante estar ciente de que esse aceite encerra a possibilidade de processar o <strong>INSS<\/strong> pela mesma falha, embora ainda permita a\u00e7\u00f5es judiciais contra as associa\u00e7\u00f5es golpistas.<\/p>\n\n\n\n<p>Para comparar as op\u00e7\u00f5es de recupera\u00e7\u00e3o do dinheiro, veja a tabela abaixo:<\/p>\n\n\n<div class=\"wp-block-image\">\n<figure class=\"aligncenter size-large is-resized\"><img loading=\"lazy\" decoding=\"async\" width=\"1024\" height=\"565\" src=\"https:\/\/www.em.com.br\/emfoco\/wp-content\/uploads\/2026\/04\/image-126-1024x565.png\" alt=\"\" class=\"wp-image-198118\" style=\"width:836px;height:auto\" srcset=\"https:\/\/www.em.com.br\/emfoco\/wp-content\/uploads\/2026\/04\/image-126-1024x565.png 1024w, https:\/\/www.em.com.br\/emfoco\/wp-content\/uploads\/2026\/04\/image-126-300x165.png 300w, https:\/\/www.em.com.br\/emfoco\/wp-content\/uploads\/2026\/04\/image-126-768x424.png 768w, https:\/\/www.em.com.br\/emfoco\/wp-content\/uploads\/2026\/04\/image-126-750x414.png 750w, https:\/\/www.em.com.br\/emfoco\/wp-content\/uploads\/2026\/04\/image-126-1140x629.png 1140w, https:\/\/www.em.com.br\/emfoco\/wp-content\/uploads\/2026\/04\/image-126.png 1280w\" sizes=\"auto, (max-width: 1024px) 100vw, 1024px\" \/><\/figure><\/div>\n\n\n<h2 class=\"wp-block-heading\">Quais s\u00e3o as dicas de seguran\u00e7a para evitar novos golpes?<\/h2>\n\n\n\n<p>O <strong>INSS<\/strong> refor\u00e7a constantemente que n\u00e3o solicita dados pessoais, fotos de documentos ou senhas por meio de aplicativos de mensagem como o WhatsApp. Qualquer abordagem desse tipo deve ser tratada como tentativa de golpe e reportada \u00e0s autoridades de seguran\u00e7a p\u00fablica imediatamente.<\/p>\n\n\n\n<p>Para proteger seu patrim\u00f4nio, siga estas diretrizes:<\/p>\n\n\n\n<ul class=\"wp-block-list\">\n<li>Nunca clique em links enviados por <strong>SMS<\/strong> ou e-mail em nome da previd\u00eancia.<\/li>\n\n\n\n<li>Bloqueie o servi\u00e7o de empr\u00e9stimo consignado se n\u00e3o pretender us\u00e1-lo.<\/li>\n\n\n\n<li>Utilize apenas os canais oficiais como o <a href=\"https:\/\/pt.wikipedia.org\/wiki\/Meu_INSS\" target=\"_blank\" rel=\"noreferrer noopener\">Meu INSS<\/a> ou o telefone <strong>135<\/strong>.<\/li>\n\n\n\n<li>Mantenha o seu cadastro atualizado no portal <a href=\"https:\/\/www.gov.br\/inss\/pt-br\" target=\"_blank\" rel=\"noreferrer noopener\">gov.br<\/a> para receber alertas de acesso.<\/li>\n<\/ul>\n\n\n\n<h2 class=\"wp-block-heading\">Onde buscar ajuda se o prazo de contesta\u00e7\u00e3o expirou?<\/h2>\n\n\n\n<p>Embora o prazo principal para o acordo coletivo tenha se encerrado em mar\u00e7o de 2026, o sistema de reclama\u00e7\u00f5es individuais permanece aberto. O segurado que identificar um desconto novo ou antigo ainda pode buscar a ouvidoria para reaver o <strong>benef\u00edcio do INSS<\/strong>.<\/p>\n\n\n\n<p>A aten\u00e7\u00e3o aos detalhes no extrato mensal salvou <strong>Iranete Cordeiro<\/strong> de um preju\u00edzo cont\u00ednuo e ajudou a desmantelar uma organiza\u00e7\u00e3o criminosa internacional. Ao exercer seu direito de fiscaliza\u00e7\u00e3o, voc\u00ea protege n\u00e3o apenas o seu sustento, mas contribui para a integridade de todo o sistema de seguridade social do pa\u00eds.<\/p>\n","protected":false},"excerpt":{"rendered":"<p>O caso da aposentada Iranete Cordeiro, em Feira de Santana, revelou uma ferida profunda no sistema previdenci\u00e1rio brasileiro. Um pequeno desconto no benef\u00edcio do INSS era, na verdade, a ponta de um esquema que movimentou bilh\u00f5es de reais ilegalmente. Como funcionava a fraude dos descontos associativos? A investiga\u00e7\u00e3o conduzida pela Pol\u00edcia Federal e pela Controladoria-Geral [&hellip;]<\/p>\n","protected":false},"author":30,"featured_media":198032,"comment_status":"open","ping_status":"open","sticky":false,"template":"","format":"standard","meta":{"jnews-multi-image_gallery":[],"jnews_single_post":{"format":"standard"},"jnews_primary_category":[],"jnews_social_meta":[],"jnews_override_counter":[],"footnotes":""},"categories":[28],"tags":[172,163,749,174],"class_list":["post-198014","post","type-post","status-publish","format-standard","has-post-thumbnail","hentry","category-economia","tag-aposentadoria","tag-fraude","tag-golpe","tag-inss"],"yoast_head":"<!-- This site is optimized with the Yoast SEO plugin v23.8 - https:\/\/yoast.com\/wordpress\/plugins\/seo\/ -->\n<title>Aposentada de 66 anos confere o extrato e leva um susto com desconto de R$ 39,90 todo m\u00eas - Estado de Minas - Em foco<\/title>\n<meta name=\"description\" content=\"Entenda o susto que esta aposentada levou ao ver desconto de R$ 39,90 no benef\u00edcio do INSS todo m\u00eas. Veja o esquema bilion\u00e1rio revelado.\" \/>\n<meta name=\"robots\" content=\"index, follow, max-snippet:-1, max-image-preview:large, max-video-preview:-1\" \/>\n<link rel=\"canonical\" href=\"https:\/\/www.em.com.br\/emfoco\/2026\/04\/24\/aposentada-de-66-anos-confere-o-extrato-e-leva-um-susto-com-desconto-de-r-3990-todo-mes-beneficio-do-inss\/\" \/>\n<meta property=\"og:locale\" content=\"pt_BR\" \/>\n<meta property=\"og:type\" content=\"article\" \/>\n<meta property=\"og:title\" content=\"Aposentada de 66 anos confere o extrato e leva um susto com desconto de R$ 39,90 todo m\u00eas - Estado de Minas - Em foco\" \/>\n<meta property=\"og:description\" content=\"Entenda o susto que esta aposentada levou ao ver desconto de R$ 39,90 no benef\u00edcio do INSS todo m\u00eas. Veja o esquema bilion\u00e1rio revelado.\" \/>\n<meta property=\"og:url\" content=\"https:\/\/www.em.com.br\/emfoco\/2026\/04\/24\/aposentada-de-66-anos-confere-o-extrato-e-leva-um-susto-com-desconto-de-r-3990-todo-mes-beneficio-do-inss\/\" \/>\n<meta property=\"og:site_name\" content=\"Estado de Minas - Em foco\" \/>\n<meta property=\"article:published_time\" content=\"2026-04-24T22:35:00+00:00\" \/>\n<meta property=\"article:modified_time\" content=\"2026-04-24T04:04:24+00:00\" \/>\n<meta property=\"og:image\" content=\"https:\/\/www.em.com.br\/emfoco\/wp-content\/uploads\/2026\/04\/EmFoco_57-4.jpg\" \/>\n\t<meta property=\"og:image:width\" content=\"1280\" \/>\n\t<meta property=\"og:image:height\" content=\"720\" \/>\n\t<meta property=\"og:image:type\" content=\"image\/jpeg\" \/>\n<meta name=\"author\" content=\"Guilherme Ara\u00fajo\" \/>\n<meta name=\"twitter:card\" content=\"summary_large_image\" \/>\n<meta name=\"twitter:label1\" content=\"Escrito por\" \/>\n\t<meta name=\"twitter:data1\" content=\"Guilherme Ara\u00fajo\" \/>\n\t<meta name=\"twitter:label2\" content=\"Est. tempo de leitura\" \/>\n\t<meta name=\"twitter:data2\" content=\"5 minutos\" \/>\n<!-- \/ Yoast SEO plugin. -->","yoast_head_json":{"title":"Aposentada de 66 anos confere o extrato e leva um susto com desconto de R$ 39,90 todo m\u00eas - Estado de Minas - Em foco","description":"Entenda o susto que esta aposentada levou ao ver desconto de R$ 39,90 no benef\u00edcio do INSS todo m\u00eas. Veja o esquema bilion\u00e1rio revelado.","robots":{"index":"index","follow":"follow","max-snippet":"max-snippet:-1","max-image-preview":"max-image-preview:large","max-video-preview":"max-video-preview:-1"},"canonical":"https:\/\/www.em.com.br\/emfoco\/2026\/04\/24\/aposentada-de-66-anos-confere-o-extrato-e-leva-um-susto-com-desconto-de-r-3990-todo-mes-beneficio-do-inss\/","og_locale":"pt_BR","og_type":"article","og_title":"Aposentada de 66 anos confere o extrato e leva um susto com desconto de R$ 39,90 todo m\u00eas - Estado de Minas - Em foco","og_description":"Entenda o susto que esta aposentada levou ao ver desconto de R$ 39,90 no benef\u00edcio do INSS todo m\u00eas. Veja o esquema bilion\u00e1rio revelado.","og_url":"https:\/\/www.em.com.br\/emfoco\/2026\/04\/24\/aposentada-de-66-anos-confere-o-extrato-e-leva-um-susto-com-desconto-de-r-3990-todo-mes-beneficio-do-inss\/","og_site_name":"Estado de Minas - Em foco","article_published_time":"2026-04-24T22:35:00+00:00","article_modified_time":"2026-04-24T04:04:24+00:00","og_image":[{"width":1280,"height":720,"url":"https:\/\/www.em.com.br\/emfoco\/wp-content\/uploads\/2026\/04\/EmFoco_57-4.jpg","type":"image\/jpeg"}],"author":"Guilherme Ara\u00fajo","twitter_card":"summary_large_image","twitter_misc":{"Escrito por":"Guilherme Ara\u00fajo","Est. tempo de leitura":"5 minutos"},"schema":{"@context":"https:\/\/schema.org","@graph":[{"@type":"WebPage","@id":"https:\/\/www.em.com.br\/emfoco\/2026\/04\/24\/aposentada-de-66-anos-confere-o-extrato-e-leva-um-susto-com-desconto-de-r-3990-todo-mes-beneficio-do-inss\/","url":"https:\/\/www.em.com.br\/emfoco\/2026\/04\/24\/aposentada-de-66-anos-confere-o-extrato-e-leva-um-susto-com-desconto-de-r-3990-todo-mes-beneficio-do-inss\/","name":"Aposentada de 66 anos confere o extrato e leva um susto com desconto de R$ 39,90 todo m\u00eas - Estado de Minas - Em foco","isPartOf":{"@id":"https:\/\/www.em.com.br\/emfoco\/#website"},"primaryImageOfPage":{"@id":"https:\/\/www.em.com.br\/emfoco\/2026\/04\/24\/aposentada-de-66-anos-confere-o-extrato-e-leva-um-susto-com-desconto-de-r-3990-todo-mes-beneficio-do-inss\/#primaryimage"},"image":{"@id":"https:\/\/www.em.com.br\/emfoco\/2026\/04\/24\/aposentada-de-66-anos-confere-o-extrato-e-leva-um-susto-com-desconto-de-r-3990-todo-mes-beneficio-do-inss\/#primaryimage"},"thumbnailUrl":"https:\/\/www.em.com.br\/emfoco\/wp-content\/uploads\/2026\/04\/EmFoco_57-4.jpg","datePublished":"2026-04-24T22:35:00+00:00","dateModified":"2026-04-24T04:04:24+00:00","author":{"@id":"https:\/\/www.em.com.br\/emfoco\/#\/schema\/person\/5379e929a4b966c775d121e23f9bb421"},"description":"Entenda o susto que esta aposentada levou ao ver desconto de R$ 39,90 no benef\u00edcio do INSS todo m\u00eas. Veja o esquema bilion\u00e1rio revelado.","breadcrumb":{"@id":"https:\/\/www.em.com.br\/emfoco\/2026\/04\/24\/aposentada-de-66-anos-confere-o-extrato-e-leva-um-susto-com-desconto-de-r-3990-todo-mes-beneficio-do-inss\/#breadcrumb"},"inLanguage":"pt-BR","potentialAction":[{"@type":"ReadAction","target":["https:\/\/www.em.com.br\/emfoco\/2026\/04\/24\/aposentada-de-66-anos-confere-o-extrato-e-leva-um-susto-com-desconto-de-r-3990-todo-mes-beneficio-do-inss\/"]}]},{"@type":"ImageObject","inLanguage":"pt-BR","@id":"https:\/\/www.em.com.br\/emfoco\/2026\/04\/24\/aposentada-de-66-anos-confere-o-extrato-e-leva-um-susto-com-desconto-de-r-3990-todo-mes-beneficio-do-inss\/#primaryimage","url":"https:\/\/www.em.com.br\/emfoco\/wp-content\/uploads\/2026\/04\/EmFoco_57-4.jpg","contentUrl":"https:\/\/www.em.com.br\/emfoco\/wp-content\/uploads\/2026\/04\/EmFoco_57-4.jpg","width":1280,"height":720,"caption":"Instru\u00e7\u00e3o normativa organiza devolu\u00e7\u00e3o bilion\u00e1ria de valores descontados indevidamente de benef\u00edcios previdenci\u00e1rios"},{"@type":"BreadcrumbList","@id":"https:\/\/www.em.com.br\/emfoco\/2026\/04\/24\/aposentada-de-66-anos-confere-o-extrato-e-leva-um-susto-com-desconto-de-r-3990-todo-mes-beneficio-do-inss\/#breadcrumb","itemListElement":[{"@type":"ListItem","position":1,"name":"In\u00edcio","item":"https:\/\/www.em.com.br\/emfoco\/"},{"@type":"ListItem","position":2,"name":"Aposentada de 66 anos confere o extrato e leva um susto com desconto de R$ 39,90 todo m\u00eas"}]},{"@type":"WebSite","@id":"https:\/\/www.em.com.br\/emfoco\/#website","url":"https:\/\/www.em.com.br\/emfoco\/","name":"Estado de Minas - Em foco","description":"Acompanhe as \u00faltimas not\u00edcias e fique bem informado sobre tudo o que acontece em Minas Gerais, Brasil e no mundo.","potentialAction":[{"@type":"SearchAction","target":{"@type":"EntryPoint","urlTemplate":"https:\/\/www.em.com.br\/emfoco\/?s={search_term_string}"},"query-input":{"@type":"PropertyValueSpecification","valueRequired":true,"valueName":"search_term_string"}}],"inLanguage":"pt-BR"},{"@type":"Person","@id":"https:\/\/www.em.com.br\/emfoco\/#\/schema\/person\/5379e929a4b966c775d121e23f9bb421","name":"Guilherme Ara\u00fajo","image":{"@type":"ImageObject","inLanguage":"pt-BR","@id":"https:\/\/www.em.com.br\/emfoco\/#\/schema\/person\/image\/","url":"https:\/\/secure.gravatar.com\/avatar\/b8bf1fd0130e170bd8f5d7298dbafa25?s=96&d=mm&r=g","contentUrl":"https:\/\/secure.gravatar.com\/avatar\/b8bf1fd0130e170bd8f5d7298dbafa25?s=96&d=mm&r=g","caption":"Guilherme Ara\u00fajo"},"sameAs":["https:\/\/www.em.com.br\/emfoco"],"url":"https:\/\/www.em.com.br\/emfoco\/author\/guilhermeamyth\/"}]}},"_links":{"self":[{"href":"https:\/\/www.em.com.br\/emfoco\/wp-json\/wp\/v2\/posts\/198014","targetHints":{"allow":["GET"]}}],"collection":[{"href":"https:\/\/www.em.com.br\/emfoco\/wp-json\/wp\/v2\/posts"}],"about":[{"href":"https:\/\/www.em.com.br\/emfoco\/wp-json\/wp\/v2\/types\/post"}],"author":[{"embeddable":true,"href":"https:\/\/www.em.com.br\/emfoco\/wp-json\/wp\/v2\/users\/30"}],"replies":[{"embeddable":true,"href":"https:\/\/www.em.com.br\/emfoco\/wp-json\/wp\/v2\/comments?post=198014"}],"version-history":[{"count":5,"href":"https:\/\/www.em.com.br\/emfoco\/wp-json\/wp\/v2\/posts\/198014\/revisions"}],"predecessor-version":[{"id":198146,"href":"https:\/\/www.em.com.br\/emfoco\/wp-json\/wp\/v2\/posts\/198014\/revisions\/198146"}],"wp:featuredmedia":[{"embeddable":true,"href":"https:\/\/www.em.com.br\/emfoco\/wp-json\/wp\/v2\/media\/198032"}],"wp:attachment":[{"href":"https:\/\/www.em.com.br\/emfoco\/wp-json\/wp\/v2\/media?parent=198014"}],"wp:term":[{"taxonomy":"category","embeddable":true,"href":"https:\/\/www.em.com.br\/emfoco\/wp-json\/wp\/v2\/categories?post=198014"},{"taxonomy":"post_tag","embeddable":true,"href":"https:\/\/www.em.com.br\/emfoco\/wp-json\/wp\/v2\/tags?post=198014"}],"curies":[{"name":"wp","href":"https:\/\/api.w.org\/{rel}","templated":true}]}}