{"id":198012,"date":"2026-04-24T16:15:00","date_gmt":"2026-04-24T19:15:00","guid":{"rendered":"https:\/\/www.em.com.br\/emfoco\/?p=198012"},"modified":"2026-04-24T01:04:30","modified_gmt":"2026-04-24T04:04:30","slug":"empresa-tem-que-pagar-r-15-mil-por-causa-de-figurinhas-em-grupo-do-trabalho","status":"publish","type":"post","link":"https:\/\/www.em.com.br\/emfoco\/2026\/04\/24\/empresa-tem-que-pagar-r-15-mil-por-causa-de-figurinhas-em-grupo-do-trabalho\/","title":{"rendered":"Empresa tem que pagar R$ 15 mil por causa de figurinhas em grupo do trabalho"},"content":{"rendered":"\n<p>O uso de aplicativos de mensagens para agilizar a comunica\u00e7\u00e3o interna tornou-se um padr\u00e3o nas corpora\u00e7\u00f5es brasileiras. No entanto, o envio de <strong>figurinhas em grupo<\/strong> com teor ofensivo est\u00e1 gerando condena\u00e7\u00f5es pesadas para empresas que negligenciam a conduta de seus colaboradores.<\/p>\n\n\n\n<h2 class=\"wp-block-heading\">Por que a justi\u00e7a considera o WhatsApp uma extens\u00e3o do trabalho?<\/h2>\n\n\n\n<p>Os <strong><a href=\"https:\/\/www.em.com.br\/emfoco\/2025\/12\/20\/a-legislacao-de-protecao-animal-confirma-e-proibido-manter-caes-ou-gatos-permanentemente-em-terracos-ou-varandas\/\" target=\"_blank\" rel=\"noreferrer noopener\">tribunais brasileiros<\/a><\/strong> consolidaram o entendimento de que o ambiente digital administrado pela empresa \u00e9, juridicamente, parte do local de trabalho. Isso significa que o empregador tem o dever legal de zelar pela honra e dignidade dos funcion\u00e1rios tamb\u00e9m nos canais virtuais de comunica\u00e7\u00e3o.<\/p>\n\n\n\n<p>Em abril de 2026, uma empresa foi condenada a pagar <strong>R$ 15.000,00<\/strong> por tolerar, durante anos, coment\u00e1rios e apelidos sobre a apar\u00eancia de um colaborador. O magistrado aplicou os <strong>artigos 223-A a 223-G da CLT<\/strong>, que protegem a sa\u00fade ps\u00edquica e a imagem do trabalhador contra danos extrapatrimoniais.<\/p>\n\n\n\n<h2 class=\"wp-block-heading\">Qual \u00e9 o limite da responsabilidade da empresa nos grupos?<\/h2>\n\n\n\n<p>A responsabilidade do patr\u00e3o n\u00e3o \u00e9 absoluta e depende do tipo de grupo onde ocorreu a ofensa. A distin\u00e7\u00e3o feita pela <strong>Justi\u00e7a do Trabalho<\/strong> foca na ci\u00eancia ou na administra\u00e7\u00e3o do canal por parte da chefia ou do setor de gest\u00e3o de pessoas da organiza\u00e7\u00e3o.<\/p>\n\n\n\n<p>Confira a tabela de responsabilidades conforme o tipo de intera\u00e7\u00e3o:<\/p>\n\n\n<div class=\"wp-block-image\">\n<figure class=\"aligncenter size-large is-resized\"><img loading=\"lazy\" decoding=\"async\" width=\"1024\" height=\"565\" src=\"https:\/\/www.em.com.br\/emfoco\/wp-content\/uploads\/2026\/04\/image-125-1024x565.png\" alt=\"\" class=\"wp-image-198116\" style=\"width:830px;height:auto\" srcset=\"https:\/\/www.em.com.br\/emfoco\/wp-content\/uploads\/2026\/04\/image-125-1024x565.png 1024w, https:\/\/www.em.com.br\/emfoco\/wp-content\/uploads\/2026\/04\/image-125-300x165.png 300w, https:\/\/www.em.com.br\/emfoco\/wp-content\/uploads\/2026\/04\/image-125-768x424.png 768w, https:\/\/www.em.com.br\/emfoco\/wp-content\/uploads\/2026\/04\/image-125-750x414.png 750w, https:\/\/www.em.com.br\/emfoco\/wp-content\/uploads\/2026\/04\/image-125-1140x629.png 1140w, https:\/\/www.em.com.br\/emfoco\/wp-content\/uploads\/2026\/04\/image-125.png 1280w\" sizes=\"auto, (max-width: 1024px) 100vw, 1024px\" \/><\/figure><\/div>\n\n\n<h2 class=\"wp-block-heading\">Como as figurinhas s\u00e3o usadas como prova judicial?<\/h2>\n\n\n\n<p>As capturas de tela, popularmente conhecidas como prints, s\u00e3o aceitas como prova documental leg\u00edtima em processos trabalhistas. Para que as <strong>figurinhas em grupo<\/strong> sirvam de evid\u00eancia, \u00e9 fundamental que o registro mostre o contexto da conversa, a data e a identifica\u00e7\u00e3o clara dos participantes envolvidos.<\/p>\n\n\n\n<p>O <strong>Artigo 223-C da CLT<\/strong> estabelece que a intimidade e a liberdade s\u00e3o bens jur\u00eddicos protegidos. Quando um sticker ataca esses valores, o <strong><a href=\"https:\/\/www.tst.jus.br\/\" target=\"_blank\" rel=\"noreferrer noopener\">Tribunal Superior do Trabalho<\/a><\/strong> entende que h\u00e1 o dever de indenizar, especialmente se a empresa, ciente do ocorrido, n\u00e3o aplicar as san\u00e7\u00f5es disciplinares cab\u00edveis aos agressores.<\/p>\n\n\n<div class=\"wp-block-image\">\n<figure class=\"aligncenter size-large\"><img loading=\"lazy\" decoding=\"async\" width=\"1024\" height=\"576\" src=\"https:\/\/www.em.com.br\/emfoco\/wp-content\/uploads\/2026\/04\/piadas-1024x576.jpg\" alt=\"Uso de figurinhas ofensivas gera indeniza\u00e7\u00e3o pesada na Justi\u00e7a\" class=\"wp-image-198141\" srcset=\"https:\/\/www.em.com.br\/emfoco\/wp-content\/uploads\/2026\/04\/piadas-1024x576.jpg 1024w, https:\/\/www.em.com.br\/emfoco\/wp-content\/uploads\/2026\/04\/piadas-300x169.jpg 300w, https:\/\/www.em.com.br\/emfoco\/wp-content\/uploads\/2026\/04\/piadas-768x432.jpg 768w, https:\/\/www.em.com.br\/emfoco\/wp-content\/uploads\/2026\/04\/piadas-750x422.jpg 750w, https:\/\/www.em.com.br\/emfoco\/wp-content\/uploads\/2026\/04\/piadas-1140x641.jpg 1140w, https:\/\/www.em.com.br\/emfoco\/wp-content\/uploads\/2026\/04\/piadas.jpg 1280w\" sizes=\"auto, (max-width: 1024px) 100vw, 1024px\" \/><figcaption class=\"wp-element-caption\">Uso de figurinhas ofensivas gera indeniza\u00e7\u00e3o pesada na Justi\u00e7a<\/figcaption><\/figure><\/div>\n\n\n<h3 class=\"wp-block-heading\">O que o empregador e funcion\u00e1rio deve fazer para evitar condena\u00e7\u00f5es?<\/h3>\n\n\n\n<p>Para se proteger, as institui\u00e7\u00f5es devem formalizar pol\u00edticas de uso de comunica\u00e7\u00e3o digital, estabelecendo o que \u00e9 aceit\u00e1vel na &#8220;netiqueta&#8221; corporativa. O <strong>C\u00f3digo Civil<\/strong>, em seus artigos 186 e 927, prev\u00ea que a omiss\u00e3o gera responsabilidade civil, portanto, a empresa deve agir imediatamente ao detectar abusos.<\/p>\n\n\n\n<p>V\u00edtimas de exposi\u00e7\u00e3o indevida ou chacotas por meio de <strong>figurinhas em grupo<\/strong> devem preservar as provas antes que as mensagens sejam apagadas. O caminho recomendado envolve o registro da ocorr\u00eancia nos canais de ouvidoria internos e, caso n\u00e3o haja solu\u00e7\u00e3o, a busca por apoio no sindicato ou na justi\u00e7a.<\/p>\n\n\n\n<h2 class=\"wp-block-heading\">Quais cuidados tomar ao enviar mensagens no grupo da firma?<\/h2>\n\n\n\n<p>A liberdade de express\u00e3o n\u00e3o autoriza ataques \u00e0 honra de colegas ou superiores. O <strong>TRT da 3\u00aa Regi\u00e3o<\/strong> j\u00e1 avaliou casos onde a demiss\u00e3o por justa causa foi discutida, ressaltando que o desrespeito constante pode romper a confian\u00e7a necess\u00e1ria para a manuten\u00e7\u00e3o do contrato de trabalho.<\/p>\n\n\n\n<p>Siga estas diretrizes para uma conviv\u00eancia digital segura:<\/p>\n\n\n\n<ul class=\"wp-block-list\">\n<li>Evite compartilhar stickers que fa\u00e7am piadas com caracter\u00edsticas f\u00edsicas de colegas.<\/li>\n\n\n\n<li>N\u00e3o utilize o <strong>grupo do trabalho<\/strong> para manifesta\u00e7\u00f5es agressivas sobre atrasos ou ordens.<\/li>\n\n\n\n<li>Lembre-se que o conte\u00fado pode ser usado como prova em processos de danos morais.<\/li>\n\n\n\n<li>Respeite os hor\u00e1rios de descanso e as normas de conduta da <strong>Constitui\u00e7\u00e3o Federal<\/strong>.<\/li>\n<\/ul>\n\n\n\n<p>A era das redes sociais exige uma nova postura \u00e9tica dentro das corpora\u00e7\u00f5es. Com indeniza\u00e7\u00f5es atingindo valores como <strong>R$ 15 mil<\/strong>, o cuidado com o que \u00e9 postado e o que \u00e9 tolerado em cada <strong>figurinhas em grupo<\/strong> tornou-se uma quest\u00e3o de sobreviv\u00eancia financeira e jur\u00eddica para as empresas brasileiras em 2026.<\/p>\n","protected":false},"excerpt":{"rendered":"<p>O uso de aplicativos de mensagens para agilizar a comunica\u00e7\u00e3o interna tornou-se um padr\u00e3o nas corpora\u00e7\u00f5es brasileiras. No entanto, o envio de figurinhas em grupo com teor ofensivo est\u00e1 gerando condena\u00e7\u00f5es pesadas para empresas que negligenciam a conduta de seus colaboradores. Por que a justi\u00e7a considera o WhatsApp uma extens\u00e3o do trabalho? Os tribunais brasileiros [&hellip;]<\/p>\n","protected":false},"author":30,"featured_media":198033,"comment_status":"open","ping_status":"open","sticky":false,"template":"","format":"standard","meta":{"jnews-multi-image_gallery":[],"jnews_single_post":{"format":"standard"},"jnews_primary_category":[],"jnews_social_meta":[],"jnews_override_counter":[],"footnotes":""},"categories":[28],"tags":[1052,1332,508,2814],"class_list":["post-198012","post","type-post","status-publish","format-standard","has-post-thumbnail","hentry","category-economia","tag-clt","tag-indenizacao","tag-trabalho","tag-whatsapp"],"yoast_head":"<!-- This site is optimized with the Yoast SEO plugin v23.8 - https:\/\/yoast.com\/wordpress\/plugins\/seo\/ -->\n<title>Empresa tem que pagar R$ 15 mil por causa de figurinhas em grupo do trabalho - Estado de Minas - Em foco<\/title>\n<meta name=\"description\" content=\"Entenda por que esta empresa tem que pagar R$ 15 mil por causa de figurinhas em grupo do trabalho. Veja a condena\u00e7\u00e3o por teor ofensivo.\" \/>\n<meta name=\"robots\" content=\"index, follow, max-snippet:-1, max-image-preview:large, max-video-preview:-1\" \/>\n<link rel=\"canonical\" href=\"https:\/\/www.em.com.br\/emfoco\/2026\/04\/24\/empresa-tem-que-pagar-r-15-mil-por-causa-de-figurinhas-em-grupo-do-trabalho\/\" \/>\n<meta property=\"og:locale\" content=\"pt_BR\" \/>\n<meta property=\"og:type\" content=\"article\" \/>\n<meta property=\"og:title\" content=\"Empresa tem que pagar R$ 15 mil por causa de figurinhas em grupo do trabalho - Estado de Minas - Em foco\" \/>\n<meta property=\"og:description\" content=\"Entenda por que esta empresa tem que pagar R$ 15 mil por causa de figurinhas em grupo do trabalho. Veja a condena\u00e7\u00e3o por teor ofensivo.\" \/>\n<meta property=\"og:url\" content=\"https:\/\/www.em.com.br\/emfoco\/2026\/04\/24\/empresa-tem-que-pagar-r-15-mil-por-causa-de-figurinhas-em-grupo-do-trabalho\/\" \/>\n<meta property=\"og:site_name\" content=\"Estado de Minas - Em foco\" \/>\n<meta property=\"article:published_time\" content=\"2026-04-24T19:15:00+00:00\" \/>\n<meta property=\"article:modified_time\" content=\"2026-04-24T04:04:30+00:00\" \/>\n<meta property=\"og:image\" content=\"https:\/\/www.em.com.br\/emfoco\/wp-content\/uploads\/2026\/04\/EmFoco_56-4.jpg\" \/>\n\t<meta property=\"og:image:width\" content=\"1280\" \/>\n\t<meta property=\"og:image:height\" content=\"720\" \/>\n\t<meta property=\"og:image:type\" content=\"image\/jpeg\" \/>\n<meta name=\"author\" content=\"Guilherme Ara\u00fajo\" \/>\n<meta name=\"twitter:card\" content=\"summary_large_image\" \/>\n<meta name=\"twitter:label1\" content=\"Escrito por\" \/>\n\t<meta name=\"twitter:data1\" content=\"Guilherme Ara\u00fajo\" \/>\n\t<meta name=\"twitter:label2\" content=\"Est. tempo de leitura\" \/>\n\t<meta name=\"twitter:data2\" content=\"4 minutos\" \/>\n<!-- \/ Yoast SEO plugin. -->","yoast_head_json":{"title":"Empresa tem que pagar R$ 15 mil por causa de figurinhas em grupo do trabalho - Estado de Minas - Em foco","description":"Entenda por que esta empresa tem que pagar R$ 15 mil por causa de figurinhas em grupo do trabalho. Veja a condena\u00e7\u00e3o por teor ofensivo.","robots":{"index":"index","follow":"follow","max-snippet":"max-snippet:-1","max-image-preview":"max-image-preview:large","max-video-preview":"max-video-preview:-1"},"canonical":"https:\/\/www.em.com.br\/emfoco\/2026\/04\/24\/empresa-tem-que-pagar-r-15-mil-por-causa-de-figurinhas-em-grupo-do-trabalho\/","og_locale":"pt_BR","og_type":"article","og_title":"Empresa tem que pagar R$ 15 mil por causa de figurinhas em grupo do trabalho - Estado de Minas - Em foco","og_description":"Entenda por que esta empresa tem que pagar R$ 15 mil por causa de figurinhas em grupo do trabalho. Veja a condena\u00e7\u00e3o por teor ofensivo.","og_url":"https:\/\/www.em.com.br\/emfoco\/2026\/04\/24\/empresa-tem-que-pagar-r-15-mil-por-causa-de-figurinhas-em-grupo-do-trabalho\/","og_site_name":"Estado de Minas - Em foco","article_published_time":"2026-04-24T19:15:00+00:00","article_modified_time":"2026-04-24T04:04:30+00:00","og_image":[{"width":1280,"height":720,"url":"https:\/\/www.em.com.br\/emfoco\/wp-content\/uploads\/2026\/04\/EmFoco_56-4.jpg","type":"image\/jpeg"}],"author":"Guilherme Ara\u00fajo","twitter_card":"summary_large_image","twitter_misc":{"Escrito por":"Guilherme Ara\u00fajo","Est. tempo de leitura":"4 minutos"},"schema":{"@context":"https:\/\/schema.org","@graph":[{"@type":"WebPage","@id":"https:\/\/www.em.com.br\/emfoco\/2026\/04\/24\/empresa-tem-que-pagar-r-15-mil-por-causa-de-figurinhas-em-grupo-do-trabalho\/","url":"https:\/\/www.em.com.br\/emfoco\/2026\/04\/24\/empresa-tem-que-pagar-r-15-mil-por-causa-de-figurinhas-em-grupo-do-trabalho\/","name":"Empresa tem que pagar R$ 15 mil por causa de figurinhas em grupo do trabalho - Estado de Minas - Em foco","isPartOf":{"@id":"https:\/\/www.em.com.br\/emfoco\/#website"},"primaryImageOfPage":{"@id":"https:\/\/www.em.com.br\/emfoco\/2026\/04\/24\/empresa-tem-que-pagar-r-15-mil-por-causa-de-figurinhas-em-grupo-do-trabalho\/#primaryimage"},"image":{"@id":"https:\/\/www.em.com.br\/emfoco\/2026\/04\/24\/empresa-tem-que-pagar-r-15-mil-por-causa-de-figurinhas-em-grupo-do-trabalho\/#primaryimage"},"thumbnailUrl":"https:\/\/www.em.com.br\/emfoco\/wp-content\/uploads\/2026\/04\/EmFoco_56-4.jpg","datePublished":"2026-04-24T19:15:00+00:00","dateModified":"2026-04-24T04:04:30+00:00","author":{"@id":"https:\/\/www.em.com.br\/emfoco\/#\/schema\/person\/5379e929a4b966c775d121e23f9bb421"},"description":"Entenda por que esta empresa tem que pagar R$ 15 mil por causa de figurinhas em grupo do trabalho. Veja a condena\u00e7\u00e3o por teor ofensivo.","breadcrumb":{"@id":"https:\/\/www.em.com.br\/emfoco\/2026\/04\/24\/empresa-tem-que-pagar-r-15-mil-por-causa-de-figurinhas-em-grupo-do-trabalho\/#breadcrumb"},"inLanguage":"pt-BR","potentialAction":[{"@type":"ReadAction","target":["https:\/\/www.em.com.br\/emfoco\/2026\/04\/24\/empresa-tem-que-pagar-r-15-mil-por-causa-de-figurinhas-em-grupo-do-trabalho\/"]}]},{"@type":"ImageObject","inLanguage":"pt-BR","@id":"https:\/\/www.em.com.br\/emfoco\/2026\/04\/24\/empresa-tem-que-pagar-r-15-mil-por-causa-de-figurinhas-em-grupo-do-trabalho\/#primaryimage","url":"https:\/\/www.em.com.br\/emfoco\/wp-content\/uploads\/2026\/04\/EmFoco_56-4.jpg","contentUrl":"https:\/\/www.em.com.br\/emfoco\/wp-content\/uploads\/2026\/04\/EmFoco_56-4.jpg","width":1280,"height":720,"caption":"Tribunais brasileiros condenam empresas por ass\u00e9dio moral praticado atrav\u00e9s de figurinhas ofensivas"},{"@type":"BreadcrumbList","@id":"https:\/\/www.em.com.br\/emfoco\/2026\/04\/24\/empresa-tem-que-pagar-r-15-mil-por-causa-de-figurinhas-em-grupo-do-trabalho\/#breadcrumb","itemListElement":[{"@type":"ListItem","position":1,"name":"In\u00edcio","item":"https:\/\/www.em.com.br\/emfoco\/"},{"@type":"ListItem","position":2,"name":"Empresa tem que pagar R$ 15 mil por causa de figurinhas em grupo do trabalho"}]},{"@type":"WebSite","@id":"https:\/\/www.em.com.br\/emfoco\/#website","url":"https:\/\/www.em.com.br\/emfoco\/","name":"Estado de Minas - Em foco","description":"Acompanhe as \u00faltimas not\u00edcias e fique bem informado sobre tudo o que acontece em Minas Gerais, Brasil e no mundo.","potentialAction":[{"@type":"SearchAction","target":{"@type":"EntryPoint","urlTemplate":"https:\/\/www.em.com.br\/emfoco\/?s={search_term_string}"},"query-input":{"@type":"PropertyValueSpecification","valueRequired":true,"valueName":"search_term_string"}}],"inLanguage":"pt-BR"},{"@type":"Person","@id":"https:\/\/www.em.com.br\/emfoco\/#\/schema\/person\/5379e929a4b966c775d121e23f9bb421","name":"Guilherme Ara\u00fajo","image":{"@type":"ImageObject","inLanguage":"pt-BR","@id":"https:\/\/www.em.com.br\/emfoco\/#\/schema\/person\/image\/","url":"https:\/\/secure.gravatar.com\/avatar\/b8bf1fd0130e170bd8f5d7298dbafa25?s=96&d=mm&r=g","contentUrl":"https:\/\/secure.gravatar.com\/avatar\/b8bf1fd0130e170bd8f5d7298dbafa25?s=96&d=mm&r=g","caption":"Guilherme Ara\u00fajo"},"sameAs":["https:\/\/www.em.com.br\/emfoco"],"url":"https:\/\/www.em.com.br\/emfoco\/author\/guilhermeamyth\/"}]}},"_links":{"self":[{"href":"https:\/\/www.em.com.br\/emfoco\/wp-json\/wp\/v2\/posts\/198012","targetHints":{"allow":["GET"]}}],"collection":[{"href":"https:\/\/www.em.com.br\/emfoco\/wp-json\/wp\/v2\/posts"}],"about":[{"href":"https:\/\/www.em.com.br\/emfoco\/wp-json\/wp\/v2\/types\/post"}],"author":[{"embeddable":true,"href":"https:\/\/www.em.com.br\/emfoco\/wp-json\/wp\/v2\/users\/30"}],"replies":[{"embeddable":true,"href":"https:\/\/www.em.com.br\/emfoco\/wp-json\/wp\/v2\/comments?post=198012"}],"version-history":[{"count":3,"href":"https:\/\/www.em.com.br\/emfoco\/wp-json\/wp\/v2\/posts\/198012\/revisions"}],"predecessor-version":[{"id":198142,"href":"https:\/\/www.em.com.br\/emfoco\/wp-json\/wp\/v2\/posts\/198012\/revisions\/198142"}],"wp:featuredmedia":[{"embeddable":true,"href":"https:\/\/www.em.com.br\/emfoco\/wp-json\/wp\/v2\/media\/198033"}],"wp:attachment":[{"href":"https:\/\/www.em.com.br\/emfoco\/wp-json\/wp\/v2\/media?parent=198012"}],"wp:term":[{"taxonomy":"category","embeddable":true,"href":"https:\/\/www.em.com.br\/emfoco\/wp-json\/wp\/v2\/categories?post=198012"},{"taxonomy":"post_tag","embeddable":true,"href":"https:\/\/www.em.com.br\/emfoco\/wp-json\/wp\/v2\/tags?post=198012"}],"curies":[{"name":"wp","href":"https:\/\/api.w.org\/{rel}","templated":true}]}}