{"id":198005,"date":"2026-04-24T21:45:00","date_gmt":"2026-04-25T00:45:00","guid":{"rendered":"https:\/\/www.em.com.br\/emfoco\/?p=198005"},"modified":"2026-04-24T01:04:34","modified_gmt":"2026-04-24T04:04:34","slug":"nova-regra-ja-em-vigor-proibe-pets-de-viajarem-sem-o-dono-e-impoe-limite-de-ate-cinco-dias","status":"publish","type":"post","link":"https:\/\/www.em.com.br\/emfoco\/2026\/04\/24\/nova-regra-ja-em-vigor-proibe-pets-de-viajarem-sem-o-dono-e-impoe-limite-de-ate-cinco-dias\/","title":{"rendered":"Nova regra j\u00e1 em vigor pro\u00edbe pets de viajarem sem o dono e imp\u00f5e limite de at\u00e9 cinco dias"},"content":{"rendered":"\n<p>O transporte de animais dom\u00e9sticos entre os pa\u00edses da <strong>Europa <\/strong>agora conta com uma fiscaliza\u00e7\u00e3o muito mais rigorosa. A legisla\u00e7\u00e3o que <strong>pro\u00edbe pets de viajarem<\/strong> sem a presen\u00e7a imediata de seus tutores busca encerrar o com\u00e9rcio ilegal de c\u00e3es e gatos sob o disfarce de passeios particulares.<\/p>\n\n\n\n<h2 class=\"wp-block-heading\">Como funciona a regra dos cinco dias para terceiros acompanhantes?<\/h2>\n\n\n\n<p>A nova norma estabelece que, caso o propriet\u00e1rio n\u00e3o possa acompanhar o animal, ele deve autorizar uma pessoa de confian\u00e7a por escrito. No entanto, o pet s\u00f3 poder\u00e1 realizar o trajeto em um intervalo m\u00e1ximo de <strong>5 dias<\/strong> antes ou depois do deslocamento oficial do seu dono.<\/p>\n\n\n\n<p>Essa <a href=\"https:\/\/www.em.com.br\/emfoco\/2026\/04\/21\/legislacao-garante-10-situacoes-que-o-trabalhador-pode-faltar-sem-ter-desconto-no-salario-ou-ser-punido\/\" target=\"_blank\" rel=\"noreferrer noopener\">medida \u00e9 uma estrat\u00e9gia<\/a> para garantir que o movimento n\u00e3o tenha fins comerciais ocultos. Se o animal ultrapassar esse prazo de dist\u00e2ncia da viagem do tutor, ele deixa de ser considerado um animal de companhia e passa a responder \u00e0s burocracias de importa\u00e7\u00e3o comercial, conforme as diretrizes da <a href=\"https:\/\/pt.wikipedia.org\/wiki\/Uni%C3%A3o_Europeia\" target=\"_blank\" rel=\"noreferrer noopener\">Uni\u00e3o Europeia<\/a>.<\/p>\n\n\n\n<h2 class=\"wp-block-heading\">Qual \u00e9 o novo limite de animais permitidos por ve\u00edculo?<\/h2>\n\n\n\n<p>Uma das mudan\u00e7as mais significativas do <strong>Regulamento Delegado (UE) 2026\/131<\/strong> \u00e9 o teto para o transporte coletivo em carros particulares. Agora, o limite m\u00e1ximo \u00e9 de apenas <strong>5 animais<\/strong> por ve\u00edculo, independentemente de quantos passageiros humanos estejam a bordo do autom\u00f3vel.<\/p>\n\n\n\n<p>Existem exce\u00e7\u00f5es pontuais para quem participa de competi\u00e7\u00f5es ou eventos esportivos, mas a comprova\u00e7\u00e3o documental deve ser apresentada em cada fronteira. Essa altera\u00e7\u00e3o visa impedir que vans particulares transportem dezenas de animais sem as condi\u00e7\u00f5es sanit\u00e1rias adequadas que s\u00e3o exigidas de empresas de log\u00edstica profissional.<\/p>\n\n\n\n<h2 class=\"wp-block-heading\">Como essa nova regra afeta os brasileiros?<\/h2>\n\n\n\n<p>Brasileiros que viajam com pets para pa\u00edses da <strong>Europa<\/strong> precisam ficar mais atentos \u00e0s novas exig\u00eancias. As regras mais r\u00edgidas de fiscaliza\u00e7\u00e3o passaram a exigir que o <strong>transporte de c\u00e3es e gatos<\/strong> esteja diretamente ligado \u00e0 presen\u00e7a do tutor, o que dificulta viagens em que o animal segue sozinho ou com terceiros sem um v\u00ednculo formal e recente com o deslocamento do dono.<\/p>\n\n\n\n<p>Na pr\u00e1tica, isso significa que quem pretende levar um pet precisa organizar a viagem com mais planejamento, j\u00e1 que h\u00e1 limite de at\u00e9 <strong>5 dias de diferen\u00e7a<\/strong> quando outra pessoa acompanha o animal. Al\u00e9m disso, qualquer situa\u00e7\u00e3o fora desse padr\u00e3o pode fazer o pet ser enquadrado como transporte comercial, o que envolve mais documentos, taxas e regras sanit\u00e1rias bem mais r\u00edgidas.<\/p>\n\n\n<div class=\"wp-block-image\">\n<figure class=\"aligncenter size-large\"><img loading=\"lazy\" decoding=\"async\" width=\"1024\" height=\"576\" src=\"https:\/\/www.em.com.br\/emfoco\/wp-content\/uploads\/2026\/04\/cachorro-passaport-1-1024x576.jpg\" alt=\"Nova regra exige presen\u00e7a do tutor e define prazos rigorosos\" class=\"wp-image-198130\" srcset=\"https:\/\/www.em.com.br\/emfoco\/wp-content\/uploads\/2026\/04\/cachorro-passaport-1-1024x576.jpg 1024w, https:\/\/www.em.com.br\/emfoco\/wp-content\/uploads\/2026\/04\/cachorro-passaport-1-300x169.jpg 300w, https:\/\/www.em.com.br\/emfoco\/wp-content\/uploads\/2026\/04\/cachorro-passaport-1-768x432.jpg 768w, https:\/\/www.em.com.br\/emfoco\/wp-content\/uploads\/2026\/04\/cachorro-passaport-1-750x422.jpg 750w, https:\/\/www.em.com.br\/emfoco\/wp-content\/uploads\/2026\/04\/cachorro-passaport-1-1140x641.jpg 1140w, https:\/\/www.em.com.br\/emfoco\/wp-content\/uploads\/2026\/04\/cachorro-passaport-1.jpg 1280w\" sizes=\"auto, (max-width: 1024px) 100vw, 1024px\" \/><figcaption class=\"wp-element-caption\">Nova regra exige presen\u00e7a do tutor e define prazos rigorosos<\/figcaption><\/figure><\/div>\n\n\n<h3 class=\"wp-block-heading\">O que \u00e9 obrigat\u00f3rio para viajar com pets pela Europa?<\/h3>\n\n\n\n<p>Para circular sem problemas pela <strong>Uni\u00e3o Europeia<\/strong>, c\u00e3es, gatos e fur\u00f5es precisam do <strong>Passaporte Europeu<\/strong> para <strong>Animais de Companhia<\/strong> atualizado, sempre vinculado a um microchip de identifica\u00e7\u00e3o. Esse documento \u00e9 o principal controle sanit\u00e1rio e garante que vacinas, como a antirr\u00e1bica, estejam registradas corretamente.<\/p>\n\n\n\n<p>Al\u00e9m disso, alguns destinos t\u00eam regras extras e mais r\u00edgidas, o que exige aten\u00e7\u00e3o antes da viagem. Veja os principais casos:<\/p>\n\n\n\n<ul class=\"wp-block-list\">\n<li>A exig\u00eancia vale especialmente para c\u00e3es, com comprova\u00e7\u00e3o no passaporte europeu<\/li>\n\n\n\n<li>Irlanda, Malta, Finl\u00e2ndia e Noruega exigem tratamento antiparasit\u00e1rio obrigat\u00f3rio antes da entrada<\/li>\n\n\n\n<li>O procedimento deve seguir prazo espec\u00edfico antes do embarque<\/li>\n<\/ul>\n\n\n\n<h2 class=\"wp-block-heading\">Como a nova regra afeta os residentes do Reino Unido?<\/h2>\n\n\n\n<p>Com a atualiza\u00e7\u00e3o de 2026, os propriet\u00e1rios que vivem na Gr\u00e3-Bretanha perderam o direito de usar os passaportes europeus antigos. Agora, para entrar no continente, \u00e9 obrigat\u00f3rio solicitar o <strong>Animal Health Certificate<\/strong> (AHC) pouco antes de iniciar cada nova viagem com o animal.<\/p>\n\n\n\n<p>De acordo com o <a href=\"https:\/\/www.mapa.gob.es\/es\/\" target=\"_blank\" rel=\"noreferrer noopener\">Minist\u00e9rio de Agricultura, Pesca e Alimenta\u00e7\u00e3o da Espanha<\/a>, essa mudan\u00e7a \u00e9 essencial para manter o controle sanit\u00e1rio p\u00f3s-Brexit. Para facilitar o entendimento das novas exig\u00eancias, veja a tabela de crit\u00e9rios para o transporte seguro:<\/p>\n\n\n\n<p>Confira os principais requisitos para a circula\u00e7\u00e3o de animais:<\/p>\n\n\n<div class=\"wp-block-image\">\n<figure class=\"aligncenter size-large is-resized\"><img loading=\"lazy\" decoding=\"async\" width=\"1024\" height=\"565\" src=\"https:\/\/www.em.com.br\/emfoco\/wp-content\/uploads\/2026\/04\/image-122-1024x565.png\" alt=\"\" class=\"wp-image-198110\" style=\"width:840px;height:auto\" srcset=\"https:\/\/www.em.com.br\/emfoco\/wp-content\/uploads\/2026\/04\/image-122-1024x565.png 1024w, https:\/\/www.em.com.br\/emfoco\/wp-content\/uploads\/2026\/04\/image-122-300x165.png 300w, https:\/\/www.em.com.br\/emfoco\/wp-content\/uploads\/2026\/04\/image-122-768x424.png 768w, https:\/\/www.em.com.br\/emfoco\/wp-content\/uploads\/2026\/04\/image-122-750x414.png 750w, https:\/\/www.em.com.br\/emfoco\/wp-content\/uploads\/2026\/04\/image-122-1140x629.png 1140w, https:\/\/www.em.com.br\/emfoco\/wp-content\/uploads\/2026\/04\/image-122.png 1280w\" sizes=\"auto, (max-width: 1024px) 100vw, 1024px\" \/><\/figure><\/div>\n\n\n<h2 class=\"wp-block-heading\">Quais s\u00e3o as consequ\u00eancias de descumprir as normas em 2026?<\/h2>\n\n\n\n<p>Ignorar as novas regras pode resultar em san\u00e7\u00f5es pesadas, que v\u00e3o desde multas financeiras at\u00e9 a reten\u00e7\u00e3o do animal em quarentena oficial por tempo indeterminado. Em casos mais graves, as autoridades podem determinar o repatriamento for\u00e7ado do pet ao pa\u00eds de origem, com todos os custos pagos pelo tutor.<\/p>\n\n\n\n<p>Para evitar que a lei <strong>pro\u00edbe pets de viajarem<\/strong> com voc\u00ea, siga estas orienta\u00e7\u00f5es:<\/p>\n\n\n\n<ul class=\"wp-block-list\">\n<li>Verifique se o <strong>microchip<\/strong> est\u00e1 leg\u00edvel em um leitor padr\u00e3o internacional.<\/li>\n\n\n\n<li>Mantenha a autoriza\u00e7\u00e3o para terceiros reconhecida em cart\u00f3rio, se necess\u00e1rio.<\/li>\n\n\n\n<li>Consulte as regras espec\u00edficas das companhias a\u00e9reas sobre as dimens\u00f5es das caixas.<\/li>\n\n\n\n<li>Garanta que o <strong>Certificado de Sa\u00fade<\/strong> seja emitido em um prazo pr\u00f3ximo ao embarque.<\/li>\n<\/ul>\n\n\n\n<p>A unifica\u00e7\u00e3o das leis europeias traz mais clareza, mas exige um planejamento log\u00edstico muito mais detalhado por parte dos tutores. Ao respeitar os prazos e o limite de animais por ve\u00edculo, voc\u00ea garante que sua viagem ocorra sem contratempos burocr\u00e1ticos e com o m\u00e1ximo de prote\u00e7\u00e3o para o seu companheiro de quatro patas.<\/p>\n","protected":false},"excerpt":{"rendered":"<p>O transporte de animais dom\u00e9sticos entre os pa\u00edses da Europa agora conta com uma fiscaliza\u00e7\u00e3o muito mais rigorosa. A legisla\u00e7\u00e3o que pro\u00edbe pets de viajarem sem a presen\u00e7a imediata de seus tutores busca encerrar o com\u00e9rcio ilegal de c\u00e3es e gatos sob o disfarce de passeios particulares. Como funciona a regra dos cinco dias para [&hellip;]<\/p>\n","protected":false},"author":30,"featured_media":198030,"comment_status":"open","ping_status":"open","sticky":false,"template":"","format":"standard","meta":{"jnews-multi-image_gallery":[],"jnews_single_post":{"format":"standard"},"jnews_primary_category":[],"jnews_social_meta":[],"jnews_override_counter":[],"footnotes":""},"categories":[28],"tags":[1444,3685,326,1128],"class_list":["post-198005","post","type-post","status-publish","format-standard","has-post-thumbnail","hentry","category-economia","tag-europa","tag-pets","tag-transporte","tag-viagem"],"yoast_head":"<!-- This site is optimized with the Yoast SEO plugin v23.8 - https:\/\/yoast.com\/wordpress\/plugins\/seo\/ -->\n<title>Nova regra j\u00e1 em vigor pro\u00edbe pets de viajarem sem o dono e imp\u00f5e limite de at\u00e9 cinco dias - Estado de Minas - Em foco<\/title>\n<meta name=\"description\" content=\"Entenda a nova regra que pro\u00edbe pets de viajarem sem o dono em vigor. Veja o limite de at\u00e9 cinco dias imposto para o transporte agora.\" \/>\n<meta name=\"robots\" content=\"index, follow, max-snippet:-1, max-image-preview:large, max-video-preview:-1\" \/>\n<link rel=\"canonical\" href=\"https:\/\/www.em.com.br\/emfoco\/2026\/04\/24\/nova-regra-ja-em-vigor-proibe-pets-de-viajarem-sem-o-dono-e-impoe-limite-de-ate-cinco-dias\/\" \/>\n<meta property=\"og:locale\" content=\"pt_BR\" \/>\n<meta property=\"og:type\" content=\"article\" \/>\n<meta property=\"og:title\" content=\"Nova regra j\u00e1 em vigor pro\u00edbe pets de viajarem sem o dono e imp\u00f5e limite de at\u00e9 cinco dias - Estado de Minas - Em foco\" \/>\n<meta property=\"og:description\" content=\"Entenda a nova regra que pro\u00edbe pets de viajarem sem o dono em vigor. Veja o limite de at\u00e9 cinco dias imposto para o transporte agora.\" \/>\n<meta property=\"og:url\" content=\"https:\/\/www.em.com.br\/emfoco\/2026\/04\/24\/nova-regra-ja-em-vigor-proibe-pets-de-viajarem-sem-o-dono-e-impoe-limite-de-ate-cinco-dias\/\" \/>\n<meta property=\"og:site_name\" content=\"Estado de Minas - Em foco\" \/>\n<meta property=\"article:published_time\" content=\"2026-04-25T00:45:00+00:00\" \/>\n<meta property=\"article:modified_time\" content=\"2026-04-24T04:04:34+00:00\" \/>\n<meta property=\"og:image\" content=\"https:\/\/www.em.com.br\/emfoco\/wp-content\/uploads\/2026\/04\/EmFoco_59-4.jpg\" \/>\n\t<meta property=\"og:image:width\" content=\"1280\" \/>\n\t<meta property=\"og:image:height\" content=\"720\" \/>\n\t<meta property=\"og:image:type\" content=\"image\/jpeg\" \/>\n<meta name=\"author\" content=\"Guilherme Ara\u00fajo\" \/>\n<meta name=\"twitter:card\" content=\"summary_large_image\" \/>\n<meta name=\"twitter:label1\" content=\"Escrito por\" \/>\n\t<meta name=\"twitter:data1\" content=\"Guilherme Ara\u00fajo\" \/>\n\t<meta name=\"twitter:label2\" content=\"Est. tempo de leitura\" \/>\n\t<meta name=\"twitter:data2\" content=\"5 minutos\" \/>\n<!-- \/ Yoast SEO plugin. -->","yoast_head_json":{"title":"Nova regra j\u00e1 em vigor pro\u00edbe pets de viajarem sem o dono e imp\u00f5e limite de at\u00e9 cinco dias - Estado de Minas - Em foco","description":"Entenda a nova regra que pro\u00edbe pets de viajarem sem o dono em vigor. Veja o limite de at\u00e9 cinco dias imposto para o transporte agora.","robots":{"index":"index","follow":"follow","max-snippet":"max-snippet:-1","max-image-preview":"max-image-preview:large","max-video-preview":"max-video-preview:-1"},"canonical":"https:\/\/www.em.com.br\/emfoco\/2026\/04\/24\/nova-regra-ja-em-vigor-proibe-pets-de-viajarem-sem-o-dono-e-impoe-limite-de-ate-cinco-dias\/","og_locale":"pt_BR","og_type":"article","og_title":"Nova regra j\u00e1 em vigor pro\u00edbe pets de viajarem sem o dono e imp\u00f5e limite de at\u00e9 cinco dias - Estado de Minas - Em foco","og_description":"Entenda a nova regra que pro\u00edbe pets de viajarem sem o dono em vigor. Veja o limite de at\u00e9 cinco dias imposto para o transporte agora.","og_url":"https:\/\/www.em.com.br\/emfoco\/2026\/04\/24\/nova-regra-ja-em-vigor-proibe-pets-de-viajarem-sem-o-dono-e-impoe-limite-de-ate-cinco-dias\/","og_site_name":"Estado de Minas - Em foco","article_published_time":"2026-04-25T00:45:00+00:00","article_modified_time":"2026-04-24T04:04:34+00:00","og_image":[{"width":1280,"height":720,"url":"https:\/\/www.em.com.br\/emfoco\/wp-content\/uploads\/2026\/04\/EmFoco_59-4.jpg","type":"image\/jpeg"}],"author":"Guilherme Ara\u00fajo","twitter_card":"summary_large_image","twitter_misc":{"Escrito por":"Guilherme Ara\u00fajo","Est. tempo de leitura":"5 minutos"},"schema":{"@context":"https:\/\/schema.org","@graph":[{"@type":"WebPage","@id":"https:\/\/www.em.com.br\/emfoco\/2026\/04\/24\/nova-regra-ja-em-vigor-proibe-pets-de-viajarem-sem-o-dono-e-impoe-limite-de-ate-cinco-dias\/","url":"https:\/\/www.em.com.br\/emfoco\/2026\/04\/24\/nova-regra-ja-em-vigor-proibe-pets-de-viajarem-sem-o-dono-e-impoe-limite-de-ate-cinco-dias\/","name":"Nova regra j\u00e1 em vigor pro\u00edbe pets de viajarem sem o dono e imp\u00f5e limite de at\u00e9 cinco dias - Estado de Minas - Em foco","isPartOf":{"@id":"https:\/\/www.em.com.br\/emfoco\/#website"},"primaryImageOfPage":{"@id":"https:\/\/www.em.com.br\/emfoco\/2026\/04\/24\/nova-regra-ja-em-vigor-proibe-pets-de-viajarem-sem-o-dono-e-impoe-limite-de-ate-cinco-dias\/#primaryimage"},"image":{"@id":"https:\/\/www.em.com.br\/emfoco\/2026\/04\/24\/nova-regra-ja-em-vigor-proibe-pets-de-viajarem-sem-o-dono-e-impoe-limite-de-ate-cinco-dias\/#primaryimage"},"thumbnailUrl":"https:\/\/www.em.com.br\/emfoco\/wp-content\/uploads\/2026\/04\/EmFoco_59-4.jpg","datePublished":"2026-04-25T00:45:00+00:00","dateModified":"2026-04-24T04:04:34+00:00","author":{"@id":"https:\/\/www.em.com.br\/emfoco\/#\/schema\/person\/5379e929a4b966c775d121e23f9bb421"},"description":"Entenda a nova regra que pro\u00edbe pets de viajarem sem o dono em vigor. Veja o limite de at\u00e9 cinco dias imposto para o transporte agora.","breadcrumb":{"@id":"https:\/\/www.em.com.br\/emfoco\/2026\/04\/24\/nova-regra-ja-em-vigor-proibe-pets-de-viajarem-sem-o-dono-e-impoe-limite-de-ate-cinco-dias\/#breadcrumb"},"inLanguage":"pt-BR","potentialAction":[{"@type":"ReadAction","target":["https:\/\/www.em.com.br\/emfoco\/2026\/04\/24\/nova-regra-ja-em-vigor-proibe-pets-de-viajarem-sem-o-dono-e-impoe-limite-de-ate-cinco-dias\/"]}]},{"@type":"ImageObject","inLanguage":"pt-BR","@id":"https:\/\/www.em.com.br\/emfoco\/2026\/04\/24\/nova-regra-ja-em-vigor-proibe-pets-de-viajarem-sem-o-dono-e-impoe-limite-de-ate-cinco-dias\/#primaryimage","url":"https:\/\/www.em.com.br\/emfoco\/wp-content\/uploads\/2026\/04\/EmFoco_59-4.jpg","contentUrl":"https:\/\/www.em.com.br\/emfoco\/wp-content\/uploads\/2026\/04\/EmFoco_59-4.jpg","width":1280,"height":720,"caption":"Novas regras limitam transporte de pets por ve\u00edculo e exigem presen\u00e7a do tutor"},{"@type":"BreadcrumbList","@id":"https:\/\/www.em.com.br\/emfoco\/2026\/04\/24\/nova-regra-ja-em-vigor-proibe-pets-de-viajarem-sem-o-dono-e-impoe-limite-de-ate-cinco-dias\/#breadcrumb","itemListElement":[{"@type":"ListItem","position":1,"name":"In\u00edcio","item":"https:\/\/www.em.com.br\/emfoco\/"},{"@type":"ListItem","position":2,"name":"Nova regra j\u00e1 em vigor pro\u00edbe pets de viajarem sem o dono e imp\u00f5e limite de at\u00e9 cinco dias"}]},{"@type":"WebSite","@id":"https:\/\/www.em.com.br\/emfoco\/#website","url":"https:\/\/www.em.com.br\/emfoco\/","name":"Estado de Minas - Em foco","description":"Acompanhe as \u00faltimas not\u00edcias e fique bem informado sobre tudo o que acontece em Minas Gerais, Brasil e no mundo.","potentialAction":[{"@type":"SearchAction","target":{"@type":"EntryPoint","urlTemplate":"https:\/\/www.em.com.br\/emfoco\/?s={search_term_string}"},"query-input":{"@type":"PropertyValueSpecification","valueRequired":true,"valueName":"search_term_string"}}],"inLanguage":"pt-BR"},{"@type":"Person","@id":"https:\/\/www.em.com.br\/emfoco\/#\/schema\/person\/5379e929a4b966c775d121e23f9bb421","name":"Guilherme Ara\u00fajo","image":{"@type":"ImageObject","inLanguage":"pt-BR","@id":"https:\/\/www.em.com.br\/emfoco\/#\/schema\/person\/image\/","url":"https:\/\/secure.gravatar.com\/avatar\/b8bf1fd0130e170bd8f5d7298dbafa25?s=96&d=mm&r=g","contentUrl":"https:\/\/secure.gravatar.com\/avatar\/b8bf1fd0130e170bd8f5d7298dbafa25?s=96&d=mm&r=g","caption":"Guilherme Ara\u00fajo"},"sameAs":["https:\/\/www.em.com.br\/emfoco"],"url":"https:\/\/www.em.com.br\/emfoco\/author\/guilhermeamyth\/"}]}},"_links":{"self":[{"href":"https:\/\/www.em.com.br\/emfoco\/wp-json\/wp\/v2\/posts\/198005","targetHints":{"allow":["GET"]}}],"collection":[{"href":"https:\/\/www.em.com.br\/emfoco\/wp-json\/wp\/v2\/posts"}],"about":[{"href":"https:\/\/www.em.com.br\/emfoco\/wp-json\/wp\/v2\/types\/post"}],"author":[{"embeddable":true,"href":"https:\/\/www.em.com.br\/emfoco\/wp-json\/wp\/v2\/users\/30"}],"replies":[{"embeddable":true,"href":"https:\/\/www.em.com.br\/emfoco\/wp-json\/wp\/v2\/comments?post=198005"}],"version-history":[{"count":5,"href":"https:\/\/www.em.com.br\/emfoco\/wp-json\/wp\/v2\/posts\/198005\/revisions"}],"predecessor-version":[{"id":198132,"href":"https:\/\/www.em.com.br\/emfoco\/wp-json\/wp\/v2\/posts\/198005\/revisions\/198132"}],"wp:featuredmedia":[{"embeddable":true,"href":"https:\/\/www.em.com.br\/emfoco\/wp-json\/wp\/v2\/media\/198030"}],"wp:attachment":[{"href":"https:\/\/www.em.com.br\/emfoco\/wp-json\/wp\/v2\/media?parent=198005"}],"wp:term":[{"taxonomy":"category","embeddable":true,"href":"https:\/\/www.em.com.br\/emfoco\/wp-json\/wp\/v2\/categories?post=198005"},{"taxonomy":"post_tag","embeddable":true,"href":"https:\/\/www.em.com.br\/emfoco\/wp-json\/wp\/v2\/tags?post=198005"}],"curies":[{"name":"wp","href":"https:\/\/api.w.org\/{rel}","templated":true}]}}