{"id":198000,"date":"2026-04-24T20:25:00","date_gmt":"2026-04-24T23:25:00","guid":{"rendered":"https:\/\/www.em.com.br\/emfoco\/?p=198000"},"modified":"2026-04-24T01:04:33","modified_gmt":"2026-04-24T04:04:33","slug":"a-partir-de-agora-donos-de-caes-e-gatos-precisam-cumprir-nova-regra-para-viajar-com-seus-animais-de-estimacao","status":"publish","type":"post","link":"https:\/\/www.em.com.br\/emfoco\/2026\/04\/24\/a-partir-de-agora-donos-de-caes-e-gatos-precisam-cumprir-nova-regra-para-viajar-com-seus-animais-de-estimacao\/","title":{"rendered":"A partir de agora donos de c\u00e3es e gatos precisam cumprir nova regra para viajar com seus animais de estima\u00e7\u00e3o"},"content":{"rendered":"\n<p>Planejar as f\u00e9rias ao lado dos pets exige aten\u00e7\u00e3o redobrada \u00e0s normas internacionais de tr\u00e2nsito animal. A partir de abril de 2026, <strong>viajar com animais<\/strong> para a Europa demanda o cumprimento de novos protocolos de rastreabilidade e sa\u00fade p\u00fablica.<\/p>\n\n\n\n<h2 class=\"wp-block-heading\">Quais s\u00e3o as novas normas da Uni\u00e3o Europeia para 2026?<\/h2>\n\n\n\n<p>A Comiss\u00e3o Europeia atualizou as regras para o movimento n\u00e3o comercial de c\u00e3es, gatos e fur\u00f5es atrav\u00e9s dos <strong>Regulamentos Delegados 2026\/131 e 2026\/133<\/strong>. O foco principal desta mudan\u00e7a \u00e9 modernizar a identifica\u00e7\u00e3o dos animais e combater o tr\u00e1fico ilegal no bloco.<\/p>\n\n\n\n<p>As <a href=\"https:\/\/www.em.com.br\/emfoco\/2026\/04\/06\/legislacao-permite-demissao-se-o-trabalhador-deixar-o-local-de-trabalho-ao-termino-de-sua-jornada\/\" target=\"_blank\" rel=\"noreferrer noopener\">novas diretrizes<\/a> tornam obrigat\u00f3ria a integra\u00e7\u00e3o dos dados de sa\u00fade ao sistema <strong>TRACES NT<\/strong>, uma plataforma digital que monitora cada deslocamento transfronteiri\u00e7o. Isso garante que as autoridades veterin\u00e1rias tenham acesso imediato ao hist\u00f3rico de vacina\u00e7\u00e3o e \u00e0 proced\u00eancia de cada pet que entra no territ\u00f3rio europeu.<\/p>\n\n\n<div class=\"wp-block-image\">\n<figure class=\"aligncenter size-large\"><img loading=\"lazy\" decoding=\"async\" width=\"1024\" height=\"576\" src=\"https:\/\/www.em.com.br\/emfoco\/wp-content\/uploads\/2026\/04\/dog-aeroportp-1024x576.jpg\" alt=\"Nova regra de transporte de pets entra em vigor e pode barrar seu embarque\" class=\"wp-image-198126\" srcset=\"https:\/\/www.em.com.br\/emfoco\/wp-content\/uploads\/2026\/04\/dog-aeroportp-1024x576.jpg 1024w, https:\/\/www.em.com.br\/emfoco\/wp-content\/uploads\/2026\/04\/dog-aeroportp-300x169.jpg 300w, https:\/\/www.em.com.br\/emfoco\/wp-content\/uploads\/2026\/04\/dog-aeroportp-768x432.jpg 768w, https:\/\/www.em.com.br\/emfoco\/wp-content\/uploads\/2026\/04\/dog-aeroportp-750x422.jpg 750w, https:\/\/www.em.com.br\/emfoco\/wp-content\/uploads\/2026\/04\/dog-aeroportp-1140x641.jpg 1140w, https:\/\/www.em.com.br\/emfoco\/wp-content\/uploads\/2026\/04\/dog-aeroportp.jpg 1280w\" sizes=\"auto, (max-width: 1024px) 100vw, 1024px\" \/><figcaption class=\"wp-element-caption\">Nova regra de transporte de pets entra em vigor e pode barrar seu embarque<\/figcaption><\/figure><\/div>\n\n\n<h2 class=\"wp-block-heading\">O que permanece obrigat\u00f3rio para o transporte de pets?<\/h2>\n\n\n\n<p>Apesar das atualiza\u00e7\u00f5es digitais, os requisitos sanit\u00e1rios de base que garantem a seguran\u00e7a biol\u00f3gica continuam sendo exigidos em todas as alf\u00e2ndegas. A conformidade com esses itens \u00e9 o que permite que o tutor consiga autoriza\u00e7\u00e3o para <strong>viajar com animais<\/strong> sem intercorr\u00eancias.<\/p>\n\n\n\n<p>Confira os requisitos que seguem indispens\u00e1veis:<\/p>\n\n\n\n<ul class=\"wp-block-list\">\n<li><strong>Microchip ISO<\/strong> de 15 d\u00edgitos implantado antes da vacina\u00e7\u00e3o atual.<\/li>\n\n\n\n<li>Vacina contra a <strong>raiva<\/strong> dentro do prazo de validade e devidamente registrada.<\/li>\n\n\n\n<li>Limite m\u00e1ximo de <strong>5 animais<\/strong> por tutor em deslocamentos n\u00e3o comerciais.<\/li>\n\n\n\n<li>Documenta\u00e7\u00e3o oficial emitida por veterin\u00e1rio habilitado no pa\u00eds de origem.<\/li>\n<\/ul>\n\n\n\n<h2 class=\"wp-block-heading\">Como funciona o novo passaporte digital europeu (e-Passport)?<\/h2>\n\n\n\n<p>A grande novidade tecnol\u00f3gica de 2026 \u00e9 o in\u00edcio da transi\u00e7\u00e3o para o <strong>e-Passport<\/strong>, um documento eletr\u00f4nico que centraliza todas as informa\u00e7\u00f5es do animal. Esse sistema visa substituir gradualmente os antigos passaportes de papel, facilitando a confer\u00eancia do n\u00famero do microchip nas fronteiras.<\/p>\n\n\n\n<p>A implementa\u00e7\u00e3o ser\u00e1 feita por etapas, e os documentos f\u00edsicos emitidos antes de abril de 2026 permanecem v\u00e1lidos at\u00e9 a sua expira\u00e7\u00e3o ou preenchimento total. Segundo a <a href=\"https:\/\/pt.wikipedia.org\/wiki\/Uni%C3%A3o_Europeia\" target=\"_blank\" rel=\"noreferrer noopener\">Uni\u00e3o Europeia<\/a>, essa digitaliza\u00e7\u00e3o reduzir\u00e1 fraudes em certificados de vacina\u00e7\u00e3o e testes de laborat\u00f3rio, aumentando a seguran\u00e7a para todos os viajantes.<\/p>\n\n\n\n<h2 class=\"wp-block-heading\">Quais s\u00e3o as exig\u00eancias espec\u00edficas para tutores brasileiros?<\/h2>\n\n\n\n<p>Para quem sai do Brasil, as regras s\u00e3o mais rigorosas devido \u00e0 classifica\u00e7\u00e3o do pa\u00eds em rela\u00e7\u00e3o ao controle da raiva. Al\u00e9m do microchip e da vacina, o tutor deve providenciar o <strong>teste de titula\u00e7\u00e3o de anticorpos<\/strong>, que comprova a efic\u00e1cia da imuniza\u00e7\u00e3o no organismo do c\u00e3o ou gato.<\/p>\n\n\n\n<p>Para entender melhor os prazos e documentos, veja a tabela de planejamento:<\/p>\n\n\n<div class=\"wp-block-image\">\n<figure class=\"aligncenter size-large is-resized\"><img loading=\"lazy\" decoding=\"async\" width=\"1024\" height=\"565\" src=\"https:\/\/www.em.com.br\/emfoco\/wp-content\/uploads\/2026\/04\/image-121-1024x565.png\" alt=\"\" class=\"wp-image-198109\" style=\"width:828px;height:auto\" srcset=\"https:\/\/www.em.com.br\/emfoco\/wp-content\/uploads\/2026\/04\/image-121-1024x565.png 1024w, https:\/\/www.em.com.br\/emfoco\/wp-content\/uploads\/2026\/04\/image-121-300x165.png 300w, https:\/\/www.em.com.br\/emfoco\/wp-content\/uploads\/2026\/04\/image-121-768x424.png 768w, https:\/\/www.em.com.br\/emfoco\/wp-content\/uploads\/2026\/04\/image-121-750x414.png 750w, https:\/\/www.em.com.br\/emfoco\/wp-content\/uploads\/2026\/04\/image-121-1140x629.png 1140w, https:\/\/www.em.com.br\/emfoco\/wp-content\/uploads\/2026\/04\/image-121.png 1280w\" sizes=\"auto, (max-width: 1024px) 100vw, 1024px\" \/><\/figure><\/div>\n\n\n<h2 class=\"wp-block-heading\">Por que o prazo de validade do certificado sanit\u00e1rio mudou?<\/h2>\n\n\n\n<p>Uma altera\u00e7\u00e3o cr\u00edtica para os brasileiros foi a redu\u00e7\u00e3o do prazo de validade do Certificado Veterin\u00e1rio Internacional (CVI) para apenas <strong>10 dias<\/strong> ap\u00f3s a emiss\u00e3o. Anteriormente, alguns pa\u00edses aceitavam documentos com at\u00e9 30 dias, mas a nova regra exige que o embarque ocorra logo ap\u00f3s a inspe\u00e7\u00e3o oficial.<\/p>\n\n\n\n<p>O <strong><a href=\"https:\/\/www.gov.br\/agricultura\/pt-br\" target=\"_blank\" rel=\"noreferrer noopener\">Minist\u00e9rio da Agricultura<\/a><\/strong> do Brasil emite este documento de forma gratuita, mas o agendamento deve ser feito com anteced\u00eancia para garantir a entrega dentro da janela permitida. Caso o animal chegue \u00e0 Europa com o certificado vencido, ele pode ser colocado em quarentena ou at\u00e9 mesmo impedido de entrar no pa\u00eds de destino.<\/p>\n\n\n\n<h2 class=\"wp-block-heading\">Como se preparar para pa\u00edses com regras adicionais?<\/h2>\n\n\n\n<p>Alguns destinos dentro do bloco europeu, como a <strong>Irlanda<\/strong> e a <strong>Finl\u00e2ndia<\/strong>, mant\u00eam exig\u00eancias extras de desparasita\u00e7\u00e3o contra a t\u00eania da raposa. Esse tratamento deve ser administrado por um profissional e registrado no documento de viagem entre 24 e 120 horas antes da chegada ao territ\u00f3rio desses pa\u00edses.<\/p>\n\n\n\n<p>Para garantir que nada seja esquecido ao <strong>viajar com animais<\/strong>, siga estas orienta\u00e7\u00f5es:<\/p>\n\n\n\n<ul class=\"wp-block-list\">\n<li>Verifique se o laborat\u00f3rio da sorologia \u00e9 reconhecido oficialmente pela UE.<\/li>\n\n\n\n<li>Mantenha a <strong>carteira de vacina\u00e7\u00e3o<\/strong> f\u00edsica sempre junto ao certificado oficial.<\/li>\n\n\n\n<li>Confirme as regras de transporte da companhia a\u00e9rea para o tamanho da caixa de transporte.<\/li>\n\n\n\n<li>Consulte um veterin\u00e1rio especializado em tr\u00e2nsito internacional com 6 meses de anteced\u00eancia.<\/li>\n<\/ul>\n\n\n\n<p>Respeitar as novas normas de 2026 \u00e9 fundamental para evitar estresse e custos inesperados durante a imigra\u00e7\u00e3o. Com a documenta\u00e7\u00e3o correta e o microchip devidamente cadastrado no sistema europeu, voc\u00ea e seu pet poder\u00e3o desfrutar da viagem com a tranquilidade que a nova legisla\u00e7\u00e3o busca proporcionar.<\/p>\n","protected":false},"excerpt":{"rendered":"<p>Planejar as f\u00e9rias ao lado dos pets exige aten\u00e7\u00e3o redobrada \u00e0s normas internacionais de tr\u00e2nsito animal. A partir de abril de 2026, viajar com animais para a Europa demanda o cumprimento de novos protocolos de rastreabilidade e sa\u00fade p\u00fablica. Quais s\u00e3o as novas normas da Uni\u00e3o Europeia para 2026? A Comiss\u00e3o Europeia atualizou as regras [&hellip;]<\/p>\n","protected":false},"author":30,"featured_media":198031,"comment_status":"open","ping_status":"open","sticky":false,"template":"","format":"standard","meta":{"jnews-multi-image_gallery":[],"jnews_single_post":{"format":"standard"},"jnews_primary_category":[],"jnews_social_meta":[],"jnews_override_counter":[],"footnotes":""},"categories":[28],"tags":[1470,9471,1444,7432,1128],"class_list":["post-198000","post","type-post","status-publish","format-standard","has-post-thumbnail","hentry","category-economia","tag-animais","tag-caes","tag-europa","tag-gatos","tag-viagem"],"yoast_head":"<!-- This site is optimized with the Yoast SEO plugin v23.8 - https:\/\/yoast.com\/wordpress\/plugins\/seo\/ -->\n<title>A partir de agora donos de c\u00e3es e gatos precisam cumprir nova regra para viajar com seus animais de estima\u00e7\u00e3o - Estado de Minas - Em foco<\/title>\n<meta name=\"description\" content=\"Entenda a nova regra para viajar com animais a partir de agora. Veja os protocolos de rastreabilidade exigidos para levar seu pet \u00e0 Europa.\" \/>\n<meta name=\"robots\" content=\"index, follow, max-snippet:-1, max-image-preview:large, max-video-preview:-1\" \/>\n<link rel=\"canonical\" href=\"https:\/\/www.em.com.br\/emfoco\/2026\/04\/24\/a-partir-de-agora-donos-de-caes-e-gatos-precisam-cumprir-nova-regra-para-viajar-com-seus-animais-de-estimacao\/\" \/>\n<meta property=\"og:locale\" content=\"pt_BR\" \/>\n<meta property=\"og:type\" content=\"article\" \/>\n<meta property=\"og:title\" content=\"A partir de agora donos de c\u00e3es e gatos precisam cumprir nova regra para viajar com seus animais de estima\u00e7\u00e3o - Estado de Minas - Em foco\" \/>\n<meta property=\"og:description\" content=\"Entenda a nova regra para viajar com animais a partir de agora. Veja os protocolos de rastreabilidade exigidos para levar seu pet \u00e0 Europa.\" \/>\n<meta property=\"og:url\" content=\"https:\/\/www.em.com.br\/emfoco\/2026\/04\/24\/a-partir-de-agora-donos-de-caes-e-gatos-precisam-cumprir-nova-regra-para-viajar-com-seus-animais-de-estimacao\/\" \/>\n<meta property=\"og:site_name\" content=\"Estado de Minas - Em foco\" \/>\n<meta property=\"article:published_time\" content=\"2026-04-24T23:25:00+00:00\" \/>\n<meta property=\"article:modified_time\" content=\"2026-04-24T04:04:33+00:00\" \/>\n<meta property=\"og:image\" content=\"https:\/\/www.em.com.br\/emfoco\/wp-content\/uploads\/2026\/04\/EmFoco_58-4.jpg\" \/>\n\t<meta property=\"og:image:width\" content=\"1280\" \/>\n\t<meta property=\"og:image:height\" content=\"720\" \/>\n\t<meta property=\"og:image:type\" content=\"image\/jpeg\" \/>\n<meta name=\"author\" content=\"Guilherme Ara\u00fajo\" \/>\n<meta name=\"twitter:card\" content=\"summary_large_image\" \/>\n<meta name=\"twitter:label1\" content=\"Escrito por\" \/>\n\t<meta name=\"twitter:data1\" content=\"Guilherme Ara\u00fajo\" \/>\n\t<meta name=\"twitter:label2\" content=\"Est. tempo de leitura\" \/>\n\t<meta name=\"twitter:data2\" content=\"5 minutos\" \/>\n<!-- \/ Yoast SEO plugin. -->","yoast_head_json":{"title":"A partir de agora donos de c\u00e3es e gatos precisam cumprir nova regra para viajar com seus animais de estima\u00e7\u00e3o - Estado de Minas - Em foco","description":"Entenda a nova regra para viajar com animais a partir de agora. Veja os protocolos de rastreabilidade exigidos para levar seu pet \u00e0 Europa.","robots":{"index":"index","follow":"follow","max-snippet":"max-snippet:-1","max-image-preview":"max-image-preview:large","max-video-preview":"max-video-preview:-1"},"canonical":"https:\/\/www.em.com.br\/emfoco\/2026\/04\/24\/a-partir-de-agora-donos-de-caes-e-gatos-precisam-cumprir-nova-regra-para-viajar-com-seus-animais-de-estimacao\/","og_locale":"pt_BR","og_type":"article","og_title":"A partir de agora donos de c\u00e3es e gatos precisam cumprir nova regra para viajar com seus animais de estima\u00e7\u00e3o - Estado de Minas - Em foco","og_description":"Entenda a nova regra para viajar com animais a partir de agora. Veja os protocolos de rastreabilidade exigidos para levar seu pet \u00e0 Europa.","og_url":"https:\/\/www.em.com.br\/emfoco\/2026\/04\/24\/a-partir-de-agora-donos-de-caes-e-gatos-precisam-cumprir-nova-regra-para-viajar-com-seus-animais-de-estimacao\/","og_site_name":"Estado de Minas - Em foco","article_published_time":"2026-04-24T23:25:00+00:00","article_modified_time":"2026-04-24T04:04:33+00:00","og_image":[{"width":1280,"height":720,"url":"https:\/\/www.em.com.br\/emfoco\/wp-content\/uploads\/2026\/04\/EmFoco_58-4.jpg","type":"image\/jpeg"}],"author":"Guilherme Ara\u00fajo","twitter_card":"summary_large_image","twitter_misc":{"Escrito por":"Guilherme Ara\u00fajo","Est. tempo de leitura":"5 minutos"},"schema":{"@context":"https:\/\/schema.org","@graph":[{"@type":"WebPage","@id":"https:\/\/www.em.com.br\/emfoco\/2026\/04\/24\/a-partir-de-agora-donos-de-caes-e-gatos-precisam-cumprir-nova-regra-para-viajar-com-seus-animais-de-estimacao\/","url":"https:\/\/www.em.com.br\/emfoco\/2026\/04\/24\/a-partir-de-agora-donos-de-caes-e-gatos-precisam-cumprir-nova-regra-para-viajar-com-seus-animais-de-estimacao\/","name":"A partir de agora donos de c\u00e3es e gatos precisam cumprir nova regra para viajar com seus animais de estima\u00e7\u00e3o - Estado de Minas - Em foco","isPartOf":{"@id":"https:\/\/www.em.com.br\/emfoco\/#website"},"primaryImageOfPage":{"@id":"https:\/\/www.em.com.br\/emfoco\/2026\/04\/24\/a-partir-de-agora-donos-de-caes-e-gatos-precisam-cumprir-nova-regra-para-viajar-com-seus-animais-de-estimacao\/#primaryimage"},"image":{"@id":"https:\/\/www.em.com.br\/emfoco\/2026\/04\/24\/a-partir-de-agora-donos-de-caes-e-gatos-precisam-cumprir-nova-regra-para-viajar-com-seus-animais-de-estimacao\/#primaryimage"},"thumbnailUrl":"https:\/\/www.em.com.br\/emfoco\/wp-content\/uploads\/2026\/04\/EmFoco_58-4.jpg","datePublished":"2026-04-24T23:25:00+00:00","dateModified":"2026-04-24T04:04:33+00:00","author":{"@id":"https:\/\/www.em.com.br\/emfoco\/#\/schema\/person\/5379e929a4b966c775d121e23f9bb421"},"description":"Entenda a nova regra para viajar com animais a partir de agora. Veja os protocolos de rastreabilidade exigidos para levar seu pet \u00e0 Europa.","breadcrumb":{"@id":"https:\/\/www.em.com.br\/emfoco\/2026\/04\/24\/a-partir-de-agora-donos-de-caes-e-gatos-precisam-cumprir-nova-regra-para-viajar-com-seus-animais-de-estimacao\/#breadcrumb"},"inLanguage":"pt-BR","potentialAction":[{"@type":"ReadAction","target":["https:\/\/www.em.com.br\/emfoco\/2026\/04\/24\/a-partir-de-agora-donos-de-caes-e-gatos-precisam-cumprir-nova-regra-para-viajar-com-seus-animais-de-estimacao\/"]}]},{"@type":"ImageObject","inLanguage":"pt-BR","@id":"https:\/\/www.em.com.br\/emfoco\/2026\/04\/24\/a-partir-de-agora-donos-de-caes-e-gatos-precisam-cumprir-nova-regra-para-viajar-com-seus-animais-de-estimacao\/#primaryimage","url":"https:\/\/www.em.com.br\/emfoco\/wp-content\/uploads\/2026\/04\/EmFoco_58-4.jpg","contentUrl":"https:\/\/www.em.com.br\/emfoco\/wp-content\/uploads\/2026\/04\/EmFoco_58-4.jpg","width":1280,"height":720,"caption":"Comiss\u00e3o Europeia implementa passaporte digital e rastreabilidade rigorosa para tr\u00e2nsito animal internacional"},{"@type":"BreadcrumbList","@id":"https:\/\/www.em.com.br\/emfoco\/2026\/04\/24\/a-partir-de-agora-donos-de-caes-e-gatos-precisam-cumprir-nova-regra-para-viajar-com-seus-animais-de-estimacao\/#breadcrumb","itemListElement":[{"@type":"ListItem","position":1,"name":"In\u00edcio","item":"https:\/\/www.em.com.br\/emfoco\/"},{"@type":"ListItem","position":2,"name":"A partir de agora donos de c\u00e3es e gatos precisam cumprir nova regra para viajar com seus animais de estima\u00e7\u00e3o"}]},{"@type":"WebSite","@id":"https:\/\/www.em.com.br\/emfoco\/#website","url":"https:\/\/www.em.com.br\/emfoco\/","name":"Estado de Minas - Em foco","description":"Acompanhe as \u00faltimas not\u00edcias e fique bem informado sobre tudo o que acontece em Minas Gerais, Brasil e no mundo.","potentialAction":[{"@type":"SearchAction","target":{"@type":"EntryPoint","urlTemplate":"https:\/\/www.em.com.br\/emfoco\/?s={search_term_string}"},"query-input":{"@type":"PropertyValueSpecification","valueRequired":true,"valueName":"search_term_string"}}],"inLanguage":"pt-BR"},{"@type":"Person","@id":"https:\/\/www.em.com.br\/emfoco\/#\/schema\/person\/5379e929a4b966c775d121e23f9bb421","name":"Guilherme Ara\u00fajo","image":{"@type":"ImageObject","inLanguage":"pt-BR","@id":"https:\/\/www.em.com.br\/emfoco\/#\/schema\/person\/image\/","url":"https:\/\/secure.gravatar.com\/avatar\/b8bf1fd0130e170bd8f5d7298dbafa25?s=96&d=mm&r=g","contentUrl":"https:\/\/secure.gravatar.com\/avatar\/b8bf1fd0130e170bd8f5d7298dbafa25?s=96&d=mm&r=g","caption":"Guilherme Ara\u00fajo"},"sameAs":["https:\/\/www.em.com.br\/emfoco"],"url":"https:\/\/www.em.com.br\/emfoco\/author\/guilhermeamyth\/"}]}},"_links":{"self":[{"href":"https:\/\/www.em.com.br\/emfoco\/wp-json\/wp\/v2\/posts\/198000","targetHints":{"allow":["GET"]}}],"collection":[{"href":"https:\/\/www.em.com.br\/emfoco\/wp-json\/wp\/v2\/posts"}],"about":[{"href":"https:\/\/www.em.com.br\/emfoco\/wp-json\/wp\/v2\/types\/post"}],"author":[{"embeddable":true,"href":"https:\/\/www.em.com.br\/emfoco\/wp-json\/wp\/v2\/users\/30"}],"replies":[{"embeddable":true,"href":"https:\/\/www.em.com.br\/emfoco\/wp-json\/wp\/v2\/comments?post=198000"}],"version-history":[{"count":3,"href":"https:\/\/www.em.com.br\/emfoco\/wp-json\/wp\/v2\/posts\/198000\/revisions"}],"predecessor-version":[{"id":198127,"href":"https:\/\/www.em.com.br\/emfoco\/wp-json\/wp\/v2\/posts\/198000\/revisions\/198127"}],"wp:featuredmedia":[{"embeddable":true,"href":"https:\/\/www.em.com.br\/emfoco\/wp-json\/wp\/v2\/media\/198031"}],"wp:attachment":[{"href":"https:\/\/www.em.com.br\/emfoco\/wp-json\/wp\/v2\/media?parent=198000"}],"wp:term":[{"taxonomy":"category","embeddable":true,"href":"https:\/\/www.em.com.br\/emfoco\/wp-json\/wp\/v2\/categories?post=198000"},{"taxonomy":"post_tag","embeddable":true,"href":"https:\/\/www.em.com.br\/emfoco\/wp-json\/wp\/v2\/tags?post=198000"}],"curies":[{"name":"wp","href":"https:\/\/api.w.org\/{rel}","templated":true}]}}