{"id":197998,"date":"2026-04-24T18:45:00","date_gmt":"2026-04-24T21:45:00","guid":{"rendered":"https:\/\/www.em.com.br\/emfoco\/?p=197998"},"modified":"2026-04-24T00:27:54","modified_gmt":"2026-04-24T03:27:54","slug":"novo-projeto-planeja-proibir-a-circulacao-de-apenas-uma-pessoa-por-carro-o-futuro-dos-veiculos-sera-compartilhado-ou-nao-havera-futuro","status":"publish","type":"post","link":"https:\/\/www.em.com.br\/emfoco\/2026\/04\/24\/novo-projeto-planeja-proibir-a-circulacao-de-apenas-uma-pessoa-por-carro-o-futuro-dos-veiculos-sera-compartilhado-ou-nao-havera-futuro\/","title":{"rendered":"Novo projeto planeja proibir a circula\u00e7\u00e3o de apenas uma pessoa por carro: \u201cO futuro dos ve\u00edculos ser\u00e1 compartilhado ou n\u00e3o haver\u00e1 futuro\u201d"},"content":{"rendered":"\n<p>Um novo debate sobre mobilidade urbana sustent\u00e1vel ganhou for\u00e7a na <strong>Europa <\/strong>e acendeu alertas em motoristas ao redor do mundo. O foco da discuss\u00e3o \u00e9 a restri\u00e7\u00e3o de acesso para qualquer <strong>ve\u00edculo com apenas um ocupante<\/strong> em \u00e1reas de alta densidade urbana.<\/p>\n\n\n\n<h2 class=\"wp-block-heading\">Como funciona a proposta de restri\u00e7\u00e3o na Espanha?<\/h2>\n\n\n\n<p>O <strong>Governo da<\/strong> <strong>Espanha<\/strong> est\u00e1 desenvolvendo um decreto que permite \u00e0s prefeituras locais limitarem o acesso \u00e0s Zonas de Baixas Emiss\u00f5es (ZBE). A inten\u00e7\u00e3o \u00e9 que apenas carros com dois ou mais passageiros possam circular nessas \u00e1reas espec\u00edficas durante hor\u00e1rios de pico ou epis\u00f3dios de polui\u00e7\u00e3o.<\/p>\n\n\n\n<p>Segundo o portal <strong>Autopista<\/strong>, a medida visa reduzir o &#8220;luxo&#8221; de utilizar um autom\u00f3vel particular para deslocar apenas uma pessoa. Dados da <strong>DGT<\/strong> espanhola apontam que at\u00e9 <strong>85%<\/strong> dos carros em circula\u00e7\u00e3o no pa\u00eds rodam apenas com o motorista, o que agrava os congestionamentos e as emiss\u00f5es de gases.<\/p>\n\n\n<div class=\"wp-block-image\">\n<figure class=\"aligncenter size-large\"><img loading=\"lazy\" decoding=\"async\" width=\"1024\" height=\"576\" src=\"https:\/\/www.em.com.br\/emfoco\/wp-content\/uploads\/2026\/04\/transito-1-1024x576.jpg\" alt=\"Novo projeto quer proibir motorista sozinho em avenidas centrais\" class=\"wp-image-198106\" srcset=\"https:\/\/www.em.com.br\/emfoco\/wp-content\/uploads\/2026\/04\/transito-1-1024x576.jpg 1024w, https:\/\/www.em.com.br\/emfoco\/wp-content\/uploads\/2026\/04\/transito-1-300x169.jpg 300w, https:\/\/www.em.com.br\/emfoco\/wp-content\/uploads\/2026\/04\/transito-1-768x432.jpg 768w, https:\/\/www.em.com.br\/emfoco\/wp-content\/uploads\/2026\/04\/transito-1-750x422.jpg 750w, https:\/\/www.em.com.br\/emfoco\/wp-content\/uploads\/2026\/04\/transito-1-1140x641.jpg 1140w, https:\/\/www.em.com.br\/emfoco\/wp-content\/uploads\/2026\/04\/transito-1.jpg 1280w\" sizes=\"auto, (max-width: 1024px) 100vw, 1024px\" \/><figcaption class=\"wp-element-caption\">Novo projeto quer proibir motorista sozinho em avenidas centrais<\/figcaption><\/figure><\/div>\n\n\n<h2 class=\"wp-block-heading\">Como funciona essa quest\u00e3o no Brasil?<\/h2>\n\n\n\n<p>Diferente do modelo europeu, o <strong>sistema de tr\u00e2nsito brasileiro<\/strong> n\u00e3o possui <a href=\"https:\/\/www.em.com.br\/emfoco\/2026\/04\/06\/legislacao-permite-demissao-se-o-trabalhador-deixar-o-local-de-trabalho-ao-termino-de-sua-jornada\/\" target=\"_blank\" rel=\"noreferrer noopener\">previs\u00f5es legais<\/a> para restringir o acesso a vias p\u00fablicas com base no n\u00famero de passageiros. Atualmente, a gest\u00e3o do tr\u00e1fego urbano \u00e9 baseada estritamente na identifica\u00e7\u00e3o das placas e no rod\u00edzio de ve\u00edculos em grandes metr\u00f3poles.<\/p>\n\n\n\n<p>As normas vigentes no <a href=\"https:\/\/www.planalto.gov.br\/ccivil_03\/leis\/l9503compilado.htm\" target=\"_blank\" rel=\"noreferrer noopener\">C\u00f3digo de Tr\u00e2nsito Brasileiro<\/a> permitem apenas a cria\u00e7\u00e3o de faixas exclusivas para \u00f4nibus ou ve\u00edculos de emerg\u00eancia. N\u00e3o existe, at\u00e9 abril de 2026, nenhum projeto de lei federal ou resolu\u00e7\u00e3o do <strong>CONTRAN<\/strong> que obrigue o motorista a carregar acompanhantes para circular pelo centro das cidades.<\/p>\n\n\n\n<h2 class=\"wp-block-heading\">Quais s\u00e3o as regras de circula\u00e7\u00e3o atuais nas cidades brasileiras?<\/h2>\n\n\n\n<p>No <strong>Brasil<\/strong>, as limita\u00e7\u00f5es ao tr\u00e1fego s\u00e3o decididas por estados e munic\u00edpios para organizar o fluxo vi\u00e1rio. O exemplo mais not\u00f3rio \u00e9 o da cidade de <strong>S\u00e3o Paulo<\/strong>, onde a <strong>CET<\/strong> opera o rod\u00edzio municipal que restringe a circula\u00e7\u00e3o em determinados dias da semana conforme o final da placa.<\/p>\n\n\n\n<p>Confira os principais modelos de restri\u00e7\u00e3o usados no territ\u00f3rio nacional:<\/p>\n\n\n\n<ul class=\"wp-block-list\">\n<li><strong>Rod\u00edzio Municipal<\/strong>: Bloqueio de circula\u00e7\u00e3o por final de placa em hor\u00e1rios de pico.<\/li>\n\n\n\n<li><strong>Zonas de M\u00e1xima Restri\u00e7\u00e3o<\/strong>: \u00c1reas onde a circula\u00e7\u00e3o de caminh\u00f5es e fretados \u00e9 proibida.<\/li>\n\n\n\n<li><strong>Faixas Exclusivas<\/strong>: Corredores destinados apenas ao transporte coletivo e t\u00e1xis.<\/li>\n\n\n\n<li><strong>Zonas Azuis<\/strong>: Estacionamento rotativo pago para democratizar o uso das vagas p\u00fablicas.<\/li>\n<\/ul>\n\n\n\n<h2 class=\"wp-block-heading\">O que diz a lei sobre as Zonas de Baixas Emiss\u00f5es?<\/h2>\n\n\n\n<p>A <strong>Espanha<\/strong> fundamenta suas a\u00e7\u00f5es na <strong>Lei n\u00ba 7\/2021<\/strong>, que obriga cidades com mais de 50 mil habitantes a criarem \u00e1reas de prote\u00e7\u00e3o ambiental. Nessas zonas, ve\u00edculos sem etiqueta ambiental ou com motores mais antigos j\u00e1 sofrem proibi\u00e7\u00f5es severas de circula\u00e7\u00e3o em cidades como <strong>Madri<\/strong> e <strong>Bilbau<\/strong>.<\/p>\n\n\n\n<p>Para comparar a realidade dos dois pa\u00edses, veja a tabela de crit\u00e9rios de acesso:<\/p>\n\n\n<div class=\"wp-block-image\">\n<figure class=\"aligncenter size-large is-resized\"><img loading=\"lazy\" decoding=\"async\" width=\"1024\" height=\"594\" src=\"https:\/\/www.em.com.br\/emfoco\/wp-content\/uploads\/2026\/04\/image-120-1024x594.png\" alt=\"\" class=\"wp-image-198083\" style=\"width:832px;height:auto\" srcset=\"https:\/\/www.em.com.br\/emfoco\/wp-content\/uploads\/2026\/04\/image-120-1024x594.png 1024w, https:\/\/www.em.com.br\/emfoco\/wp-content\/uploads\/2026\/04\/image-120-300x174.png 300w, https:\/\/www.em.com.br\/emfoco\/wp-content\/uploads\/2026\/04\/image-120-768x446.png 768w, https:\/\/www.em.com.br\/emfoco\/wp-content\/uploads\/2026\/04\/image-120-750x435.png 750w, https:\/\/www.em.com.br\/emfoco\/wp-content\/uploads\/2026\/04\/image-120-1140x662.png 1140w, https:\/\/www.em.com.br\/emfoco\/wp-content\/uploads\/2026\/04\/image-120.png 1280w\" sizes=\"auto, (max-width: 1024px) 100vw, 1024px\" \/><\/figure><\/div>\n\n\n<h2 class=\"wp-block-heading\">Existem faixas de alta ocupa\u00e7\u00e3o em funcionamento no Brasil?<\/h2>\n\n\n\n<p>Embora raras, algumas iniciativas experimentais de faixas de alta ocupa\u00e7\u00e3o (FAO) j\u00e1 foram testadas em capitais brasileiras, mas sem sucesso em escala nacional. A <a href=\"https:\/\/www.in.gov.br\/en\/web\/dou\/-\/resolucao-contran-n-996-de-15-de-junho-de-2023-491553860\" target=\"_blank\" rel=\"noreferrer noopener\"><strong>Resolu\u00e7\u00e3o n\u00ba 996<\/strong> <strong>do<\/strong> <strong>CONTRAN<\/strong><\/a> regulamentou o uso dessas faixas, mas elas funcionam apenas como um incentivo, e n\u00e3o como uma proibi\u00e7\u00e3o para o <strong>ve\u00edculo com apenas um ocupante<\/strong> nas demais faixas.<\/p>\n\n\n\n<p>A <strong>E-Motors Brasil<\/strong> e outras empresas de mobilidade acompanham essas tend\u00eancias globais para adaptar o mercado de ve\u00edculos el\u00e9tricos compactos. Contudo, qualquer mudan\u00e7a estrutural no direito de ir e vir do motorista brasileiro precisaria de uma reforma profunda na legisla\u00e7\u00e3o federal, algo que n\u00e3o est\u00e1 em pauta no Congresso Nacional no momento.<\/p>\n","protected":false},"excerpt":{"rendered":"<p>Um novo debate sobre mobilidade urbana sustent\u00e1vel ganhou for\u00e7a na Europa e acendeu alertas em motoristas ao redor do mundo. O foco da discuss\u00e3o \u00e9 a restri\u00e7\u00e3o de acesso para qualquer ve\u00edculo com apenas um ocupante em \u00e1reas de alta densidade urbana. Como funciona a proposta de restri\u00e7\u00e3o na Espanha? O Governo da Espanha est\u00e1 [&hellip;]<\/p>\n","protected":false},"author":30,"featured_media":198039,"comment_status":"open","ping_status":"open","sticky":false,"template":"","format":"standard","meta":{"jnews-multi-image_gallery":[],"jnews_single_post":{"format":"standard"},"jnews_primary_category":[],"jnews_social_meta":[],"jnews_override_counter":[],"footnotes":""},"categories":[28],"tags":[818,2239,465,1291],"class_list":["post-197998","post","type-post","status-publish","format-standard","has-post-thumbnail","hentry","category-economia","tag-carro","tag-espanha","tag-governo","tag-veiculo"],"yoast_head":"<!-- This site is optimized with the Yoast SEO plugin v23.8 - https:\/\/yoast.com\/wordpress\/plugins\/seo\/ -->\n<title>Novo projeto planeja proibir a circula\u00e7\u00e3o de apenas uma pessoa por carro: \u201cO futuro dos ve\u00edculos ser\u00e1 compartilhado ou n\u00e3o haver\u00e1 futuro\u201d - Estado de Minas - Em foco<\/title>\n<meta name=\"description\" content=\"Entenda o novo projeto que planeja proibir a circula\u00e7\u00e3o de apenas uma pessoa por carro. Veja o debate sobre o futuro dos carros.\" \/>\n<meta name=\"robots\" content=\"index, follow, max-snippet:-1, max-image-preview:large, max-video-preview:-1\" \/>\n<link rel=\"canonical\" href=\"https:\/\/www.em.com.br\/emfoco\/2026\/04\/24\/novo-projeto-planeja-proibir-a-circulacao-de-apenas-uma-pessoa-por-carro-o-futuro-dos-veiculos-sera-compartilhado-ou-nao-havera-futuro\/\" \/>\n<meta property=\"og:locale\" content=\"pt_BR\" \/>\n<meta property=\"og:type\" content=\"article\" \/>\n<meta property=\"og:title\" content=\"Novo projeto planeja proibir a circula\u00e7\u00e3o de apenas uma pessoa por carro: \u201cO futuro dos ve\u00edculos ser\u00e1 compartilhado ou n\u00e3o haver\u00e1 futuro\u201d - Estado de Minas - Em foco\" \/>\n<meta property=\"og:description\" content=\"Entenda o novo projeto que planeja proibir a circula\u00e7\u00e3o de apenas uma pessoa por carro. Veja o debate sobre o futuro dos carros.\" \/>\n<meta property=\"og:url\" content=\"https:\/\/www.em.com.br\/emfoco\/2026\/04\/24\/novo-projeto-planeja-proibir-a-circulacao-de-apenas-uma-pessoa-por-carro-o-futuro-dos-veiculos-sera-compartilhado-ou-nao-havera-futuro\/\" \/>\n<meta property=\"og:site_name\" content=\"Estado de Minas - Em foco\" \/>\n<meta property=\"article:published_time\" content=\"2026-04-24T21:45:00+00:00\" \/>\n<meta property=\"article:modified_time\" content=\"2026-04-24T03:27:54+00:00\" \/>\n<meta property=\"og:image\" content=\"https:\/\/www.em.com.br\/emfoco\/wp-content\/uploads\/2026\/04\/EmFoco_62-2.jpg\" \/>\n\t<meta property=\"og:image:width\" content=\"1280\" \/>\n\t<meta property=\"og:image:height\" content=\"720\" \/>\n\t<meta property=\"og:image:type\" content=\"image\/jpeg\" \/>\n<meta name=\"author\" content=\"Guilherme Ara\u00fajo\" \/>\n<meta name=\"twitter:card\" content=\"summary_large_image\" \/>\n<meta name=\"twitter:label1\" content=\"Escrito por\" \/>\n\t<meta name=\"twitter:data1\" content=\"Guilherme Ara\u00fajo\" \/>\n\t<meta name=\"twitter:label2\" content=\"Est. tempo de leitura\" \/>\n\t<meta name=\"twitter:data2\" content=\"4 minutos\" \/>\n<!-- \/ Yoast SEO plugin. -->","yoast_head_json":{"title":"Novo projeto planeja proibir a circula\u00e7\u00e3o de apenas uma pessoa por carro: \u201cO futuro dos ve\u00edculos ser\u00e1 compartilhado ou n\u00e3o haver\u00e1 futuro\u201d - Estado de Minas - Em foco","description":"Entenda o novo projeto que planeja proibir a circula\u00e7\u00e3o de apenas uma pessoa por carro. Veja o debate sobre o futuro dos carros.","robots":{"index":"index","follow":"follow","max-snippet":"max-snippet:-1","max-image-preview":"max-image-preview:large","max-video-preview":"max-video-preview:-1"},"canonical":"https:\/\/www.em.com.br\/emfoco\/2026\/04\/24\/novo-projeto-planeja-proibir-a-circulacao-de-apenas-uma-pessoa-por-carro-o-futuro-dos-veiculos-sera-compartilhado-ou-nao-havera-futuro\/","og_locale":"pt_BR","og_type":"article","og_title":"Novo projeto planeja proibir a circula\u00e7\u00e3o de apenas uma pessoa por carro: \u201cO futuro dos ve\u00edculos ser\u00e1 compartilhado ou n\u00e3o haver\u00e1 futuro\u201d - Estado de Minas - Em foco","og_description":"Entenda o novo projeto que planeja proibir a circula\u00e7\u00e3o de apenas uma pessoa por carro. Veja o debate sobre o futuro dos carros.","og_url":"https:\/\/www.em.com.br\/emfoco\/2026\/04\/24\/novo-projeto-planeja-proibir-a-circulacao-de-apenas-uma-pessoa-por-carro-o-futuro-dos-veiculos-sera-compartilhado-ou-nao-havera-futuro\/","og_site_name":"Estado de Minas - Em foco","article_published_time":"2026-04-24T21:45:00+00:00","article_modified_time":"2026-04-24T03:27:54+00:00","og_image":[{"width":1280,"height":720,"url":"https:\/\/www.em.com.br\/emfoco\/wp-content\/uploads\/2026\/04\/EmFoco_62-2.jpg","type":"image\/jpeg"}],"author":"Guilherme Ara\u00fajo","twitter_card":"summary_large_image","twitter_misc":{"Escrito por":"Guilherme Ara\u00fajo","Est. tempo de leitura":"4 minutos"},"schema":{"@context":"https:\/\/schema.org","@graph":[{"@type":"WebPage","@id":"https:\/\/www.em.com.br\/emfoco\/2026\/04\/24\/novo-projeto-planeja-proibir-a-circulacao-de-apenas-uma-pessoa-por-carro-o-futuro-dos-veiculos-sera-compartilhado-ou-nao-havera-futuro\/","url":"https:\/\/www.em.com.br\/emfoco\/2026\/04\/24\/novo-projeto-planeja-proibir-a-circulacao-de-apenas-uma-pessoa-por-carro-o-futuro-dos-veiculos-sera-compartilhado-ou-nao-havera-futuro\/","name":"Novo projeto planeja proibir a circula\u00e7\u00e3o de apenas uma pessoa por carro: \u201cO futuro dos ve\u00edculos ser\u00e1 compartilhado ou n\u00e3o haver\u00e1 futuro\u201d - Estado de Minas - Em foco","isPartOf":{"@id":"https:\/\/www.em.com.br\/emfoco\/#website"},"primaryImageOfPage":{"@id":"https:\/\/www.em.com.br\/emfoco\/2026\/04\/24\/novo-projeto-planeja-proibir-a-circulacao-de-apenas-uma-pessoa-por-carro-o-futuro-dos-veiculos-sera-compartilhado-ou-nao-havera-futuro\/#primaryimage"},"image":{"@id":"https:\/\/www.em.com.br\/emfoco\/2026\/04\/24\/novo-projeto-planeja-proibir-a-circulacao-de-apenas-uma-pessoa-por-carro-o-futuro-dos-veiculos-sera-compartilhado-ou-nao-havera-futuro\/#primaryimage"},"thumbnailUrl":"https:\/\/www.em.com.br\/emfoco\/wp-content\/uploads\/2026\/04\/EmFoco_62-2.jpg","datePublished":"2026-04-24T21:45:00+00:00","dateModified":"2026-04-24T03:27:54+00:00","author":{"@id":"https:\/\/www.em.com.br\/emfoco\/#\/schema\/person\/5379e929a4b966c775d121e23f9bb421"},"description":"Entenda o novo projeto que planeja proibir a circula\u00e7\u00e3o de apenas uma pessoa por carro. Veja o debate sobre o futuro dos carros.","breadcrumb":{"@id":"https:\/\/www.em.com.br\/emfoco\/2026\/04\/24\/novo-projeto-planeja-proibir-a-circulacao-de-apenas-uma-pessoa-por-carro-o-futuro-dos-veiculos-sera-compartilhado-ou-nao-havera-futuro\/#breadcrumb"},"inLanguage":"pt-BR","potentialAction":[{"@type":"ReadAction","target":["https:\/\/www.em.com.br\/emfoco\/2026\/04\/24\/novo-projeto-planeja-proibir-a-circulacao-de-apenas-uma-pessoa-por-carro-o-futuro-dos-veiculos-sera-compartilhado-ou-nao-havera-futuro\/"]}]},{"@type":"ImageObject","inLanguage":"pt-BR","@id":"https:\/\/www.em.com.br\/emfoco\/2026\/04\/24\/novo-projeto-planeja-proibir-a-circulacao-de-apenas-uma-pessoa-por-carro-o-futuro-dos-veiculos-sera-compartilhado-ou-nao-havera-futuro\/#primaryimage","url":"https:\/\/www.em.com.br\/emfoco\/wp-content\/uploads\/2026\/04\/EmFoco_62-2.jpg","contentUrl":"https:\/\/www.em.com.br\/emfoco\/wp-content\/uploads\/2026\/04\/EmFoco_62-2.jpg","width":1280,"height":720,"caption":"Debate europeu sobre Zonas de Baixas Emiss\u00f5es prop\u00f5e restringir ve\u00edculos com \u00fanico ocupante"},{"@type":"BreadcrumbList","@id":"https:\/\/www.em.com.br\/emfoco\/2026\/04\/24\/novo-projeto-planeja-proibir-a-circulacao-de-apenas-uma-pessoa-por-carro-o-futuro-dos-veiculos-sera-compartilhado-ou-nao-havera-futuro\/#breadcrumb","itemListElement":[{"@type":"ListItem","position":1,"name":"In\u00edcio","item":"https:\/\/www.em.com.br\/emfoco\/"},{"@type":"ListItem","position":2,"name":"Novo projeto planeja proibir a circula\u00e7\u00e3o de apenas uma pessoa por carro: \u201cO futuro dos ve\u00edculos ser\u00e1 compartilhado ou n\u00e3o haver\u00e1 futuro\u201d"}]},{"@type":"WebSite","@id":"https:\/\/www.em.com.br\/emfoco\/#website","url":"https:\/\/www.em.com.br\/emfoco\/","name":"Estado de Minas - Em foco","description":"Acompanhe as \u00faltimas not\u00edcias e fique bem informado sobre tudo o que acontece em Minas Gerais, Brasil e no mundo.","potentialAction":[{"@type":"SearchAction","target":{"@type":"EntryPoint","urlTemplate":"https:\/\/www.em.com.br\/emfoco\/?s={search_term_string}"},"query-input":{"@type":"PropertyValueSpecification","valueRequired":true,"valueName":"search_term_string"}}],"inLanguage":"pt-BR"},{"@type":"Person","@id":"https:\/\/www.em.com.br\/emfoco\/#\/schema\/person\/5379e929a4b966c775d121e23f9bb421","name":"Guilherme Ara\u00fajo","image":{"@type":"ImageObject","inLanguage":"pt-BR","@id":"https:\/\/www.em.com.br\/emfoco\/#\/schema\/person\/image\/","url":"https:\/\/secure.gravatar.com\/avatar\/b8bf1fd0130e170bd8f5d7298dbafa25?s=96&d=mm&r=g","contentUrl":"https:\/\/secure.gravatar.com\/avatar\/b8bf1fd0130e170bd8f5d7298dbafa25?s=96&d=mm&r=g","caption":"Guilherme Ara\u00fajo"},"sameAs":["https:\/\/www.em.com.br\/emfoco"],"url":"https:\/\/www.em.com.br\/emfoco\/author\/guilhermeamyth\/"}]}},"_links":{"self":[{"href":"https:\/\/www.em.com.br\/emfoco\/wp-json\/wp\/v2\/posts\/197998","targetHints":{"allow":["GET"]}}],"collection":[{"href":"https:\/\/www.em.com.br\/emfoco\/wp-json\/wp\/v2\/posts"}],"about":[{"href":"https:\/\/www.em.com.br\/emfoco\/wp-json\/wp\/v2\/types\/post"}],"author":[{"embeddable":true,"href":"https:\/\/www.em.com.br\/emfoco\/wp-json\/wp\/v2\/users\/30"}],"replies":[{"embeddable":true,"href":"https:\/\/www.em.com.br\/emfoco\/wp-json\/wp\/v2\/comments?post=197998"}],"version-history":[{"count":5,"href":"https:\/\/www.em.com.br\/emfoco\/wp-json\/wp\/v2\/posts\/197998\/revisions"}],"predecessor-version":[{"id":198108,"href":"https:\/\/www.em.com.br\/emfoco\/wp-json\/wp\/v2\/posts\/197998\/revisions\/198108"}],"wp:featuredmedia":[{"embeddable":true,"href":"https:\/\/www.em.com.br\/emfoco\/wp-json\/wp\/v2\/media\/198039"}],"wp:attachment":[{"href":"https:\/\/www.em.com.br\/emfoco\/wp-json\/wp\/v2\/media?parent=197998"}],"wp:term":[{"taxonomy":"category","embeddable":true,"href":"https:\/\/www.em.com.br\/emfoco\/wp-json\/wp\/v2\/categories?post=197998"},{"taxonomy":"post_tag","embeddable":true,"href":"https:\/\/www.em.com.br\/emfoco\/wp-json\/wp\/v2\/tags?post=197998"}],"curies":[{"name":"wp","href":"https:\/\/api.w.org\/{rel}","templated":true}]}}