{"id":197924,"date":"2026-04-24T21:05:00","date_gmt":"2026-04-25T00:05:00","guid":{"rendered":"https:\/\/www.em.com.br\/emfoco\/?p=197924"},"modified":"2026-04-23T17:55:48","modified_gmt":"2026-04-23T20:55:48","slug":"nem-remedios-pesados-nem-restricoes-radicais-o-metodo-de-equilibrio-para-o-coracao","status":"publish","type":"post","link":"https:\/\/www.em.com.br\/emfoco\/2026\/04\/24\/nem-remedios-pesados-nem-restricoes-radicais-o-metodo-de-equilibrio-para-o-coracao\/","title":{"rendered":"Nem rem\u00e9dios pesados nem restri\u00e7\u00f5es radicais, o m\u00e9todo de equil\u00edbrio para o cora\u00e7\u00e3o"},"content":{"rendered":"\n<p>Voc\u00ea percebe que o excesso de sal no almo\u00e7o de domingo se tornou um vil\u00e3o silencioso enquanto busca formas de <strong>cuidar da press\u00e3o arterial<\/strong> com sa\u00fade e equil\u00edbrio. J\u00e1 imaginou como pequenas mudan\u00e7as na sua rotina podem evitar o uso cont\u00ednuo de medicamentos pesados no futuro e devolver sua vitalidade?<\/p>\n\n\n\n<h2 class=\"wp-block-heading\">Por que cuidar da press\u00e3o arterial exige aten\u00e7\u00e3o redobrada aos 40<\/h2>\n\n\n\n<p>A queda hormonal natural desta fase da vida altera a elasticidade dos vasos sangu\u00edneos de forma progressiva, exigindo um olhar mais atento ao cora\u00e7\u00e3o. Manter o monitoramento constante garante que o seu sistema circulat\u00f3rio n\u00e3o trabalhe com uma <strong>sobrecarga desnecess\u00e1ria<\/strong> durante as tarefas simples do dia. O foco constante em <strong>cuidar da press\u00e3o arterial<\/strong> previne complica\u00e7\u00f5es graves que costumam surgir de maneira silenciosa e bastante inesperada na maturidade.<\/p>\n\n\n\n<p>O estresse acumulado nas responsabilidades familiares e profissionais reflete diretamente nos seus n\u00edveis de tens\u00e3o interna e pode prejudicar sua qualidade de vida. Adotar novos h\u00e1bitos serve como um <strong>escudo protetor<\/strong> para o seu organismo a longo prazo e auxilia na preserva\u00e7\u00e3o da sua energia mental. Essa jornada de autocuidado promove uma <strong>longevidade ativa<\/strong> e cheia de vigor para voc\u00ea aproveitar os melhores momentos ao lado de quem ama.<\/p>\n\n\n<div class=\"wp-block-image\">\n<figure class=\"aligncenter size-large\"><img loading=\"lazy\" decoding=\"async\" width=\"1024\" height=\"576\" src=\"https:\/\/www.em.com.br\/emfoco\/wp-content\/uploads\/2026\/04\/pressao-alta_1776964490582-1024x576.jpg\" alt=\"cuidar da press\u00e3o arterial\" class=\"wp-image-197927\" srcset=\"https:\/\/www.em.com.br\/emfoco\/wp-content\/uploads\/2026\/04\/pressao-alta_1776964490582-1024x576.jpg 1024w, https:\/\/www.em.com.br\/emfoco\/wp-content\/uploads\/2026\/04\/pressao-alta_1776964490582-300x169.jpg 300w, https:\/\/www.em.com.br\/emfoco\/wp-content\/uploads\/2026\/04\/pressao-alta_1776964490582-768x432.jpg 768w, https:\/\/www.em.com.br\/emfoco\/wp-content\/uploads\/2026\/04\/pressao-alta_1776964490582-750x422.jpg 750w, https:\/\/www.em.com.br\/emfoco\/wp-content\/uploads\/2026\/04\/pressao-alta_1776964490582-1140x641.jpg 1140w, https:\/\/www.em.com.br\/emfoco\/wp-content\/uploads\/2026\/04\/pressao-alta_1776964490582.jpg 1280w\" sizes=\"auto, (max-width: 1024px) 100vw, 1024px\" \/><figcaption class=\"wp-element-caption\">O estresse acumulado nas responsabilidades familiares e profissionais reflete diretamente nos seus n\u00edveis de tens\u00e3o interna e pode prejudicar sua qualidade de vida &#8211; Cr\u00e9ditos: depositphotos.com \/ Mizkit<\/figcaption><\/figure><\/div>\n\n\n<p>Leia tamb\u00e9m: <a href=\"https:\/\/www.em.com.br\/emfoco\/2026\/04\/04\/a-folha-dessa-fruta-pode-aliviar-ondas-de-calor-e-ajudar-mulheres-na-menopausa-2\/\" target=\"_blank\" rel=\"noreferrer noopener\">Adeus calor! Os benef\u00edcios da folha de amora na menopausa para um auto cuidado simples<\/a><\/p>\n\n\n\n<h2 class=\"wp-block-heading\">Quais alimentos ajudam a cuidar da press\u00e3o arterial diariamente<\/h2>\n\n\n\n<p>Reduzir o consumo de produtos industrializados e ultraprocessados \u00e9 o primeiro passo fundamental para <strong>desinchar o corpo<\/strong> e aliviar a tens\u00e3o nas art\u00e9rias. Priorizar temperos naturais como o alho, a cebola e o manjeric\u00e3o traz um sabor real aos pratos sem comprometer sua <strong>sa\u00fade cardiovascular<\/strong>. Alimentos ricos em pot\u00e1ssio, como a banana e o espinafre, ajudam a <strong>equilibrar o s\u00f3dio<\/strong> excedente que circula no seu organismo de forma prejudicial.<\/p>\n\n\n\n<p>Incluir vegetais de folhas escuras e gr\u00e3os integrais fornece o magn\u00e9sio necess\u00e1rio para o relaxamento natural dos vasos sangu\u00edneos e melhora o fluxo de sangue. Essas escolhas inteligentes facilitam a <strong>manuten\u00e7\u00e3o do peso<\/strong> saud\u00e1vel e combatem a inflama\u00e7\u00e3o silenciosa que afeta as mulheres ap\u00f3s os quarenta anos. Preparamos uma lista com itens poderosos que atuam diretamente no controle da sua tens\u00e3o vascular de forma pr\u00e1tica e muito nutritiva:<\/p>\n\n\n\n<ul class=\"wp-block-list\">\n<li>Castanhas e sementes oleaginosas para obter <strong>gorduras boas<\/strong> e minerais que protegem o cora\u00e7\u00e3o.<\/li>\n\n\n\n<li>Frutas c\u00edtricas ricas em flavonoides que auxiliam na <strong>elasticidade das art\u00e9rias<\/strong> de modo totalmente natural.<\/li>\n\n\n\n<li>Aveia integral e cereais de fibra para reduzir a <strong>absor\u00e7\u00e3o de gorduras<\/strong> nocivas ao sistema circulat\u00f3rio.<\/li>\n<\/ul>\n\n\n\n<figure class=\"wp-block-embed is-type-rich is-provider-pinterest wp-block-embed-pinterest\"><div class=\"wp-block-embed__wrapper\">\n<iframe loading=\"lazy\" title=\"MUNDO DAS SEMENTES\" src=\"https:\/\/assets.pinterest.com\/ext\/embed.html?id=1106970783414319547&#038;src=oembed\" height=\"899\" width=\"450\" frameborder=\"0\" scrolling=\"no\" ><\/iframe>\n<\/div><\/figure>\n\n\n\n<h2 class=\"wp-block-heading\">Como a atividade f\u00edsica atua no controle da tens\u00e3o vascular<\/h2>\n\n\n\n<p>Praticar caminhadas leves de forma regular fortalece o m\u00fasculo card\u00edaco e otimiza o bombeamento de oxig\u00eanio para todos os tecidos do corpo. O movimento constante ajuda a <strong>queimar calorias<\/strong> extras e reduz a resist\u00eancia perif\u00e9rica que costuma elevar a tens\u00e3o nos vasos sangu\u00edneos. Exercitar o corpo com frequ\u00eancia traz uma <strong>sensa\u00e7\u00e3o de relaxamento<\/strong> profundo que perdura por v\u00e1rias horas ap\u00f3s o t\u00e9rmino de cada sess\u00e3o.<\/p>\n\n\n\n<p>O treinamento de for\u00e7a e resist\u00eancia tamb\u00e9m desempenha um papel fundamental na prote\u00e7\u00e3o da sua estrutura metab\u00f3lica e no controle da glicose. M\u00fasculos ativos consomem energia de forma eficiente e auxiliam diretamente no <strong>equil\u00edbrio da press\u00e3o<\/strong> interna durante os per\u00edodos de repouso noturno. Encontrar uma modalidade prazerosa, como a nata\u00e7\u00e3o ou o pilates, garante que voc\u00ea mantenha a <strong>const\u00e2ncia necess\u00e1ria<\/strong> para obter resultados s\u00f3lidos.<\/p>\n\n\n\n<p>Para voc\u00ea que gosta de se cuidar, separamos um v\u00eddeo do canal <a href=\"https:\/\/www.youtube.com\/@CardioDF\" target=\"_blank\" rel=\"noreferrer noopener\">Cardio DF <\/a>com dicas para baixar a press\u00e3o:<\/p>\n\n\n\n<figure class=\"wp-block-embed is-type-video is-provider-youtube wp-block-embed-youtube wp-embed-aspect-16-9 wp-has-aspect-ratio\"><div class=\"wp-block-embed__wrapper\">\n<div class=\"jeg_video_container jeg_video_content\"><iframe loading=\"lazy\" title=\"PRESS\u00c3O ALTA: Dicas para BAIXAR a Press\u00e3o SEM Rem\u00e9dio!!!\" width=\"500\" height=\"281\" src=\"https:\/\/www.youtube.com\/embed\/PsiFfziYuEk?feature=oembed\" frameborder=\"0\" allow=\"accelerometer; autoplay; clipboard-write; encrypted-media; gyroscope; picture-in-picture; web-share\" referrerpolicy=\"strict-origin-when-cross-origin\" allowfullscreen><\/iframe><\/div>\n<\/div><\/figure>\n\n\n\n<h2 class=\"wp-block-heading\">Estrat\u00e9gias para reduzir o estresse e cuidar da press\u00e3o arterial<\/h2>\n\n\n\n<p>Reservar momentos espec\u00edficos para praticar a respira\u00e7\u00e3o profunda ajuda a acalmar o sistema nervoso simp\u00e1tico de maneira imediata e muito eficaz. O controle consciente da ansiedade evita picos repentinos de tens\u00e3o que podem danificar as paredes internas das suas veias mais sens\u00edveis. Esse h\u00e1bito simples de <strong>pausas silenciosas<\/strong> promove um descanso reparador para a mente e prepara o corpo para enfrentar os desafios do cotidiano.<\/p>\n\n\n\n<p>Dormir o n\u00famero adequado de horas permite que o organismo realize a <strong>manuten\u00e7\u00e3o celular<\/strong> necess\u00e1ria para o bom funcionamento do sistema circulat\u00f3rio. O sono de qualidade atua como um regulador biol\u00f3gico que ajuda a <strong>cuidar da press\u00e3o arterial<\/strong> com total seguran\u00e7a e sem a necessidade de interven\u00e7\u00f5es qu\u00edmicas. Valorize seu tempo de repouso para garantir que seu cora\u00e7\u00e3o tenha <strong>energia renovada<\/strong> e for\u00e7a para bater com sa\u00fade todas as manh\u00e3s.<\/p>\n\n\n\n<h2 class=\"wp-block-heading\">Mantenha o foco na sua sa\u00fade integral<\/h2>\n\n\n\n<p>Pequenas vit\u00f3rias di\u00e1rias na cozinha e na academia constroem um caminho s\u00f3lido para um envelhecimento cheio de vigor e alegria. Escolha sempre a <strong>preven\u00e7\u00e3o ativa<\/strong> como sua melhor estrat\u00e9gia para evitar limita\u00e7\u00f5es f\u00edsicas no futuro pr\u00f3ximo. Seu corpo responder\u00e1 com <strong>mais disposi\u00e7\u00e3o<\/strong> logo nas primeiras semanas de mudan\u00e7a consciente e cuidadosa.<\/p>\n\n\n\n<p>Compartilhe suas novas metas saud\u00e1veis com sua fam\u00edlia para criar uma rede de <strong>apoio m\u00fatuo<\/strong> e motiva\u00e7\u00e3o constante. O segredo do sucesso reside na paci\u00eancia e na <strong>disciplina gentil<\/strong> com o seu pr\u00f3prio ritmo biol\u00f3gico e emocional. Comece sua transforma\u00e7\u00e3o hoje mesmo para viver com <strong>total liberdade<\/strong> e desfrutar de uma sa\u00fade plena em todas as fases.<\/p>\n","protected":false},"excerpt":{"rendered":"<p>Voc\u00ea percebe que o excesso de sal no almo\u00e7o de domingo se tornou um vil\u00e3o silencioso enquanto busca formas de cuidar da press\u00e3o arterial com sa\u00fade e equil\u00edbrio. J\u00e1 imaginou como pequenas mudan\u00e7as na sua rotina podem evitar o uso cont\u00ednuo de medicamentos pesados no futuro e devolver sua vitalidade? Por que cuidar da press\u00e3o [&hellip;]<\/p>\n","protected":false},"author":9,"featured_media":198027,"comment_status":"open","ping_status":"open","sticky":false,"template":"","format":"standard","meta":{"jnews-multi-image_gallery":[],"jnews_single_post":{"format":"standard"},"jnews_primary_category":[],"jnews_social_meta":[],"jnews_override_counter":[],"footnotes":""},"categories":[8691,9053],"tags":[7311,28633,7233],"class_list":["post-197924","post","type-post","status-publish","format-standard","has-post-thumbnail","hentry","category-bem-estar","category-saude","tag-habitos-saudaveis","tag-hipertensao-feminina","tag-saude-cardiovascular"],"yoast_head":"<!-- This site is optimized with the Yoast SEO plugin v23.8 - https:\/\/yoast.com\/wordpress\/plugins\/seo\/ -->\n<title>Nem rem\u00e9dios pesados nem restri\u00e7\u00f5es radicais, o m\u00e9todo de equil\u00edbrio para o cora\u00e7\u00e3o - Estado de Minas - Em foco<\/title>\n<meta name=\"description\" content=\"Aprenda a cuidar da press\u00e3o arterial com mudan\u00e7as simples na alimenta\u00e7\u00e3o e nos exerc\u00edcios. Melhore sua sa\u00fade do cora\u00e7\u00e3o de forma natural.\" \/>\n<meta name=\"robots\" content=\"index, follow, max-snippet:-1, max-image-preview:large, max-video-preview:-1\" \/>\n<link rel=\"canonical\" href=\"https:\/\/www.em.com.br\/emfoco\/2026\/04\/24\/nem-remedios-pesados-nem-restricoes-radicais-o-metodo-de-equilibrio-para-o-coracao\/\" \/>\n<meta property=\"og:locale\" content=\"pt_BR\" \/>\n<meta property=\"og:type\" content=\"article\" \/>\n<meta property=\"og:title\" content=\"Nem rem\u00e9dios pesados nem restri\u00e7\u00f5es radicais, o m\u00e9todo de equil\u00edbrio para o cora\u00e7\u00e3o - Estado de Minas - Em foco\" \/>\n<meta property=\"og:description\" content=\"Aprenda a cuidar da press\u00e3o arterial com mudan\u00e7as simples na alimenta\u00e7\u00e3o e nos exerc\u00edcios. Melhore sua sa\u00fade do cora\u00e7\u00e3o de forma natural.\" \/>\n<meta property=\"og:url\" content=\"https:\/\/www.em.com.br\/emfoco\/2026\/04\/24\/nem-remedios-pesados-nem-restricoes-radicais-o-metodo-de-equilibrio-para-o-coracao\/\" \/>\n<meta property=\"og:site_name\" content=\"Estado de Minas - Em foco\" \/>\n<meta property=\"article:published_time\" content=\"2026-04-25T00:05:00+00:00\" \/>\n<meta property=\"article:modified_time\" content=\"2026-04-23T20:55:48+00:00\" \/>\n<meta property=\"og:image\" content=\"https:\/\/www.em.com.br\/emfoco\/wp-content\/uploads\/2026\/04\/EmFoco_47-4.jpg\" \/>\n\t<meta property=\"og:image:width\" content=\"1280\" \/>\n\t<meta property=\"og:image:height\" content=\"720\" \/>\n\t<meta property=\"og:image:type\" content=\"image\/jpeg\" \/>\n<meta name=\"author\" content=\"Daniely Cardoso\" \/>\n<meta name=\"twitter:card\" content=\"summary_large_image\" \/>\n<meta name=\"twitter:label1\" content=\"Escrito por\" \/>\n\t<meta name=\"twitter:data1\" content=\"Daniely Cardoso\" \/>\n\t<meta name=\"twitter:label2\" content=\"Est. tempo de leitura\" \/>\n\t<meta name=\"twitter:data2\" content=\"5 minutos\" \/>\n<!-- \/ Yoast SEO plugin. -->","yoast_head_json":{"title":"Nem rem\u00e9dios pesados nem restri\u00e7\u00f5es radicais, o m\u00e9todo de equil\u00edbrio para o cora\u00e7\u00e3o - Estado de Minas - Em foco","description":"Aprenda a cuidar da press\u00e3o arterial com mudan\u00e7as simples na alimenta\u00e7\u00e3o e nos exerc\u00edcios. Melhore sua sa\u00fade do cora\u00e7\u00e3o de forma natural.","robots":{"index":"index","follow":"follow","max-snippet":"max-snippet:-1","max-image-preview":"max-image-preview:large","max-video-preview":"max-video-preview:-1"},"canonical":"https:\/\/www.em.com.br\/emfoco\/2026\/04\/24\/nem-remedios-pesados-nem-restricoes-radicais-o-metodo-de-equilibrio-para-o-coracao\/","og_locale":"pt_BR","og_type":"article","og_title":"Nem rem\u00e9dios pesados nem restri\u00e7\u00f5es radicais, o m\u00e9todo de equil\u00edbrio para o cora\u00e7\u00e3o - Estado de Minas - Em foco","og_description":"Aprenda a cuidar da press\u00e3o arterial com mudan\u00e7as simples na alimenta\u00e7\u00e3o e nos exerc\u00edcios. Melhore sua sa\u00fade do cora\u00e7\u00e3o de forma natural.","og_url":"https:\/\/www.em.com.br\/emfoco\/2026\/04\/24\/nem-remedios-pesados-nem-restricoes-radicais-o-metodo-de-equilibrio-para-o-coracao\/","og_site_name":"Estado de Minas - Em foco","article_published_time":"2026-04-25T00:05:00+00:00","article_modified_time":"2026-04-23T20:55:48+00:00","og_image":[{"width":1280,"height":720,"url":"https:\/\/www.em.com.br\/emfoco\/wp-content\/uploads\/2026\/04\/EmFoco_47-4.jpg","type":"image\/jpeg"}],"author":"Daniely Cardoso","twitter_card":"summary_large_image","twitter_misc":{"Escrito por":"Daniely Cardoso","Est. tempo de leitura":"5 minutos"},"schema":{"@context":"https:\/\/schema.org","@graph":[{"@type":"WebPage","@id":"https:\/\/www.em.com.br\/emfoco\/2026\/04\/24\/nem-remedios-pesados-nem-restricoes-radicais-o-metodo-de-equilibrio-para-o-coracao\/","url":"https:\/\/www.em.com.br\/emfoco\/2026\/04\/24\/nem-remedios-pesados-nem-restricoes-radicais-o-metodo-de-equilibrio-para-o-coracao\/","name":"Nem rem\u00e9dios pesados nem restri\u00e7\u00f5es radicais, o m\u00e9todo de equil\u00edbrio para o cora\u00e7\u00e3o - Estado de Minas - Em foco","isPartOf":{"@id":"https:\/\/www.em.com.br\/emfoco\/#website"},"primaryImageOfPage":{"@id":"https:\/\/www.em.com.br\/emfoco\/2026\/04\/24\/nem-remedios-pesados-nem-restricoes-radicais-o-metodo-de-equilibrio-para-o-coracao\/#primaryimage"},"image":{"@id":"https:\/\/www.em.com.br\/emfoco\/2026\/04\/24\/nem-remedios-pesados-nem-restricoes-radicais-o-metodo-de-equilibrio-para-o-coracao\/#primaryimage"},"thumbnailUrl":"https:\/\/www.em.com.br\/emfoco\/wp-content\/uploads\/2026\/04\/EmFoco_47-4.jpg","datePublished":"2026-04-25T00:05:00+00:00","dateModified":"2026-04-23T20:55:48+00:00","author":{"@id":"https:\/\/www.em.com.br\/emfoco\/#\/schema\/person\/0a8186d72f2c3a5c6276d90b41f271a0"},"description":"Aprenda a cuidar da press\u00e3o arterial com mudan\u00e7as simples na alimenta\u00e7\u00e3o e nos exerc\u00edcios. Melhore sua sa\u00fade do cora\u00e7\u00e3o de forma natural.","breadcrumb":{"@id":"https:\/\/www.em.com.br\/emfoco\/2026\/04\/24\/nem-remedios-pesados-nem-restricoes-radicais-o-metodo-de-equilibrio-para-o-coracao\/#breadcrumb"},"inLanguage":"pt-BR","potentialAction":[{"@type":"ReadAction","target":["https:\/\/www.em.com.br\/emfoco\/2026\/04\/24\/nem-remedios-pesados-nem-restricoes-radicais-o-metodo-de-equilibrio-para-o-coracao\/"]}]},{"@type":"ImageObject","inLanguage":"pt-BR","@id":"https:\/\/www.em.com.br\/emfoco\/2026\/04\/24\/nem-remedios-pesados-nem-restricoes-radicais-o-metodo-de-equilibrio-para-o-coracao\/#primaryimage","url":"https:\/\/www.em.com.br\/emfoco\/wp-content\/uploads\/2026\/04\/EmFoco_47-4.jpg","contentUrl":"https:\/\/www.em.com.br\/emfoco\/wp-content\/uploads\/2026\/04\/EmFoco_47-4.jpg","width":1280,"height":720,"caption":"H\u00e1bitos saud\u00e1veis e monitoramento vascular previnem doen\u00e7as silenciosas na fase da maturidade"},{"@type":"BreadcrumbList","@id":"https:\/\/www.em.com.br\/emfoco\/2026\/04\/24\/nem-remedios-pesados-nem-restricoes-radicais-o-metodo-de-equilibrio-para-o-coracao\/#breadcrumb","itemListElement":[{"@type":"ListItem","position":1,"name":"In\u00edcio","item":"https:\/\/www.em.com.br\/emfoco\/"},{"@type":"ListItem","position":2,"name":"Nem rem\u00e9dios pesados nem restri\u00e7\u00f5es radicais, o m\u00e9todo de equil\u00edbrio para o cora\u00e7\u00e3o"}]},{"@type":"WebSite","@id":"https:\/\/www.em.com.br\/emfoco\/#website","url":"https:\/\/www.em.com.br\/emfoco\/","name":"Estado de Minas - Em foco","description":"Acompanhe as \u00faltimas not\u00edcias e fique bem informado sobre tudo o que acontece em Minas Gerais, Brasil e no mundo.","potentialAction":[{"@type":"SearchAction","target":{"@type":"EntryPoint","urlTemplate":"https:\/\/www.em.com.br\/emfoco\/?s={search_term_string}"},"query-input":{"@type":"PropertyValueSpecification","valueRequired":true,"valueName":"search_term_string"}}],"inLanguage":"pt-BR"},{"@type":"Person","@id":"https:\/\/www.em.com.br\/emfoco\/#\/schema\/person\/0a8186d72f2c3a5c6276d90b41f271a0","name":"Daniely Cardoso","image":{"@type":"ImageObject","inLanguage":"pt-BR","@id":"https:\/\/www.em.com.br\/emfoco\/#\/schema\/person\/image\/","url":"https:\/\/secure.gravatar.com\/avatar\/4b80ddbd124d1f071b626d52d62e5dff?s=96&d=mm&r=g","contentUrl":"https:\/\/secure.gravatar.com\/avatar\/4b80ddbd124d1f071b626d52d62e5dff?s=96&d=mm&r=g","caption":"Daniely Cardoso"},"url":"https:\/\/www.em.com.br\/emfoco\/author\/danielymyth\/"}]}},"_links":{"self":[{"href":"https:\/\/www.em.com.br\/emfoco\/wp-json\/wp\/v2\/posts\/197924","targetHints":{"allow":["GET"]}}],"collection":[{"href":"https:\/\/www.em.com.br\/emfoco\/wp-json\/wp\/v2\/posts"}],"about":[{"href":"https:\/\/www.em.com.br\/emfoco\/wp-json\/wp\/v2\/types\/post"}],"author":[{"embeddable":true,"href":"https:\/\/www.em.com.br\/emfoco\/wp-json\/wp\/v2\/users\/9"}],"replies":[{"embeddable":true,"href":"https:\/\/www.em.com.br\/emfoco\/wp-json\/wp\/v2\/comments?post=197924"}],"version-history":[{"count":1,"href":"https:\/\/www.em.com.br\/emfoco\/wp-json\/wp\/v2\/posts\/197924\/revisions"}],"predecessor-version":[{"id":197929,"href":"https:\/\/www.em.com.br\/emfoco\/wp-json\/wp\/v2\/posts\/197924\/revisions\/197929"}],"wp:featuredmedia":[{"embeddable":true,"href":"https:\/\/www.em.com.br\/emfoco\/wp-json\/wp\/v2\/media\/198027"}],"wp:attachment":[{"href":"https:\/\/www.em.com.br\/emfoco\/wp-json\/wp\/v2\/media?parent=197924"}],"wp:term":[{"taxonomy":"category","embeddable":true,"href":"https:\/\/www.em.com.br\/emfoco\/wp-json\/wp\/v2\/categories?post=197924"},{"taxonomy":"post_tag","embeddable":true,"href":"https:\/\/www.em.com.br\/emfoco\/wp-json\/wp\/v2\/tags?post=197924"}],"curies":[{"name":"wp","href":"https:\/\/api.w.org\/{rel}","templated":true}]}}