{"id":197923,"date":"2026-04-24T20:05:00","date_gmt":"2026-04-24T23:05:00","guid":{"rendered":"https:\/\/www.em.com.br\/emfoco\/?p=197923"},"modified":"2026-04-23T17:57:57","modified_gmt":"2026-04-23T20:57:57","slug":"essas-3-frutas-nao-devem-ser-consumidas-a-vontade-e-podem-estar-atrapalhando-voce-a-emagrecer","status":"publish","type":"post","link":"https:\/\/www.em.com.br\/emfoco\/2026\/04\/24\/essas-3-frutas-nao-devem-ser-consumidas-a-vontade-e-podem-estar-atrapalhando-voce-a-emagrecer\/","title":{"rendered":"Essas 3 frutas n\u00e3o devem ser consumidas a vontade e podem estar atrapalhando voc\u00ea a  emagrecer"},"content":{"rendered":"\n<p>Voc\u00ea prepara uma tigela enorme de salada de <strong>frutas para emagrecer<\/strong> e acredita que esse h\u00e1bito natural \u00e9 o caminho mais r\u00e1pido para perder peso. Ser\u00e1 que o consumo ilimitado de qualquer tipo de alimento doce pode estar sabotando silenciosamente seus resultados na balan\u00e7a?<\/p>\n\n\n\n<h2 class=\"wp-block-heading\">Por que nem todas as frutas para emagrecer podem ser consumidas sem limites<\/h2>\n\n\n\n<p>O a\u00e7\u00facar natural presente nos alimentos de origem vegetal pode elevar os n\u00edveis de insulina rapidamente se for consumido em excesso. O armazenamento da frutose como gordura corporal acontece quando o corpo n\u00e3o consegue queimar toda essa energia dispon\u00edvel. Voc\u00ea precisa monitorar as por\u00e7\u00f5es di\u00e1rias para garantir que o seu <strong>d\u00e9ficit cal\u00f3rico<\/strong> permane\u00e7a ativo e funcional.<\/p>\n\n\n\n<p>Muitas mulheres acreditam que a origem natural dos produtos garante passe livre para exagerar em qualquer sobremesa saud\u00e1vel. Esse pensamento comum costuma gerar um ac\u00famulo indesejado de calorias que acaba impedindo a <strong>queima de gordura<\/strong> eficiente. O equil\u00edbrio nutricional exige uma aten\u00e7\u00e3o redobrada aos sinais de <strong>saciedade real<\/strong> que o seu organismo emite durante as refei\u00e7\u00f5es.<\/p>\n\n\n<div class=\"wp-block-image\">\n<figure class=\"aligncenter size-large\"><img loading=\"lazy\" decoding=\"async\" width=\"1024\" height=\"576\" src=\"https:\/\/www.em.com.br\/emfoco\/wp-content\/uploads\/2025\/09\/frutas-secas_1756771328374-1024x576.jpg\" alt=\"frutas para emagrecer\" class=\"wp-image-99561\" srcset=\"https:\/\/www.em.com.br\/emfoco\/wp-content\/uploads\/2025\/09\/frutas-secas_1756771328374-1024x576.jpg 1024w, https:\/\/www.em.com.br\/emfoco\/wp-content\/uploads\/2025\/09\/frutas-secas_1756771328374-300x169.jpg 300w, https:\/\/www.em.com.br\/emfoco\/wp-content\/uploads\/2025\/09\/frutas-secas_1756771328374-768x432.jpg 768w, https:\/\/www.em.com.br\/emfoco\/wp-content\/uploads\/2025\/09\/frutas-secas_1756771328374-750x422.jpg 750w, https:\/\/www.em.com.br\/emfoco\/wp-content\/uploads\/2025\/09\/frutas-secas_1756771328374-1140x641.jpg 1140w, https:\/\/www.em.com.br\/emfoco\/wp-content\/uploads\/2025\/09\/frutas-secas_1756771328374.jpg 1280w\" sizes=\"auto, (max-width: 1024px) 100vw, 1024px\" \/><figcaption class=\"wp-element-caption\">Os frutos secos s\u00e3o frequentemente indicados em dietas equilibradas &#8211; Cr\u00e9ditos: depositphotos.com \/ lisaaMC<\/figcaption><\/figure><\/div>\n\n\n<p>Leia tamb\u00e9m: <a href=\"https:\/\/www.em.com.br\/emfoco\/2026\/04\/04\/a-folha-dessa-fruta-pode-aliviar-ondas-de-calor-e-ajudar-mulheres-na-menopausa-2\/\" target=\"_blank\" rel=\"noreferrer noopener\">Adeus calor! Os benef\u00edcios da folha de amora na menopausa para um auto cuidado simples<\/a><\/p>\n\n\n\n<h2 class=\"wp-block-heading\">Frutas para emagrecer que possuem alto teor cal\u00f3rico e pedem modera\u00e7\u00e3o<\/h2>\n\n\n\n<p>O abacate e o coco s\u00e3o excelentes fontes de gorduras boas que auxiliam o sistema cardiovascular de forma potente. Entretanto, essas op\u00e7\u00f5es apresentam uma densidade energ\u00e9tica muito superior quando comparadas ao morango ou \u00e0 melancia refrescante. Saborear fatias pequenas garante que voc\u00ea obtenha os <strong>benef\u00edcios vitam\u00ednicos<\/strong> sem comprometer sua meta de peso semanal.<\/p>\n\n\n\n<p>Frutas desidratadas como a uva-passa ou a t\u00e2mara concentram uma quantidade enorme de a\u00e7\u00facar em um volume muito reduzido. A remo\u00e7\u00e3o da \u00e1gua facilita o consumo exagerado de unidades que elevam a <strong>carga glic\u00eamica<\/strong> do seu lanche da tarde. Listamos abaixo os tipos espec\u00edficos que exigem um <strong>controle de por\u00e7\u00e3o<\/strong> rigoroso durante o seu processo de reeduca\u00e7\u00e3o alimentar consciente:<\/p>\n\n\n\n<ul class=\"wp-block-list\">\n<li>Abacate por sua alta concentra\u00e7\u00e3o de gorduras que pedem um <strong>consumo moderado<\/strong> di\u00e1rio.<\/li>\n\n\n\n<li>Banana madura que possui mais a\u00e7\u00facares naturais do que as vers\u00f5es verdes e <strong>menos cal\u00f3ricas<\/strong>.<\/li>\n\n\n\n<li>Uva que concentra muita frutose e facilita a ingest\u00e3o de <strong>calorias ocultas<\/strong> muito r\u00e1pidas.<\/li>\n<\/ul>\n\n\n\n<figure class=\"wp-block-embed is-type-rich is-provider-pinterest wp-block-embed-pinterest\"><div class=\"wp-block-embed__wrapper\">\n<iframe loading=\"lazy\" title=\"As melhores frutas para o seu intestino \ud83d\udca9Qual dessas frutas faz parte do seu dia a dia, me conta aqui nos coment\u00e1rios \ud83d\udc47\ud83c\udffc#dieta #alimentacaosaudavel #emagrecimento \" src=\"https:\/\/assets.pinterest.com\/ext\/embed.html?id=504614333270931411&#038;src=oembed\" height=\"899\" width=\"450\" frameborder=\"0\" scrolling=\"no\" ><\/iframe>\n<\/div><\/figure>\n\n\n\n<h2 class=\"wp-block-heading\">O impacto do \u00edndice glic\u00eamico na sua jornada de perda de peso<\/h2>\n\n\n\n<p>Escolher alimentos que liberam energia de forma lenta ajuda a evitar picos de fome no meio da sua tarde. A manga e o caqui s\u00e3o exemplos de frutas doces que elevam a glicose sangu\u00ednea de maneira imediata e forte. Optar por vers\u00f5es ricas em fibras garante que sua <strong>sensa\u00e7\u00e3o de saciedade<\/strong> dure por muito mais tempo no organismo.<\/p>\n\n\n\n<p>Adicionar uma fonte de prote\u00edna ou gordura saud\u00e1vel ajuda a reduzir a velocidade de absor\u00e7\u00e3o do a\u00e7\u00facar natural da fruta. Voc\u00ea pode combinar as fatias picadas com um punhado de castanhas para manter o seu <strong>metabolismo equilibrado<\/strong>. Essa estrat\u00e9gia simples protege o p\u00e2ncreas e favorece a <strong>queima de estoque<\/strong> adiposo de forma cont\u00ednua e segura.<\/p>\n\n\n\n<p>Para voc\u00ea que gosta de se cuidar, separamos um v\u00eddeo do canal <a href=\"https:\/\/www.youtube.com\/@MundoBoaFormaTV\" target=\"_blank\" rel=\"noreferrer noopener\">MundoBoaForma <\/a>com dicas de mais frutas que podem te ajudar ou atrapalhar a emagrecer:<\/p>\n\n\n\n<figure class=\"wp-block-embed is-type-video is-provider-youtube wp-block-embed-youtube wp-embed-aspect-16-9 wp-has-aspect-ratio\"><div class=\"wp-block-embed__wrapper\">\n<div class=\"jeg_video_container jeg_video_content\"><iframe loading=\"lazy\" title=\"Qual \u00e9 a FRUTA QUE MAIS ENGORDA? Dicas e Cuidados Importantes\" width=\"500\" height=\"281\" src=\"https:\/\/www.youtube.com\/embed\/jkVNEkfu3DA?feature=oembed\" frameborder=\"0\" allow=\"accelerometer; autoplay; clipboard-write; encrypted-media; gyroscope; picture-in-picture; web-share\" referrerpolicy=\"strict-origin-when-cross-origin\" allowfullscreen><\/iframe><\/div>\n<\/div><\/figure>\n\n\n\n<h2 class=\"wp-block-heading\">Como escolher as melhores frutas para emagrecer sem cometer erros<\/h2>\n\n\n\n<p>Frutas vermelhas como framboesa e amora s\u00e3o ricas em antioxidantes potentes e possuem pouqu\u00edssimas calorias por por\u00e7\u00e3o ingerida. Elas permitem que voc\u00ea coma volumes maiores sem ultrapassar o limite energ\u00e9tico di\u00e1rio estipulado pelo seu plano alimentar. Priorizar essas op\u00e7\u00f5es ajuda a <strong>manter a disciplina<\/strong> sem abrir m\u00e3o do sabor doce necess\u00e1rio nas refei\u00e7\u00f5es principais.<\/p>\n\n\n\n<p>O lim\u00e3o e o kiwi tamb\u00e9m aparecem como excelentes aliados para fortalecer o sistema imunol\u00f3gico durante o processo de emagrecimento. Essas frutas possuem propriedades que auxiliam na <strong>elimina\u00e7\u00e3o de l\u00edquidos<\/strong> e reduzem o incha\u00e7o abdominal que tanto incomoda as mulheres. Siga sempre as orienta\u00e7\u00f5es de <strong>quantidade recomendada<\/strong> para aproveitar o potencial m\u00e1ximo de cada nutriente vital em seu corpo.<\/p>\n\n\n\n<h2 class=\"wp-block-heading\">Ajuste suas por\u00e7\u00f5es para viver com mais leveza<\/h2>\n\n\n\n<p>O conhecimento sobre as propriedades dos alimentos traz a liberdade que voc\u00ea precisa na sua cozinha. Mantenha o foco em <strong>escolhas conscientes<\/strong> que respeitem os limites do seu metabolismo atual. Pequenos ajustes geram <strong>resultados duradouros<\/strong> e satisfat\u00f3rios.<\/p>\n\n\n\n<p>Aproveite a do\u00e7ura natural da terra com equil\u00edbrio e muita sabedoria nutricional em cada prato. Sinta o prazer de nutrir suas c\u00e9lulas com <strong>ingredientes puros<\/strong> e saud\u00e1veis todos os dias. Sua sa\u00fade merece esse <strong>cuidado atento<\/strong> agora.<\/p>\n","protected":false},"excerpt":{"rendered":"<p>Voc\u00ea prepara uma tigela enorme de salada de frutas para emagrecer e acredita que esse h\u00e1bito natural \u00e9 o caminho mais r\u00e1pido para perder peso. Ser\u00e1 que o consumo ilimitado de qualquer tipo de alimento doce pode estar sabotando silenciosamente seus resultados na balan\u00e7a? Por que nem todas as frutas para emagrecer podem ser consumidas [&hellip;]<\/p>\n","protected":false},"author":9,"featured_media":198029,"comment_status":"open","ping_status":"open","sticky":false,"template":"","format":"standard","meta":{"jnews-multi-image_gallery":[],"jnews_single_post":{"format":"standard"},"jnews_primary_category":[],"jnews_social_meta":[],"jnews_override_counter":[],"footnotes":""},"categories":[8691,29],"tags":[5470,27106,8142],"class_list":["post-197923","post","type-post","status-publish","format-standard","has-post-thumbnail","hentry","category-bem-estar","category-entretenimento","tag-dieta-saudavel","tag-nutricao-feminina","tag-perda-de-peso"],"yoast_head":"<!-- This site is optimized with the Yoast SEO plugin v23.8 - https:\/\/yoast.com\/wordpress\/plugins\/seo\/ -->\n<title>Essas 3 frutas n\u00e3o devem ser consumidas a vontade e podem estar atrapalhando voc\u00ea a emagrecer - Estado de Minas - Em foco<\/title>\n<meta name=\"description\" content=\"Saiba quais s\u00e3o as melhores frutas para emagrecer e entenda por que o consumo exagerado prejudica sua dieta.\" \/>\n<meta name=\"robots\" content=\"index, follow, max-snippet:-1, max-image-preview:large, max-video-preview:-1\" \/>\n<link rel=\"canonical\" href=\"https:\/\/www.em.com.br\/emfoco\/2026\/04\/24\/essas-3-frutas-nao-devem-ser-consumidas-a-vontade-e-podem-estar-atrapalhando-voce-a-emagrecer\/\" \/>\n<meta property=\"og:locale\" content=\"pt_BR\" \/>\n<meta property=\"og:type\" content=\"article\" \/>\n<meta property=\"og:title\" content=\"Essas 3 frutas n\u00e3o devem ser consumidas a vontade e podem estar atrapalhando voc\u00ea a emagrecer - Estado de Minas - Em foco\" \/>\n<meta property=\"og:description\" content=\"Saiba quais s\u00e3o as melhores frutas para emagrecer e entenda por que o consumo exagerado prejudica sua dieta.\" \/>\n<meta property=\"og:url\" content=\"https:\/\/www.em.com.br\/emfoco\/2026\/04\/24\/essas-3-frutas-nao-devem-ser-consumidas-a-vontade-e-podem-estar-atrapalhando-voce-a-emagrecer\/\" \/>\n<meta property=\"og:site_name\" content=\"Estado de Minas - Em foco\" \/>\n<meta property=\"article:published_time\" content=\"2026-04-24T23:05:00+00:00\" \/>\n<meta property=\"article:modified_time\" content=\"2026-04-23T20:57:57+00:00\" \/>\n<meta property=\"og:image\" content=\"https:\/\/www.em.com.br\/emfoco\/wp-content\/uploads\/2026\/04\/EmFoco_51-4.jpg\" \/>\n\t<meta property=\"og:image:width\" content=\"1280\" \/>\n\t<meta property=\"og:image:height\" content=\"720\" \/>\n\t<meta property=\"og:image:type\" content=\"image\/jpeg\" \/>\n<meta name=\"author\" content=\"Daniely Cardoso\" \/>\n<meta name=\"twitter:card\" content=\"summary_large_image\" \/>\n<meta name=\"twitter:label1\" content=\"Escrito por\" \/>\n\t<meta name=\"twitter:data1\" content=\"Daniely Cardoso\" \/>\n\t<meta name=\"twitter:label2\" content=\"Est. tempo de leitura\" \/>\n\t<meta name=\"twitter:data2\" content=\"5 minutos\" \/>\n<!-- \/ Yoast SEO plugin. -->","yoast_head_json":{"title":"Essas 3 frutas n\u00e3o devem ser consumidas a vontade e podem estar atrapalhando voc\u00ea a emagrecer - Estado de Minas - Em foco","description":"Saiba quais s\u00e3o as melhores frutas para emagrecer e entenda por que o consumo exagerado prejudica sua dieta.","robots":{"index":"index","follow":"follow","max-snippet":"max-snippet:-1","max-image-preview":"max-image-preview:large","max-video-preview":"max-video-preview:-1"},"canonical":"https:\/\/www.em.com.br\/emfoco\/2026\/04\/24\/essas-3-frutas-nao-devem-ser-consumidas-a-vontade-e-podem-estar-atrapalhando-voce-a-emagrecer\/","og_locale":"pt_BR","og_type":"article","og_title":"Essas 3 frutas n\u00e3o devem ser consumidas a vontade e podem estar atrapalhando voc\u00ea a emagrecer - Estado de Minas - Em foco","og_description":"Saiba quais s\u00e3o as melhores frutas para emagrecer e entenda por que o consumo exagerado prejudica sua dieta.","og_url":"https:\/\/www.em.com.br\/emfoco\/2026\/04\/24\/essas-3-frutas-nao-devem-ser-consumidas-a-vontade-e-podem-estar-atrapalhando-voce-a-emagrecer\/","og_site_name":"Estado de Minas - Em foco","article_published_time":"2026-04-24T23:05:00+00:00","article_modified_time":"2026-04-23T20:57:57+00:00","og_image":[{"width":1280,"height":720,"url":"https:\/\/www.em.com.br\/emfoco\/wp-content\/uploads\/2026\/04\/EmFoco_51-4.jpg","type":"image\/jpeg"}],"author":"Daniely Cardoso","twitter_card":"summary_large_image","twitter_misc":{"Escrito por":"Daniely Cardoso","Est. tempo de leitura":"5 minutos"},"schema":{"@context":"https:\/\/schema.org","@graph":[{"@type":"WebPage","@id":"https:\/\/www.em.com.br\/emfoco\/2026\/04\/24\/essas-3-frutas-nao-devem-ser-consumidas-a-vontade-e-podem-estar-atrapalhando-voce-a-emagrecer\/","url":"https:\/\/www.em.com.br\/emfoco\/2026\/04\/24\/essas-3-frutas-nao-devem-ser-consumidas-a-vontade-e-podem-estar-atrapalhando-voce-a-emagrecer\/","name":"Essas 3 frutas n\u00e3o devem ser consumidas a vontade e podem estar atrapalhando voc\u00ea a emagrecer - Estado de Minas - Em foco","isPartOf":{"@id":"https:\/\/www.em.com.br\/emfoco\/#website"},"primaryImageOfPage":{"@id":"https:\/\/www.em.com.br\/emfoco\/2026\/04\/24\/essas-3-frutas-nao-devem-ser-consumidas-a-vontade-e-podem-estar-atrapalhando-voce-a-emagrecer\/#primaryimage"},"image":{"@id":"https:\/\/www.em.com.br\/emfoco\/2026\/04\/24\/essas-3-frutas-nao-devem-ser-consumidas-a-vontade-e-podem-estar-atrapalhando-voce-a-emagrecer\/#primaryimage"},"thumbnailUrl":"https:\/\/www.em.com.br\/emfoco\/wp-content\/uploads\/2026\/04\/EmFoco_51-4.jpg","datePublished":"2026-04-24T23:05:00+00:00","dateModified":"2026-04-23T20:57:57+00:00","author":{"@id":"https:\/\/www.em.com.br\/emfoco\/#\/schema\/person\/0a8186d72f2c3a5c6276d90b41f271a0"},"description":"Saiba quais s\u00e3o as melhores frutas para emagrecer e entenda por que o consumo exagerado prejudica sua dieta.","breadcrumb":{"@id":"https:\/\/www.em.com.br\/emfoco\/2026\/04\/24\/essas-3-frutas-nao-devem-ser-consumidas-a-vontade-e-podem-estar-atrapalhando-voce-a-emagrecer\/#breadcrumb"},"inLanguage":"pt-BR","potentialAction":[{"@type":"ReadAction","target":["https:\/\/www.em.com.br\/emfoco\/2026\/04\/24\/essas-3-frutas-nao-devem-ser-consumidas-a-vontade-e-podem-estar-atrapalhando-voce-a-emagrecer\/"]}]},{"@type":"ImageObject","inLanguage":"pt-BR","@id":"https:\/\/www.em.com.br\/emfoco\/2026\/04\/24\/essas-3-frutas-nao-devem-ser-consumidas-a-vontade-e-podem-estar-atrapalhando-voce-a-emagrecer\/#primaryimage","url":"https:\/\/www.em.com.br\/emfoco\/wp-content\/uploads\/2026\/04\/EmFoco_51-4.jpg","contentUrl":"https:\/\/www.em.com.br\/emfoco\/wp-content\/uploads\/2026\/04\/EmFoco_51-4.jpg","width":1280,"height":720,"caption":"Controle das por\u00e7\u00f5es e do \u00edndice glic\u00eamico evita sabotagem na perda de peso"},{"@type":"BreadcrumbList","@id":"https:\/\/www.em.com.br\/emfoco\/2026\/04\/24\/essas-3-frutas-nao-devem-ser-consumidas-a-vontade-e-podem-estar-atrapalhando-voce-a-emagrecer\/#breadcrumb","itemListElement":[{"@type":"ListItem","position":1,"name":"In\u00edcio","item":"https:\/\/www.em.com.br\/emfoco\/"},{"@type":"ListItem","position":2,"name":"Essas 3 frutas n\u00e3o devem ser consumidas a vontade e podem estar atrapalhando voc\u00ea a emagrecer"}]},{"@type":"WebSite","@id":"https:\/\/www.em.com.br\/emfoco\/#website","url":"https:\/\/www.em.com.br\/emfoco\/","name":"Estado de Minas - Em foco","description":"Acompanhe as \u00faltimas not\u00edcias e fique bem informado sobre tudo o que acontece em Minas Gerais, Brasil e no mundo.","potentialAction":[{"@type":"SearchAction","target":{"@type":"EntryPoint","urlTemplate":"https:\/\/www.em.com.br\/emfoco\/?s={search_term_string}"},"query-input":{"@type":"PropertyValueSpecification","valueRequired":true,"valueName":"search_term_string"}}],"inLanguage":"pt-BR"},{"@type":"Person","@id":"https:\/\/www.em.com.br\/emfoco\/#\/schema\/person\/0a8186d72f2c3a5c6276d90b41f271a0","name":"Daniely Cardoso","image":{"@type":"ImageObject","inLanguage":"pt-BR","@id":"https:\/\/www.em.com.br\/emfoco\/#\/schema\/person\/image\/","url":"https:\/\/secure.gravatar.com\/avatar\/4b80ddbd124d1f071b626d52d62e5dff?s=96&d=mm&r=g","contentUrl":"https:\/\/secure.gravatar.com\/avatar\/4b80ddbd124d1f071b626d52d62e5dff?s=96&d=mm&r=g","caption":"Daniely Cardoso"},"url":"https:\/\/www.em.com.br\/emfoco\/author\/danielymyth\/"}]}},"_links":{"self":[{"href":"https:\/\/www.em.com.br\/emfoco\/wp-json\/wp\/v2\/posts\/197923","targetHints":{"allow":["GET"]}}],"collection":[{"href":"https:\/\/www.em.com.br\/emfoco\/wp-json\/wp\/v2\/posts"}],"about":[{"href":"https:\/\/www.em.com.br\/emfoco\/wp-json\/wp\/v2\/types\/post"}],"author":[{"embeddable":true,"href":"https:\/\/www.em.com.br\/emfoco\/wp-json\/wp\/v2\/users\/9"}],"replies":[{"embeddable":true,"href":"https:\/\/www.em.com.br\/emfoco\/wp-json\/wp\/v2\/comments?post=197923"}],"version-history":[{"count":1,"href":"https:\/\/www.em.com.br\/emfoco\/wp-json\/wp\/v2\/posts\/197923\/revisions"}],"predecessor-version":[{"id":197925,"href":"https:\/\/www.em.com.br\/emfoco\/wp-json\/wp\/v2\/posts\/197923\/revisions\/197925"}],"wp:featuredmedia":[{"embeddable":true,"href":"https:\/\/www.em.com.br\/emfoco\/wp-json\/wp\/v2\/media\/198029"}],"wp:attachment":[{"href":"https:\/\/www.em.com.br\/emfoco\/wp-json\/wp\/v2\/media?parent=197923"}],"wp:term":[{"taxonomy":"category","embeddable":true,"href":"https:\/\/www.em.com.br\/emfoco\/wp-json\/wp\/v2\/categories?post=197923"},{"taxonomy":"post_tag","embeddable":true,"href":"https:\/\/www.em.com.br\/emfoco\/wp-json\/wp\/v2\/tags?post=197923"}],"curies":[{"name":"wp","href":"https:\/\/api.w.org\/{rel}","templated":true}]}}