{"id":197857,"date":"2026-04-28T19:05:00","date_gmt":"2026-04-28T22:05:00","guid":{"rendered":"https:\/\/www.em.com.br\/emfoco\/?p=197857"},"modified":"2026-04-27T15:13:49","modified_gmt":"2026-04-27T18:13:49","slug":"ficar-sempre-esperando-o-pior-pode-ser-um-padrao-mental-ligado-a-forma-de-protecao-emocional","status":"publish","type":"post","link":"https:\/\/www.em.com.br\/emfoco\/2026\/04\/28\/ficar-sempre-esperando-o-pior-pode-ser-um-padrao-mental-ligado-a-forma-de-protecao-emocional\/","title":{"rendered":"Ficar sempre esperando o pior pode ser um padr\u00e3o mental ligado \u00e0 forma de prote\u00e7\u00e3o emocional"},"content":{"rendered":"\n<p>Em muitas situa\u00e7\u00f5es do dia a dia, algumas pessoas relatam que passam grande parte do tempo se preparando mentalmente para algo dar errado. Essa postura, descrita como \u201cficar sempre esperando o pior\u201d, costuma ser discreta aos olhos de quem est\u00e1 por perto, mas afeta a forma como a pessoa planeja, se relaciona e toma decis\u00f5es. Na psicologia, esse padr\u00e3o recebe explica\u00e7\u00f5es ligadas \u00e0 maneira como a mente interpreta amea\u00e7as, mem\u00f3rias e experi\u00eancias passadas, e pode se intensificar em momentos de <strong>estresse<\/strong> ou mudan\u00e7a.<\/p>\n\n\n\n<h2 class=\"wp-block-heading\">O que significa, na pr\u00e1tica, ficar sempre esperando o pior?<\/h2>\n\n\n\n<p>Na linguagem da psicologia, ficar sempre esperando o pior costuma estar ligado a um estilo de pensamento chamado <strong>vi\u00e9s negativo<\/strong> ou catastrofiza\u00e7\u00e3o. Isso quer dizer que a mente tende a superestimar perigos, problemas e falhas, minimizando as chances de resultados positivos, mesmo quando h\u00e1 sinais objetivos de que algo pode dar certo.<\/p>\n\n\n\n<p>Em situa\u00e7\u00f5es comuns, como uma <strong>entrevista<\/strong> de emprego ou uma conversa dif\u00edcil, a pessoa imagina antecipadamente rejei\u00e7\u00e3o, conflito ou fracasso. Esse funcionamento mental pode levar \u00e0 evita\u00e7\u00e3o de desafios, ao <a href=\"https:\/\/www.em.com.br\/emfoco\/2026\/04\/22\/por-que-essas-20-frutas-do-quintal-da-vovo-desapareceram-do-brasil-e-quase-sairam-da-memoria\/\" target=\"_blank\" rel=\"noreferrer noopener\">planejamento <\/a>exagerado ou ao uso desse padr\u00e3o como uma \u201carmadura emocional\u201d, esperando o pior para n\u00e3o se surpreender negativamente.<\/p>\n\n\n\n<figure class=\"wp-block-image size-large\"><img loading=\"lazy\" decoding=\"async\" width=\"1024\" height=\"576\" src=\"https:\/\/www.em.com.br\/emfoco\/wp-content\/uploads\/2026\/04\/Texto-do-seu-paragrafo-2026-04-23T122809.853-1024x576.jpg\" alt=\"Ficar sempre esperando o pior pode ser um padr\u00e3o mental ligado \u00e0 forma de prote\u00e7\u00e3o emocional\" class=\"wp-image-197861\" srcset=\"https:\/\/www.em.com.br\/emfoco\/wp-content\/uploads\/2026\/04\/Texto-do-seu-paragrafo-2026-04-23T122809.853-1024x576.jpg 1024w, https:\/\/www.em.com.br\/emfoco\/wp-content\/uploads\/2026\/04\/Texto-do-seu-paragrafo-2026-04-23T122809.853-300x169.jpg 300w, https:\/\/www.em.com.br\/emfoco\/wp-content\/uploads\/2026\/04\/Texto-do-seu-paragrafo-2026-04-23T122809.853-768x432.jpg 768w, https:\/\/www.em.com.br\/emfoco\/wp-content\/uploads\/2026\/04\/Texto-do-seu-paragrafo-2026-04-23T122809.853-750x422.jpg 750w, https:\/\/www.em.com.br\/emfoco\/wp-content\/uploads\/2026\/04\/Texto-do-seu-paragrafo-2026-04-23T122809.853-1140x641.jpg 1140w, https:\/\/www.em.com.br\/emfoco\/wp-content\/uploads\/2026\/04\/Texto-do-seu-paragrafo-2026-04-23T122809.853.jpg 1280w\" sizes=\"auto, (max-width: 1024px) 100vw, 1024px\" \/><figcaption class=\"wp-element-caption\">Esperar sempre o pior pode indicar um estado interno de alerta constante<\/figcaption><\/figure>\n\n\n\n<h2 class=\"wp-block-heading\">Quais fatores explicam o h\u00e1bito de esperar sempre o pior?<\/h2>\n\n\n\n<p>Para a psicologia, esperar sempre o pior pode estar associado a diferentes fatores, que variam conforme a hist\u00f3ria de vida, a gen\u00e9tica e o contexto de cada indiv\u00edduo. Em muitos estudos, esse padr\u00e3o aparece ligado a <strong>transtornos<\/strong> de ansiedade, como o transtorno de ansiedade generalizada, e tamb\u00e9m a quadros de depress\u00e3o, nos quais o futuro \u00e9 visto com baixa expectativa de melhora.<\/p>\n\n\n\n<p>Experi\u00eancias marcadas por perdas, rejei\u00e7\u00f5es repetidas ou ambientes inst\u00e1veis podem fortalecer a ideia interna de que algo negativo tende a se repetir. Al\u00e9m disso, cren\u00e7as aprendidas na inf\u00e2ncia, como \u201c\u00e9 melhor n\u00e3o criar <a href=\"https:\/\/www.em.com.br\/emfoco\/2026\/04\/22\/esse-mel-raro-do-himalaia-chama-atencao-pelo-risco-da-coleta-e-pelos-efeitos-no-corpo\/\" target=\"_blank\" rel=\"noreferrer noopener\">expectativas<\/a>\u201d ou \u201ccoisas boas n\u00e3o duram\u201d, influenciam a forma como a pessoa interpreta <strong>riscos<\/strong> e constr\u00f3i sua vis\u00e3o de mundo.<\/p>\n\n\n\n<h2 class=\"wp-block-heading\">Quais padr\u00f5es de pensamento refor\u00e7am a expectativa de que tudo vai dar errado?<\/h2>\n\n\n\n<p>Alguns padr\u00f5es cognitivos funcionam como lentes pelas quais a realidade \u00e9 filtrada, refor\u00e7ando a tend\u00eancia de esperar sempre o pior. Entender esses mecanismos ajuda a reconhecer quando a mente est\u00e1 distorcendo fatos e aumentando perigos de forma autom\u00e1tica e desproporcional.<\/p>\n\n\n\n<ul class=\"wp-block-list\">\n<li><strong>Vi\u00e9s<\/strong> de negatividade: tend\u00eancia natural do c\u00e9rebro a dar mais peso a eventos negativos do que a positivos.<\/li>\n\n\n\n<li>Catastrofiza\u00e7\u00e3o: imaginar o desfecho mais grave poss\u00edvel, mesmo quando a probabilidade \u00e9 baixa.<\/li>\n\n\n\n<li>Generaliza\u00e7\u00e3o: transformar um epis\u00f3dio ruim em \u201cprova\u201d de que tudo tende a dar errado no futuro.<\/li>\n\n\n\n<li>Cren\u00e7as centrais: ideias profundas e r\u00edgidas sobre si mesmo, os outros e o mundo, como \u201ceu n\u00e3o sou capaz\u201d ou \u201co mundo \u00e9 perigoso\u201d.<\/li>\n<\/ul>\n\n\n\n<h2 class=\"wp-block-heading\">Esperar sempre o pior \u00e9 realmente uma forma de prote\u00e7\u00e3o?<\/h2>\n\n\n\n<p>Muitas pessoas relatam que esperar sempre o pior parece uma forma de se proteger, reduzindo o impacto de poss\u00edveis frustra\u00e7\u00f5es e mantendo uma sensa\u00e7\u00e3o de controle. Ao antecipar um resultado negativo, acreditam que sofrer\u00e3o menos caso isso realmente aconte\u00e7a, como se j\u00e1 estivessem \u201cemocionalmente preparadas\u201d para a <strong>decep\u00e7\u00e3o<\/strong>.<\/p>\n\n\n\n<p>No entanto, essa estrat\u00e9gia de prote\u00e7\u00e3o emocional traz efeitos colaterais importantes, como tens\u00e3o prolongada, dificuldade em reconhecer sinais reais de seguran\u00e7a ou sucesso e limita\u00e7\u00e3o de <a href=\"https:\/\/pubmed.ncbi.nlm.nih.gov\/15893289\/\" target=\"_blank\" rel=\"noreferrer noopener\">experi\u00eancias <\/a>positivas. Com o tempo, a pessoa pode recusar oportunidades, desconfiar de relacionamentos est\u00e1veis e subestimar a pr\u00f3pria capacidade, refor\u00e7ando um ciclo de <strong>autossabotagem<\/strong>.<\/p>\n\n\n\n<p>Conte\u00fado do canal <strong>Psic\u00f3loga Sandra Bueno<\/strong>, com mais de 379 mil de inscritos e cerca de 25 mil de visualiza\u00e7\u00f5es:<\/p>\n\n\n\n<figure class=\"wp-block-embed is-type-video is-provider-youtube wp-block-embed-youtube wp-embed-aspect-16-9 wp-has-aspect-ratio\"><div class=\"wp-block-embed__wrapper\">\n<div class=\"jeg_video_container jeg_video_content\"><iframe loading=\"lazy\" title=\"Por que voc\u00ea espera sempre o pior?\" width=\"500\" height=\"281\" src=\"https:\/\/www.youtube.com\/embed\/S8UjeJ-9l6s?feature=oembed\" frameborder=\"0\" allow=\"accelerometer; autoplay; clipboard-write; encrypted-media; gyroscope; picture-in-picture; web-share\" referrerpolicy=\"strict-origin-when-cross-origin\" allowfullscreen><\/iframe><\/div>\n<\/div><\/figure>\n\n\n\n<h2 class=\"wp-block-heading\">Quais s\u00e3o os impactos desse padr\u00e3o no cotidiano?<\/h2>\n\n\n\n<p>Quando a expectativa de que tudo pode dar errado se torna constante, o corpo e a mente entram em um estado de alerta quase permanente. Isso pode se refletir em sintomas f\u00edsicos, como tens\u00e3o muscular, cansa\u00e7o, dificuldades de sono e dores de cabe\u00e7a frequentes, al\u00e9m de sensa\u00e7\u00e3o de sobrecarga e dificuldade de relaxar mesmo em momentos de lazer.<\/p>\n\n\n\n<p>No campo dos relacionamentos, o h\u00e1bito de esperar o pior pode gerar mal-entendidos e conflitos, pois atrasos, sil\u00eancios ou pequenas falhas dos outros podem ser interpretados como rejei\u00e7\u00e3o ou abandono iminente. No trabalho ou nos estudos, esse padr\u00e3o de pensamento pode levar \u00e0 autossabotagem, fazendo com que metas sejam adiadas, tarefas sejam evitadas ou resultados positivos sejam desvalorizados, como se fossem apenas <strong>sorte<\/strong>.<\/p>\n\n\n\n<h2 class=\"wp-block-heading\">Como a psicologia ajuda a lidar com o h\u00e1bito de sempre esperar o pior?<\/h2>\n\n\n\n<p>Em contextos cl\u00ednicos, profissionais de psicologia costumam investigar quando esse padr\u00e3o come\u00e7ou, em quais situa\u00e7\u00f5es \u00e9 mais intenso e que cren\u00e7as est\u00e3o associadas a ele. Abordagens como a <em>terapia cognitivo-comportamental<\/em> trabalham diretamente com os pensamentos autom\u00e1ticos negativos, ajudando a identificar <strong>distor\u00e7\u00f5es<\/strong>, questionar previs\u00f5es catastr\u00f3ficas e construir interpreta\u00e7\u00f5es mais equilibradas e realistas.<\/p>\n\n\n\n<p>Entre as estrat\u00e9gias frequentemente utilizadas em terapia, destacam-se o mapeamento de pensamentos, o questionamento socr\u00e1tico, a exposi\u00e7\u00e3o gradual a situa\u00e7\u00f5es temidas, o treino de aten\u00e7\u00e3o para sinais neutros ou positivos e a <a href=\"https:\/\/pubmed.ncbi.nlm.nih.gov\/11337653\/\" target=\"_blank\" rel=\"noreferrer noopener\">reestrutura\u00e7\u00e3o <\/a>de cren\u00e7as antigas sobre fracasso, rejei\u00e7\u00e3o e perigo constante. Com informa\u00e7\u00e3o, apoio e, quando necess\u00e1rio, acompanhamento profissional, muitas pessoas aprendem a responder de maneira mais flex\u00edvel, reduzindo o peso da expectativa de que tudo vai dar <strong>errado<\/strong>.<\/p>\n","protected":false},"excerpt":{"rendered":"<p>Em muitas situa\u00e7\u00f5es do dia a dia, algumas pessoas relatam que passam grande parte do tempo se preparando mentalmente para algo dar errado. Essa postura, descrita como \u201cficar sempre esperando o pior\u201d, costuma ser discreta aos olhos de quem est\u00e1 por perto, mas afeta a forma como a pessoa planeja, se relaciona e toma decis\u00f5es. [&hellip;]<\/p>\n","protected":false},"author":15,"featured_media":200569,"comment_status":"open","ping_status":"open","sticky":false,"template":"","format":"standard","meta":{"jnews-multi-image_gallery":[],"jnews_single_post":{"format":"standard"},"jnews_primary_category":[],"jnews_social_meta":[],"jnews_override_counter":[],"footnotes":""},"categories":[8819],"tags":[711,5155,415],"class_list":["post-197857","post","type-post","status-publish","format-standard","has-post-thumbnail","hentry","category-curiosidades","tag-bem-estar","tag-psicologia","tag-saude"],"yoast_head":"<!-- This site is optimized with the Yoast SEO plugin v23.8 - https:\/\/yoast.com\/wordpress\/plugins\/seo\/ -->\n<title>Ficar sempre esperando o pior pode ser um padr\u00e3o mental ligado \u00e0 forma de prote\u00e7\u00e3o emocional - Estado de Minas - Em foco<\/title>\n<meta name=\"description\" content=\"Ficar sempre esperando o pior pode ser uma forma do c\u00e9rebro tentar se proteger, algo ligado \u00e0 ansiedade e experi\u00eancias passadas\" \/>\n<meta name=\"robots\" content=\"index, follow, max-snippet:-1, max-image-preview:large, max-video-preview:-1\" \/>\n<link rel=\"canonical\" href=\"https:\/\/www.em.com.br\/emfoco\/2026\/04\/28\/ficar-sempre-esperando-o-pior-pode-ser-um-padrao-mental-ligado-a-forma-de-protecao-emocional\/\" \/>\n<meta property=\"og:locale\" content=\"pt_BR\" \/>\n<meta property=\"og:type\" content=\"article\" \/>\n<meta property=\"og:title\" content=\"Ficar sempre esperando o pior pode ser um padr\u00e3o mental ligado \u00e0 forma de prote\u00e7\u00e3o emocional - Estado de Minas - Em foco\" \/>\n<meta property=\"og:description\" content=\"Ficar sempre esperando o pior pode ser uma forma do c\u00e9rebro tentar se proteger, algo ligado \u00e0 ansiedade e experi\u00eancias passadas\" \/>\n<meta property=\"og:url\" content=\"https:\/\/www.em.com.br\/emfoco\/2026\/04\/28\/ficar-sempre-esperando-o-pior-pode-ser-um-padrao-mental-ligado-a-forma-de-protecao-emocional\/\" \/>\n<meta property=\"og:site_name\" content=\"Estado de Minas - Em foco\" \/>\n<meta property=\"article:published_time\" content=\"2026-04-28T22:05:00+00:00\" \/>\n<meta property=\"article:modified_time\" content=\"2026-04-27T18:13:49+00:00\" \/>\n<meta property=\"og:image\" content=\"https:\/\/www.em.com.br\/emfoco\/wp-content\/uploads\/2026\/04\/EmFoco-12.jpg\" \/>\n\t<meta property=\"og:image:width\" content=\"1280\" \/>\n\t<meta property=\"og:image:height\" content=\"720\" \/>\n\t<meta property=\"og:image:type\" content=\"image\/jpeg\" \/>\n<meta name=\"author\" content=\"Douglas Myth\" \/>\n<meta name=\"twitter:card\" content=\"summary_large_image\" \/>\n<meta name=\"twitter:label1\" content=\"Escrito por\" \/>\n\t<meta name=\"twitter:data1\" content=\"Douglas Myth\" \/>\n\t<meta name=\"twitter:label2\" content=\"Est. tempo de leitura\" \/>\n\t<meta name=\"twitter:data2\" content=\"6 minutos\" \/>\n<!-- \/ Yoast SEO plugin. -->","yoast_head_json":{"title":"Ficar sempre esperando o pior pode ser um padr\u00e3o mental ligado \u00e0 forma de prote\u00e7\u00e3o emocional - Estado de Minas - Em foco","description":"Ficar sempre esperando o pior pode ser uma forma do c\u00e9rebro tentar se proteger, algo ligado \u00e0 ansiedade e experi\u00eancias passadas","robots":{"index":"index","follow":"follow","max-snippet":"max-snippet:-1","max-image-preview":"max-image-preview:large","max-video-preview":"max-video-preview:-1"},"canonical":"https:\/\/www.em.com.br\/emfoco\/2026\/04\/28\/ficar-sempre-esperando-o-pior-pode-ser-um-padrao-mental-ligado-a-forma-de-protecao-emocional\/","og_locale":"pt_BR","og_type":"article","og_title":"Ficar sempre esperando o pior pode ser um padr\u00e3o mental ligado \u00e0 forma de prote\u00e7\u00e3o emocional - Estado de Minas - Em foco","og_description":"Ficar sempre esperando o pior pode ser uma forma do c\u00e9rebro tentar se proteger, algo ligado \u00e0 ansiedade e experi\u00eancias passadas","og_url":"https:\/\/www.em.com.br\/emfoco\/2026\/04\/28\/ficar-sempre-esperando-o-pior-pode-ser-um-padrao-mental-ligado-a-forma-de-protecao-emocional\/","og_site_name":"Estado de Minas - Em foco","article_published_time":"2026-04-28T22:05:00+00:00","article_modified_time":"2026-04-27T18:13:49+00:00","og_image":[{"width":1280,"height":720,"url":"https:\/\/www.em.com.br\/emfoco\/wp-content\/uploads\/2026\/04\/EmFoco-12.jpg","type":"image\/jpeg"}],"author":"Douglas Myth","twitter_card":"summary_large_image","twitter_misc":{"Escrito por":"Douglas Myth","Est. tempo de leitura":"6 minutos"},"schema":{"@context":"https:\/\/schema.org","@graph":[{"@type":"WebPage","@id":"https:\/\/www.em.com.br\/emfoco\/2026\/04\/28\/ficar-sempre-esperando-o-pior-pode-ser-um-padrao-mental-ligado-a-forma-de-protecao-emocional\/","url":"https:\/\/www.em.com.br\/emfoco\/2026\/04\/28\/ficar-sempre-esperando-o-pior-pode-ser-um-padrao-mental-ligado-a-forma-de-protecao-emocional\/","name":"Ficar sempre esperando o pior pode ser um padr\u00e3o mental ligado \u00e0 forma de prote\u00e7\u00e3o emocional - Estado de Minas - Em foco","isPartOf":{"@id":"https:\/\/www.em.com.br\/emfoco\/#website"},"primaryImageOfPage":{"@id":"https:\/\/www.em.com.br\/emfoco\/2026\/04\/28\/ficar-sempre-esperando-o-pior-pode-ser-um-padrao-mental-ligado-a-forma-de-protecao-emocional\/#primaryimage"},"image":{"@id":"https:\/\/www.em.com.br\/emfoco\/2026\/04\/28\/ficar-sempre-esperando-o-pior-pode-ser-um-padrao-mental-ligado-a-forma-de-protecao-emocional\/#primaryimage"},"thumbnailUrl":"https:\/\/www.em.com.br\/emfoco\/wp-content\/uploads\/2026\/04\/EmFoco-12.jpg","datePublished":"2026-04-28T22:05:00+00:00","dateModified":"2026-04-27T18:13:49+00:00","author":{"@id":"https:\/\/www.em.com.br\/emfoco\/#\/schema\/person\/bba594b7eebe9b9885fec3a5c7837089"},"description":"Ficar sempre esperando o pior pode ser uma forma do c\u00e9rebro tentar se proteger, algo ligado \u00e0 ansiedade e experi\u00eancias passadas","breadcrumb":{"@id":"https:\/\/www.em.com.br\/emfoco\/2026\/04\/28\/ficar-sempre-esperando-o-pior-pode-ser-um-padrao-mental-ligado-a-forma-de-protecao-emocional\/#breadcrumb"},"inLanguage":"pt-BR","potentialAction":[{"@type":"ReadAction","target":["https:\/\/www.em.com.br\/emfoco\/2026\/04\/28\/ficar-sempre-esperando-o-pior-pode-ser-um-padrao-mental-ligado-a-forma-de-protecao-emocional\/"]}]},{"@type":"ImageObject","inLanguage":"pt-BR","@id":"https:\/\/www.em.com.br\/emfoco\/2026\/04\/28\/ficar-sempre-esperando-o-pior-pode-ser-um-padrao-mental-ligado-a-forma-de-protecao-emocional\/#primaryimage","url":"https:\/\/www.em.com.br\/emfoco\/wp-content\/uploads\/2026\/04\/EmFoco-12.jpg","contentUrl":"https:\/\/www.em.com.br\/emfoco\/wp-content\/uploads\/2026\/04\/EmFoco-12.jpg","width":1280,"height":720,"caption":"Padr\u00e3o de pensamento catastr\u00f3fico afeta o bem-estar e exige acompanhamento psicol\u00f3gico especializado"},{"@type":"BreadcrumbList","@id":"https:\/\/www.em.com.br\/emfoco\/2026\/04\/28\/ficar-sempre-esperando-o-pior-pode-ser-um-padrao-mental-ligado-a-forma-de-protecao-emocional\/#breadcrumb","itemListElement":[{"@type":"ListItem","position":1,"name":"In\u00edcio","item":"https:\/\/www.em.com.br\/emfoco\/"},{"@type":"ListItem","position":2,"name":"Ficar sempre esperando o pior pode ser um padr\u00e3o mental ligado \u00e0 forma de prote\u00e7\u00e3o emocional"}]},{"@type":"WebSite","@id":"https:\/\/www.em.com.br\/emfoco\/#website","url":"https:\/\/www.em.com.br\/emfoco\/","name":"Estado de Minas - Em foco","description":"Acompanhe as \u00faltimas not\u00edcias e fique bem informado sobre tudo o que acontece em Minas Gerais, Brasil e no mundo.","potentialAction":[{"@type":"SearchAction","target":{"@type":"EntryPoint","urlTemplate":"https:\/\/www.em.com.br\/emfoco\/?s={search_term_string}"},"query-input":{"@type":"PropertyValueSpecification","valueRequired":true,"valueName":"search_term_string"}}],"inLanguage":"pt-BR"},{"@type":"Person","@id":"https:\/\/www.em.com.br\/emfoco\/#\/schema\/person\/bba594b7eebe9b9885fec3a5c7837089","name":"Douglas Myth","image":{"@type":"ImageObject","inLanguage":"pt-BR","@id":"https:\/\/www.em.com.br\/emfoco\/#\/schema\/person\/image\/","url":"https:\/\/secure.gravatar.com\/avatar\/1ac3cf50d0e68642c697dc0c960c802f?s=96&d=mm&r=g","contentUrl":"https:\/\/secure.gravatar.com\/avatar\/1ac3cf50d0e68642c697dc0c960c802f?s=96&d=mm&r=g","caption":"Douglas Myth"},"url":"https:\/\/www.em.com.br\/emfoco\/author\/douglasmyth\/"}]}},"_links":{"self":[{"href":"https:\/\/www.em.com.br\/emfoco\/wp-json\/wp\/v2\/posts\/197857","targetHints":{"allow":["GET"]}}],"collection":[{"href":"https:\/\/www.em.com.br\/emfoco\/wp-json\/wp\/v2\/posts"}],"about":[{"href":"https:\/\/www.em.com.br\/emfoco\/wp-json\/wp\/v2\/types\/post"}],"author":[{"embeddable":true,"href":"https:\/\/www.em.com.br\/emfoco\/wp-json\/wp\/v2\/users\/15"}],"replies":[{"embeddable":true,"href":"https:\/\/www.em.com.br\/emfoco\/wp-json\/wp\/v2\/comments?post=197857"}],"version-history":[{"count":2,"href":"https:\/\/www.em.com.br\/emfoco\/wp-json\/wp\/v2\/posts\/197857\/revisions"}],"predecessor-version":[{"id":197862,"href":"https:\/\/www.em.com.br\/emfoco\/wp-json\/wp\/v2\/posts\/197857\/revisions\/197862"}],"wp:featuredmedia":[{"embeddable":true,"href":"https:\/\/www.em.com.br\/emfoco\/wp-json\/wp\/v2\/media\/200569"}],"wp:attachment":[{"href":"https:\/\/www.em.com.br\/emfoco\/wp-json\/wp\/v2\/media?parent=197857"}],"wp:term":[{"taxonomy":"category","embeddable":true,"href":"https:\/\/www.em.com.br\/emfoco\/wp-json\/wp\/v2\/categories?post=197857"},{"taxonomy":"post_tag","embeddable":true,"href":"https:\/\/www.em.com.br\/emfoco\/wp-json\/wp\/v2\/tags?post=197857"}],"curies":[{"name":"wp","href":"https:\/\/api.w.org\/{rel}","templated":true}]}}