{"id":197849,"date":"2026-04-28T05:35:00","date_gmt":"2026-04-28T08:35:00","guid":{"rendered":"https:\/\/www.em.com.br\/emfoco\/?p=197849"},"modified":"2026-04-27T15:15:20","modified_gmt":"2026-04-27T18:15:20","slug":"quem-se-compara-demais-com-os-outros-pode-estar-preso-a-um-padrao-emocional-silencioso","status":"publish","type":"post","link":"https:\/\/www.em.com.br\/emfoco\/2026\/04\/28\/quem-se-compara-demais-com-os-outros-pode-estar-preso-a-um-padrao-emocional-silencioso\/","title":{"rendered":"Quem se compara demais com os outros pode estar preso a um padr\u00e3o emocional silencioso"},"content":{"rendered":"\n<p>Comparar-se com outras pessoas \u00e9 um comportamento frequente no dia a dia, seja nas rela\u00e7\u00f5es presenciais ou nas redes sociais. A psicologia entende que esse h\u00e1bito faz parte do funcionamento mental humano, mas chama aten\u00e7\u00e3o para os impactos que ele pode ter quando se torna excessivo. Quando a compara\u00e7\u00e3o passa a orientar a forma como algu\u00e9m enxerga a pr\u00f3pria vida, surgem sinais de alerta e de <strong>desgaste<\/strong> emocional.<\/p>\n\n\n\n<h2 class=\"wp-block-heading\">O que \u00e9 compara\u00e7\u00e3o social na psicologia?<\/h2>\n\n\n\n<p>Na psicologia, o comportamento de se avaliar em rela\u00e7\u00e3o a outras pessoas costuma ser estudado sob o conceito de <strong>compara\u00e7\u00e3o social<\/strong>. A ideia \u00e9 que, para entender quem \u00e9, o indiv\u00edduo observa o que o cerca: colegas, familiares, figuras p\u00fablicas e at\u00e9 desconhecidos, usando-os como refer\u00eancia.<\/p>\n\n\n\n<p>Esse processo pode ajudar na constru\u00e7\u00e3o da <strong>identidade<\/strong>, na defini\u00e7\u00e3o de metas e na percep\u00e7\u00e3o de <a href=\"https:\/\/www.em.com.br\/emfoco\/2026\/04\/22\/por-que-essas-20-frutas-do-quintal-da-vovo-desapareceram-do-brasil-e-quase-sairam-da-memoria\/\" target=\"_blank\" rel=\"noreferrer noopener\">habilidades<\/a>. No entanto, quando a compara\u00e7\u00e3o se torna r\u00edgida e constante, ela passa a influenciar negativamente a autoestima, as decis\u00f5es e o bem-estar emocional.<\/p>\n\n\n\n<figure class=\"wp-block-image size-large\"><img loading=\"lazy\" decoding=\"async\" width=\"1024\" height=\"576\" src=\"https:\/\/www.em.com.br\/emfoco\/wp-content\/uploads\/2026\/04\/Texto-do-seu-paragrafo-2026-04-23T121944.855-1024x576.jpg\" alt=\"Quem se compara demais com os outros pode estar preso a um padr\u00e3o emocional silencioso\" class=\"wp-image-197853\" srcset=\"https:\/\/www.em.com.br\/emfoco\/wp-content\/uploads\/2026\/04\/Texto-do-seu-paragrafo-2026-04-23T121944.855-1024x576.jpg 1024w, https:\/\/www.em.com.br\/emfoco\/wp-content\/uploads\/2026\/04\/Texto-do-seu-paragrafo-2026-04-23T121944.855-300x169.jpg 300w, https:\/\/www.em.com.br\/emfoco\/wp-content\/uploads\/2026\/04\/Texto-do-seu-paragrafo-2026-04-23T121944.855-768x432.jpg 768w, https:\/\/www.em.com.br\/emfoco\/wp-content\/uploads\/2026\/04\/Texto-do-seu-paragrafo-2026-04-23T121944.855-750x422.jpg 750w, https:\/\/www.em.com.br\/emfoco\/wp-content\/uploads\/2026\/04\/Texto-do-seu-paragrafo-2026-04-23T121944.855-1140x641.jpg 1140w, https:\/\/www.em.com.br\/emfoco\/wp-content\/uploads\/2026\/04\/Texto-do-seu-paragrafo-2026-04-23T121944.855.jpg 1280w\" sizes=\"auto, (max-width: 1024px) 100vw, 1024px\" \/><figcaption class=\"wp-element-caption\">Se comparar o tempo todo pode revelar algo mais profundo sobre autoestima e percep\u00e7\u00e3o<\/figcaption><\/figure>\n\n\n\n<h2 class=\"wp-block-heading\">Quais s\u00e3o os tipos de compara\u00e7\u00e3o social mais comuns?<\/h2>\n\n\n\n<p>Existem dois movimentos principais frequentemente descritos: a compara\u00e7\u00e3o social <strong>para cima<\/strong>, quando algu\u00e9m se mira em pessoas que considera em posi\u00e7\u00e3o melhor, e a compara\u00e7\u00e3o <strong>para baixo<\/strong>, quando se observa quem parece estar em situa\u00e7\u00e3o mais dif\u00edcil. Ambos os movimentos s\u00e3o naturais e fazem parte da forma como avaliamos nossas pr\u00f3prias capacidades.<\/p>\n\n\n\n<p>A compara\u00e7\u00e3o para cima pode estimular <strong>aprendizado<\/strong> e crescimento, enquanto a compara\u00e7\u00e3o para baixo pode servir como al\u00edvio tempor\u00e1rio, ao refor\u00e7ar a sensa\u00e7\u00e3o de estar em condi\u00e7\u00e3o menos desfavor\u00e1vel. O problema surge quando qualquer um desses movimentos se torna excessivo, gerando distor\u00e7\u00f5es e sofrimento.<\/p>\n\n\n\n<h2 class=\"wp-block-heading\">O que acontece quando a compara\u00e7\u00e3o com os outros \u00e9 excessiva?<\/h2>\n\n\n\n<p>Quando a compara\u00e7\u00e3o se torna constante, autom\u00e1tica e r\u00edgida, a psicologia identifica maior risco de preju\u00edzos <a href=\"https:\/\/www.em.com.br\/emfoco\/2026\/04\/22\/esse-mel-raro-do-himalaia-chama-atencao-pelo-risco-da-coleta-e-pelos-efeitos-no-corpo\/\" target=\"_blank\" rel=\"noreferrer noopener\">emocionais<\/a>. Pessoas que se comparam demais com os outros tendem a desenvolver um padr\u00e3o de <strong>autocr\u00edtica<\/strong> intensa, enxergando os pr\u00f3prios resultados sempre como insuficientes e desvalorizando conquistas reais.<\/p>\n\n\n\n<p>Pesquisas indicam que compara\u00e7\u00f5es repetitivas com padr\u00f5es considerados \u201cideais\u201d podem estar associadas a <strong>ansiedade<\/strong>, <strong>tristeza<\/strong> persistente e sensa\u00e7\u00e3o de fracasso. Em especial nas redes sociais, a exposi\u00e7\u00e3o di\u00e1ria a recortes da vida alheia refor\u00e7a a impress\u00e3o de que todos est\u00e3o avan\u00e7ando mais, o que alimenta a ideia de que a pr\u00f3pria hist\u00f3ria \u00e9 sempre menor.<\/p>\n\n\n\n<h2 class=\"wp-block-heading\">Quais sinais indicam que a compara\u00e7\u00e3o est\u00e1 exagerada?<\/h2>\n\n\n\n<p>Alguns comportamentos chamam aten\u00e7\u00e3o de psic\u00f3logos e psic\u00f3logas quando o assunto \u00e9 compara\u00e7\u00e3o excessiva. Eles costumam aparecer no cotidiano, em situa\u00e7\u00f5es comuns, e podem servir de alerta para a necessidade de um olhar mais cuidadoso para a pr\u00f3pria <strong>sa\u00fade emocional<\/strong>.<\/p>\n\n\n\n<ul class=\"wp-block-list\">\n<li>Monitorar de forma constante a vida de colegas, familiares ou influenciadores, sentindo-se <strong>inferior<\/strong> com frequ\u00eancia;<\/li>\n\n\n\n<li>Sentir dificuldade em aproveitar conquistas porque sempre existe algu\u00e9m que parece ter ido al\u00e9m;<\/li>\n\n\n\n<li>Transformar erros ou atrasos em provas de incompet\u00eancia, ignorando o contexto e a pr\u00f3pria trajet\u00f3ria;<\/li>\n\n\n\n<li>Evitar desafios com medo de n\u00e3o alcan\u00e7ar o mesmo n\u00edvel de outras pessoas;<\/li>\n\n\n\n<li>Passar muito tempo nas redes sociais e sair delas com sensa\u00e7\u00e3o de fracasso ou <strong>inadequa\u00e7\u00e3o<\/strong>.<\/li>\n<\/ul>\n\n\n\n<p>Em alguns casos, esse padr\u00e3o tamb\u00e9m atinge o corpo e a imagem pessoal. Compara\u00e7\u00f5es constantes com padr\u00f5es est\u00e9ticos podem intensificar <strong>insatisfa\u00e7\u00e3o<\/strong> com a apar\u00eancia, alimentar dietas restritivas sem orienta\u00e7\u00e3o profissional e levar a comportamentos prejudiciais \u00e0 sa\u00fade f\u00edsica e mental.<\/p>\n\n\n\n<p>Conte\u00fado do canal <strong>PodPeople &#8211; Ana Beatriz Barbosa<\/strong>, com mais de 4.6 milh\u00f5es de inscritos e cerca de 95 mil de visualiza\u00e7\u00f5es:<\/p>\n\n\n\n<figure class=\"wp-block-embed is-type-video is-provider-youtube wp-block-embed-youtube wp-embed-aspect-16-9 wp-has-aspect-ratio\"><div class=\"wp-block-embed__wrapper\">\n<div class=\"jeg_video_container jeg_video_content\"><iframe loading=\"lazy\" title=\"A compara\u00e7\u00e3o com o outro nos afasta do nosso pr\u00f3prio caminho | ANA BEATRIZ no @VACACAST\" width=\"500\" height=\"281\" src=\"https:\/\/www.youtube.com\/embed\/lU4P37vwllY?feature=oembed\" frameborder=\"0\" allow=\"accelerometer; autoplay; clipboard-write; encrypted-media; gyroscope; picture-in-picture; web-share\" referrerpolicy=\"strict-origin-when-cross-origin\" allowfullscreen><\/iframe><\/div>\n<\/div><\/figure>\n\n\n\n<h2 class=\"wp-block-heading\">Como a constante afeta a autoestima e as rela\u00e7\u00f5es?<\/h2>\n\n\n\n<p>Do ponto de vista da psicologia, a autoestima se constr\u00f3i a partir da maneira como a pessoa se percebe, se avalia e se trata. Quando a r\u00e9gua usada \u00e9 sempre a do outro, a constru\u00e7\u00e3o de uma imagem interna est\u00e1vel fica <a href=\"https:\/\/pubmed.ncbi.nlm.nih.gov\/1945583\/\" target=\"_blank\" rel=\"noreferrer noopener\">comprometida<\/a>, e a <strong>identidade<\/strong> passa a depender de par\u00e2metros externos e inst\u00e1veis.<\/p>\n\n\n\n<p>Esse tipo de postura tamb\u00e9m pode interferir nas rela\u00e7\u00f5es, gerando <strong>competitividade<\/strong> exagerada e dificuldade para reconhecer m\u00e9ritos alheios. Em alguns casos, rela\u00e7\u00f5es que poderiam ser de apoio se transformam em fontes de ansiedade, por estarem sempre associadas \u00e0 ideia de \u201cestar atr\u00e1s\u201d ou \u201cvaler menos\u201d, enquanto v\u00ednculos baseados em coopera\u00e7\u00e3o tendem a aliviar esse peso.<\/p>\n\n\n\n<h2 class=\"wp-block-heading\">Como tornar a social mais saud\u00e1vel?<\/h2>\n\n\n\n<p>A psicologia sugere que o objetivo n\u00e3o \u00e9 eliminar toda e qualquer compara\u00e7\u00e3o, mas sim torn\u00e1-la mais <strong>consciente<\/strong> e flex\u00edvel. Em vez de se medir apenas pelos resultados de outras pessoas, diferentes abordagens <a href=\"https:\/\/pubmed.ncbi.nlm.nih.gov\/3273156\/\" target=\"_blank\" rel=\"noreferrer noopener\">terap\u00eauticas <\/a>incentivam um olhar voltado para a pr\u00f3pria hist\u00f3ria, considerando contexto, recursos dispon\u00edveis e ritmo pessoal.<\/p>\n\n\n\n<ol class=\"wp-block-list\">\n<li><strong>Identificar gatilhos:<\/strong> observar em quais situa\u00e7\u00f5es a compara\u00e7\u00e3o aumenta, como ao usar determinadas redes sociais ou conviver com ambientes altamente competitivos.<\/li>\n\n\n\n<li><strong>Reconhecer a pr\u00f3pria trajet\u00f3ria:<\/strong> registrar avan\u00e7os, por menores que pare\u00e7am, pode ajudar a criar uma vis\u00e3o mais ampla da pr\u00f3pria caminhada.<\/li>\n\n\n\n<li><strong>Rever crit\u00e9rios de valor:<\/strong> questionar se o padr\u00e3o usado realmente faz sentido para a vida que se deseja <strong>construir<\/strong>.<\/li>\n\n\n\n<li><strong>Buscar apoio psicol\u00f3gico:<\/strong> a psicoterapia oferece um espa\u00e7o para elaborar cren\u00e7as de inferioridade, trabalhar a autocr\u00edtica e desenvolver uma autoestima mais est\u00e1vel.<\/li>\n<\/ol>\n\n\n\n<p>Assim, a compara\u00e7\u00e3o deixa de ser uma fonte permanente de sofrimento e pode se tornar apenas uma refer\u00eancia pontual, integrada a uma vis\u00e3o mais equilibrada de si mesmo e dos outros. Considerar a <strong>singularidade<\/strong> de cada percurso tende a reduzir o peso das compara\u00e7\u00f5es excessivas no cotidiano.<\/p>\n","protected":false},"excerpt":{"rendered":"<p>Comparar-se com outras pessoas \u00e9 um comportamento frequente no dia a dia, seja nas rela\u00e7\u00f5es presenciais ou nas redes sociais. A psicologia entende que esse h\u00e1bito faz parte do funcionamento mental humano, mas chama aten\u00e7\u00e3o para os impactos que ele pode ter quando se torna excessivo. Quando a compara\u00e7\u00e3o passa a orientar a forma como [&hellip;]<\/p>\n","protected":false},"author":15,"featured_media":200572,"comment_status":"open","ping_status":"open","sticky":false,"template":"","format":"standard","meta":{"jnews-multi-image_gallery":[],"jnews_single_post":{"format":"standard"},"jnews_primary_category":[],"jnews_social_meta":[],"jnews_override_counter":[],"footnotes":""},"categories":[8819],"tags":[711,5155,415],"class_list":["post-197849","post","type-post","status-publish","format-standard","has-post-thumbnail","hentry","category-curiosidades","tag-bem-estar","tag-psicologia","tag-saude"],"yoast_head":"<!-- This site is optimized with the Yoast SEO plugin v23.8 - https:\/\/yoast.com\/wordpress\/plugins\/seo\/ -->\n<title>Quem se compara demais com os outros pode estar preso a um padr\u00e3o emocional silencioso - Estado de Minas - Em foco<\/title>\n<meta name=\"description\" content=\"A compara\u00e7\u00e3o demais com os outros pode estar ligado \u00e0 autoestima e \u00e0 busca por valida\u00e7\u00e3o, algo que a psicologia explica\" \/>\n<meta name=\"robots\" content=\"index, follow, max-snippet:-1, max-image-preview:large, max-video-preview:-1\" \/>\n<link rel=\"canonical\" href=\"https:\/\/www.em.com.br\/emfoco\/2026\/04\/28\/quem-se-compara-demais-com-os-outros-pode-estar-preso-a-um-padrao-emocional-silencioso\/\" \/>\n<meta property=\"og:locale\" content=\"pt_BR\" \/>\n<meta property=\"og:type\" content=\"article\" \/>\n<meta property=\"og:title\" content=\"Quem se compara demais com os outros pode estar preso a um padr\u00e3o emocional silencioso - Estado de Minas - Em foco\" \/>\n<meta property=\"og:description\" content=\"A compara\u00e7\u00e3o demais com os outros pode estar ligado \u00e0 autoestima e \u00e0 busca por valida\u00e7\u00e3o, algo que a psicologia explica\" \/>\n<meta property=\"og:url\" content=\"https:\/\/www.em.com.br\/emfoco\/2026\/04\/28\/quem-se-compara-demais-com-os-outros-pode-estar-preso-a-um-padrao-emocional-silencioso\/\" \/>\n<meta property=\"og:site_name\" content=\"Estado de Minas - Em foco\" \/>\n<meta property=\"article:published_time\" content=\"2026-04-28T08:35:00+00:00\" \/>\n<meta property=\"article:modified_time\" content=\"2026-04-27T18:15:20+00:00\" \/>\n<meta property=\"og:image\" content=\"https:\/\/www.em.com.br\/emfoco\/wp-content\/uploads\/2026\/04\/EmFoco_09-11.jpg\" \/>\n\t<meta property=\"og:image:width\" content=\"1280\" \/>\n\t<meta property=\"og:image:height\" content=\"720\" \/>\n\t<meta property=\"og:image:type\" content=\"image\/jpeg\" \/>\n<meta name=\"author\" content=\"Douglas Myth\" \/>\n<meta name=\"twitter:card\" content=\"summary_large_image\" \/>\n<meta name=\"twitter:label1\" content=\"Escrito por\" \/>\n\t<meta name=\"twitter:data1\" content=\"Douglas Myth\" \/>\n\t<meta name=\"twitter:label2\" content=\"Est. tempo de leitura\" \/>\n\t<meta name=\"twitter:data2\" content=\"6 minutos\" \/>\n<!-- \/ Yoast SEO plugin. -->","yoast_head_json":{"title":"Quem se compara demais com os outros pode estar preso a um padr\u00e3o emocional silencioso - Estado de Minas - Em foco","description":"A compara\u00e7\u00e3o demais com os outros pode estar ligado \u00e0 autoestima e \u00e0 busca por valida\u00e7\u00e3o, algo que a psicologia explica","robots":{"index":"index","follow":"follow","max-snippet":"max-snippet:-1","max-image-preview":"max-image-preview:large","max-video-preview":"max-video-preview:-1"},"canonical":"https:\/\/www.em.com.br\/emfoco\/2026\/04\/28\/quem-se-compara-demais-com-os-outros-pode-estar-preso-a-um-padrao-emocional-silencioso\/","og_locale":"pt_BR","og_type":"article","og_title":"Quem se compara demais com os outros pode estar preso a um padr\u00e3o emocional silencioso - Estado de Minas - Em foco","og_description":"A compara\u00e7\u00e3o demais com os outros pode estar ligado \u00e0 autoestima e \u00e0 busca por valida\u00e7\u00e3o, algo que a psicologia explica","og_url":"https:\/\/www.em.com.br\/emfoco\/2026\/04\/28\/quem-se-compara-demais-com-os-outros-pode-estar-preso-a-um-padrao-emocional-silencioso\/","og_site_name":"Estado de Minas - Em foco","article_published_time":"2026-04-28T08:35:00+00:00","article_modified_time":"2026-04-27T18:15:20+00:00","og_image":[{"width":1280,"height":720,"url":"https:\/\/www.em.com.br\/emfoco\/wp-content\/uploads\/2026\/04\/EmFoco_09-11.jpg","type":"image\/jpeg"}],"author":"Douglas Myth","twitter_card":"summary_large_image","twitter_misc":{"Escrito por":"Douglas Myth","Est. tempo de leitura":"6 minutos"},"schema":{"@context":"https:\/\/schema.org","@graph":[{"@type":"WebPage","@id":"https:\/\/www.em.com.br\/emfoco\/2026\/04\/28\/quem-se-compara-demais-com-os-outros-pode-estar-preso-a-um-padrao-emocional-silencioso\/","url":"https:\/\/www.em.com.br\/emfoco\/2026\/04\/28\/quem-se-compara-demais-com-os-outros-pode-estar-preso-a-um-padrao-emocional-silencioso\/","name":"Quem se compara demais com os outros pode estar preso a um padr\u00e3o emocional silencioso - Estado de Minas - Em foco","isPartOf":{"@id":"https:\/\/www.em.com.br\/emfoco\/#website"},"primaryImageOfPage":{"@id":"https:\/\/www.em.com.br\/emfoco\/2026\/04\/28\/quem-se-compara-demais-com-os-outros-pode-estar-preso-a-um-padrao-emocional-silencioso\/#primaryimage"},"image":{"@id":"https:\/\/www.em.com.br\/emfoco\/2026\/04\/28\/quem-se-compara-demais-com-os-outros-pode-estar-preso-a-um-padrao-emocional-silencioso\/#primaryimage"},"thumbnailUrl":"https:\/\/www.em.com.br\/emfoco\/wp-content\/uploads\/2026\/04\/EmFoco_09-11.jpg","datePublished":"2026-04-28T08:35:00+00:00","dateModified":"2026-04-27T18:15:20+00:00","author":{"@id":"https:\/\/www.em.com.br\/emfoco\/#\/schema\/person\/bba594b7eebe9b9885fec3a5c7837089"},"description":"A compara\u00e7\u00e3o demais com os outros pode estar ligado \u00e0 autoestima e \u00e0 busca por valida\u00e7\u00e3o, algo que a psicologia explica","breadcrumb":{"@id":"https:\/\/www.em.com.br\/emfoco\/2026\/04\/28\/quem-se-compara-demais-com-os-outros-pode-estar-preso-a-um-padrao-emocional-silencioso\/#breadcrumb"},"inLanguage":"pt-BR","potentialAction":[{"@type":"ReadAction","target":["https:\/\/www.em.com.br\/emfoco\/2026\/04\/28\/quem-se-compara-demais-com-os-outros-pode-estar-preso-a-um-padrao-emocional-silencioso\/"]}]},{"@type":"ImageObject","inLanguage":"pt-BR","@id":"https:\/\/www.em.com.br\/emfoco\/2026\/04\/28\/quem-se-compara-demais-com-os-outros-pode-estar-preso-a-um-padrao-emocional-silencioso\/#primaryimage","url":"https:\/\/www.em.com.br\/emfoco\/wp-content\/uploads\/2026\/04\/EmFoco_09-11.jpg","contentUrl":"https:\/\/www.em.com.br\/emfoco\/wp-content\/uploads\/2026\/04\/EmFoco_09-11.jpg","width":1280,"height":720,"caption":"H\u00e1bito constante de compara\u00e7\u00e3o social prejudica a autoestima e gera desgaste emocional"},{"@type":"BreadcrumbList","@id":"https:\/\/www.em.com.br\/emfoco\/2026\/04\/28\/quem-se-compara-demais-com-os-outros-pode-estar-preso-a-um-padrao-emocional-silencioso\/#breadcrumb","itemListElement":[{"@type":"ListItem","position":1,"name":"In\u00edcio","item":"https:\/\/www.em.com.br\/emfoco\/"},{"@type":"ListItem","position":2,"name":"Quem se compara demais com os outros pode estar preso a um padr\u00e3o emocional silencioso"}]},{"@type":"WebSite","@id":"https:\/\/www.em.com.br\/emfoco\/#website","url":"https:\/\/www.em.com.br\/emfoco\/","name":"Estado de Minas - Em foco","description":"Acompanhe as \u00faltimas not\u00edcias e fique bem informado sobre tudo o que acontece em Minas Gerais, Brasil e no mundo.","potentialAction":[{"@type":"SearchAction","target":{"@type":"EntryPoint","urlTemplate":"https:\/\/www.em.com.br\/emfoco\/?s={search_term_string}"},"query-input":{"@type":"PropertyValueSpecification","valueRequired":true,"valueName":"search_term_string"}}],"inLanguage":"pt-BR"},{"@type":"Person","@id":"https:\/\/www.em.com.br\/emfoco\/#\/schema\/person\/bba594b7eebe9b9885fec3a5c7837089","name":"Douglas Myth","image":{"@type":"ImageObject","inLanguage":"pt-BR","@id":"https:\/\/www.em.com.br\/emfoco\/#\/schema\/person\/image\/","url":"https:\/\/secure.gravatar.com\/avatar\/1ac3cf50d0e68642c697dc0c960c802f?s=96&d=mm&r=g","contentUrl":"https:\/\/secure.gravatar.com\/avatar\/1ac3cf50d0e68642c697dc0c960c802f?s=96&d=mm&r=g","caption":"Douglas Myth"},"url":"https:\/\/www.em.com.br\/emfoco\/author\/douglasmyth\/"}]}},"_links":{"self":[{"href":"https:\/\/www.em.com.br\/emfoco\/wp-json\/wp\/v2\/posts\/197849","targetHints":{"allow":["GET"]}}],"collection":[{"href":"https:\/\/www.em.com.br\/emfoco\/wp-json\/wp\/v2\/posts"}],"about":[{"href":"https:\/\/www.em.com.br\/emfoco\/wp-json\/wp\/v2\/types\/post"}],"author":[{"embeddable":true,"href":"https:\/\/www.em.com.br\/emfoco\/wp-json\/wp\/v2\/users\/15"}],"replies":[{"embeddable":true,"href":"https:\/\/www.em.com.br\/emfoco\/wp-json\/wp\/v2\/comments?post=197849"}],"version-history":[{"count":2,"href":"https:\/\/www.em.com.br\/emfoco\/wp-json\/wp\/v2\/posts\/197849\/revisions"}],"predecessor-version":[{"id":197856,"href":"https:\/\/www.em.com.br\/emfoco\/wp-json\/wp\/v2\/posts\/197849\/revisions\/197856"}],"wp:featuredmedia":[{"embeddable":true,"href":"https:\/\/www.em.com.br\/emfoco\/wp-json\/wp\/v2\/media\/200572"}],"wp:attachment":[{"href":"https:\/\/www.em.com.br\/emfoco\/wp-json\/wp\/v2\/media?parent=197849"}],"wp:term":[{"taxonomy":"category","embeddable":true,"href":"https:\/\/www.em.com.br\/emfoco\/wp-json\/wp\/v2\/categories?post=197849"},{"taxonomy":"post_tag","embeddable":true,"href":"https:\/\/www.em.com.br\/emfoco\/wp-json\/wp\/v2\/tags?post=197849"}],"curies":[{"name":"wp","href":"https:\/\/api.w.org\/{rel}","templated":true}]}}