{"id":197842,"date":"2026-04-26T20:35:00","date_gmt":"2026-04-26T23:35:00","guid":{"rendered":"https:\/\/www.em.com.br\/emfoco\/?p=197842"},"modified":"2026-04-25T13:00:01","modified_gmt":"2026-04-25T16:00:01","slug":"sentir-medo-sem-motivo-aparente-pode-ser-resposta-do-corpo-e-nao-algo-sem-explicacao","status":"publish","type":"post","link":"https:\/\/www.em.com.br\/emfoco\/2026\/04\/26\/sentir-medo-sem-motivo-aparente-pode-ser-resposta-do-corpo-e-nao-algo-sem-explicacao\/","title":{"rendered":"Sentir medo sem motivo aparente pode ser resposta do corpo e n\u00e3o algo sem explica\u00e7\u00e3o"},"content":{"rendered":"\n<p>Sentir <strong>medo<\/strong> sem uma raz\u00e3o clara \u00e9 uma experi\u00eancia frequente em consult\u00f3rios de psicologia. A pessoa pode estar em casa, no trabalho ou em outro ambiente familiar e aparentemente seguro, mas ainda assim sentir o corpo em alerta, o cora\u00e7\u00e3o acelerado ou uma apreens\u00e3o dif\u00edcil de explicar. Em muitos casos, esse medo n\u00e3o est\u00e1 ligado a um perigo real e imediato, mas a processos internos, muitas vezes inconscientes, relacionados \u00e0 forma como a mente percebe e interpreta o mundo.<\/p>\n\n\n\n<h2 class=\"wp-block-heading\">O que significa sentir medo sem motivo na psicologia?<\/h2>\n\n\n\n<p>Na psicologia, sentir medo sem raz\u00e3o aparente costuma estar associado a estados de <strong>ansiedade<\/strong>, experi\u00eancias traum\u00e1ticas antigas ou padr\u00f5es de pensamento que exageram riscos. O c\u00e9rebro reage como se houvesse uma amea\u00e7a, mesmo quando o ambiente \u00e9 seguro, acionando uma resposta emocional desajustada ao contexto imediato.<\/p>\n\n\n\n<p>N\u00e3o se considera esse medo como \u201cdrama\u201d ou fraqueza, mas como um sinal de que algo na forma de perceber o mundo ou de processar emo\u00e7\u00f5es est\u00e1 em alerta. Quando o medo se torna recorrente, intenso e dif\u00edcil de <a href=\"https:\/\/www.em.com.br\/emfoco\/2026\/04\/22\/por-que-essas-20-frutas-do-quintal-da-vovo-desapareceram-do-brasil-e-quase-sairam-da-memoria\/\" target=\"_blank\" rel=\"noreferrer noopener\">controlar<\/a>, pode indicar um <strong>transtorno<\/strong> de ansiedade ou outro quadro emocional que merece aten\u00e7\u00e3o profissional.<\/p>\n\n\n\n<figure class=\"wp-block-image size-large\"><img loading=\"lazy\" decoding=\"async\" width=\"1024\" height=\"576\" src=\"https:\/\/www.em.com.br\/emfoco\/wp-content\/uploads\/2026\/04\/Texto-do-seu-paragrafo-2026-04-23T121237.319-1024x576.jpg\" alt=\"Sentir medo sem motivo aparente pode ser resposta do corpo e n\u00e3o algo sem explica\u00e7\u00e3o\" class=\"wp-image-197847\" srcset=\"https:\/\/www.em.com.br\/emfoco\/wp-content\/uploads\/2026\/04\/Texto-do-seu-paragrafo-2026-04-23T121237.319-1024x576.jpg 1024w, https:\/\/www.em.com.br\/emfoco\/wp-content\/uploads\/2026\/04\/Texto-do-seu-paragrafo-2026-04-23T121237.319-300x169.jpg 300w, https:\/\/www.em.com.br\/emfoco\/wp-content\/uploads\/2026\/04\/Texto-do-seu-paragrafo-2026-04-23T121237.319-768x432.jpg 768w, https:\/\/www.em.com.br\/emfoco\/wp-content\/uploads\/2026\/04\/Texto-do-seu-paragrafo-2026-04-23T121237.319-750x422.jpg 750w, https:\/\/www.em.com.br\/emfoco\/wp-content\/uploads\/2026\/04\/Texto-do-seu-paragrafo-2026-04-23T121237.319-1140x641.jpg 1140w, https:\/\/www.em.com.br\/emfoco\/wp-content\/uploads\/2026\/04\/Texto-do-seu-paragrafo-2026-04-23T121237.319.jpg 1280w\" sizes=\"auto, (max-width: 1024px) 100vw, 1024px\" \/><figcaption class=\"wp-element-caption\">Quando o medo aparece sem raz\u00e3o clara, o corpo pode estar reagindo antes da mente<\/figcaption><\/figure>\n\n\n\n<h2 class=\"wp-block-heading\">Como a ansiedade se relaciona sem explica\u00e7\u00e3o?<\/h2>\n\n\n\n<p>O medo sem raz\u00e3o clara est\u00e1 frequentemente ligado \u00e0 ansiedade, que envolve a antecipa\u00e7\u00e3o de amea\u00e7as futuras, muitas vezes imagin\u00e1rias. A pessoa pode n\u00e3o conseguir nomear o que teme, mas vive com a sensa\u00e7\u00e3o de que \u201calgo ruim pode acontecer\u201d, mantendo corpo e mente em <strong>vigil\u00e2ncia<\/strong> constante.<\/p>\n\n\n\n<p>Alguns quadros de ansiedade, em especial, aparecem com esse tipo de medo difuso e acabam interferindo na rotina, nas decis\u00f5es e nas rela\u00e7\u00f5es. Nesses casos, \u00e9 comum que surjam comportamentos de <strong>evita\u00e7\u00e3o<\/strong>, isolamento social e dificuldade de concentra\u00e7\u00e3o em tarefas simples.<\/p>\n\n\n\n<ul class=\"wp-block-list\">\n<li><strong>Transtorno<\/strong> de ansiedade generalizada (TAG): preocupa\u00e7\u00e3o excessiva com diversos aspectos da vida, junto de tens\u00e3o f\u00edsica e mental;<\/li>\n\n\n\n<li>Transtorno do <strong>p\u00e2nico<\/strong>: crises s\u00fabitas de medo intenso, com falta de ar, taquicardia e sensa\u00e7\u00e3o de perda de controle, mesmo sem perigo evidente;<\/li>\n\n\n\n<li>Fobias espec\u00edficas: medos desproporcionais diante de objetos ou situa\u00e7\u00f5es, percebidos como \u201cirracionais\u201d pela pr\u00f3pria pessoa.<\/li>\n<\/ul>\n\n\n\n<h2 class=\"wp-block-heading\">Medo sem causa aparente \u00e9 normal ou sinal de problema?<\/h2>\n\n\n\n<p>A psicologia considera poss\u00edvel e relativamente comum sentir medo em algum momento sem identificar a causa de imediato. O c\u00e9rebro nem sempre diferencia com precis\u00e3o entre lembran\u00e7as, imagina\u00e7\u00f5es e fatos presentes, e um <a href=\"https:\/\/www.em.com.br\/emfoco\/2026\/04\/22\/esse-mel-raro-do-himalaia-chama-atencao-pelo-risco-da-coleta-e-pelos-efeitos-no-corpo\/\" target=\"_blank\" rel=\"noreferrer noopener\">pensamento <\/a>r\u00e1pido ou imagem mental pode acionar em segundos a mesma <strong>resposta<\/strong> fisiol\u00f3gica que um perigo real.<\/p>\n\n\n\n<p>Esse medo \u00e9 entendido como um sinal, e n\u00e3o como defeito moral. Quando \u00e9 pontual e a pessoa retoma suas atividades, tende a ser visto como rea\u00e7\u00e3o eventual. Por\u00e9m, se a sensa\u00e7\u00e3o de amea\u00e7a persiste por semanas, se torna intensa e come\u00e7a a limitar a vida cotidiana, passa a ser observada como poss\u00edvel sintoma cl\u00ednico que merece avalia\u00e7\u00e3o psicol\u00f3gica ou <strong>psiqui\u00e1trica<\/strong>.<\/p>\n\n\n\n<p>Conte\u00fado do canal <strong>Ana Streit<\/strong>, com mais de 45 mil de inscritos e cerca de 6.3 mil de visualiza\u00e7\u00f5es:<\/p>\n\n\n\n<figure class=\"wp-block-embed is-type-video is-provider-youtube wp-block-embed-youtube wp-embed-aspect-16-9 wp-has-aspect-ratio\"><div class=\"wp-block-embed__wrapper\">\n<div class=\"jeg_video_container jeg_video_content\"><iframe loading=\"lazy\" title=\"MEDO: como lidar? por que ele existe?\" width=\"500\" height=\"281\" src=\"https:\/\/www.youtube.com\/embed\/1ZXryKtM3TU?feature=oembed\" frameborder=\"0\" allow=\"accelerometer; autoplay; clipboard-write; encrypted-media; gyroscope; picture-in-picture; web-share\" referrerpolicy=\"strict-origin-when-cross-origin\" allowfullscreen><\/iframe><\/div>\n<\/div><\/figure>\n\n\n\n<h2 class=\"wp-block-heading\">Quais sinais indicam sem motivo precisa de ajuda profissional?<\/h2>\n\n\n\n<p>Alguns sinais sugerem que o medo sem motivo aparente pode exigir acompanhamento especializado. A presen\u00e7a frequente de sintomas f\u00edsicos, como sudorese, tremores, aperto no peito ou sensa\u00e7\u00e3o de sufocamento, \u00e9 um dos principais <strong>alertas<\/strong> a serem observados com aten\u00e7\u00e3o ao longo do tempo.<\/p>\n\n\n\n<p>Quando esses sinais aparecem de forma intensa ou prolongada, a <a href=\"https:\/\/pubmed.ncbi.nlm.nih.gov\/10707932\/\" target=\"_blank\" rel=\"noreferrer noopener\">recomenda\u00e7\u00e3o <\/a>\u00e9 buscar avalia\u00e7\u00e3o profissional para entender o que sustenta esse padr\u00e3o emocional e qual abordagem terap\u00eautica pode ser mais adequada. Entre os indicadores mais comuns, destacam-se:<\/p>\n\n\n\n<ol class=\"wp-block-list\">\n<li>Medo constante, ao longo de v\u00e1rios dias ou semanas, sem melhora percept\u00edvel;<\/li>\n\n\n\n<li>Dificuldade para realizar tarefas simples por causa da apreens\u00e3o ou sensa\u00e7\u00e3o de perigo iminente;<\/li>\n\n\n\n<li>Evita\u00e7\u00e3o de lugares, pessoas ou situa\u00e7\u00f5es por receio de sentir medo novamente;<\/li>\n\n\n\n<li>Interfer\u00eancia no sono, com ins\u00f4nia, pesadelos frequentes ou sono n\u00e3o reparador;<\/li>\n\n\n\n<li>Pensamentos repetitivos de que algo ruim vai acontecer, mesmo sem motivo objetivo.<\/li>\n<\/ol>\n\n\n\n<h2 class=\"wp-block-heading\">Como a psicoterapia ajuda a lidar com o medo sem explica\u00e7\u00e3o clara?<\/h2>\n\n\n\n<p>A psicoterapia busca identificar as origens do medo sem raz\u00e3o, entender como ele se manifesta no dia a dia e desenvolver estrat\u00e9gias para lidar melhor com essa emo\u00e7\u00e3o. Dependendo da abordagem, o foco pode estar em pensamentos autom\u00e1ticos, em experi\u00eancias de vida marcantes ou na forma como a pessoa se relaciona com suas emo\u00e7\u00f5es e com o ambiente.<\/p>\n\n\n\n<p>Os profissionais costumam combinar recursos voltados tanto ao entendimento quanto \u00e0 regula\u00e7\u00e3o do medo. Em muitos casos, a integra\u00e7\u00e3o entre <a href=\"https:\/\/psycnet.apa.org\/PsycBOOKS\/toc\/10529\" target=\"_blank\" rel=\"noreferrer noopener\">psicoterapia<\/a>, h\u00e1bitos de vida mais organizados e, quando indicado por psiquiatras, medica\u00e7\u00e3o, contribui para reduzir a frequ\u00eancia e a intensidade dessa sensa\u00e7\u00e3o.<\/p>\n\n\n\n<ul class=\"wp-block-list\">\n<li><strong>Psychoeduca\u00e7\u00e3o<\/strong>: explica\u00e7\u00f5es sobre o funcionamento do medo, da ansiedade e do corpo, ajudando a normalizar a experi\u00eancia;<\/li>\n\n\n\n<li>T\u00e9cnicas de respira\u00e7\u00e3o e <strong>relaxamento<\/strong>: redu\u00e7\u00e3o da ativa\u00e7\u00e3o fisiol\u00f3gica associada ao medo e \u00e0 tens\u00e3o;<\/li>\n\n\n\n<li>Identifica\u00e7\u00e3o e reestrutura\u00e7\u00e3o de pensamentos: observa\u00e7\u00e3o de ideias catastr\u00f3ficas e constru\u00e7\u00e3o de interpreta\u00e7\u00f5es mais equilibradas;<\/li>\n\n\n\n<li>Explora\u00e7\u00e3o de mem\u00f3rias e <strong>traumas<\/strong>: quando o medo atual est\u00e1 ligado a epis\u00f3dios antigos n\u00e3o elaborados ou a experi\u00eancias de rejei\u00e7\u00e3o e perda.<\/li>\n<\/ul>\n","protected":false},"excerpt":{"rendered":"<p>Sentir medo sem uma raz\u00e3o clara \u00e9 uma experi\u00eancia frequente em consult\u00f3rios de psicologia. A pessoa pode estar em casa, no trabalho ou em outro ambiente familiar e aparentemente seguro, mas ainda assim sentir o corpo em alerta, o cora\u00e7\u00e3o acelerado ou uma apreens\u00e3o dif\u00edcil de explicar. Em muitos casos, esse medo n\u00e3o est\u00e1 ligado [&hellip;]<\/p>\n","protected":false},"author":15,"featured_media":199302,"comment_status":"open","ping_status":"open","sticky":false,"template":"","format":"standard","meta":{"jnews-multi-image_gallery":[],"jnews_single_post":{"format":"standard"},"jnews_primary_category":[],"jnews_social_meta":[],"jnews_override_counter":[],"footnotes":""},"categories":[8819],"tags":[711,5155,415],"class_list":["post-197842","post","type-post","status-publish","format-standard","has-post-thumbnail","hentry","category-curiosidades","tag-bem-estar","tag-psicologia","tag-saude"],"yoast_head":"<!-- This site is optimized with the Yoast SEO plugin v23.8 - https:\/\/yoast.com\/wordpress\/plugins\/seo\/ -->\n<title>Sentir medo sem motivo aparente pode ser resposta do corpo e n\u00e3o algo sem explica\u00e7\u00e3o - Estado de Minas - Em foco<\/title>\n<meta name=\"description\" content=\"Sentir medo sem motivo aparente pode estar ligado \u00e0 ansiedade e \u00e0 forma como o corpo reage a sinais internos antes da mente perceber\" \/>\n<meta name=\"robots\" content=\"index, follow, max-snippet:-1, max-image-preview:large, max-video-preview:-1\" \/>\n<link rel=\"canonical\" href=\"https:\/\/www.em.com.br\/emfoco\/2026\/04\/26\/sentir-medo-sem-motivo-aparente-pode-ser-resposta-do-corpo-e-nao-algo-sem-explicacao\/\" \/>\n<meta property=\"og:locale\" content=\"pt_BR\" \/>\n<meta property=\"og:type\" content=\"article\" \/>\n<meta property=\"og:title\" content=\"Sentir medo sem motivo aparente pode ser resposta do corpo e n\u00e3o algo sem explica\u00e7\u00e3o - Estado de Minas - Em foco\" \/>\n<meta property=\"og:description\" content=\"Sentir medo sem motivo aparente pode estar ligado \u00e0 ansiedade e \u00e0 forma como o corpo reage a sinais internos antes da mente perceber\" \/>\n<meta property=\"og:url\" content=\"https:\/\/www.em.com.br\/emfoco\/2026\/04\/26\/sentir-medo-sem-motivo-aparente-pode-ser-resposta-do-corpo-e-nao-algo-sem-explicacao\/\" \/>\n<meta property=\"og:site_name\" content=\"Estado de Minas - Em foco\" \/>\n<meta property=\"article:published_time\" content=\"2026-04-26T23:35:00+00:00\" \/>\n<meta property=\"article:modified_time\" content=\"2026-04-25T16:00:01+00:00\" \/>\n<meta property=\"og:image\" content=\"https:\/\/www.em.com.br\/emfoco\/wp-content\/uploads\/2026\/04\/EmFoco-11.jpg\" \/>\n\t<meta property=\"og:image:width\" content=\"1280\" \/>\n\t<meta property=\"og:image:height\" content=\"720\" \/>\n\t<meta property=\"og:image:type\" content=\"image\/jpeg\" \/>\n<meta name=\"author\" content=\"Douglas Myth\" \/>\n<meta name=\"twitter:card\" content=\"summary_large_image\" \/>\n<meta name=\"twitter:label1\" content=\"Escrito por\" \/>\n\t<meta name=\"twitter:data1\" content=\"Douglas Myth\" \/>\n\t<meta name=\"twitter:label2\" content=\"Est. tempo de leitura\" \/>\n\t<meta name=\"twitter:data2\" content=\"5 minutos\" \/>\n<!-- \/ Yoast SEO plugin. -->","yoast_head_json":{"title":"Sentir medo sem motivo aparente pode ser resposta do corpo e n\u00e3o algo sem explica\u00e7\u00e3o - Estado de Minas - Em foco","description":"Sentir medo sem motivo aparente pode estar ligado \u00e0 ansiedade e \u00e0 forma como o corpo reage a sinais internos antes da mente perceber","robots":{"index":"index","follow":"follow","max-snippet":"max-snippet:-1","max-image-preview":"max-image-preview:large","max-video-preview":"max-video-preview:-1"},"canonical":"https:\/\/www.em.com.br\/emfoco\/2026\/04\/26\/sentir-medo-sem-motivo-aparente-pode-ser-resposta-do-corpo-e-nao-algo-sem-explicacao\/","og_locale":"pt_BR","og_type":"article","og_title":"Sentir medo sem motivo aparente pode ser resposta do corpo e n\u00e3o algo sem explica\u00e7\u00e3o - Estado de Minas - Em foco","og_description":"Sentir medo sem motivo aparente pode estar ligado \u00e0 ansiedade e \u00e0 forma como o corpo reage a sinais internos antes da mente perceber","og_url":"https:\/\/www.em.com.br\/emfoco\/2026\/04\/26\/sentir-medo-sem-motivo-aparente-pode-ser-resposta-do-corpo-e-nao-algo-sem-explicacao\/","og_site_name":"Estado de Minas - Em foco","article_published_time":"2026-04-26T23:35:00+00:00","article_modified_time":"2026-04-25T16:00:01+00:00","og_image":[{"width":1280,"height":720,"url":"https:\/\/www.em.com.br\/emfoco\/wp-content\/uploads\/2026\/04\/EmFoco-11.jpg","type":"image\/jpeg"}],"author":"Douglas Myth","twitter_card":"summary_large_image","twitter_misc":{"Escrito por":"Douglas Myth","Est. tempo de leitura":"5 minutos"},"schema":{"@context":"https:\/\/schema.org","@graph":[{"@type":"WebPage","@id":"https:\/\/www.em.com.br\/emfoco\/2026\/04\/26\/sentir-medo-sem-motivo-aparente-pode-ser-resposta-do-corpo-e-nao-algo-sem-explicacao\/","url":"https:\/\/www.em.com.br\/emfoco\/2026\/04\/26\/sentir-medo-sem-motivo-aparente-pode-ser-resposta-do-corpo-e-nao-algo-sem-explicacao\/","name":"Sentir medo sem motivo aparente pode ser resposta do corpo e n\u00e3o algo sem explica\u00e7\u00e3o - Estado de Minas - Em foco","isPartOf":{"@id":"https:\/\/www.em.com.br\/emfoco\/#website"},"primaryImageOfPage":{"@id":"https:\/\/www.em.com.br\/emfoco\/2026\/04\/26\/sentir-medo-sem-motivo-aparente-pode-ser-resposta-do-corpo-e-nao-algo-sem-explicacao\/#primaryimage"},"image":{"@id":"https:\/\/www.em.com.br\/emfoco\/2026\/04\/26\/sentir-medo-sem-motivo-aparente-pode-ser-resposta-do-corpo-e-nao-algo-sem-explicacao\/#primaryimage"},"thumbnailUrl":"https:\/\/www.em.com.br\/emfoco\/wp-content\/uploads\/2026\/04\/EmFoco-11.jpg","datePublished":"2026-04-26T23:35:00+00:00","dateModified":"2026-04-25T16:00:01+00:00","author":{"@id":"https:\/\/www.em.com.br\/emfoco\/#\/schema\/person\/bba594b7eebe9b9885fec3a5c7837089"},"description":"Sentir medo sem motivo aparente pode estar ligado \u00e0 ansiedade e \u00e0 forma como o corpo reage a sinais internos antes da mente perceber","breadcrumb":{"@id":"https:\/\/www.em.com.br\/emfoco\/2026\/04\/26\/sentir-medo-sem-motivo-aparente-pode-ser-resposta-do-corpo-e-nao-algo-sem-explicacao\/#breadcrumb"},"inLanguage":"pt-BR","potentialAction":[{"@type":"ReadAction","target":["https:\/\/www.em.com.br\/emfoco\/2026\/04\/26\/sentir-medo-sem-motivo-aparente-pode-ser-resposta-do-corpo-e-nao-algo-sem-explicacao\/"]}]},{"@type":"ImageObject","inLanguage":"pt-BR","@id":"https:\/\/www.em.com.br\/emfoco\/2026\/04\/26\/sentir-medo-sem-motivo-aparente-pode-ser-resposta-do-corpo-e-nao-algo-sem-explicacao\/#primaryimage","url":"https:\/\/www.em.com.br\/emfoco\/wp-content\/uploads\/2026\/04\/EmFoco-11.jpg","contentUrl":"https:\/\/www.em.com.br\/emfoco\/wp-content\/uploads\/2026\/04\/EmFoco-11.jpg","width":1280,"height":720,"caption":"Processos psicol\u00f3gicos e estados de ansiedade que geram alerta f\u00edsico sem perigo real"},{"@type":"BreadcrumbList","@id":"https:\/\/www.em.com.br\/emfoco\/2026\/04\/26\/sentir-medo-sem-motivo-aparente-pode-ser-resposta-do-corpo-e-nao-algo-sem-explicacao\/#breadcrumb","itemListElement":[{"@type":"ListItem","position":1,"name":"In\u00edcio","item":"https:\/\/www.em.com.br\/emfoco\/"},{"@type":"ListItem","position":2,"name":"Sentir medo sem motivo aparente pode ser resposta do corpo e n\u00e3o algo sem explica\u00e7\u00e3o"}]},{"@type":"WebSite","@id":"https:\/\/www.em.com.br\/emfoco\/#website","url":"https:\/\/www.em.com.br\/emfoco\/","name":"Estado de Minas - Em foco","description":"Acompanhe as \u00faltimas not\u00edcias e fique bem informado sobre tudo o que acontece em Minas Gerais, Brasil e no mundo.","potentialAction":[{"@type":"SearchAction","target":{"@type":"EntryPoint","urlTemplate":"https:\/\/www.em.com.br\/emfoco\/?s={search_term_string}"},"query-input":{"@type":"PropertyValueSpecification","valueRequired":true,"valueName":"search_term_string"}}],"inLanguage":"pt-BR"},{"@type":"Person","@id":"https:\/\/www.em.com.br\/emfoco\/#\/schema\/person\/bba594b7eebe9b9885fec3a5c7837089","name":"Douglas Myth","image":{"@type":"ImageObject","inLanguage":"pt-BR","@id":"https:\/\/www.em.com.br\/emfoco\/#\/schema\/person\/image\/","url":"https:\/\/secure.gravatar.com\/avatar\/1ac3cf50d0e68642c697dc0c960c802f?s=96&d=mm&r=g","contentUrl":"https:\/\/secure.gravatar.com\/avatar\/1ac3cf50d0e68642c697dc0c960c802f?s=96&d=mm&r=g","caption":"Douglas Myth"},"url":"https:\/\/www.em.com.br\/emfoco\/author\/douglasmyth\/"}]}},"_links":{"self":[{"href":"https:\/\/www.em.com.br\/emfoco\/wp-json\/wp\/v2\/posts\/197842","targetHints":{"allow":["GET"]}}],"collection":[{"href":"https:\/\/www.em.com.br\/emfoco\/wp-json\/wp\/v2\/posts"}],"about":[{"href":"https:\/\/www.em.com.br\/emfoco\/wp-json\/wp\/v2\/types\/post"}],"author":[{"embeddable":true,"href":"https:\/\/www.em.com.br\/emfoco\/wp-json\/wp\/v2\/users\/15"}],"replies":[{"embeddable":true,"href":"https:\/\/www.em.com.br\/emfoco\/wp-json\/wp\/v2\/comments?post=197842"}],"version-history":[{"count":2,"href":"https:\/\/www.em.com.br\/emfoco\/wp-json\/wp\/v2\/posts\/197842\/revisions"}],"predecessor-version":[{"id":197848,"href":"https:\/\/www.em.com.br\/emfoco\/wp-json\/wp\/v2\/posts\/197842\/revisions\/197848"}],"wp:featuredmedia":[{"embeddable":true,"href":"https:\/\/www.em.com.br\/emfoco\/wp-json\/wp\/v2\/media\/199302"}],"wp:attachment":[{"href":"https:\/\/www.em.com.br\/emfoco\/wp-json\/wp\/v2\/media?parent=197842"}],"wp:term":[{"taxonomy":"category","embeddable":true,"href":"https:\/\/www.em.com.br\/emfoco\/wp-json\/wp\/v2\/categories?post=197842"},{"taxonomy":"post_tag","embeddable":true,"href":"https:\/\/www.em.com.br\/emfoco\/wp-json\/wp\/v2\/tags?post=197842"}],"curies":[{"name":"wp","href":"https:\/\/api.w.org\/{rel}","templated":true}]}}