{"id":197827,"date":"2026-04-26T09:35:00","date_gmt":"2026-04-26T12:35:00","guid":{"rendered":"https:\/\/www.em.com.br\/emfoco\/?p=197827"},"modified":"2026-04-25T13:05:12","modified_gmt":"2026-04-25T16:05:12","slug":"quem-pede-desculpa-por-tudo-pode-estar-mostrando-um-padrao-emocional-que-pouca-gente-percebe","status":"publish","type":"post","link":"https:\/\/www.em.com.br\/emfoco\/2026\/04\/26\/quem-pede-desculpa-por-tudo-pode-estar-mostrando-um-padrao-emocional-que-pouca-gente-percebe\/","title":{"rendered":"Quem pede desculpa por tudo pode estar mostrando um padr\u00e3o emocional que pouca gente percebe"},"content":{"rendered":"\n<p>Pedir <strong>desculpa <\/strong>com frequ\u00eancia \u00e9 um h\u00e1bito que chama a aten\u00e7\u00e3o de muitos profissionais da sa\u00fade mental. Em vez de aparecer apenas em situa\u00e7\u00f5es de erro real, o pedido de perd\u00e3o surge em momentos cotidianos, como fazer uma pergunta simples ou ocupar espa\u00e7o em uma fila, o que desperta o interesse da psicologia em entender suas causas e <strong>consequ\u00eancias <\/strong>emocionais e sociais.<\/p>\n\n\n\n<h2 class=\"wp-block-heading\">O que a psicologia explica sobre quem pede desculpas por tudo?<\/h2>\n\n\n\n<p>Na psicologia, o h\u00e1bito de pedir desculpas por tudo \u00e9 frequentemente associado \u00e0 <strong>baixa autoestima<\/strong>, ao medo de desagradar e a uma vis\u00e3o muito cr\u00edtica sobre si mesmo. A pessoa tende a se enxergar como um poss\u00edvel inc\u00f4modo para os outros, mesmo em situa\u00e7\u00f5es neutras, usando o pedido de desculpa como prote\u00e7\u00e3o.<\/p>\n\n\n\n<p>Em muitos casos, esse padr\u00e3o est\u00e1 presente em indiv\u00edduos com <strong>ansiedade social<\/strong> ou elevada <a href=\"https:\/\/www.em.com.br\/emfoco\/2026\/04\/22\/por-que-essas-20-frutas-do-quintal-da-vovo-desapareceram-do-brasil-e-quase-sairam-da-memoria\/\" target=\"_blank\" rel=\"noreferrer noopener\">sensibilidade <\/a>\u00e0 opini\u00e3o alheia. O pedido constante de perd\u00e3o pode atuar como tentativa de mostrar submiss\u00e3o ou sinalizar que n\u00e3o representa amea\u00e7a, algo aprendido como forma de prote\u00e7\u00e3o psicol\u00f3gica em ambientes r\u00edgidos, controladores ou muito competitivos.<\/p>\n\n\n\n<figure class=\"wp-block-image size-large\"><img loading=\"lazy\" decoding=\"async\" width=\"1024\" height=\"576\" src=\"https:\/\/www.em.com.br\/emfoco\/wp-content\/uploads\/2026\/04\/Texto-do-seu-paragrafo-2026-04-23T120410.443-1024x576.jpg\" alt=\"Quem pede desculpa por tudo pode estar mostrando um padr\u00e3o emocional que pouca gente percebe\" class=\"wp-image-197840\" srcset=\"https:\/\/www.em.com.br\/emfoco\/wp-content\/uploads\/2026\/04\/Texto-do-seu-paragrafo-2026-04-23T120410.443-1024x576.jpg 1024w, https:\/\/www.em.com.br\/emfoco\/wp-content\/uploads\/2026\/04\/Texto-do-seu-paragrafo-2026-04-23T120410.443-300x169.jpg 300w, https:\/\/www.em.com.br\/emfoco\/wp-content\/uploads\/2026\/04\/Texto-do-seu-paragrafo-2026-04-23T120410.443-768x432.jpg 768w, https:\/\/www.em.com.br\/emfoco\/wp-content\/uploads\/2026\/04\/Texto-do-seu-paragrafo-2026-04-23T120410.443-750x422.jpg 750w, https:\/\/www.em.com.br\/emfoco\/wp-content\/uploads\/2026\/04\/Texto-do-seu-paragrafo-2026-04-23T120410.443-1140x641.jpg 1140w, https:\/\/www.em.com.br\/emfoco\/wp-content\/uploads\/2026\/04\/Texto-do-seu-paragrafo-2026-04-23T120410.443.jpg 1280w\" sizes=\"auto, (max-width: 1024px) 100vw, 1024px\" \/><figcaption class=\"wp-element-caption\">Pedir desculpa o tempo todo pode ser sinal de algo que vai al\u00e9m da educa\u00e7\u00e3o<\/figcaption><\/figure>\n\n\n\n<h2 class=\"wp-block-heading\">Quais s\u00e3o as poss\u00edveis origens desse comportamento excessivo?<\/h2>\n\n\n\n<p>As ra\u00edzes do \u201cdesculpa por tudo\u201d costumam ser complexas e envolvem m\u00faltiplos fatores ao longo da vida. Muitas vezes, o padr\u00e3o est\u00e1 ligado \u00e0 hist\u00f3ria de vida, ao ambiente em que a pessoa cresceu e \u00e0s experi\u00eancias de <a href=\"https:\/\/www.em.com.br\/emfoco\/2026\/04\/22\/esse-mel-raro-do-himalaia-chama-atencao-pelo-risco-da-coleta-e-pelos-efeitos-no-corpo\/\" target=\"_blank\" rel=\"noreferrer noopener\">conviv\u00eancia<\/a>, refor\u00e7ando uma sensa\u00e7\u00e3o duradoura de culpa e inadequa\u00e7\u00e3o.<\/p>\n\n\n\n<p>A psicologia aponta alguns elementos comuns que podem contribuir para o desenvolvimento desse padr\u00e3o comportamental:<\/p>\n\n\n\n<ul class=\"wp-block-list\">\n<li><strong>Inf\u00e2ncia<\/strong> em ambiente cr\u00edtico: crescer com figuras de autoridade muito exigentes, cr\u00edticas ou punitivas pode gerar medo intenso de errar.<\/li>\n\n\n\n<li><strong>Experi\u00eancias<\/strong> de rejei\u00e7\u00e3o: bullying, exclus\u00e3o social ou rejei\u00e7\u00e3o afetiva refor\u00e7am a ideia de que \u00e9 preciso se desculpar para ser aceito.<\/li>\n\n\n\n<li><strong>Modelos<\/strong> familiares: cuidadores que pedem desculpa o tempo todo ensinam, de forma indireta, que essa \u00e9 a forma \u201ccorreta\u201d de interagir.<\/li>\n\n\n\n<li>Contextos culturais e de <strong>g\u00eanero<\/strong>: certos grupos, especialmente mulheres, s\u00e3o mais incentivados a serem agrad\u00e1veis, discretos e a evitar confrontos.<\/li>\n<\/ul>\n\n\n\n<p>Outro aspecto relevante \u00e9 o <em>perfeccionismo<\/em>: pessoas perfeccionistas podem sentir que qualquer detalhe fora do esperado \u00e9 motivo para se desculpar, mesmo quando ningu\u00e9m percebe erro algum. Nesses casos, o pedido de desculpa expressa mais a <strong>autocobran\u00e7a<\/strong> interna do que um problema real na intera\u00e7\u00e3o.<\/p>\n\n\n\n<p>Conte\u00fado do canal <strong>Eurekka<\/strong>, com mais de 288 mil de inscritos e cerca de 20 mil de visualiza\u00e7\u00f5es:<\/p>\n\n\n\n<figure class=\"wp-block-embed is-type-video is-provider-youtube wp-block-embed-youtube wp-embed-aspect-16-9 wp-has-aspect-ratio\"><div class=\"wp-block-embed__wrapper\">\n<div class=\"jeg_video_container jeg_video_content\"><iframe loading=\"lazy\" title=\"O PROBLEMA DE PESSOAS QUE PEDEM DESCULPAS PRA TUDO\" width=\"500\" height=\"281\" src=\"https:\/\/www.youtube.com\/embed\/Q6bMUndeAfE?feature=oembed\" frameborder=\"0\" allow=\"accelerometer; autoplay; clipboard-write; encrypted-media; gyroscope; picture-in-picture; web-share\" referrerpolicy=\"strict-origin-when-cross-origin\" allowfullscreen><\/iframe><\/div>\n<\/div><\/figure>\n\n\n\n<h2 class=\"wp-block-heading\">Como o excesso de pedidos de desculpas afeta a vida da pessoa?<\/h2>\n\n\n\n<p>Pedir desculpas o tempo todo pode refor\u00e7ar a sensa\u00e7\u00e3o interna de inadequa\u00e7\u00e3o, como se a pessoa estivesse sempre errada ou em falta. Com o tempo, isso contribui para quadros de <strong>ansiedade<\/strong>, inseguran\u00e7a, maior <a href=\"https:\/\/pubmed.ncbi.nlm.nih.gov\/12192613\/\" target=\"_blank\" rel=\"noreferrer noopener\">autocr\u00edtica <\/a>e at\u00e9 dificuldade em reconhecer os pr\u00f3prios direitos e necessidades nas rela\u00e7\u00f5es.<\/p>\n\n\n\n<p>No conv\u00edvio com os outros, o excesso de desculpas tamb\u00e9m gera impacto relevante, principalmente em contextos profissionais e afetivos. Em ambientes de trabalho, por exemplo, pedir perd\u00e3o o tempo todo pode prejudicar a imagem de firmeza, credibilidade e capacidade de <strong>lideran\u00e7a<\/strong>.<\/p>\n\n\n\n<ul class=\"wp-block-list\">\n<li>O pedido constante de desculpa pode perder <strong>for\u00e7a<\/strong> quando realmente \u00e9 necess\u00e1rio.<\/li>\n\n\n\n<li>Interlocutores podem interpretar o h\u00e1bito como falta de <strong>autoconfian\u00e7a<\/strong> ou de clareza.<\/li>\n\n\n\n<li>A pr\u00f3pria pessoa pode se sentir cansada, frustrada e desvalorizada com essa postura repetitiva.<\/li>\n\n\n\n<li>Em relacionamentos afetivos, podem surgir din\u00e2micas de <strong>desequil\u00edbrio<\/strong>, com um parceiro assumindo postura mais dominante.<\/li>\n<\/ul>\n\n\n\n<h2 class=\"wp-block-heading\">\u00c9 poss\u00edvel mudar o padr\u00e3o de pedir desculpas por tudo?<\/h2>\n\n\n\n<p>A psicologia aponta que esse comportamento pode ser trabalhado e ajustado com apoio adequado. Em processos terap\u00eauticos, como a <strong>terapia cognitivo-comportamental<\/strong>, costuma-se explorar cren\u00e7as que sustentam o h\u00e1bito, como \u201cse n\u00e3o pedir desculpa, algu\u00e9m vai se irritar\u201d ou \u201cqualquer coisa que fa\u00e7o atrapalha os outros\u201d, substituindo-as por interpreta\u00e7\u00f5es mais realistas.<\/p>\n\n\n\n<p>Algumas estrat\u00e9gias frequentemente discutidas em acompanhamento psicol\u00f3gico ajudam a reduzir a culpa excessiva e a fortalecer a <strong>comunica\u00e7\u00e3o assertiva<\/strong>:<\/p>\n\n\n\n<ol class=\"wp-block-list\">\n<li><strong>Perceber<\/strong> gatilhos: identificar em quais situa\u00e7\u00f5es o pedido autom\u00e1tico de desculpa aparece com mais for\u00e7a.<\/li>\n\n\n\n<li>Avaliar a necessidade <strong>real<\/strong>: antes de pedir perd\u00e3o, questionar se houve de fato erro, dano ou desrespeito.<\/li>\n\n\n\n<li>Trocar a desculpa por <strong>agradecimento<\/strong>: em vez de \u201cdesculpa a demora\u201d, usar \u201cobrigado por esperar\u201d.<\/li>\n\n\n\n<li>Praticar comunica\u00e7\u00e3o <strong>assertiva<\/strong>: aprender a expressar necessidades, opini\u00f5es e limites sem exagerar na culpa.<\/li>\n<\/ol>\n\n\n\n<p>Em alguns casos, o h\u00e1bito de se desculpar por tudo est\u00e1 ligado a transtornos de <strong>ansiedade<\/strong>, hist\u00f3rico de rela\u00e7\u00f5es abusivas ou traumas emocionais. Nesses contextos, a orienta\u00e7\u00e3o <a href=\"https:\/\/pubmed.ncbi.nlm.nih.gov\/10728143\/\" target=\"_blank\" rel=\"noreferrer noopener\">profissional <\/a>de psic\u00f3logos e outros especialistas \u00e9 fundamental para compreender o que sustenta esse comportamento e construir formas mais saud\u00e1veis de se posicionar, com empatia, mas sem carregar uma culpa que n\u00e3o corresponde \u00e0 <strong>realidade<\/strong>.<\/p>\n","protected":false},"excerpt":{"rendered":"<p>Pedir desculpa com frequ\u00eancia \u00e9 um h\u00e1bito que chama a aten\u00e7\u00e3o de muitos profissionais da sa\u00fade mental. Em vez de aparecer apenas em situa\u00e7\u00f5es de erro real, o pedido de perd\u00e3o surge em momentos cotidianos, como fazer uma pergunta simples ou ocupar espa\u00e7o em uma fila, o que desperta o interesse da psicologia em entender [&hellip;]<\/p>\n","protected":false},"author":15,"featured_media":199296,"comment_status":"open","ping_status":"open","sticky":false,"template":"","format":"standard","meta":{"jnews-multi-image_gallery":[],"jnews_single_post":{"format":"standard"},"jnews_primary_category":[],"jnews_social_meta":[],"jnews_override_counter":[],"footnotes":""},"categories":[8819],"tags":[711,5155,415],"class_list":["post-197827","post","type-post","status-publish","format-standard","has-post-thumbnail","hentry","category-curiosidades","tag-bem-estar","tag-psicologia","tag-saude"],"yoast_head":"<!-- This site is optimized with the Yoast SEO plugin v23.8 - https:\/\/yoast.com\/wordpress\/plugins\/seo\/ -->\n<title>Quem pede desculpa por tudo pode estar mostrando um padr\u00e3o emocional que pouca gente percebe - Estado de Minas - Em foco<\/title>\n<meta name=\"description\" content=\"Pedir desculpa por tudo pode indicar inseguran\u00e7a, medo de conflito ou excesso de responsabilidade emocional, algo que a psicologia\" \/>\n<meta name=\"robots\" content=\"index, follow, max-snippet:-1, max-image-preview:large, max-video-preview:-1\" \/>\n<link rel=\"canonical\" href=\"https:\/\/www.em.com.br\/emfoco\/2026\/04\/26\/quem-pede-desculpa-por-tudo-pode-estar-mostrando-um-padrao-emocional-que-pouca-gente-percebe\/\" \/>\n<meta property=\"og:locale\" content=\"pt_BR\" \/>\n<meta property=\"og:type\" content=\"article\" \/>\n<meta property=\"og:title\" content=\"Quem pede desculpa por tudo pode estar mostrando um padr\u00e3o emocional que pouca gente percebe - Estado de Minas - Em foco\" \/>\n<meta property=\"og:description\" content=\"Pedir desculpa por tudo pode indicar inseguran\u00e7a, medo de conflito ou excesso de responsabilidade emocional, algo que a psicologia\" \/>\n<meta property=\"og:url\" content=\"https:\/\/www.em.com.br\/emfoco\/2026\/04\/26\/quem-pede-desculpa-por-tudo-pode-estar-mostrando-um-padrao-emocional-que-pouca-gente-percebe\/\" \/>\n<meta property=\"og:site_name\" content=\"Estado de Minas - Em foco\" \/>\n<meta property=\"article:published_time\" content=\"2026-04-26T12:35:00+00:00\" \/>\n<meta property=\"article:modified_time\" content=\"2026-04-25T16:05:12+00:00\" \/>\n<meta property=\"og:image\" content=\"https:\/\/www.em.com.br\/emfoco\/wp-content\/uploads\/2026\/04\/EmFoco_06-9.jpg\" \/>\n\t<meta property=\"og:image:width\" content=\"1280\" \/>\n\t<meta property=\"og:image:height\" content=\"720\" \/>\n\t<meta property=\"og:image:type\" content=\"image\/jpeg\" \/>\n<meta name=\"author\" content=\"Douglas Myth\" \/>\n<meta name=\"twitter:card\" content=\"summary_large_image\" \/>\n<meta name=\"twitter:label1\" content=\"Escrito por\" \/>\n\t<meta name=\"twitter:data1\" content=\"Douglas Myth\" \/>\n\t<meta name=\"twitter:label2\" content=\"Est. tempo de leitura\" \/>\n\t<meta name=\"twitter:data2\" content=\"5 minutos\" \/>\n<!-- \/ Yoast SEO plugin. -->","yoast_head_json":{"title":"Quem pede desculpa por tudo pode estar mostrando um padr\u00e3o emocional que pouca gente percebe - Estado de Minas - Em foco","description":"Pedir desculpa por tudo pode indicar inseguran\u00e7a, medo de conflito ou excesso de responsabilidade emocional, algo que a psicologia","robots":{"index":"index","follow":"follow","max-snippet":"max-snippet:-1","max-image-preview":"max-image-preview:large","max-video-preview":"max-video-preview:-1"},"canonical":"https:\/\/www.em.com.br\/emfoco\/2026\/04\/26\/quem-pede-desculpa-por-tudo-pode-estar-mostrando-um-padrao-emocional-que-pouca-gente-percebe\/","og_locale":"pt_BR","og_type":"article","og_title":"Quem pede desculpa por tudo pode estar mostrando um padr\u00e3o emocional que pouca gente percebe - Estado de Minas - Em foco","og_description":"Pedir desculpa por tudo pode indicar inseguran\u00e7a, medo de conflito ou excesso de responsabilidade emocional, algo que a psicologia","og_url":"https:\/\/www.em.com.br\/emfoco\/2026\/04\/26\/quem-pede-desculpa-por-tudo-pode-estar-mostrando-um-padrao-emocional-que-pouca-gente-percebe\/","og_site_name":"Estado de Minas - Em foco","article_published_time":"2026-04-26T12:35:00+00:00","article_modified_time":"2026-04-25T16:05:12+00:00","og_image":[{"width":1280,"height":720,"url":"https:\/\/www.em.com.br\/emfoco\/wp-content\/uploads\/2026\/04\/EmFoco_06-9.jpg","type":"image\/jpeg"}],"author":"Douglas Myth","twitter_card":"summary_large_image","twitter_misc":{"Escrito por":"Douglas Myth","Est. tempo de leitura":"5 minutos"},"schema":{"@context":"https:\/\/schema.org","@graph":[{"@type":"WebPage","@id":"https:\/\/www.em.com.br\/emfoco\/2026\/04\/26\/quem-pede-desculpa-por-tudo-pode-estar-mostrando-um-padrao-emocional-que-pouca-gente-percebe\/","url":"https:\/\/www.em.com.br\/emfoco\/2026\/04\/26\/quem-pede-desculpa-por-tudo-pode-estar-mostrando-um-padrao-emocional-que-pouca-gente-percebe\/","name":"Quem pede desculpa por tudo pode estar mostrando um padr\u00e3o emocional que pouca gente percebe - Estado de Minas - Em foco","isPartOf":{"@id":"https:\/\/www.em.com.br\/emfoco\/#website"},"primaryImageOfPage":{"@id":"https:\/\/www.em.com.br\/emfoco\/2026\/04\/26\/quem-pede-desculpa-por-tudo-pode-estar-mostrando-um-padrao-emocional-que-pouca-gente-percebe\/#primaryimage"},"image":{"@id":"https:\/\/www.em.com.br\/emfoco\/2026\/04\/26\/quem-pede-desculpa-por-tudo-pode-estar-mostrando-um-padrao-emocional-que-pouca-gente-percebe\/#primaryimage"},"thumbnailUrl":"https:\/\/www.em.com.br\/emfoco\/wp-content\/uploads\/2026\/04\/EmFoco_06-9.jpg","datePublished":"2026-04-26T12:35:00+00:00","dateModified":"2026-04-25T16:05:12+00:00","author":{"@id":"https:\/\/www.em.com.br\/emfoco\/#\/schema\/person\/bba594b7eebe9b9885fec3a5c7837089"},"description":"Pedir desculpa por tudo pode indicar inseguran\u00e7a, medo de conflito ou excesso de responsabilidade emocional, algo que a psicologia","breadcrumb":{"@id":"https:\/\/www.em.com.br\/emfoco\/2026\/04\/26\/quem-pede-desculpa-por-tudo-pode-estar-mostrando-um-padrao-emocional-que-pouca-gente-percebe\/#breadcrumb"},"inLanguage":"pt-BR","potentialAction":[{"@type":"ReadAction","target":["https:\/\/www.em.com.br\/emfoco\/2026\/04\/26\/quem-pede-desculpa-por-tudo-pode-estar-mostrando-um-padrao-emocional-que-pouca-gente-percebe\/"]}]},{"@type":"ImageObject","inLanguage":"pt-BR","@id":"https:\/\/www.em.com.br\/emfoco\/2026\/04\/26\/quem-pede-desculpa-por-tudo-pode-estar-mostrando-um-padrao-emocional-que-pouca-gente-percebe\/#primaryimage","url":"https:\/\/www.em.com.br\/emfoco\/wp-content\/uploads\/2026\/04\/EmFoco_06-9.jpg","contentUrl":"https:\/\/www.em.com.br\/emfoco\/wp-content\/uploads\/2026\/04\/EmFoco_06-9.jpg","width":1280,"height":720,"caption":"H\u00e1bito compulsivo de pedir perd\u00e3o relacionado \u00e0 baixa autoestima e ao medo social"},{"@type":"BreadcrumbList","@id":"https:\/\/www.em.com.br\/emfoco\/2026\/04\/26\/quem-pede-desculpa-por-tudo-pode-estar-mostrando-um-padrao-emocional-que-pouca-gente-percebe\/#breadcrumb","itemListElement":[{"@type":"ListItem","position":1,"name":"In\u00edcio","item":"https:\/\/www.em.com.br\/emfoco\/"},{"@type":"ListItem","position":2,"name":"Quem pede desculpa por tudo pode estar mostrando um padr\u00e3o emocional que pouca gente percebe"}]},{"@type":"WebSite","@id":"https:\/\/www.em.com.br\/emfoco\/#website","url":"https:\/\/www.em.com.br\/emfoco\/","name":"Estado de Minas - Em foco","description":"Acompanhe as \u00faltimas not\u00edcias e fique bem informado sobre tudo o que acontece em Minas Gerais, Brasil e no mundo.","potentialAction":[{"@type":"SearchAction","target":{"@type":"EntryPoint","urlTemplate":"https:\/\/www.em.com.br\/emfoco\/?s={search_term_string}"},"query-input":{"@type":"PropertyValueSpecification","valueRequired":true,"valueName":"search_term_string"}}],"inLanguage":"pt-BR"},{"@type":"Person","@id":"https:\/\/www.em.com.br\/emfoco\/#\/schema\/person\/bba594b7eebe9b9885fec3a5c7837089","name":"Douglas Myth","image":{"@type":"ImageObject","inLanguage":"pt-BR","@id":"https:\/\/www.em.com.br\/emfoco\/#\/schema\/person\/image\/","url":"https:\/\/secure.gravatar.com\/avatar\/1ac3cf50d0e68642c697dc0c960c802f?s=96&d=mm&r=g","contentUrl":"https:\/\/secure.gravatar.com\/avatar\/1ac3cf50d0e68642c697dc0c960c802f?s=96&d=mm&r=g","caption":"Douglas Myth"},"url":"https:\/\/www.em.com.br\/emfoco\/author\/douglasmyth\/"}]}},"_links":{"self":[{"href":"https:\/\/www.em.com.br\/emfoco\/wp-json\/wp\/v2\/posts\/197827","targetHints":{"allow":["GET"]}}],"collection":[{"href":"https:\/\/www.em.com.br\/emfoco\/wp-json\/wp\/v2\/posts"}],"about":[{"href":"https:\/\/www.em.com.br\/emfoco\/wp-json\/wp\/v2\/types\/post"}],"author":[{"embeddable":true,"href":"https:\/\/www.em.com.br\/emfoco\/wp-json\/wp\/v2\/users\/15"}],"replies":[{"embeddable":true,"href":"https:\/\/www.em.com.br\/emfoco\/wp-json\/wp\/v2\/comments?post=197827"}],"version-history":[{"count":2,"href":"https:\/\/www.em.com.br\/emfoco\/wp-json\/wp\/v2\/posts\/197827\/revisions"}],"predecessor-version":[{"id":197841,"href":"https:\/\/www.em.com.br\/emfoco\/wp-json\/wp\/v2\/posts\/197827\/revisions\/197841"}],"wp:featuredmedia":[{"embeddable":true,"href":"https:\/\/www.em.com.br\/emfoco\/wp-json\/wp\/v2\/media\/199296"}],"wp:attachment":[{"href":"https:\/\/www.em.com.br\/emfoco\/wp-json\/wp\/v2\/media?parent=197827"}],"wp:term":[{"taxonomy":"category","embeddable":true,"href":"https:\/\/www.em.com.br\/emfoco\/wp-json\/wp\/v2\/categories?post=197827"},{"taxonomy":"post_tag","embeddable":true,"href":"https:\/\/www.em.com.br\/emfoco\/wp-json\/wp\/v2\/tags?post=197827"}],"curies":[{"name":"wp","href":"https:\/\/api.w.org\/{rel}","templated":true}]}}